{"id":4491,"date":"2025-09-08T12:05:34","date_gmt":"2025-09-08T15:05:34","guid":{"rendered":"https:\/\/www.apostilasopcao.com.br\/blog\/?p=4491"},"modified":"2025-09-10T12:30:27","modified_gmt":"2025-09-10T15:30:27","slug":"camara-de-bezerros-pe","status":"publish","type":"post","link":"https:\/\/www.apostilasopcao.com.br\/blog\/camara-de-bezerros-pe\/","title":{"rendered":"Concurso C\u00e2mara de Bezerros: Inscri\u00e7\u00f5es abertas! Sal\u00e1rio de R$3,5 mil!"},"content":{"rendered":"\n<p>O <a href=\"https:\/\/www.apostilasopcao.com.br\/concurso\/camara-municipal-de-bezerros-pe\">Concurso C\u00e2mara de Bezerros,<\/a> no estado de Pernambuco, j\u00e1 conta com inscri\u00e7\u00f5es abertas! O edital est\u00e1 ofertando <strong>14 vagas imediatas<\/strong> para cargos de n\u00edveis fundamental, m\u00e9dio, t\u00e9cnico e superior. As remunera\u00e7\u00f5es iniciais chamam bastante aten\u00e7\u00e3o, variando de <strong>R$ 1.518,00 a R$ 3.500,00<\/strong>, com jornadas de trabalho de 30 horas semanais. Ficou interessado(a)? Continue comigo e fique por dentro de todos os detalhes sobre a sele\u00e7\u00e3o!<\/p>\n\n\n\n<h2 class=\"wp-block-heading\">Inscri\u00e7\u00f5es para o concurso C\u00e2mara de Bezerros<\/h2>\n\n\n\n<p>As inscri\u00e7\u00f5es para o concurso C\u00e2mara de Bezerros j\u00e1 est\u00e3o abertas! Os interessados poder\u00e3o se inscrever at\u00e9 o dia <strong>30 de setembro de 2025<\/strong>, por meio do site da banca organizadora respons\u00e1vel pelo certame, o <a href=\"https:\/\/igeduc.selecao.net.br\/informacoes\/104\/\" target=\"_blank\" rel=\"noopener\">Instituto IGEDUC<\/a>. <\/p>\n\n\n\n<p>Os valores das taxas de inscri\u00e7\u00e3o variam de acordo com o n\u00edvel de escolaridade do cargo pretendido pelo candidato. Confira:<\/p>\n\n\n\n<ul class=\"wp-block-list\">\n<li><strong>Cargos de N\u00edvel Fundamental<\/strong>: R$ 86,00<\/li>\n\n\n\n<li><strong>Cargos de N\u00edvel M\u00e9dio<\/strong>: R$ 110,00<\/li>\n\n\n\n<li><strong>Cargos de N\u00edvel Superior<\/strong>: R$ 150,00<\/li>\n<\/ul>\n\n\n\n<p><\/p>\n\n\n\n<p>Para ter sua inscri\u00e7\u00e3o homologada, \u00e9 obrigat\u00f3rio o pagamento das taxas de inscri\u00e7\u00e3o!<\/p>\n\n\n\n<p>Houve a oportunidade de solicitar a isen\u00e7\u00e3o dessas taxas, mas esse per\u00edodo j\u00e1 foi encerrado! Confira quais candidatos tiveram direito ao benef\u00edcio:<\/p>\n\n\n\n<ul class=\"wp-block-list\">\n<li>membro de fam\u00edlia inscrita no Cadastro \u00danico para Programas Sociais do Governo Federal (Cad\u00danico);<\/li>\n\n\n\n<li>candidato com renda familiar mensal per capita igual ou inferior a meio sal\u00e1rio-m\u00ednimo nacional. <\/li>\n<\/ul>\n\n\n\n<h2 class=\"wp-block-heading\">Cargos, vagas e sal\u00e1rios<\/h2>\n\n\n\n<p>O concurso C\u00e2mara de Bezerros est\u00e1 ofertando <strong>14 vagas imediatas<\/strong> para cargos de n\u00edveis fundamental, m\u00e9dio, t\u00e9cnico e superior. Confira com mais detalhes como essas oportunidades est\u00e3o sendo distribu\u00eddas e suas respectivas remunera\u00e7\u00f5es:<\/p>\n\n\n\n<h3 class=\"wp-block-heading\">N\u00edvel fundamental<\/h3>\n\n\n\n<figure class=\"wp-block-table\"><table class=\"has-fixed-layout\"><thead><tr><th>Cargo<\/th><th>Vagas<\/th><th>Sal\u00e1rio<\/th><\/tr><\/thead><tbody><tr><td>Auxiliar de Servi\u00e7os Gerais<\/td><td>3<\/td><td>R$ 1.518,00<\/td><\/tr><\/tbody><\/table><\/figure>\n\n\n\n<h3 class=\"wp-block-heading\">N\u00edveis m\u00e9dio \/ t\u00e9cnico<\/h3>\n\n\n\n<figure class=\"wp-block-table\"><table class=\"has-fixed-layout\"><thead><tr><th>Cargo<\/th><th>Vagas<\/th><th>Sal\u00e1rio<\/th><\/tr><\/thead><tbody><tr><td><a href=\"https:\/\/www.apostilasopcao.com.br\/apostila\/camara-bezerros-pe-agente-administrativo\">Agente Administrativo<\/a><\/td><td>6<\/td><td>R$ 2.500,00<\/td><\/tr><tr><td>T\u00e9cnico de Inform\u00e1tica<\/td><td>1<\/td><td>R$ 2.500,00<\/td><\/tr><\/tbody><\/table><\/figure>\n\n\n\n<h3 class=\"wp-block-heading\">N\u00edvel superior<\/h3>\n\n\n\n<figure class=\"wp-block-table\"><table class=\"has-fixed-layout\"><thead><tr><th>Cargo<\/th><th>Vagas<\/th><th>Sal\u00e1rio<\/th><\/tr><\/thead><tbody><tr><td>Analista Cont\u00e1bil<\/td><td>1<\/td><td>R$ 3.500,00<\/td><\/tr><tr><td>Analista Jur\u00eddico<\/td><td>1<\/td><td>R$ 3.500,00<\/td><\/tr><tr><td>T\u00e9cnico de Controle Interno<\/td><td>2<\/td><td>R$ 3.500,00<\/td><\/tr><\/tbody><\/table><\/figure>\n\n\n\n<h2 class=\"wp-block-heading\">Requisitos e atribui\u00e7\u00f5es dos cargos<\/h2>\n\n\n\n<p>Confira abaixo quais s\u00e3o os requisitos e as atribui\u00e7\u00f5es dadas aos cargos do concurso C\u00e2mara de Bezerros:<\/p>\n\n\n\n<ul class=\"wp-block-list\">\n<li><strong>N\u00edvel fundamental<\/strong>\n<ul class=\"wp-block-list\">\n<li>Fun\u00e7\u00e3o: Auxiliar de Servi\u00e7os Gerais<\/li>\n\n\n\n<li>Requisitos: possuir ensino fundamental completo no momento da posse<\/li>\n\n\n\n<li>Atribui\u00e7\u00f5es:\n<ul class=\"wp-block-list\">\n<li>Desenvolver atividades utilizando normas e procedimentos de biosseguran\u00e7a e\/ou seguran\u00e7a do trabalho<\/li>\n\n\n\n<li>Zelar pela guarda, conserva\u00e7\u00e3o, manuten\u00e7\u00e3o, higiene e limpeza dos equipamentos, instrumentos e materiais utilizados, bem como do local de trabalho<\/li>\n\n\n\n<li>Separar materiais recicl\u00e1veis para descarte<\/li>\n\n\n\n<li>Auxiliar no planejamento e controle de atividades b\u00e1sicas, como elabora\u00e7\u00e3o de listas de compras e manuten\u00e7\u00e3o do estoque de produtos de limpeza<\/li>\n\n\n\n<li>Contribuir com pr\u00e1ticas de sustentabilidade, separando materiais para reciclagem ou descarte<\/li>\n\n\n\n<li>Realizar servi\u00e7os de copa e cozinha, como preparar caf\u00e9 e lanches, servir em reuni\u00f5es, lavar lou\u00e7as, arrumar mesas e organizar utens\u00edlios<\/li>\n\n\n\n<li>Manter a limpeza do local de trabalho, cumprindo programa\u00e7\u00e3o de afazeres antes e depois do expediente<\/li>\n\n\n\n<li>Colaborar com profissionais da faxina<\/li>\n<\/ul>\n<\/li>\n<\/ul>\n<\/li>\n\n\n\n<li><strong>N\u00edvel m\u00e9dio<\/strong>\n<ul class=\"wp-block-list\">\n<li>Fun\u00e7\u00e3o: Agente Administrativo\n<ul class=\"wp-block-list\">\n<li>Requisitos: possuir n\u00edvel m\u00e9dio completo no momento da posse<\/li>\n\n\n\n<li>Atribui\u00e7\u00f5es:\n<ul class=\"wp-block-list\">\n<li>Cumprir as orienta\u00e7\u00f5es da mesa diretora sobre rotinas administrativas<\/li>\n\n\n\n<li>Realizar guarda e organiza\u00e7\u00e3o de documentos oficiais<\/li>\n\n\n\n<li>Dar suporte nos processos legislativos<\/li>\n\n\n\n<li>Orientar visitantes na conserva\u00e7\u00e3o dos espa\u00e7os p\u00fablicos<\/li>\n\n\n\n<li>Zelar pelos procedimentos da mesa diretora<\/li>\n\n\n\n<li>Organizar o acervo documental da C\u00e2mara Municipal<\/li>\n<\/ul>\n<\/li>\n<\/ul>\n<\/li>\n\n\n\n<li>Fun\u00e7\u00e3o: T\u00e9cnico de Inform\u00e1tica\n<ul class=\"wp-block-list\">\n<li>Requisitos: possuir curso t\u00e9cnico, tecn\u00f3logo ou superior em redes, sistemas de informa\u00e7\u00e3o, engenharia da computa\u00e7\u00e3o, ci\u00eancias da computa\u00e7\u00e3o, sistemas para internet ou equivalente<\/li>\n\n\n\n<li>Atribui\u00e7\u00f5es:\n<ul class=\"wp-block-list\">\n<li>Auxiliar na informatiza\u00e7\u00e3o dos servi\u00e7os da C\u00e2mara Municipal<\/li>\n\n\n\n<li>Otimizar a utiliza\u00e7\u00e3o dos equipamentos de inform\u00e1tica<\/li>\n\n\n\n<li>Assessorar no planejamento do servi\u00e7o de processamento de dados<\/li>\n\n\n\n<li>Prestar assessoria na sele\u00e7\u00e3o de programas e equipamentos de inform\u00e1tica<\/li>\n\n\n\n<li>Apoiar no treinamento de funcion\u00e1rios<\/li>\n\n\n\n<li>Auxiliar na defini\u00e7\u00e3o da pol\u00edtica de seguran\u00e7a de dados<\/li>\n\n\n\n<li>Acompanhar a evolu\u00e7\u00e3o tecnol\u00f3gica da informa\u00e7\u00e3o, propondo novos recursos<\/li>\n\n\n\n<li>Assessorar atividades plen\u00e1rias na \u00e1rea de inform\u00e1tica e executar programas utilizados pela C\u00e2mara<\/li>\n\n\n\n<li>Manter, conservar e controlar equipamentos sob sua responsabilidade<\/li>\n\n\n\n<li>Coordenar os servi\u00e7os de som e grava\u00e7\u00e3o das reuni\u00f5es, audi\u00eancias p\u00fablicas e similares, providenciando transcri\u00e7\u00f5es quando necess\u00e1rio<\/li>\n\n\n\n<li>Assessorar nos trabalhos de grava\u00e7\u00e3o, elabora\u00e7\u00e3o e transcri\u00e7\u00e3o de atas<\/li>\n\n\n\n<li>Executar outras atividades correlatas de assessoria<\/li>\n<\/ul>\n<\/li>\n<\/ul>\n<\/li>\n<\/ul>\n<\/li>\n\n\n\n<li><strong>N\u00edvel superior<\/strong>\n<ul class=\"wp-block-list\">\n<li>Fun\u00e7\u00e3o: Analista Cont\u00e1bil\n<ul class=\"wp-block-list\">\n<li>Requisitos: ensino superior completo em Ci\u00eancias Cont\u00e1beis ou Contabilidade, com registro regular no Conselho Regional de Contabilidade (CRC)<\/li>\n\n\n\n<li>Atribui\u00e7\u00f5es:\n<ul class=\"wp-block-list\">\n<li>Organizar e promover a execu\u00e7\u00e3o de servi\u00e7os cont\u00e1beis permanentes e continuados<\/li>\n\n\n\n<li>Preparar documentos e efetuar classifica\u00e7\u00e3o cont\u00e1bil<\/li>\n\n\n\n<li>Fazer classifica\u00e7\u00e3o de despesas, verificar impostos retidos e realizar liquida\u00e7\u00f5es<\/li>\n\n\n\n<li>Controlar sa\u00eddas de documentos e correspond\u00eancias, protocolando recebimentos e entregas<\/li>\n\n\n\n<li>Emitir notas de empenho, boletos e outros documentos para pagamentos<\/li>\n\n\n\n<li>Elaborar demonstrativos cont\u00e1beis e relat\u00f3rios exigidos pela Lei de Responsabilidade Fiscal<\/li>\n<\/ul>\n<\/li>\n<\/ul>\n<\/li>\n\n\n\n<li>Fun\u00e7\u00e3o: Analista Jur\u00eddico\n<ul class=\"wp-block-list\">\n<li>Requisitos: ensino superior em Direito e registro na Ordem dos Advogados do Brasil (OAB)<\/li>\n\n\n\n<li>Atribui\u00e7\u00f5es:\n<ul class=\"wp-block-list\">\n<li>Assessorar a Presid\u00eancia da C\u00e2mara, em conjunto ou independentemente da assessoria jur\u00eddica<\/li>\n\n\n\n<li>Apoiar o plen\u00e1rio nas atividades jur\u00eddicas<\/li>\n\n\n\n<li>Acompanhar reuni\u00f5es das comiss\u00f5es permanentes<\/li>\n\n\n\n<li>Realizar estudos, pesquisas e an\u00e1lises de legisla\u00e7\u00e3o, doutrina e jurisprud\u00eancia conforme demandas da C\u00e2mara<\/li>\n\n\n\n<li>Elaborar estudos relacionados ao Poder Judici\u00e1rio, Minist\u00e9rio P\u00fablico e Tribunais de Contas<\/li>\n\n\n\n<li>Analisar relat\u00f3rios e demandas do Tribunal de Contas<\/li>\n<\/ul>\n<\/li>\n<\/ul>\n<\/li>\n\n\n\n<li>Fun\u00e7\u00e3o: T\u00e9cnico de Controle Interno\n<ul class=\"wp-block-list\">\n<li>Requisitos: ensino superior completo no momento da posse<\/li>\n\n\n\n<li>Atribui\u00e7\u00f5es:\n<ul class=\"wp-block-list\">\n<li>Acompanhar a execu\u00e7\u00e3o or\u00e7ament\u00e1ria da C\u00e2mara Municipal e emitir alertas ou notifica\u00e7\u00f5es para aperfei\u00e7oamento conforme legisla\u00e7\u00e3o e jurisprud\u00eancia do Tribunal de Contas<\/li>\n\n\n\n<li>Executar o plano anual de controle interno, garantindo a correta utiliza\u00e7\u00e3o de bens e servi\u00e7os<\/li>\n\n\n\n<li>Acompanhar atos de admiss\u00e3o de pessoal para posterior registro no Tribunal de Contas, exceto cargos comissionados e fun\u00e7\u00f5es gratificadas<\/li>\n\n\n\n<li>Realizar atividades de manuten\u00e7\u00e3o e aperfei\u00e7oamento do sistema de controle interno<\/li>\n\n\n\n<li>Atuar na an\u00e1lise de leis, regulamentos e orienta\u00e7\u00f5es relacionados ao controle interno<\/li>\n<\/ul>\n<\/li>\n<\/ul>\n<\/li>\n<\/ul>\n<\/li>\n<\/ul>\n\n\n\n<h2 class=\"wp-block-heading\">Etapas de sele\u00e7\u00e3o do concurso C\u00e2mara de Bezerros<\/h2>\n\n\n\n<p>Os candidatos do concurso C\u00e2mara de Bezerros ser\u00e3o avaliados por meio das seguintes etapas de sele\u00e7\u00e3o: <\/p>\n\n\n\n<ul class=\"wp-block-list\">\n<li><strong>Prova Objetiva, <\/strong>de car\u00e1ter eliminat\u00f3rio e classificat\u00f3rio, para todos os cargos;<\/li>\n\n\n\n<li><strong>Prova de T\u00edtulos, <\/strong>de car\u00e1ter classificat\u00f3rio, para cargos de n\u00edvel superior. <\/li>\n<\/ul>\n\n\n\n<h3 class=\"wp-block-heading\">Prova Objetiva<\/h3>\n\n\n\n<p>A prova objetiva do concurso C\u00e2mara de Bezerros est\u00e1 prevista para ser aplicada no dia <strong>14 de dezembro de 2025, <\/strong>com dura\u00e7\u00e3o m\u00e1xima de 3 horas. <\/p>\n\n\n\n<p>A prova objetiva, de car\u00e1ter eliminat\u00f3rio e classificat\u00f3rio, ser\u00e1 formada por 40 quest\u00f5es de m\u00faltipla escolha, cada uma com quatro alternativas de resposta. Ser\u00e1 eliminado o candidato que alcan\u00e7ar menos de 20 pontos no total da avalia\u00e7\u00e3o.<\/p>\n\n\n\n<p>A distribui\u00e7\u00e3o das quest\u00f5es ser\u00e1 a seguinte:<\/p>\n\n\n\n<ul class=\"wp-block-list\">\n<li>10 quest\u00f5es de conhecimentos gerais<\/li>\n\n\n\n<li>30 quest\u00f5es de conhecimentos espec\u00edficos<\/li>\n<\/ul>\n\n\n\n<h4 class=\"wp-block-heading\">Somos a melhor Op\u00e7\u00e3o<\/h4>\n\n\n\n<p>Voc\u00ea ir\u00e1 participar do concurso C\u00e2mara de Bezerros? Somos a melhor Op\u00e7\u00e3o! N\u00f3s contamos com diversos materiais preparat\u00f3rios alinhados e elaborados conforme o edital. Com mais de tr\u00eas d\u00e9cadas de candidatos aprovados, ajudaremos voc\u00ea tamb\u00e9m nesta longa jornada. N\u00e3o perca mais tempo e comece a estudar ainda hoje para o cargo que ir\u00e1 mudar a sua vida!<\/p>\n\n\n\n<ul class=\"wp-block-list\">\n<li><strong>Confira:\u00a0<a href=\"https:\/\/www.apostilasopcao.com.br\/concurso\/camara-municipal-de-bezerros-pe\">Materiais preparat\u00f3rios para o concurso C\u00e2mara de Bezerros!<\/a><\/strong><\/li>\n<\/ul>\n\n\n\n<h3 class=\"wp-block-heading\">Prova de T\u00edtulos<\/h3>\n\n\n\n<p>Confira quais t\u00edtulos ser\u00e3o cobrados na prova de t\u00edtulos do concurso C\u00e2mara de Bezerros:<\/p>\n\n\n\n<figure class=\"wp-block-image size-full\"><img loading=\"lazy\" decoding=\"async\" width=\"640\" height=\"443\" src=\"https:\/\/www.apostilasopcao.com.br\/blog\/wp-content\/uploads\/2025\/09\/titulos-c195162mara-de-bezerros.webp\" alt=\"Tabela de t\u00edtulos do concurso C\u00e2mara de Bezerros!\" class=\"wp-image-4494\" srcset=\"https:\/\/www.apostilasopcao.com.br\/blog\/wp-content\/uploads\/2025\/09\/titulos-c195162mara-de-bezerros.webp 640w, https:\/\/www.apostilasopcao.com.br\/blog\/wp-content\/uploads\/2025\/09\/titulos-c195162mara-de-bezerros-300x208.webp 300w\" sizes=\"auto, (max-width: 640px) 100vw, 640px\" \/><figcaption class=\"wp-element-caption\">Tabela de t\u00edtulos do concurso C\u00e2mara de Bezerros!<\/figcaption><\/figure>\n\n\n\n<p><\/p>\n\n\n\n<p><strong>Boa prova e bons estudos!<\/strong><\/p>\n","protected":false},"excerpt":{"rendered":"<p>O concurso C\u00e2mara de Bezerros est\u00e1 com as inscri\u00e7\u00f5es abertas! O edital conta com 14 vagas de todos os n\u00edveis de escolaridade, com iniciais de at\u00e9 R$ 3,5 mil.<\/p>\n","protected":false},"author":8,"featured_media":4506,"comment_status":"closed","ping_status":"closed","sticky":false,"template":"","format":"standard","meta":{"_acf_changed":false,"breadcrumbs_single_post":"","page_title_panel":"","breadcrumbs_single_page":"","single_page_alignment":"","single_page_margin":"","page_structure_type":"","content_style_source":"","content_style":"","blog_post_streched_ed":"","blog_page_streched_ed":"","has_transparent_header":"","disable_transparent_header":"","vertical_spacing_source":"","content_area_spacing":"","single_post_content_background":"","single_page_content_background":"","single_post_boxed_content_spacing":"","single_page_boxed_content_spacing":"","single_post_content_boxed_radius":"","single_page_content_boxed_radius":"","disable_featured_image":"","disable_post_tags":"","disable_author_box":"","disable_posts_navigation":"","disable_comments":"","disable_related_posts":"","disable_header":"","disable_footer":"","footnotes":""},"categories":[4,21],"tags":[423],"class_list":["post-4491","post","type-post","status-publish","format-standard","has-post-thumbnail","hentry","category-noticias","category-pe","tag-concurso-camara-de-bezerros","rishi-post"],"acf":{"data_prova":null,"status":"aberto"},"_links":{"self":[{"href":"https:\/\/www.apostilasopcao.com.br\/blog\/wp-json\/wp\/v2\/posts\/4491","targetHints":{"allow":["GET"]}}],"collection":[{"href":"https:\/\/www.apostilasopcao.com.br\/blog\/wp-json\/wp\/v2\/posts"}],"about":[{"href":"https:\/\/www.apostilasopcao.com.br\/blog\/wp-json\/wp\/v2\/types\/post"}],"author":[{"embeddable":true,"href":"https:\/\/www.apostilasopcao.com.br\/blog\/wp-json\/wp\/v2\/users\/8"}],"replies":[{"embeddable":true,"href":"https:\/\/www.apostilasopcao.com.br\/blog\/wp-json\/wp\/v2\/comments?post=4491"}],"version-history":[{"count":5,"href":"https:\/\/www.apostilasopcao.com.br\/blog\/wp-json\/wp\/v2\/posts\/4491\/revisions"}],"predecessor-version":[{"id":4576,"href":"https:\/\/www.apostilasopcao.com.br\/blog\/wp-json\/wp\/v2\/posts\/4491\/revisions\/4576"}],"wp:featuredmedia":[{"embeddable":true,"href":"https:\/\/www.apostilasopcao.com.br\/blog\/wp-json\/wp\/v2\/media\/4506"}],"wp:attachment":[{"href":"https:\/\/www.apostilasopcao.com.br\/blog\/wp-json\/wp\/v2\/media?parent=4491"}],"wp:term":[{"taxonomy":"category","embeddable":true,"href":"https:\/\/www.apostilasopcao.com.br\/blog\/wp-json\/wp\/v2\/categories?post=4491"},{"taxonomy":"post_tag","embeddable":true,"href":"https:\/\/www.apostilasopcao.com.br\/blog\/wp-json\/wp\/v2\/tags?post=4491"}],"curies":[{"name":"wp","href":"https:\/\/api.w.org\/{rel}","templated":true}]}}