{"id":4526,"date":"2025-09-09T09:17:04","date_gmt":"2025-09-09T12:17:04","guid":{"rendered":"https:\/\/www.apostilasopcao.com.br\/blog\/?p=4526"},"modified":"2025-09-10T13:47:26","modified_gmt":"2025-09-10T16:47:26","slug":"core-sp","status":"publish","type":"post","link":"https:\/\/www.apostilasopcao.com.br\/blog\/core-sp\/","title":{"rendered":"Concurso Core SP: Saiu edital com 800 vagas! Sal\u00e1rio de R$8,5 mil!"},"content":{"rendered":"\n<p>Ol\u00e1, concurseiros! Saiu o edital do concurso Core SP <a href=\"https:\/\/www.apostilasopcao.com.br\/concurso\/conselho-regional-dos-representantes-comerciais-no-estado-de-sao-paulo\">(Conselho Regional dos Representantes Comerciais no Estado de S\u00e3o Paulo)<\/a> com <strong>800 vagas, sendo 29 vagas imediatas e 771 vagas de cadastro reserva<\/strong>, para cargos de todos os n\u00edveis de escolaridade. As remunera\u00e7\u00f5es iniciais chamam bastante aten\u00e7\u00e3o, j\u00e1 que variam de <strong>R$ 2.263,18 a R$ 8.524,51. <\/strong>Ficou interessado(a)? Continue comigo e fique por dentro de todos os detalhes!<\/p>\n\n\n\n<h2 class=\"wp-block-heading\">Inscri\u00e7\u00f5es para o concurso Core SP<\/h2>\n\n\n\n<p>As inscri\u00e7\u00f5es para o concurso Core SP j\u00e1 est\u00e3o abertas! Os interessados podem se inscrever atrav\u00e9s do site da banca organizadora respons\u00e1vel pelo certame, o <a href=\"https:\/\/site.quadrix.org.br\/todos-os-concursos\/inscricoes-abertas\/coresp_2025.aspx\" target=\"_blank\" rel=\"noopener\">Instituto Quadrix<\/a>, <strong>at\u00e9 \u00e0s 23h do dia 13 de outubro de 2025. <\/strong><\/p>\n\n\n\n<p>Os valores das taxas de inscri\u00e7\u00e3o variam de acordo com o n\u00edvel de escolaridade do cargo pretendido. Confira:<\/p>\n\n\n\n<ul class=\"wp-block-list\">\n<li><strong>N\u00edvel fundamental<\/strong>: R$ 55,00<\/li>\n\n\n\n<li><strong>N\u00edvel m\u00e9dio:<\/strong> R$ 75,00<\/li>\n\n\n\n<li><strong>N\u00edvel superior<\/strong>: R$ 90,00<\/li>\n<\/ul>\n\n\n\n<p><\/p>\n\n\n\n<p>Para ter sua inscri\u00e7\u00e3o homologada, o candidato deve efetuar o pagamento do boleto banc\u00e1rio at\u00e9 a data limite de <strong>15 de outubro. <\/strong><\/p>\n\n\n\n<p>Os candidatos podem solicitar a isen\u00e7\u00e3o dessas taxas at\u00e9 o dia <strong>10 de setembro de 2025, <\/strong>desde que se encaixem em algum dos seguintes requisitos. Confira:<\/p>\n\n\n\n<ul class=\"wp-block-list\">\n<li>para inscrito no Cadastro \u00danico para Programas Sociais do Governo Federal &#8211; Cad\u00danico; e <\/li>\n\n\n\n<li>para doador de medula \u00f3ssea. <\/li>\n<\/ul>\n\n\n\n<h2 class=\"wp-block-heading\">Cargos, vagas e sal\u00e1rios<\/h2>\n\n\n\n<p>O concurso Core SP est\u00e1 ofertando <strong>800 vagas, <\/strong>imediatas e de cadastro reserva, para cargos de n\u00edveis fundamental, m\u00e9dio, t\u00e9cnico e superior. Confira como essas oportunidades est\u00e3o sendo distribu\u00eddas e suas respectivas remunera\u00e7\u00f5es:<\/p>\n\n\n\n<p><strong>N\u00edvel fundamental<\/strong><\/p>\n\n\n\n<ul class=\"wp-block-list\">\n<li>Office Boy: 20 CR;\n<ul class=\"wp-block-list\">\n<li>R$ 2.263,18<\/li>\n<\/ul>\n<\/li>\n<\/ul>\n\n\n\n<p><strong>N\u00edvel m\u00e9dio<\/strong><\/p>\n\n\n\n<ul class=\"wp-block-list\">\n<li><a href=\"https:\/\/www.apostilasopcao.com.br\/apostila\/core-sp-assistente-administrativo\">Assistente Administrativo:<\/a> 14 vagas + 316 CR;\n<ul class=\"wp-block-list\">\n<li>R$ 4.479,32<\/li>\n<\/ul>\n<\/li>\n\n\n\n<li>Fiscal: 10 vagas + 330 CR;\n<ul class=\"wp-block-list\">\n<li>R$ 4.479,32<\/li>\n<\/ul>\n<\/li>\n\n\n\n<li>Operador de Teleatendimento: 20 CR.\n<ul class=\"wp-block-list\">\n<li>R$ 4.072,16<\/li>\n<\/ul>\n<\/li>\n<\/ul>\n\n\n\n<p><strong>N\u00edvel superior<\/strong><\/p>\n\n\n\n<ul class=\"wp-block-list\">\n<li>Analista de Tecnologia da Informa\u00e7\u00e3o: 1 vaga + 29 CR;\n<ul class=\"wp-block-list\">\n<li>R$ 8.524,51<\/li>\n<\/ul>\n<\/li>\n\n\n\n<li>Assistente Jur\u00eddico: 4 vagas + 36 CR;\n<ul class=\"wp-block-list\">\n<li>R$ 8.524,51<\/li>\n<\/ul>\n<\/li>\n\n\n\n<li>Contador: 20 CR.\n<ul class=\"wp-block-list\">\n<li>R$ 8.524,51<\/li>\n<\/ul>\n<\/li>\n<\/ul>\n\n\n\n<p><\/p>\n\n\n\n<p>A jornada de trabalho \u00e9 de 30 horas semanais para o cargo de Operador de Teleatendimento e de 40 horas semanais para os demais postos.<\/p>\n\n\n\n<h2 class=\"wp-block-heading\">Requisitos dos cargos<\/h2>\n\n\n\n<p>Confira quais s\u00e3o os requisitos espec\u00edficos de cada cargo do concurso Core SP:<\/p>\n\n\n\n<ul class=\"wp-block-list\">\n<li><strong>Office Boy<\/strong>\n<ul class=\"wp-block-list\">\n<li>Requisitos: Diploma ou certificado, devidamente registrado, de&nbsp;conclus\u00e3o de curso de n\u00edvel fundamental, expedido por institui\u00e7\u00e3o de ensino reconhecida pelo Minist\u00e9rio da Educa\u00e7\u00e3o (MEC).<\/li>\n<\/ul>\n<\/li>\n\n\n\n<li><strong>Assistente Administrativo<\/strong>\n<ul class=\"wp-block-list\">\n<li>Requisitos: Diploma ou certificado, devidamente registrado, de&nbsp;conclus\u00e3o de curso de n\u00edvel m\u00e9dio, expedido por institui\u00e7\u00e3o de ensino reconhecida pelo Minist\u00e9rio da Educa\u00e7\u00e3o (MEC).<\/li>\n<\/ul>\n<\/li>\n\n\n\n<li><strong>Fiscal <\/strong>\n<ul class=\"wp-block-list\">\n<li>Requisitos: Diploma ou certificado, devidamente registrado, de&nbsp;conclus\u00e3o de curso de n\u00edvel m\u00e9dio, expedido por institui\u00e7\u00e3o de ensino reconhecida pelo Minist\u00e9rio da Educa\u00e7\u00e3o (MEC).<\/li>\n\n\n\n<li>Carteira Nacional de Habilita\u00e7\u00e3o (CNH) categoria \u201cB\u201d ou superior, v\u00e1lida e regular, sem impedimentos que restrinjam o exerc\u00edcio do direito de dirigir, de acordo com o C\u00f3digo de Tr\u00e2nsito Brasileiro.<\/li>\n<\/ul>\n<\/li>\n\n\n\n<li><strong>Operador de Teleatendimento <\/strong>\n<ul class=\"wp-block-list\">\n<li>Requisitos: Diploma ou certificado, devidamente registrado, de&nbsp;conclus\u00e3o de curso de n\u00edvel m\u00e9dio, expedido por institui\u00e7\u00e3o de ensino reconhecida pelo Minist\u00e9rio da Educa\u00e7\u00e3o (MEC).<\/li>\n\n\n\n<li>Carteira Nacional de Habilita\u00e7\u00e3o (CNH) categoria \u201cB\u201d ou superior, v\u00e1lida e regular, sem impedimentos que restrinjam o exerc\u00edcio do direito de dirigir, de acordo com o C\u00f3digo de Tr\u00e2nsito Brasileiro.<\/li>\n<\/ul>\n<\/li>\n\n\n\n<li><strong>Analista de Tecnologia da Informa\u00e7\u00e3o <\/strong>\n<ul class=\"wp-block-list\">\n<li>Requisitos: Diploma ou certificado, devidamente registrado, de&nbsp;conclus\u00e3o de curso de gradua\u00e7\u00e3o de n\u00edvel superior em Ci\u00eancia da Computa\u00e7\u00e3o, Tecnologia da Informa\u00e7\u00e3o, Sistema de Informa\u00e7\u00e3o ou An\u00e1lise e Desenvolvimento de Sistemas, fornecido por institui\u00e7\u00e3o de ensino reconhecida pelo Minist\u00e9rio da Educa\u00e7\u00e3o (MEC).<\/li>\n<\/ul>\n<\/li>\n\n\n\n<li><strong>Assistente Jur\u00eddico <\/strong>\n<ul class=\"wp-block-list\">\n<li>Requisitos: Diploma ou certificado, devidamente registrado, de&nbsp;conclus\u00e3o de curso de gradua\u00e7\u00e3o de n\u00edvel superior em Direito, fornecido por institui\u00e7\u00e3o de ensino reconhecida pelo Minist\u00e9rio da Educa\u00e7\u00e3o (MEC).<\/li>\n\n\n\n<li>Registro ativo na Ordem dos Advogados do Brasil (OAB).<\/li>\n<\/ul>\n<\/li>\n\n\n\n<li><strong>Contador <\/strong>\n<ul class=\"wp-block-list\">\n<li>Requisitos: Diploma ou certificado, devidamente registrado, de&nbsp;conclus\u00e3o de curso de gradua\u00e7\u00e3o de n\u00edvel superior em Ci\u00eancias Cont\u00e1beis, fornecido por institui\u00e7\u00e3o de ensino reconhecida pelo Minist\u00e9rio da Educa\u00e7\u00e3o (MEC).<\/li>\n\n\n\n<li>Registro ativo no Conselho Regional de Contabilidade (CRC).<\/li>\n<\/ul>\n<\/li>\n<\/ul>\n\n\n\n<h2 class=\"wp-block-heading\">Requisitos b\u00e1sicos<\/h2>\n\n\n\n<p>Confira quais s\u00e3o os requisitos b\u00e1sicos exigidos para a participa\u00e7\u00e3o no concurso Core SP:<\/p>\n\n\n\n<ul class=\"wp-block-list\">\n<li>Ser aprovado em todas as fases do concurso p\u00fablico<\/li>\n\n\n\n<li>Ter a nacionalidade brasileira ou portuguesa e, no caso de nacionalidade portuguesa, estar amparado pelo Estatuto de Igualdade entre Brasileiros e Portugueses, com reconhecimento do gozo dos direitos pol\u00edticos, nos termos do \u00a7 1\u00ba do art. 12 da Constitui\u00e7\u00e3o Federal<\/li>\n\n\n\n<li>Estar em gozo dos direitos pol\u00edticos<\/li>\n\n\n\n<li>Estar quite com as obriga\u00e7\u00f5es militares, em caso de candidato do sexo masculino<\/li>\n\n\n\n<li>Estar quite com as obriga\u00e7\u00f5es eleitorais<\/li>\n\n\n\n<li>Possuir os requisitos exigidos para o exerc\u00edcio do cargo, conforme o Anexo II deste edital<\/li>\n\n\n\n<li>Ter idade m\u00ednima de 18 anos completos na data da contrata\u00e7\u00e3o<\/li>\n\n\n\n<li>Apresentar atestado de pr\u00e9via aprova\u00e7\u00e3o de aptid\u00e3o f\u00edsica e mental para o exerc\u00edcio das atribui\u00e7\u00f5es do cargo<\/li>\n\n\n\n<li>Apresentar declara\u00e7\u00e3o de que n\u00e3o acumula cargo ou fun\u00e7\u00e3o p\u00fablica, ou proventos de inatividade, ressalvadas as possibilidades de acumula\u00e7\u00e3o l\u00edcita previstas no Inciso XVI do art. 37 da Constitui\u00e7\u00e3o Federal<\/li>\n\n\n\n<li>Ter aptid\u00e3o f\u00edsica e mental para o exerc\u00edcio das atribui\u00e7\u00f5es correspondentes ao cargo<\/li>\n\n\n\n<li>N\u00e3o estar cumprindo san\u00e7\u00e3o por inidoneidade, aplicada por qualquer \u00f3rg\u00e3o p\u00fablico ou entidade das esferas federal, estadual, municipal ou do Distrito Federal<\/li>\n\n\n\n<li>Cumprir as determina\u00e7\u00f5es deste edital<\/li>\n<\/ul>\n\n\n\n<h2 class=\"wp-block-heading\">Etapas de sele\u00e7\u00e3o do concurso Core SP<\/h2>\n\n\n\n<p>Os candidatos do concurso Core SP ser\u00e3o avaliados por meio das seguintes etapas de sele\u00e7\u00e3o:<\/p>\n\n\n\n<ul class=\"wp-block-list\">\n<li>Prova objetiva, de car\u00e1ter eliminat\u00f3rio e classificat\u00f3rio, para todos os cargos; e<\/li>\n\n\n\n<li>Prova discursiva, de car\u00e1ter eliminat\u00f3rio e classificat\u00f3rio, para os cargos de n\u00edvel superior;<\/li>\n<\/ul>\n\n\n\n<p><\/p>\n\n\n\n<p>As avalia\u00e7\u00f5es do concurso Core SP acontecer\u00e3o em Bauru\/SP, Campinas\/SP, Ribeir\u00e3o Preto\/SP, S\u00e3o Jos\u00e9 dos Campos\/SP e S\u00e3o Paulo\/SP, no dia <strong>23 de novembro de 2025.<\/strong><\/p>\n\n\n\n<p>O tempo de aplica\u00e7\u00e3o varia de acordo com o cargo:<\/p>\n\n\n\n<ul class=\"wp-block-list\">\n<li>Para os candidatos de n\u00edvel superior que realizar\u00e3o provas objetiva e discursiva, o per\u00edodo total ser\u00e1 de 4 horas.<\/li>\n\n\n\n<li>Para os candidatos de n\u00edveis fundamental e m\u00e9dio, que far\u00e3o apenas a prova objetiva, a dura\u00e7\u00e3o ser\u00e1 de 3 horas.<\/li>\n<\/ul>\n\n\n\n<h3 class=\"wp-block-heading\">Prova Objetiva<\/h3>\n\n\n\n<p>A prova objetiva ser\u00e1 composta por 40 quest\u00f5es de m\u00faltipla escolha, cada uma com 5 alternativas, das quais apenas uma ser\u00e1 considerada correta. Essa etapa ter\u00e1 valor total de 40 pontos.<\/p>\n\n\n\n<p>Confira a estrutura da prova objetiva do concurso Core SP:<\/p>\n\n\n\n<figure class=\"wp-block-image size-full\"><img loading=\"lazy\" decoding=\"async\" width=\"739\" height=\"127\" src=\"https:\/\/www.apostilasopcao.com.br\/blog\/wp-content\/uploads\/2025\/09\/objetiva-core-sp.webp\" alt=\"Prova objetiva do concurso Core SP!\" class=\"wp-image-4529\" srcset=\"https:\/\/www.apostilasopcao.com.br\/blog\/wp-content\/uploads\/2025\/09\/objetiva-core-sp.webp 739w, https:\/\/www.apostilasopcao.com.br\/blog\/wp-content\/uploads\/2025\/09\/objetiva-core-sp-300x52.webp 300w\" sizes=\"auto, (max-width: 739px) 100vw, 739px\" \/><figcaption class=\"wp-element-caption\">Prova objetiva do concurso Core SP!<\/figcaption><\/figure>\n\n\n\n<p>Para os cargos de n\u00edvel fundamental e m\u00e9dio, o candidato ser\u00e1 eliminado do concurso Core SP se alcan\u00e7ar menos de 20 pontos na nota final da prova objetiva.<\/p>\n\n\n\n<p>J\u00e1 para os cargos de n\u00edvel superior, a elimina\u00e7\u00e3o ocorrer\u00e1 em duas situa\u00e7\u00f5es:<\/p>\n\n\n\n<ul class=\"wp-block-list\">\n<li>quando o candidato obtiver menos de 20 pontos no total da prova objetiva; ou<\/li>\n\n\n\n<li>quando n\u00e3o estiver entre os classificados dentro do limite previsto para a corre\u00e7\u00e3o da prova discursiva.<\/li>\n<\/ul>\n\n\n\n<h3 class=\"wp-block-heading\">Somos a melhor Op\u00e7\u00e3o<\/h3>\n\n\n\n<p>Vai prestar o concurso CORE SP? Conte com a nossa ajuda para conquistar sua aprova\u00e7\u00e3o! Disponibilizamos materiais completos e atualizados de acordo com o edital, elaborados especialmente para potencializar seus estudos. Com mais de 30 anos de experi\u00eancia e milhares de candidatos aprovados, temos a expertise necess\u00e1ria para orientar sua prepara\u00e7\u00e3o. D\u00ea o primeiro passo agora mesmo e comece a estudar para alcan\u00e7ar o cargo que transformar\u00e1 a sua vida.<\/p>\n\n\n\n<ul class=\"wp-block-list\">\n<li><strong>Confira: <a href=\"https:\/\/www.apostilasopcao.com.br\/concurso\/conselho-regional-dos-representantes-comerciais-no-estado-de-sao-paulo\">Materiais preparat\u00f3rios para o concurso CORE SP!<\/a><\/strong><\/li>\n<\/ul>\n\n\n\n<h3 class=\"wp-block-heading\">Prova Discursiva<\/h3>\n\n\n\n<p>A prova discursiva, tamb\u00e9m de car\u00e1ter eliminat\u00f3rio e classificat\u00f3rio, ter\u00e1 valor m\u00e1ximo de 10 pontos. O exame consistir\u00e1 na produ\u00e7\u00e3o de um texto dissertativo, com extens\u00e3o m\u00ednima de 20 linhas e m\u00e1xima de 30 linhas, abordando tema relacionado aos conhecimentos espec\u00edficos do cargo.<\/p>\n\n\n\n<p>A corre\u00e7\u00e3o das reda\u00e7\u00f5es ser\u00e1 restrita aos candidatos mais bem colocados na prova objetiva, respeitando o quantitativo estabelecido em edital e os casos de empate na \u00faltima posi\u00e7\u00e3o.<\/p>\n\n\n\n<p>Ser\u00e1 considerado reprovado e, consequentemente, eliminado do concurso CORE SP, o candidato que obtiver menos de 5 pontos na prova discursiva.<\/p>\n\n\n\n<p><\/p>\n\n\n\n<p><strong>Boa prova e bons estudos!<\/strong><\/p>\n","protected":false},"excerpt":{"rendered":"<p>O concurso Core SP oferta 800 vagas, sendo 29 imediatas e 771 de cadastro reserva, para cargos de todos os n\u00edveis de escolaridade. Confira!<\/p>\n","protected":false},"author":8,"featured_media":4527,"comment_status":"closed","ping_status":"closed","sticky":false,"template":"","format":"standard","meta":{"_acf_changed":false,"breadcrumbs_single_post":"","page_title_panel":"","breadcrumbs_single_page":"","single_page_alignment":"","single_page_margin":"","page_structure_type":"","content_style_source":"","content_style":"","blog_post_streched_ed":"","blog_page_streched_ed":"","has_transparent_header":"","disable_transparent_header":"","vertical_spacing_source":"","content_area_spacing":"","single_post_content_background":"","single_page_content_background":"","single_post_boxed_content_spacing":"","single_page_boxed_content_spacing":"","single_post_content_boxed_radius":"","single_page_content_boxed_radius":"","disable_featured_image":"","disable_post_tags":"","disable_author_box":"","disable_posts_navigation":"","disable_comments":"","disable_related_posts":"","disable_header":"","disable_footer":"","footnotes":""},"categories":[4,6],"tags":[424],"class_list":["post-4526","post","type-post","status-publish","format-standard","has-post-thumbnail","hentry","category-noticias","category-sp","tag-concurso-core-sp","rishi-post"],"acf":{"data_prova":null,"status":"aberto"},"_links":{"self":[{"href":"https:\/\/www.apostilasopcao.com.br\/blog\/wp-json\/wp\/v2\/posts\/4526","targetHints":{"allow":["GET"]}}],"collection":[{"href":"https:\/\/www.apostilasopcao.com.br\/blog\/wp-json\/wp\/v2\/posts"}],"about":[{"href":"https:\/\/www.apostilasopcao.com.br\/blog\/wp-json\/wp\/v2\/types\/post"}],"author":[{"embeddable":true,"href":"https:\/\/www.apostilasopcao.com.br\/blog\/wp-json\/wp\/v2\/users\/8"}],"replies":[{"embeddable":true,"href":"https:\/\/www.apostilasopcao.com.br\/blog\/wp-json\/wp\/v2\/comments?post=4526"}],"version-history":[{"count":3,"href":"https:\/\/www.apostilasopcao.com.br\/blog\/wp-json\/wp\/v2\/posts\/4526\/revisions"}],"predecessor-version":[{"id":4585,"href":"https:\/\/www.apostilasopcao.com.br\/blog\/wp-json\/wp\/v2\/posts\/4526\/revisions\/4585"}],"wp:featuredmedia":[{"embeddable":true,"href":"https:\/\/www.apostilasopcao.com.br\/blog\/wp-json\/wp\/v2\/media\/4527"}],"wp:attachment":[{"href":"https:\/\/www.apostilasopcao.com.br\/blog\/wp-json\/wp\/v2\/media?parent=4526"}],"wp:term":[{"taxonomy":"category","embeddable":true,"href":"https:\/\/www.apostilasopcao.com.br\/blog\/wp-json\/wp\/v2\/categories?post=4526"},{"taxonomy":"post_tag","embeddable":true,"href":"https:\/\/www.apostilasopcao.com.br\/blog\/wp-json\/wp\/v2\/tags?post=4526"}],"curies":[{"name":"wp","href":"https:\/\/api.w.org\/{rel}","templated":true}]}}