{"id":4539,"date":"2025-09-10T11:31:46","date_gmt":"2025-09-10T14:31:46","guid":{"rendered":"https:\/\/www.apostilasopcao.com.br\/blog\/?p=4539"},"modified":"2025-09-22T13:11:01","modified_gmt":"2025-09-22T16:11:01","slug":"prefeitura-de-americo-brasiliense-sp","status":"publish","type":"post","link":"https:\/\/www.apostilasopcao.com.br\/blog\/prefeitura-de-americo-brasiliense-sp\/","title":{"rendered":"Concurso Prefeitura de Am\u00e9rico Brasiliense: Inscri\u00e7\u00f5es abertas! Vagas para diversos n\u00edveis!"},"content":{"rendered":"\n<p>Ol\u00e1, concurseiros! O <a href=\"https:\/\/www.apostilasopcao.com.br\/concurso\/prefeitura-de-americo-brasiliense-sp\">Concurso Prefeitura de Am\u00e9rico Brasiliense,<\/a> munic\u00edpio do estado de S\u00e3o Paulo, est\u00e1 ofertando <strong>12 vagas imediatas<\/strong>, al\u00e9m da forma\u00e7\u00e3o de cadastro reserva, para cargos de todos os n\u00edveis de escolaridade. As remunera\u00e7\u00f5es iniciais variam de <strong>R$ 1.518 e R$ 2.212,89 mensais, ou de R$ 23,19 a R$ 84,84 por hora, dependendo do cargo.<\/strong> Ficou interessado(a)? Continue comigo e fique por dentro de todos os detalhes sobre a sele\u00e7\u00e3o!<\/p>\n\n\n\n<h2 class=\"wp-block-heading\">Inscri\u00e7\u00f5es no concurso Prefeitura de Am\u00e9rico Brasiliense<\/h2>\n\n\n\n<p>As inscri\u00e7\u00f5es para o concurso Prefeitura de Am\u00e9rico Brasiliense j\u00e1 est\u00e3o abertas! Os interessados poder\u00e3o se inscrever at\u00e9 o dia <strong>29 de setembro de 2025, <\/strong>atrav\u00e9s do site da banca organizadora respons\u00e1vel pelo certame, o <a href=\"https:\/\/inbrasp.org\/\" target=\"_blank\" rel=\"noopener\">INBRASP<\/a>. <\/p>\n\n\n\n<p>Os valores das taxas de inscri\u00e7\u00e3o variam de acordo com o n\u00edvel de escolaridade do cargo pretendido pelo candidato. Confira:<\/p>\n\n\n\n<ul class=\"wp-block-list\">\n<li><strong>N\u00edvel fundamental: <\/strong>R$ 35,00;<\/li>\n\n\n\n<li><strong>N\u00edvel m\u00e9dio\/t\u00e9cnico: <\/strong>R$ 55,00;<\/li>\n\n\n\n<li><strong>N\u00edvel superior: <\/strong>R$ 75,00.<\/li>\n<\/ul>\n\n\n\n<p><\/p>\n\n\n\n<p>Os candidatos poder\u00e3o solicitar a isen\u00e7\u00e3o das taxas de inscri\u00e7\u00e3o at\u00e9 o dia <strong>10 de setembro, <\/strong>desde que se enquadrem em algum dos seguintes requisitos:<\/p>\n\n\n\n<ul class=\"wp-block-list\">\n<li>O candidato que perten\u00e7a a fam\u00edlia inscrita no Cadastro \u00danico para Programas Sociais (Cad\u00danico), do Governo Federal, cuja renda familiar mensal per capita seja inferior ou igual a meio sal\u00e1rio-m\u00ednimo nacional; e <\/li>\n\n\n\n<li>O candidato doador de medula \u00f3ssea em entidades reconhecidas pelo Minist\u00e9rio da Sa\u00fade;<\/li>\n<\/ul>\n\n\n\n<h2 class=\"wp-block-heading\">Cargos, vagas e sal\u00e1rios<\/h2>\n\n\n\n<p>O concurso Prefeitura de Am\u00e9rico Brasiliense est\u00e1 ofertando, por meio de dois editais, <strong>12 vagas imediatas<\/strong>, al\u00e9m da forma\u00e7\u00e3o de cadastro reserva, para cargos de todos os n\u00edveis de escolaridade. Confira como essas oportunidades est\u00e3o sendo distribu\u00eddas e suas respectivas remunera\u00e7\u00f5es: <\/p>\n\n\n\n<h3 class=\"wp-block-heading\">Edital 01\/2025<\/h3>\n\n\n\n<ul class=\"wp-block-list\">\n<li><a href=\"https:\/\/www.apostilasopcao.com.br\/apostila\/prefeitura-americo-brasiliense-sp-tecnico-enfermagem\">T\u00e9cnico de Enfermagem<\/a> (3 Vagas)\n<ul class=\"wp-block-list\">\n<li>R$1.711,49<\/li>\n<\/ul>\n<\/li>\n\n\n\n<li>T\u00e9cnico De Farm\u00e1cia (1 Vaga)\n<ul class=\"wp-block-list\">\n<li>R$1.711,49<\/li>\n<\/ul>\n<\/li>\n\n\n\n<li>Enfermeiro (1 Vaga)\n<ul class=\"wp-block-list\">\n<li>R$2.212,89<\/li>\n<\/ul>\n<\/li>\n\n\n\n<li>Fonoaudi\u00f3logo (1 Vaga)\n<ul class=\"wp-block-list\">\n<li>R$2.212,89<\/li>\n<\/ul>\n<\/li>\n\n\n\n<li>Encanador de \u00c1gua e Esgoto (CR)\n<ul class=\"wp-block-list\">\n<li>R$1.518,00<\/li>\n<\/ul>\n<\/li>\n\n\n\n<li><a href=\"https:\/\/www.apostilasopcao.com.br\/apostila\/prefeitura-americo-brasiliense-sp-escriturario\">Escritur\u00e1rio<\/a> (1 Vaga)\n<ul class=\"wp-block-list\">\n<li>R$ 1.711,49<\/li>\n<\/ul>\n<\/li>\n\n\n\n<li>Motorista (1 Vaga)\n<ul class=\"wp-block-list\">\n<li>R$ 1.518,00<\/li>\n<\/ul>\n<\/li>\n\n\n\n<li>Operador de M\u00e1quina (CR)\n<ul class=\"wp-block-list\">\n<li>R$ 1.518,00<\/li>\n<\/ul>\n<\/li>\n\n\n\n<li>Professor de Educa\u00e7\u00e3o Infantil (CR)\n<ul class=\"wp-block-list\">\n<li>R$ 23,19\/hora<\/li>\n<\/ul>\n<\/li>\n\n\n\n<li>Professor PEB I de Fundamental (CR)\n<ul class=\"wp-block-list\">\n<li>R$ 23,19\/hora<\/li>\n<\/ul>\n<\/li>\n\n\n\n<li>Professor PEB II de Artes (CR)\n<ul class=\"wp-block-list\">\n<li>R$ 23,19\/hora<\/li>\n<\/ul>\n<\/li>\n\n\n\n<li>Professor PEB II de Ci\u00eancias (CR)\n<ul class=\"wp-block-list\">\n<li>R$ 23,19\/hora<\/li>\n<\/ul>\n<\/li>\n\n\n\n<li>Professor PEB II de Educa\u00e7\u00e3o Especial (CR)\n<ul class=\"wp-block-list\">\n<li>R$ 23,19\/hora<\/li>\n<\/ul>\n<\/li>\n\n\n\n<li>Professor PEB II de Filosofia (CR)\n<ul class=\"wp-block-list\">\n<li>R$ 23,19\/hora<\/li>\n<\/ul>\n<\/li>\n\n\n\n<li>Professor PEB II de Geografia (CR)\n<ul class=\"wp-block-list\">\n<li>R$ 23,19\/hora<\/li>\n<\/ul>\n<\/li>\n\n\n\n<li>Professor PEB II de Hist\u00f3ria (CR)\n<ul class=\"wp-block-list\">\n<li>R$ 23,19\/hora<\/li>\n<\/ul>\n<\/li>\n\n\n\n<li>Professor PEB II de Ingl\u00eas (CR)\n<ul class=\"wp-block-list\">\n<li>R$ 23,19\/hora<\/li>\n<\/ul>\n<\/li>\n\n\n\n<li>Professor PEB II de L\u00edngua Portuguesa (CR)\n<ul class=\"wp-block-list\">\n<li>R$ 23,19\/hora<\/li>\n<\/ul>\n<\/li>\n\n\n\n<li>Professor PEB II de Matem\u00e1tica (CR)\n<ul class=\"wp-block-list\">\n<li>R$ 23,19\/hora<\/li>\n<\/ul>\n<\/li>\n\n\n\n<li>Professor PEB II de Educa\u00e7\u00e3o F\u00edsica (CR)\n<ul class=\"wp-block-list\">\n<li>R$ 23,19\/hora<\/li>\n<\/ul>\n<\/li>\n\n\n\n<li>Cuidador de Educa\u00e7\u00e3o (1 Vaga)\n<ul class=\"wp-block-list\">\n<li>R$ 1.518,00<\/li>\n<\/ul>\n<\/li>\n\n\n\n<li>Monitor Educacional de Inform\u00e1tica (CR)\n<ul class=\"wp-block-list\">\n<li>R$ 1.518,00<\/li>\n<\/ul>\n<\/li>\n\n\n\n<li>Recreacionista (3 Vagas)\n<ul class=\"wp-block-list\">\n<li>R$ 1.518,00<\/li>\n<\/ul>\n<\/li>\n<\/ul>\n\n\n\n<h3 class=\"wp-block-heading\">Edital 02\/2025<\/h3>\n\n\n\n<ul class=\"wp-block-list\">\n<li>M\u00e9dico Cardiologista (CR)\n<ul class=\"wp-block-list\">\n<li>R$ 84,84\/hora<\/li>\n<\/ul>\n<\/li>\n\n\n\n<li>M\u00e9dico Clinico Plantonista (CR)\n<ul class=\"wp-block-list\">\n<li>R$ 113,30\/hora<\/li>\n<\/ul>\n<\/li>\n\n\n\n<li>M\u00e9dico Endocrinologista (CR)\n<ul class=\"wp-block-list\">\n<li>R$ 84,84\/hora<\/li>\n<\/ul>\n<\/li>\n\n\n\n<li>M\u00e9dico Generalista (CR)\n<ul class=\"wp-block-list\">\n<li>R$ 84,84\/hora<\/li>\n<\/ul>\n<\/li>\n\n\n\n<li>M\u00e9dico Ginecologista (CR)\n<ul class=\"wp-block-list\">\n<li>R$ 84,84\/hora<\/li>\n<\/ul>\n<\/li>\n\n\n\n<li>M\u00e9dico Infectologista (CR)\n<ul class=\"wp-block-list\">\n<li>R$ 84,84\/hora<\/li>\n<\/ul>\n<\/li>\n\n\n\n<li>M\u00e9dico Neurologista (CR)\n<ul class=\"wp-block-list\">\n<li>R$ 84,84\/hora<\/li>\n<\/ul>\n<\/li>\n\n\n\n<li>M\u00e9dico Oftalmologista (CR)\n<ul class=\"wp-block-list\">\n<li>R$ 84,84\/hora<\/li>\n<\/ul>\n<\/li>\n\n\n\n<li>M\u00e9dico Ortopedista (CR)\n<ul class=\"wp-block-list\">\n<li>R$ 84,84\/hora<\/li>\n<\/ul>\n<\/li>\n\n\n\n<li>M\u00e9dico Otorrinolaringologista (CR)\n<ul class=\"wp-block-list\">\n<li>R$ 84,84\/hora<\/li>\n<\/ul>\n<\/li>\n\n\n\n<li>M\u00e9dico Pediatra (CR)\n<ul class=\"wp-block-list\">\n<li>R$ 84,84\/hora<\/li>\n<\/ul>\n<\/li>\n\n\n\n<li>M\u00e9dico Pediatra Plantonista (CR)\n<ul class=\"wp-block-list\">\n<li>R$ 84,84\/hora<\/li>\n<\/ul>\n<\/li>\n\n\n\n<li>M\u00e9dico Psiquiatra (CR)\n<ul class=\"wp-block-list\">\n<li>R$ 84,84\/hora<\/li>\n<\/ul>\n<\/li>\n\n\n\n<li>M\u00e9dico Radiologista (CR)\n<ul class=\"wp-block-list\">\n<li>R$ 84,84\/hora<\/li>\n<\/ul>\n<\/li>\n\n\n\n<li>M\u00e9dico Dermatologista (CR)\n<ul class=\"wp-block-list\">\n<li>R$ 84,84\/hora<\/li>\n<\/ul>\n<\/li>\n\n\n\n<li>M\u00e9dico Urologista (CR)\n<ul class=\"wp-block-list\">\n<li>R$ 84,84\/hora<\/li>\n<\/ul>\n<\/li>\n\n\n\n<li>Auxiliar de Consult\u00f3rio Dent\u00e1rio (CR)\n<ul class=\"wp-block-list\">\n<li>R$ 1.518,00<\/li>\n<\/ul>\n<\/li>\n<\/ul>\n\n\n\n<h2 class=\"wp-block-heading\">Requisitos<\/h2>\n\n\n\n<p>Confira quais s\u00e3o os requisitos b\u00e1sicos exigidos para a participa\u00e7\u00e3o no concurso Prefeitura de Am\u00e9rico Brasiliense: <\/p>\n\n\n\n<ul class=\"wp-block-list\">\n<li>Conhecer, atender e aceitar as condi\u00e7\u00f5es estabelecidas neste Edital e nos Editais de Convoca\u00e7\u00e3o para prova objetiva e todas as outras etapas do certame<\/li>\n\n\n\n<li>Ter nacionalidade brasileira ou equivalente<\/li>\n\n\n\n<li>Ter idade m\u00ednima de 18 (dezoito) anos<\/li>\n\n\n\n<li>Comprovar habilita\u00e7\u00e3o m\u00ednima exigida pelo Edital<\/li>\n\n\n\n<li>Ter a situa\u00e7\u00e3o regularizada perante a Justi\u00e7a Eleitoral<\/li>\n\n\n\n<li>Comprovante de escolaridade e da forma\u00e7\u00e3o exigida para o cargo<\/li>\n\n\n\n<li>Possuir, at\u00e9 a data da posse, todos os requisitos de habilita\u00e7\u00e3o exigidos para o cargo pretendido, conforme Anexo I<\/li>\n\n\n\n<li>Declara\u00e7\u00e3o de n\u00e3o possuir ac\u00famulo de cargo ou cargo p\u00fablico, exceto os previstos em Lei<\/li>\n\n\n\n<li>Conhecer, atender e aceitar as condi\u00e7\u00f5es estabelecidas neste edital<\/li>\n\n\n\n<li>Estar em pleno gozo dos seus direitos pol\u00edticos e civis<\/li>\n\n\n\n<li>C\u00f3pia autenticada do Registro no Conselho de Classe, quando for o caso<\/li>\n\n\n\n<li>Ter aptid\u00e3o f\u00edsica e mental e n\u00e3o ser pessoa com defici\u00eancia incompat\u00edvel com o exerc\u00edcio do cargo, mediante confirma\u00e7\u00e3o de exame m\u00e9dico admissional<\/li>\n\n\n\n<li>N\u00e3o ter sofrido, no exerc\u00edcio do cargo p\u00fablico, penalidade incompat\u00edvel com a investidura em cargo p\u00fablico, prevista na Lei Federal n.\u00ba 8.429, de 02 de junho de 1992<\/li>\n\n\n\n<li>N\u00e3o possuir v\u00ednculo com qualquer \u00f3rg\u00e3o ou entidade da Administra\u00e7\u00e3o P\u00fablica que impossibilite acumula\u00e7\u00e3o de cargos, empregos e fun\u00e7\u00f5es, ressalvados os casos contidos nas al\u00edneas \u201ca\u201d, \u201cb\u201d e \u201cc\u201d, inc. XVI, do art. 37, da Constitui\u00e7\u00e3o Federal, inclusive no que concerne \u00e0 compatibilidade de hor\u00e1rios<\/li>\n\n\n\n<li>N\u00e3o ser aposentado por invalidez ou ter aposentadoria especial para o mesmo cargo, e nem estar em idade de aposentadoria compuls\u00f3ria<\/li>\n\n\n\n<li>Possuir idoneidade moral comprovada por investiga\u00e7\u00e3o social e certid\u00f5es expedidas perante o Poder Judici\u00e1rio estadual, federal e distrital<\/li>\n\n\n\n<li>Apresentar boa sa\u00fade f\u00edsica e mental, e n\u00e3o ter defici\u00eancia f\u00edsica incompat\u00edvel com o exerc\u00edcio do cargo<\/li>\n<\/ul>\n\n\n\n<h2 class=\"wp-block-heading\">Etapas de sele\u00e7\u00e3o do concurso Prefeitura de Am\u00e9rico Brasiliense<\/h2>\n\n\n\n<p>Os candidatos do concurso Prefeitura de Am\u00e9rico Brasiliense ser\u00e3o avaliados por meio das seguintes etapas de sele\u00e7\u00e3o:<\/p>\n\n\n\n<ul class=\"wp-block-list\">\n<li><strong>Prova objetiva<\/strong>&nbsp;para todos os cargos (eliminat\u00f3rio e classificat\u00f3rio);<\/li>\n\n\n\n<li><strong>Prova de t\u00edtulos<\/strong>&nbsp;somente para os cargos de n\u00edvel superior (classificat\u00f3rio);<\/li>\n\n\n\n<li><strong>Prova pr\u00e1tica&nbsp;<\/strong>somente para Operador de M\u00e1quina (eliminat\u00f3rio).<\/li>\n<\/ul>\n\n\n\n<p><\/p>\n\n\n\n<p>As provas do concurso Prefeitura de Am\u00e9rico Brasiliense ser\u00e3o aplicadas nas seguintes datas:<\/p>\n\n\n\n<ul class=\"wp-block-list\">\n<li>Edital 1 \u2013 <strong>30 de novembro de 2025<\/strong><\/li>\n\n\n\n<li>Edital 2 \u2013 <strong>7 de dezembro de 2025<\/strong><\/li>\n<\/ul>\n\n\n\n<h3 class=\"wp-block-heading\">Prova Objetiva<\/h3>\n\n\n\n<p>A prova objetiva do concurso Prefeitura de Am\u00e9rico Brasiliense ser\u00e1 composta de 40 quest\u00f5es de m\u00faltipla escolha. As quest\u00f5es ser\u00e3o versadas sobre as seguintes disciplinas:<\/p>\n\n\n\n<p><strong>Fundamental<\/strong><\/p>\n\n\n\n<ul class=\"wp-block-list\">\n<li>L\u00edngua Portuguesa: 10 quest\u00f5es<\/li>\n\n\n\n<li>Conhecimentos sobre o Munic\u00edpio: 10 quest\u00f5es<\/li>\n\n\n\n<li>Conhecimentos Espec\u00edficos: 20 quest\u00f5es<\/li>\n<\/ul>\n\n\n\n<p><strong>M\u00e9dio\/T\u00e9cnico<\/strong><\/p>\n\n\n\n<ul class=\"wp-block-list\">\n<li>L\u00edngua Portuguesa: 10 quest\u00f5es<\/li>\n\n\n\n<li>No\u00e7\u00f5es de Inform\u00e1tica e Racioc\u00ednio L\u00f3gico-Matem\u00e1tico: 10 quest\u00f5es<\/li>\n\n\n\n<li>Conhecimentos Espec\u00edficos: 20 quest\u00f5es<\/li>\n<\/ul>\n\n\n\n<p><strong>Superior<\/strong><\/p>\n\n\n\n<ul class=\"wp-block-list\">\n<li>L\u00edngua Portuguesa: 10 quest\u00f5es<\/li>\n\n\n\n<li>No\u00e7\u00f5es de inform\u00e1tica, No\u00e7\u00f5es de Direito Administrativo e Constitucional, Matem\u00e1tica e Conhecimentos sobre o Munic\u00edpio: 10 quest\u00f5es<\/li>\n\n\n\n<li>Conhecimentos Espec\u00edficos: 20 quest\u00f5es<\/li>\n<\/ul>\n\n\n\n<p><\/p>\n\n\n\n<p>Na prova objetiva, considerar-se-\u00e1 <strong>aprovado<\/strong> o candidato que obtiver, no m\u00ednimo, 50% do total de pontos poss\u00edveis na prova objetiva.<\/p>\n\n\n\n<h3 class=\"wp-block-heading\">Somos a melhor Op\u00e7\u00e3o<\/h3>\n\n\n\n<p>Vai prestar o concurso Prefeitura de Am\u00e9rico Brasiliense? Conte com a nossa ajuda para conquistar sua aprova\u00e7\u00e3o! Disponibilizamos materiais completos e atualizados de acordo com o edital, elaborados especialmente para potencializar seus estudos. Com mais de 30 anos de experi\u00eancia e milhares de candidatos aprovados, temos a expertise necess\u00e1ria para orientar sua prepara\u00e7\u00e3o. D\u00ea o primeiro passo agora mesmo e comece a estudar para alcan\u00e7ar o cargo que transformar\u00e1 a sua vida.<\/p>\n\n\n\n<ul class=\"wp-block-list\">\n<li><strong>Confira: <a href=\"https:\/\/www.apostilasopcao.com.br\/concurso\/prefeitura-de-americo-brasiliense-sp\">Materiais preparat\u00f3rios para o concurso Prefeitura de Am\u00e9rico Brasiliense!<\/a><\/strong><\/li>\n<\/ul>\n\n\n\n<h3 class=\"wp-block-heading\">Prova de T\u00edtulos<\/h3>\n\n\n\n<p>Confira quais t\u00edtulos ser\u00e3o avaliados no concurso Prefeitura de Am\u00e9rico Brasiliense:<\/p>\n\n\n\n<figure class=\"wp-block-image size-full\"><img loading=\"lazy\" decoding=\"async\" width=\"652\" height=\"456\" src=\"https:\/\/www.apostilasopcao.com.br\/blog\/wp-content\/uploads\/2025\/09\/titulos-prefeitura-de-americo-brasiliense.webp\" alt=\"Tabela de t\u00edtulos do concurso Prefeitura de Am\u00e9rico Brasiliense!\" class=\"wp-image-4549\" srcset=\"https:\/\/www.apostilasopcao.com.br\/blog\/wp-content\/uploads\/2025\/09\/titulos-prefeitura-de-americo-brasiliense.webp 652w, https:\/\/www.apostilasopcao.com.br\/blog\/wp-content\/uploads\/2025\/09\/titulos-prefeitura-de-americo-brasiliense-300x210.webp 300w\" sizes=\"auto, (max-width: 652px) 100vw, 652px\" \/><figcaption class=\"wp-element-caption\">Tabela de t\u00edtulos do concurso Prefeitura de Am\u00e9rico Brasiliense!<\/figcaption><\/figure>\n\n\n\n<h3 class=\"wp-block-heading\">Prova Pr\u00e1tica<\/h3>\n\n\n\n<p>A prova pr\u00e1tica para o cargo de Operador de M\u00e1quinas ser\u00e1 realizada em ve\u00edculo motorizado e ser\u00e1 dividida em duas etapas. Na primeira, o candidato dever\u00e1 demonstrar conhecimentos sobre o maquin\u00e1rio que ser\u00e1 utilizado. J\u00e1 na segunda, ser\u00e1 necess\u00e1rio executar uma atividade determinada pela comiss\u00e3o respons\u00e1vel pela avalia\u00e7\u00e3o.<\/p>\n\n\n\n<p>A pontua\u00e7\u00e3o m\u00e1xima da prova pr\u00e1tica ser\u00e1 de 20 pontos, sendo considerado classificado o candidato que alcan\u00e7ar, no m\u00ednimo, 50% desse total.<\/p>\n\n\n\n<p><\/p>\n\n\n\n<p><strong>Boa prova e bons estudos!<\/strong><\/p>\n","protected":false},"excerpt":{"rendered":"<p>O concurso Prefeitura de Am\u00e9rico Brasiliense est\u00e1 ofertando 12 vagas imediatas, al\u00e9m da forma\u00e7\u00e3o de cadastro reserva, para cargos de todos os n\u00edveis de escolaridade. Confira todos os detalhes!<\/p>\n","protected":false},"author":8,"featured_media":4540,"comment_status":"closed","ping_status":"closed","sticky":false,"template":"","format":"standard","meta":{"_acf_changed":false,"breadcrumbs_single_post":"","page_title_panel":"","breadcrumbs_single_page":"","single_page_alignment":"","single_page_margin":"","page_structure_type":"","content_style_source":"","content_style":"","blog_post_streched_ed":"","blog_page_streched_ed":"","has_transparent_header":"","disable_transparent_header":"","vertical_spacing_source":"","content_area_spacing":"","single_post_content_background":"","single_page_content_background":"","single_post_boxed_content_spacing":"","single_page_boxed_content_spacing":"","single_post_content_boxed_radius":"","single_page_content_boxed_radius":"","disable_featured_image":"","disable_post_tags":"","disable_author_box":"","disable_posts_navigation":"","disable_comments":"","disable_related_posts":"","disable_header":"","disable_footer":"","footnotes":""},"categories":[4,6],"tags":[425],"class_list":["post-4539","post","type-post","status-publish","format-standard","has-post-thumbnail","hentry","category-noticias","category-sp","tag-concurso-prefeitura-de-americo-brasiliense","rishi-post"],"acf":{"data_prova":null,"status":"aberto"},"_links":{"self":[{"href":"https:\/\/www.apostilasopcao.com.br\/blog\/wp-json\/wp\/v2\/posts\/4539","targetHints":{"allow":["GET"]}}],"collection":[{"href":"https:\/\/www.apostilasopcao.com.br\/blog\/wp-json\/wp\/v2\/posts"}],"about":[{"href":"https:\/\/www.apostilasopcao.com.br\/blog\/wp-json\/wp\/v2\/types\/post"}],"author":[{"embeddable":true,"href":"https:\/\/www.apostilasopcao.com.br\/blog\/wp-json\/wp\/v2\/users\/8"}],"replies":[{"embeddable":true,"href":"https:\/\/www.apostilasopcao.com.br\/blog\/wp-json\/wp\/v2\/comments?post=4539"}],"version-history":[{"count":4,"href":"https:\/\/www.apostilasopcao.com.br\/blog\/wp-json\/wp\/v2\/posts\/4539\/revisions"}],"predecessor-version":[{"id":4787,"href":"https:\/\/www.apostilasopcao.com.br\/blog\/wp-json\/wp\/v2\/posts\/4539\/revisions\/4787"}],"wp:featuredmedia":[{"embeddable":true,"href":"https:\/\/www.apostilasopcao.com.br\/blog\/wp-json\/wp\/v2\/media\/4540"}],"wp:attachment":[{"href":"https:\/\/www.apostilasopcao.com.br\/blog\/wp-json\/wp\/v2\/media?parent=4539"}],"wp:term":[{"taxonomy":"category","embeddable":true,"href":"https:\/\/www.apostilasopcao.com.br\/blog\/wp-json\/wp\/v2\/categories?post=4539"},{"taxonomy":"post_tag","embeddable":true,"href":"https:\/\/www.apostilasopcao.com.br\/blog\/wp-json\/wp\/v2\/tags?post=4539"}],"curies":[{"name":"wp","href":"https:\/\/api.w.org\/{rel}","templated":true}]}}