{"id":524,"date":"2025-04-15T09:33:41","date_gmt":"2025-04-15T12:33:41","guid":{"rendered":"https:\/\/www.apostilasopcao.com.br\/blog\/?p=524"},"modified":"2025-04-15T12:19:47","modified_gmt":"2025-04-15T15:19:47","slug":"prefeitura-de-joao-pessoa-pb","status":"publish","type":"post","link":"https:\/\/www.apostilasopcao.com.br\/blog\/prefeitura-de-joao-pessoa-pb\/","title":{"rendered":"Concurso Prefeitura de Jo\u00e3o Pessoa: Edital publicado! 403 vagas na Educa\u00e7\u00e3o!"},"content":{"rendered":"<p>Foi publicado o edital do concurso <a href=\"https:\/\/www.apostilasopcao.com.br\/concurso\/prefeitura-de-joao-pessoa-pb\">Prefeitura de Jo\u00e3o Pessoa<\/a> para a \u00e1rea da Educa\u00e7\u00e3o! A sele\u00e7\u00e3o conta com <strong>403 vagas imediatas<\/strong>, al\u00e9m de cadastro de reserva, para cargos de n\u00edvel superior. Os sal\u00e1rios podem chegar at\u00e9 <strong>R$5,9 mil<\/strong>, com jornadas de trabalho de 30 ou 40 horas semanais, conforme o cargo. Ficou interessado? Continue comigo e confira todos os detalhes do certame!<\/p>\n<h2 class=\"\" data-start=\"895\" data-end=\"950\">Inscri\u00e7\u00f5es para o concurso Prefeitura de Jo\u00e3o Pessoa<\/h2>\n<p class=\"\" data-start=\"952\" data-end=\"1167\">As inscri\u00e7\u00f5es para o concurso Prefeitura de Jo\u00e3o Pessoa j\u00e1 est\u00e3o abertas e podem ser feitas at\u00e9 o dia <strong data-start=\"1054\" data-end=\"1076\">14 de maio de 2025<\/strong>, exclusivamente pelo site da banca <a href=\"https:\/\/concurso.idecan.org.br\/Concurso.aspx?ID=174&amp;fbclid=PAZXh0bgNhZW0CMTEAAaftgXrXuO8-6kJJabFwEQmtsMOULA3Mqk_l2oZODcg9KvOLyIe9U5eZHpTAEw_aem_qboNzWU_ail1_yif75mJuA\" target=\"_blank\" rel=\"noopener\">IDECAN.<\/a><\/p>\n<p class=\"\" data-start=\"1169\" data-end=\"1305\">O valor da taxa de inscri\u00e7\u00e3o \u00e9 de <strong data-start=\"1203\" data-end=\"1216\">R$120,00<\/strong> para todos os cargos. Poder\u00e3o solicitar isen\u00e7\u00e3o da taxa os candidatos que atendam a um dos seguintes crit\u00e9rios:<\/p>\n<ul data-start=\"1307\" data-end=\"1405\">\n<li class=\"\" data-start=\"1307\" data-end=\"1328\">\n<p class=\"\" data-start=\"1309\" data-end=\"1328\">Doadores de sangue;<\/p>\n<\/li>\n<li class=\"\" data-start=\"1329\" data-end=\"1370\">\n<p class=\"\" data-start=\"1331\" data-end=\"1370\">Inscritos no Cadastro \u00danico (Cad\u00danico);<\/p>\n<\/li>\n<li class=\"\" data-start=\"1371\" data-end=\"1405\">\n<p class=\"\" data-start=\"1373\" data-end=\"1405\">M\u00e3es de filhos com microcefalia.<\/p>\n<\/li>\n<\/ul>\n<p class=\"\" data-start=\"1407\" data-end=\"1464\">O pedido de isen\u00e7\u00e3o p\u00f4de ser feito at\u00e9 o dia 15 de abril, tamb\u00e9m no portal da banca.<\/p>\n<h2 class=\"\" data-start=\"1466\" data-end=\"1535\">Vagas e sal\u00e1rios do concurso Prefeitura de Jo\u00e3o Pessoa<\/h2>\n<p class=\"\" data-start=\"1537\" data-end=\"1789\">O concurso Prefeitura de Jo\u00e3o Pessoa est\u00e1 oferecendo <strong data-start=\"1590\" data-end=\"1613\">403 vagas imediatas<\/strong>, distribu\u00eddas entre ampla concorr\u00eancia e pessoas com defici\u00eancia. Todas as oportunidades s\u00e3o para n\u00edvel superior e destinadas \u00e0 Secretaria Municipal de Educa\u00e7\u00e3o e Cultura. Confira a distribui\u00e7\u00e3o de cargos, vagas e sal\u00e1rios:<\/p>\n<p data-start=\"1815\" data-end=\"1864\"><strong>Professor da Educa\u00e7\u00e3o B\u00e1sica I (30 horas)\u00a0 \u2013 155 vagas<\/strong><\/p>\n<ul data-start=\"1865\" data-end=\"1960\">\n<li class=\"\" data-start=\"1865\" data-end=\"1906\">\n<p class=\"\" data-start=\"1867\" data-end=\"1906\">Requisito: Licenciatura em Pedagogia.<\/p>\n<\/li>\n<li class=\"\" data-start=\"1907\" data-end=\"1960\">\n<p class=\"\" data-start=\"1909\" data-end=\"1960\">Sal\u00e1rio: <strong>R$4.567,31<\/strong> + gratifica\u00e7\u00e3o de R$ 1.370,19.<\/p>\n<\/li>\n<\/ul>\n<p data-start=\"1962\" data-end=\"2012\"><strong>Professor da Educa\u00e7\u00e3o B\u00e1sica II (30 horas)\u2013 173 vagas<\/strong><\/p>\n<p class=\"\" data-start=\"2013\" data-end=\"2039\">Para as seguintes \u00e1reas:<\/p>\n<ul data-start=\"2040\" data-end=\"2403\">\n<li class=\"\" data-start=\"2040\" data-end=\"2095\">\n<p class=\"\" data-start=\"2042\" data-end=\"2095\">Dan\u00e7a \u2013 5 vagas<\/p>\n<\/li>\n<li class=\"\" data-start=\"2040\" data-end=\"2095\">\n<p class=\"\" data-start=\"2042\" data-end=\"2095\">M\u00fasica \u2013 5 vagas<\/p>\n<\/li>\n<li class=\"\" data-start=\"2040\" data-end=\"2095\">\n<p class=\"\" data-start=\"2042\" data-end=\"2095\">Artes Visuais \u2013 5 vagas<\/p>\n<\/li>\n<li class=\"\" data-start=\"2040\" data-end=\"2095\">\n<p class=\"\" data-start=\"2042\" data-end=\"2095\">Teatro \u2013 5 vagas<\/p>\n<\/li>\n<li class=\"\" data-start=\"2096\" data-end=\"2142\">\n<p class=\"\" data-start=\"2098\" data-end=\"2142\">Ci\u00eancias \u2013 18 vagas<\/p>\n<\/li>\n<li class=\"\" data-start=\"2096\" data-end=\"2142\">\n<p class=\"\" data-start=\"2098\" data-end=\"2142\">Educa\u00e7\u00e3o F\u00edsica \u2013 18 vagas<\/p>\n<\/li>\n<li class=\"\" data-start=\"2143\" data-end=\"2174\">\n<p class=\"\" data-start=\"2145\" data-end=\"2174\">Ensino Religioso \u2013 20 vagas<\/p>\n<\/li>\n<li class=\"\" data-start=\"2175\" data-end=\"2199\">\n<p class=\"\" data-start=\"2177\" data-end=\"2199\">Geografia \u2013 14 vagas<\/p>\n<\/li>\n<li class=\"\" data-start=\"2200\" data-end=\"2223\">\n<p class=\"\" data-start=\"2202\" data-end=\"2223\">Hist\u00f3ria \u2013 12 vagas<\/p>\n<\/li>\n<li class=\"\" data-start=\"2224\" data-end=\"2245\">\n<p class=\"\" data-start=\"2226\" data-end=\"2245\">Ingl\u00eas \u2013 30 vagas<\/p>\n<\/li>\n<li class=\"\" data-start=\"2246\" data-end=\"2271\">\n<p class=\"\" data-start=\"2248\" data-end=\"2271\">Matem\u00e1tica \u2013 21 vagas<\/p>\n<\/li>\n<li class=\"\" data-start=\"2272\" data-end=\"2296\">\n<p class=\"\" data-start=\"2274\" data-end=\"2296\">Portugu\u00eas \u2013 20 vagas<\/p>\n<\/li>\n<li class=\"\" data-start=\"2298\" data-end=\"2350\">\n<p class=\"\" data-start=\"2300\" data-end=\"2350\">Requisito: Licenciatura plena na \u00e1rea espec\u00edfica<\/p>\n<\/li>\n<li class=\"\" data-start=\"2351\" data-end=\"2403\">\n<p class=\"\" data-start=\"2353\" data-end=\"2403\">Sal\u00e1rio: <strong>R$4.567,31<\/strong> + gratifica\u00e7\u00e3o de R$ 1.370,19<\/p>\n<\/li>\n<\/ul>\n<p data-start=\"2405\" data-end=\"2458\"><strong>Cargos da \u00e1rea de apoio educacional \u2013 75 vagas<\/strong><\/p>\n<ul data-start=\"2459\" data-end=\"2787\">\n<li class=\"\" data-start=\"2459\" data-end=\"2498\">\n<p class=\"\" data-start=\"2461\" data-end=\"2498\">Assistente Social Escolar \u2013 9 vagas<\/p>\n<\/li>\n<li class=\"\" data-start=\"2499\" data-end=\"2530\">\n<p class=\"\" data-start=\"2501\" data-end=\"2530\">Psic\u00f3logo Escolar \u2013 9 vagas<\/p>\n<\/li>\n<li class=\"\" data-start=\"2531\" data-end=\"2554\">\n<p class=\"\" data-start=\"2533\" data-end=\"2554\">Pedagogo \u2013 55 vagas<\/p>\n<\/li>\n<li class=\"\" data-start=\"2555\" data-end=\"2582\">\n<p class=\"\" data-start=\"2557\" data-end=\"2582\">Bibliotec\u00e1rio \u2013 2 vagas<\/p>\n<\/li>\n<li class=\"\" data-start=\"2584\" data-end=\"2670\">\n<p class=\"\" data-start=\"2586\" data-end=\"2670\">Requisitos: Gradua\u00e7\u00e3o na \u00e1rea espec\u00edfica + registro no conselho (quando aplic\u00e1vel)<\/p>\n<\/li>\n<li class=\"\" data-start=\"2671\" data-end=\"2787\">\n<p class=\"\" data-start=\"2673\" data-end=\"2787\">Sal\u00e1rio: <strong>R$4.567,31<\/strong> + gratifica\u00e7\u00e3o de R$ 1.370,19 (exceto bibliotec\u00e1rio, que recebe <strong>R$1.946,79<\/strong> sem gratifica\u00e7\u00e3o)<\/p>\n<\/li>\n<\/ul>\n<h2>Requisitos gerais<\/h2>\n<p class=\"\" data-start=\"71\" data-end=\"394\">Para tomar posse do cargo no concurso Prefeitura de Jo\u00e3o Pessoa, \u00e9 necess\u00e1rio que os candidatos cumpram requisitos b\u00e1sicos. Confira os principais crit\u00e9rios:<\/p>\n<ul data-start=\"396\" data-end=\"1470\">\n<li class=\"\" data-start=\"396\" data-end=\"506\">\n<p class=\"\" data-start=\"398\" data-end=\"506\">Ser aprovado e considerado apto em todas as etapas do concurso, conforme os crit\u00e9rios definidos no edital.<\/p>\n<\/li>\n<li class=\"\" data-start=\"507\" data-end=\"555\">\n<p class=\"\" data-start=\"509\" data-end=\"555\">Ter nacionalidade brasileira ou equivalente.<\/p>\n<\/li>\n<li class=\"\" data-start=\"556\" data-end=\"611\">\n<p class=\"\" data-start=\"558\" data-end=\"611\">Estar em pleno gozo dos direitos civis e pol\u00edticos.<\/p>\n<\/li>\n<li class=\"\" data-start=\"612\" data-end=\"736\">\n<p class=\"\" data-start=\"614\" data-end=\"736\">Estar em dia com as obriga\u00e7\u00f5es militares (para homens) e eleitorais, mediante apresenta\u00e7\u00e3o de documentos comprobat\u00f3rios.<\/p>\n<\/li>\n<li class=\"\" data-start=\"737\" data-end=\"795\">\n<p class=\"\" data-start=\"739\" data-end=\"795\">Ter, no m\u00ednimo, 18 anos completos at\u00e9 a data da posse.<\/p>\n<\/li>\n<li class=\"\" data-start=\"796\" data-end=\"902\">\n<p class=\"\" data-start=\"798\" data-end=\"902\">Possuir a escolaridade e a capacita\u00e7\u00e3o t\u00e9cnica exigidas para o cargo, conforme especificado no edital.<\/p>\n<\/li>\n<li class=\"\" data-start=\"903\" data-end=\"1000\">\n<p class=\"\" data-start=\"905\" data-end=\"1000\">Apresentar aptid\u00e3o f\u00edsica e mental para o exerc\u00edcio das fun\u00e7\u00f5es, comprovada por laudo m\u00e9dico.<\/p>\n<\/li>\n<li class=\"\" data-start=\"1001\" data-end=\"1098\">\n<p class=\"\" data-start=\"1003\" data-end=\"1098\">Ter disponibilidade para atuar em tempo integral, respeitando a jornada de trabalho definida.<\/p>\n<\/li>\n<li class=\"\" data-start=\"1099\" data-end=\"1185\">\n<p class=\"\" data-start=\"1101\" data-end=\"1185\">Apresentar registro profissional no respectivo \u00f3rg\u00e3o de classe (quando aplic\u00e1vel).<\/p>\n<\/li>\n<li class=\"\" data-start=\"1282\" data-end=\"1362\">\n<p class=\"\" data-start=\"1284\" data-end=\"1362\">Apresentar declara\u00e7\u00e3o de que n\u00e3o possui ac\u00famulo de cargo ou emprego p\u00fablico.<\/p>\n<\/li>\n<\/ul>\n<h2 class=\"\" data-start=\"2789\" data-end=\"2847\">Etapas de sele\u00e7\u00e3o do concurso Prefeitura de Jo\u00e3o Pessoa<\/h2>\n<p class=\"\" data-start=\"2849\" data-end=\"2989\">Os candidatos inscritos no concurso <a href=\"https:\/\/www.joaopessoa.pb.gov.br\/\" target=\"_blank\" rel=\"noopener\">Prefeitura de Jo\u00e3o Pessoa<\/a> passar\u00e3o por duas fases: prova objetiva e prova de t\u00edtulos.<\/p>\n<h3 class=\"\" data-start=\"2991\" data-end=\"3009\"><strong>Prova objetiva<\/strong><\/h3>\n<p class=\"\" data-start=\"3011\" data-end=\"3084\">A prova objetiva ser\u00e1 aplicada em <strong data-start=\"3045\" data-end=\"3068\">29 de junho de 2025<\/strong> em dois turnos:<\/p>\n<ul data-start=\"3086\" data-end=\"3175\">\n<li class=\"\" data-start=\"3086\" data-end=\"3139\">\n<p class=\"\" data-start=\"3088\" data-end=\"3139\">Manh\u00e3 (9h \u00e0s 13h): Professor de Educa\u00e7\u00e3o B\u00e1sica I<\/p>\n<\/li>\n<li class=\"\" data-start=\"3140\" data-end=\"3175\">\n<p class=\"\" data-start=\"3142\" data-end=\"3175\">Tarde (15h \u00e0s 19h): demais cargos<\/p>\n<\/li>\n<\/ul>\n<p class=\"\" data-start=\"3177\" data-end=\"3250\">A avalia\u00e7\u00e3o ser\u00e1 composta por 46 quest\u00f5es de m\u00faltipla escolha, sendo:<\/p>\n<p data-start=\"3252\" data-end=\"3303\"><strong>Para todos os cargos (exceto bibliotec\u00e1rio):<\/strong><\/p>\n<ul data-start=\"3304\" data-end=\"3484\">\n<li class=\"\" data-start=\"3304\" data-end=\"3348\">\n<p class=\"\" data-start=\"3306\" data-end=\"3348\">L\u00edngua Portuguesa \u2013 10 quest\u00f5es (peso 2)<\/p>\n<\/li>\n<li class=\"\" data-start=\"3349\" data-end=\"3397\">\n<p class=\"\" data-start=\"3351\" data-end=\"3397\">Legisla\u00e7\u00e3o Educacional \u2013 4 quest\u00f5es (peso 1)<\/p>\n<\/li>\n<li class=\"\" data-start=\"3398\" data-end=\"3433\">\n<p class=\"\" data-start=\"3400\" data-end=\"3433\">Did\u00e1tica \u2013 10 quest\u00f5es (peso 1)<\/p>\n<\/li>\n<li class=\"\" data-start=\"3434\" data-end=\"3484\">\n<p class=\"\" data-start=\"3436\" data-end=\"3484\">Conhecimentos Espec\u00edficos \u2013 22 quest\u00f5es (peso 3)<\/p>\n<\/li>\n<\/ul>\n<p data-start=\"3486\" data-end=\"3523\"><strong>Para o cargo de bibliotec\u00e1rio:<\/strong><\/p>\n<ul data-start=\"3524\" data-end=\"3702\">\n<li class=\"\" data-start=\"3524\" data-end=\"3568\">\n<p class=\"\" data-start=\"3526\" data-end=\"3568\">L\u00edngua Portuguesa \u2013 10 quest\u00f5es (peso 2)<\/p>\n<\/li>\n<li class=\"\" data-start=\"3569\" data-end=\"3612\">\n<p class=\"\" data-start=\"3571\" data-end=\"3612\">Racioc\u00ednio L\u00f3gico \u2013 4 quest\u00f5es (peso 1)<\/p>\n<\/li>\n<li class=\"\" data-start=\"3613\" data-end=\"3651\">\n<p class=\"\" data-start=\"3615\" data-end=\"3651\">Inform\u00e1tica \u2013 10 quest\u00f5es (peso 1)<\/p>\n<\/li>\n<li class=\"\" data-start=\"3652\" data-end=\"3702\">\n<p class=\"\" data-start=\"3654\" data-end=\"3702\">Conhecimentos Espec\u00edficos \u2013 22 quest\u00f5es (peso 3)<\/p>\n<\/li>\n<\/ul>\n<p class=\"\" data-start=\"3704\" data-end=\"3817\">O candidato ser\u00e1 considerado aprovado se obtiver no m\u00ednimo 50 pontos no total e n\u00e3o zerar nenhuma disciplina.<\/p>\n<h3 class=\"\" data-start=\"3819\" data-end=\"3839\"><strong>Prova de T\u00edtulos<\/strong><\/h3>\n<p class=\"\" data-start=\"3841\" data-end=\"4020\">A prova de t\u00edtulos ser\u00e1 aplicada apenas aos candidatos aprovados na prova objetiva, em at\u00e9 cinco vezes o n\u00famero de vagas por cargo. A pontua\u00e7\u00e3o ser\u00e1 distribu\u00edda da seguinte forma:<\/p>\n<figure id=\"attachment_530\" aria-describedby=\"caption-attachment-530\" style=\"width: 413px\" class=\"wp-caption aligncenter\"><img loading=\"lazy\" decoding=\"async\" class=\"wp-image-530 size-full\" src=\"https:\/\/www.apostilasopcao.com.br\/blog\/wp-content\/uploads\/2025\/04\/titulos-joao-pessoa.webp\" alt=\"Tabela de t\u00edtulos do concurso Prefeitura de Jo\u00e3o Pessoa.\" width=\"413\" height=\"373\" srcset=\"https:\/\/www.apostilasopcao.com.br\/blog\/wp-content\/uploads\/2025\/04\/titulos-joao-pessoa.webp 413w, https:\/\/www.apostilasopcao.com.br\/blog\/wp-content\/uploads\/2025\/04\/titulos-joao-pessoa-300x271.webp 300w\" sizes=\"auto, (max-width: 413px) 100vw, 413px\" \/><figcaption id=\"caption-attachment-530\" class=\"wp-caption-text\"><em>Tabela de t\u00edtulos do concurso Prefeitura de Jo\u00e3o Pessoa!<\/em><\/figcaption><\/figure>\n<p class=\"\" data-start=\"4183\" data-end=\"4242\">A pontua\u00e7\u00e3o m\u00e1xima na prova de t\u00edtulos \u00e9 de 7,5 pontos.<\/p>\n","protected":false},"excerpt":{"rendered":"<p>Foi publicado o edital do concurso Prefeitura de Jo\u00e3o Pessoa para a \u00e1rea da Educa\u00e7\u00e3o! A sele\u00e7\u00e3o conta com 403 vagas imediatas, al\u00e9m de cadastro de reserva, para cargos de [&hellip;]<\/p>\n","protected":false},"author":5,"featured_media":532,"comment_status":"closed","ping_status":"closed","sticky":false,"template":"","format":"standard","meta":{"_acf_changed":false,"breadcrumbs_single_post":"","page_title_panel":"","breadcrumbs_single_page":"","single_page_alignment":"","single_page_margin":"","page_structure_type":"","content_style_source":"","content_style":"","blog_post_streched_ed":"","blog_page_streched_ed":"","has_transparent_header":"","disable_transparent_header":"","vertical_spacing_source":"","content_area_spacing":"","single_post_content_background":"","single_page_content_background":"","single_post_boxed_content_spacing":"","single_page_boxed_content_spacing":"","single_post_content_boxed_radius":"","single_page_content_boxed_radius":"","disable_featured_image":"","disable_post_tags":"","disable_author_box":"","disable_posts_navigation":"","disable_comments":"","disable_related_posts":"","disable_header":"","disable_footer":"","footnotes":""},"categories":[4,20],"tags":[112],"class_list":["post-524","post","type-post","status-publish","format-standard","has-post-thumbnail","hentry","category-noticias","category-pb","tag-concurso-prefeitura-de-joao-pessoa","rishi-post"],"acf":{"data_prova":"20250629","status":false},"_links":{"self":[{"href":"https:\/\/www.apostilasopcao.com.br\/blog\/wp-json\/wp\/v2\/posts\/524","targetHints":{"allow":["GET"]}}],"collection":[{"href":"https:\/\/www.apostilasopcao.com.br\/blog\/wp-json\/wp\/v2\/posts"}],"about":[{"href":"https:\/\/www.apostilasopcao.com.br\/blog\/wp-json\/wp\/v2\/types\/post"}],"author":[{"embeddable":true,"href":"https:\/\/www.apostilasopcao.com.br\/blog\/wp-json\/wp\/v2\/users\/5"}],"replies":[{"embeddable":true,"href":"https:\/\/www.apostilasopcao.com.br\/blog\/wp-json\/wp\/v2\/comments?post=524"}],"version-history":[{"count":6,"href":"https:\/\/www.apostilasopcao.com.br\/blog\/wp-json\/wp\/v2\/posts\/524\/revisions"}],"predecessor-version":[{"id":543,"href":"https:\/\/www.apostilasopcao.com.br\/blog\/wp-json\/wp\/v2\/posts\/524\/revisions\/543"}],"wp:featuredmedia":[{"embeddable":true,"href":"https:\/\/www.apostilasopcao.com.br\/blog\/wp-json\/wp\/v2\/media\/532"}],"wp:attachment":[{"href":"https:\/\/www.apostilasopcao.com.br\/blog\/wp-json\/wp\/v2\/media?parent=524"}],"wp:term":[{"taxonomy":"category","embeddable":true,"href":"https:\/\/www.apostilasopcao.com.br\/blog\/wp-json\/wp\/v2\/categories?post=524"},{"taxonomy":"post_tag","embeddable":true,"href":"https:\/\/www.apostilasopcao.com.br\/blog\/wp-json\/wp\/v2\/tags?post=524"}],"curies":[{"name":"wp","href":"https:\/\/api.w.org\/{rel}","templated":true}]}}