{"id":5321,"date":"2025-10-16T08:40:10","date_gmt":"2025-10-16T11:40:10","guid":{"rendered":"https:\/\/www.apostilasopcao.com.br\/blog\/?p=5321"},"modified":"2025-10-16T08:40:13","modified_gmt":"2025-10-16T11:40:13","slug":"sefaz-pr","status":"publish","type":"post","link":"https:\/\/www.apostilasopcao.com.br\/blog\/sefaz-pr\/","title":{"rendered":"Concurso Sefaz PR: Edital publicado com 60 vagas! Sal\u00e1rio de R$12 mil!"},"content":{"rendered":"\n<p>O edital do concurso Sefaz PR (Secretaria da Fazenda do Estado do Paran\u00e1) foi publicado! S\u00e3o ofertadas <strong>60 vagas imediatas <\/strong>para o cargo de <strong>Agente Fazend\u00e1rio Estadual.<\/strong> A sele\u00e7\u00e3o exige forma\u00e7\u00e3o de<strong> n\u00edvel superior completo<\/strong> e oferece remunera\u00e7\u00e3o inicial de <strong>R$12,9 mil<\/strong>. Se interessou? Confira os detalhes!<\/p>\n\n\n\n<h2 class=\"wp-block-heading\">Resumo do edital<\/h2>\n\n\n\n<ul class=\"wp-block-list\">\n<li><strong>Vagas: <\/strong>60<\/li>\n\n\n\n<li><strong>Inscri\u00e7\u00f5es: <\/strong>03\/11\/2025 a 03\/12\/2025<\/li>\n\n\n\n<li><strong>Taxa de inscri\u00e7\u00e3o: <\/strong>R$130<\/li>\n\n\n\n<li><strong>Prova: <\/strong>25\/01\/2026<\/li>\n\n\n\n<li><strong>Banca:<\/strong> Cebraspe<\/li>\n\n\n\n<li><a href=\"https:\/\/www.apostilasopcao.com.br\/blog\/wp-content\/uploads\/2025\/10\/edital-sefaz-pr.pdf\" target=\"_blank\" rel=\"noreferrer noopener\">Baixe o edital<\/a><\/li>\n<\/ul>\n\n\n\n<h2 class=\"wp-block-heading\">Inscri\u00e7\u00f5es para o concurso Sefaz PR<\/h2>\n\n\n\n<p>As inscri\u00e7\u00f5es para o concurso Sefaz PR dever\u00e3o ser realizadas exclusivamente pelo site do <a href=\"https:\/\/www.cebraspe.org.br\/concursos\/SEFA_PR_25\" target=\"_blank\" rel=\"noreferrer noopener\">Cebraspe,<\/a> organizador do certame, entre os dias <strong>3 de novembro <\/strong>e<strong> 3 de dezembro de 2025<\/strong>.<\/p>\n\n\n\n<p>Para homologar a inscri\u00e7\u00e3o, \u00e9 necess\u00e1rio que o candidato pague a taxa no valor de <strong>R$130,00<\/strong> at\u00e9 o dia <strong>5 de dezembro de 2025<\/strong>.<\/p>\n\n\n\n<h3 class=\"wp-block-heading\">Isen\u00e7\u00e3o da taxa<\/h3>\n\n\n\n<p>Entre os dias <strong>3 e 11 de novembro de 2025<\/strong>, ser\u00e1 poss\u00edvel solicitar isen\u00e7\u00e3o total da taxa de inscri\u00e7\u00e3o, conforme as condi\u00e7\u00f5es estabelecidas nas Leis Estaduais do Paran\u00e1. O benef\u00edcio pode ser solicitado por:<\/p>\n\n\n\n<ul class=\"wp-block-list\">\n<li>Inscritos no Cad\u00danico pertencentes a fam\u00edlias de baixa renda;<\/li>\n\n\n\n<li>Pessoas com defici\u00eancia inscritas no Cad\u00danico;<\/li>\n\n\n\n<li>Eleitores convocados e nomeados pela Justi\u00e7a Eleitoral do Paran\u00e1 que atuaram em pelo menos dois eventos eleitorais;<\/li>\n\n\n\n<li>Doadores de sangue com, no m\u00ednimo, duas doa\u00e7\u00f5es nos 12 meses anteriores \u00e0 publica\u00e7\u00e3o do edital;<\/li>\n\n\n\n<li>Doadores de medula \u00f3ssea cadastrados no REDOME, com comprova\u00e7\u00e3o de ao menos uma doa\u00e7\u00e3o efetiva;<\/li>\n\n\n\n<li>Doadores de leite humano com tr\u00eas doa\u00e7\u00f5es mensais nos seis meses anteriores \u00e0 publica\u00e7\u00e3o do edital.<\/li>\n<\/ul>\n\n\n\n<p>A an\u00e1lise dos pedidos ser\u00e1 realizada pelo Cebraspe, que divulgar\u00e1 o resultado preliminar e abrir\u00e1 prazo para recursos.<\/p>\n\n\n\n<h2 class=\"wp-block-heading\">Cargos, vagas e sal\u00e1rios <\/h2>\n\n\n\n<p>O concurso Sefaz PR oferece 60 vagas imediatas para o cargo de <strong>Agente Fazend\u00e1rio Estadual<\/strong>, distribu\u00eddas entre diferentes especialidades e com forma\u00e7\u00e3o de cadastro reserva. Confira a distribui\u00e7\u00e3o das oportunidades:<\/p>\n\n\n\n<ul class=\"wp-block-list\">\n<li>Administrado: 12 vagas + CR<\/li>\n\n\n\n<li>Analista Fazend\u00e1rio: 9 vagas + CR<\/li>\n\n\n\n<li>Contador: 25 vagas + CR<\/li>\n\n\n\n<li>Economista: 7 vagas + CR<\/li>\n\n\n\n<li>Estat\u00edstico: 1 vaga + CR<\/li>\n\n\n\n<li>Profissional de Tecnologia da Informa\u00e7\u00e3o: 6 vagas + CR<\/li>\n<\/ul>\n\n\n\n<p>O vencimento inicial \u00e9 de <strong>R$12.960,00<\/strong>, acrescido de aux\u00edlio-alimenta\u00e7\u00e3o e demais benef\u00edcios previstos em lei. A jornada semanal \u00e9 de 40 horas, com dedica\u00e7\u00e3o integral \u00e0s atividades da Secretaria da Fazenda do Paran\u00e1.<\/p>\n\n\n\n<p><strong>N\u00e3o perca mais tempo e comece a se preparar ainda hoje! <a href=\"https:\/\/www.apostilasopcao.com.br\/\">Materiais preparat\u00f3rios para o concurso Sefaz PR!<\/a>\u00a0<\/strong><\/p>\n\n\n\n<h2 class=\"wp-block-heading\" id=\"requisitos-bsicos\">Requisitos do concurso Sefaz PR<\/h2>\n\n\n\n<p>Para tomar posse dos cargos do concurso Sefaz PR, \u00e9 necess\u00e1rio que os candidatos atendam aos seguintes requisitos b\u00e1sicos:<\/p>\n\n\n\n<ul class=\"wp-block-list\">\n<li>Ser aprovado no concurso p\u00fablico<\/li>\n\n\n\n<li>Ter nacionalidade brasileira ou portuguesa e, no caso de nacionalidade portuguesa, estar amparado pelo Estatuto de Igualdade entre Brasileiros e Portugueses, com reconhecimento do gozo dos direitos pol\u00edticos, nos termos do \u00a7 1\u00ba do art. 12 da Constitui\u00e7\u00e3o Federal<\/li>\n\n\n\n<li>Estar em gozo dos direitos pol\u00edticos<\/li>\n\n\n\n<li>Estar quite com as obriga\u00e7\u00f5es militares, se do sexo masculino<\/li>\n\n\n\n<li>Estar quite com as obriga\u00e7\u00f5es eleitorais<\/li>\n\n\n\n<li>N\u00e3o possuir antecedentes criminais<\/li>\n\n\n\n<li>Possuir os requisitos exigidos para o exerc\u00edcio do cargo, conforme o item 2 do edital<\/li>\n\n\n\n<li>Gozar de boa sa\u00fade, comprovada em inspe\u00e7\u00e3o m\u00e9dica<\/li>\n\n\n\n<li>N\u00e3o ter sido demitido, nos \u00faltimos cinco anos, em decorr\u00eancia de aplica\u00e7\u00e3o de pena disciplinar no servi\u00e7o p\u00fablico federal, estadual, distrital ou municipal<\/li>\n<\/ul>\n\n\n\n<h3 class=\"wp-block-heading\">Escolaridade<\/h3>\n\n\n\n<p>Al\u00e9m dos requisitos b\u00e1sicos, os candidatos devem apresentar o certificado de conclus\u00e3o de n\u00edvel superior em uma das seguintes \u00e1reas, al\u00e9m de outros crit\u00e9rios:<\/p>\n\n\n\n<p><strong>Agente Fazend\u00e1rio Estadual \u2013 Administrador<\/strong><\/p>\n\n\n\n<ul class=\"wp-block-list\">\n<li>Gradua\u00e7\u00e3o completa em Administra\u00e7\u00e3o ou Administra\u00e7\u00e3o P\u00fablica;<\/li>\n\n\n\n<li>Diploma emitido por institui\u00e7\u00e3o de ensino superior reconhecida pelo MEC;<\/li>\n\n\n\n<li>Registro ativo no Conselho Regional de Administra\u00e7\u00e3o (CRA).<\/li>\n<\/ul>\n\n\n\n<p><strong>Agente Fazend\u00e1rio Estadual \u2013 Analista Fazend\u00e1rio<\/strong><\/p>\n\n\n\n<ul class=\"wp-block-list\">\n<li>Gradua\u00e7\u00e3o completa em qualquer \u00e1rea de forma\u00e7\u00e3o;<\/li>\n\n\n\n<li>Diploma devidamente registrado e expedido por institui\u00e7\u00e3o reconhecida pelo MEC.<\/li>\n<\/ul>\n\n\n\n<p><strong>Agente Fazend\u00e1rio Estadual \u2013 Contador<\/strong><\/p>\n\n\n\n<ul class=\"wp-block-list\">\n<li>Gradua\u00e7\u00e3o em Ci\u00eancias Cont\u00e1beis;<\/li>\n\n\n\n<li>Diploma emitido por institui\u00e7\u00e3o de ensino superior reconhecida pelo MEC;<\/li>\n\n\n\n<li>Registro profissional obrigat\u00f3rio no Conselho Regional de Contabilidade (CRC).<\/li>\n<\/ul>\n\n\n\n<p><strong>Agente Fazend\u00e1rio Estadual \u2013 Economista<\/strong><\/p>\n\n\n\n<ul class=\"wp-block-list\">\n<li>Gradua\u00e7\u00e3o em Ci\u00eancias Econ\u00f4micas;<\/li>\n\n\n\n<li>Diploma expedido por institui\u00e7\u00e3o reconhecida pelo MEC;<\/li>\n\n\n\n<li>Registro ativo no Conselho Regional de Economia (Corecon).<\/li>\n<\/ul>\n\n\n\n<p><strong>Agente Fazend\u00e1rio Estadual \u2013 Estat\u00edstico<\/strong><\/p>\n\n\n\n<ul class=\"wp-block-list\">\n<li>Gradua\u00e7\u00e3o em Estat\u00edstica;<\/li>\n\n\n\n<li>Diploma devidamente registrado e reconhecido pelo MEC;<\/li>\n\n\n\n<li>Inscri\u00e7\u00e3o obrigat\u00f3ria no Conselho Regional de Estat\u00edstica (Conre).<\/li>\n<\/ul>\n\n\n\n<p><strong>Agente Fazend\u00e1rio Estadual \u2013 Profissional de Tecnologia da Informa\u00e7\u00e3o (TI)<\/strong><\/p>\n\n\n\n<ul class=\"wp-block-list\">\n<li>Gradua\u00e7\u00e3o (bacharelado) em uma das seguintes \u00e1reas:<ul><li>Ci\u00eancia da Computa\u00e7\u00e3o<\/li><li>Tecnologia da Informa\u00e7\u00e3o<\/li><li>Engenharia da Computa\u00e7\u00e3o<\/li><li>Sistemas de Informa\u00e7\u00e3o<\/li><li>Processamento de Dados<\/li><\/ul>Ou diploma de curso superior em Tecnologia, nas seguintes forma\u00e7\u00f5es:\n<ul class=\"wp-block-list\">\n<li>Gest\u00e3o da Tecnologia da Informa\u00e7\u00e3o<\/li>\n\n\n\n<li>An\u00e1lise e Desenvolvimento de Sistemas<\/li>\n\n\n\n<li>Banco de Dados<\/li>\n\n\n\n<li>Redes de Computadores<\/li>\n\n\n\n<li>Seguran\u00e7a da Informa\u00e7\u00e3o<\/li>\n<\/ul>\n<\/li>\n<\/ul>\n\n\n\n<p>Em todos os casos, o diploma deve ser emitido por institui\u00e7\u00e3o de ensino superior reconhecida pelo MEC.<\/p>\n\n\n\n<h2 class=\"wp-block-heading\">Etapas de sele\u00e7\u00e3o <\/h2>\n\n\n\n<p>O concurso Sefaz PR ser\u00e1 composto por duas etapas de avalia\u00e7\u00e3o: <\/p>\n\n\n\n<ul class=\"wp-block-list\">\n<li>Prova objetiva, de car\u00e1ter eliminat\u00f3rio e classificat\u00f3rio.<\/li>\n\n\n\n<li>Prova discursiva, de car\u00e1ter eliminat\u00f3rio e classificat\u00f3rio.<\/li>\n<\/ul>\n\n\n\n<p>As provas ser\u00e3o aplicadas no dia <strong>25 de janeiro de 2026<\/strong>, nas cidades de Curitiba, Londrina, Maring\u00e1 e Cascavel, no Paran\u00e1. <\/p>\n\n\n\n<h3 class=\"wp-block-heading\">Prova objetiva<\/h3>\n\n\n\n<p>A prova objetiva ser\u00e1 formada por duas partes:<\/p>\n\n\n\n<ul class=\"wp-block-list\">\n<li>P1 \u2013 Conhecimentos Gerais<\/li>\n\n\n\n<li>P2 \u2013 Conhecimentos Espec\u00edficos<\/li>\n<\/ul>\n\n\n\n<p>No total, a avalia\u00e7\u00e3o valer\u00e1 155 pontos. Todas as quest\u00f5es ser\u00e3o de m\u00faltipla escolha, com cinco alternativas (A, B, C, D e E) e apenas uma resposta correta.<\/p>\n\n\n\n<p>A aplica\u00e7\u00e3o ocorrer\u00e1 em dois per\u00edodos no mesmo dia:<\/p>\n\n\n\n<ul class=\"wp-block-list\">\n<li><strong>P1 (manh\u00e3)<\/strong> \u2013 dura\u00e7\u00e3o de 4 horas e 30 minutos, valendo at\u00e9 85 pontos;<\/li>\n\n\n\n<li><strong>P2 (tarde)<\/strong> \u2013 dura\u00e7\u00e3o de 4 horas, valendo at\u00e9 75 pontos.<\/li>\n<\/ul>\n\n\n\n<p>Confira como ser\u00e3o distribu\u00eddas as quest\u00f5es:<\/p>\n\n\n\n<p><strong>Agente Fazend\u00e1rio Estadual \u2013 Administrador<\/strong><\/p>\n\n\n\n<p><em>Prova Objetiva (P1) \u2013 Conhecimentos Gerais<\/em><\/p>\n\n\n\n<ul class=\"wp-block-list\">\n<li>L\u00edngua Portuguesa \u2013 10 quest\u00f5es<\/li>\n\n\n\n<li>Direito Constitucional, Administrativo e ECA \u2013 10 quest\u00f5es<\/li>\n\n\n\n<li>Direito Tribut\u00e1rio \u2013 5 quest\u00f5es<\/li>\n\n\n\n<li>Racioc\u00ednio L\u00f3gico-Matem\u00e1tico \u2013 5 quest\u00f5es<\/li>\n\n\n\n<li>Matem\u00e1tica Financeira \u2013 5 quest\u00f5es<\/li>\n\n\n\n<li>Administra\u00e7\u00e3o P\u00fablica \u2013 5 quest\u00f5es<\/li>\n\n\n\n<li>Administra\u00e7\u00e3o Financeira e Or\u00e7ament\u00e1ria (AFO) \u2013 10 quest\u00f5es<\/li>\n\n\n\n<li>No\u00e7\u00f5es de Economia e Finan\u00e7as P\u00fablicas \u2013 15 quest\u00f5es<\/li>\n\n\n\n<li>No\u00e7\u00f5es de Tecnologia da Informa\u00e7\u00e3o \u2013 10 quest\u00f5es<\/li>\n\n\n\n<li>No\u00e7\u00f5es de Contabilidade Aplicada ao Setor P\u00fablico (CASP) \u2013 10 quest\u00f5es<\/li>\n<\/ul>\n\n\n\n<p><em>Prova Objetiva (P2) \u2013 Conhecimentos Espec\u00edficos<\/em><\/p>\n\n\n\n<ul class=\"wp-block-list\">\n<li>Administra\u00e7\u00e3o \u2013 50 quest\u00f5es<\/li>\n<\/ul>\n\n\n\n<p><strong>Agente Fazend\u00e1rio Estadual \u2013 Analista Fazend\u00e1rio<\/strong><\/p>\n\n\n\n<p><em>Prova Objetiva (P1) \u2013 Conhecimentos Gerais<\/em><\/p>\n\n\n\n<ul class=\"wp-block-list\">\n<li>L\u00edngua Portuguesa \u2013 10 quest\u00f5es<\/li>\n\n\n\n<li>Direito Constitucional, Administrativo e ECA \u2013 10 quest\u00f5es<\/li>\n\n\n\n<li>Direito Tribut\u00e1rio \u2013 5 quest\u00f5es<\/li>\n\n\n\n<li>Racioc\u00ednio L\u00f3gico-Matem\u00e1tico \u2013 5 quest\u00f5es<\/li>\n\n\n\n<li>Matem\u00e1tica Financeira \u2013 5 quest\u00f5es<\/li>\n\n\n\n<li>Administra\u00e7\u00e3o P\u00fablica \u2013 5 quest\u00f5es<\/li>\n\n\n\n<li>Administra\u00e7\u00e3o Financeira e Or\u00e7ament\u00e1ria (AFO) \u2013 10 quest\u00f5es<\/li>\n\n\n\n<li>No\u00e7\u00f5es de Economia e Finan\u00e7as P\u00fablicas \u2013 10 quest\u00f5es<\/li>\n\n\n\n<li>No\u00e7\u00f5es de Tecnologia da Informa\u00e7\u00e3o \u2013 10 quest\u00f5es<\/li>\n\n\n\n<li>No\u00e7\u00f5es de Contabilidade Aplicada ao Setor P\u00fablico (CASP) \u2013 10 quest\u00f5es<\/li>\n<\/ul>\n\n\n\n<p><em>Prova Objetiva (P2) \u2013 Conhecimentos Espec\u00edficos<\/em><\/p>\n\n\n\n<ul class=\"wp-block-list\">\n<li>Analista Fazend\u00e1rio \u2013 50 quest\u00f5es<\/li>\n<\/ul>\n\n\n\n<p><strong>Agente Fazend\u00e1rio Estadual \u2013 Contador<\/strong><\/p>\n\n\n\n<p><em>Prova Objetiva (P1) \u2013 Conhecimentos Gerais<\/em><\/p>\n\n\n\n<ul class=\"wp-block-list\">\n<li>L\u00edngua Portuguesa \u2013 10 quest\u00f5es<\/li>\n\n\n\n<li>Direito Constitucional, Administrativo e ECA \u2013 10 quest\u00f5es<\/li>\n\n\n\n<li>Direito Tribut\u00e1rio \u2013 5 quest\u00f5es<\/li>\n\n\n\n<li>Racioc\u00ednio L\u00f3gico-Matem\u00e1tico \u2013 5 quest\u00f5es<\/li>\n\n\n\n<li>Matem\u00e1tica Financeira \u2013 5 quest\u00f5es<\/li>\n\n\n\n<li>Administra\u00e7\u00e3o P\u00fablica \u2013 5 quest\u00f5es<\/li>\n\n\n\n<li>Administra\u00e7\u00e3o Financeira e Or\u00e7ament\u00e1ria (AFO) \u2013 10 quest\u00f5es<\/li>\n\n\n\n<li>No\u00e7\u00f5es de Economia e Finan\u00e7as P\u00fablicas \u2013 10 quest\u00f5es<\/li>\n\n\n\n<li>No\u00e7\u00f5es de Tecnologia da Informa\u00e7\u00e3o \u2013 10 quest\u00f5es<\/li>\n\n\n\n<li>No\u00e7\u00f5es de Contabilidade Aplicada ao Setor P\u00fablico (CASP) \u2013 10 quest\u00f5es<\/li>\n<\/ul>\n\n\n\n<p><em>Prova Objetiva (P2) \u2013 Conhecimentos Espec\u00edficos<\/em><\/p>\n\n\n\n<ul class=\"wp-block-list\">\n<li>Contabilidade \u2013 50 quest\u00f5es<\/li>\n<\/ul>\n\n\n\n<p><strong>Agente Fazend\u00e1rio Estadual \u2013 Economista<\/strong><\/p>\n\n\n\n<p><em>Prova Objetiva (P1) \u2013 Conhecimentos Gerais<\/em><\/p>\n\n\n\n<ul class=\"wp-block-list\">\n<li>L\u00edngua Portuguesa \u2013 10 quest\u00f5es<\/li>\n\n\n\n<li>Direito Constitucional, Administrativo e ECA \u2013 10 quest\u00f5es<\/li>\n\n\n\n<li>Direito Tribut\u00e1rio \u2013 5 quest\u00f5es<\/li>\n\n\n\n<li>Racioc\u00ednio L\u00f3gico-Matem\u00e1tico \u2013 5 quest\u00f5es<\/li>\n\n\n\n<li>Matem\u00e1tica Financeira \u2013 5 quest\u00f5es<\/li>\n\n\n\n<li>Administra\u00e7\u00e3o P\u00fablica \u2013 5 quest\u00f5es<\/li>\n\n\n\n<li>Administra\u00e7\u00e3o Financeira e Or\u00e7ament\u00e1ria (AFO) \u2013 10 quest\u00f5es<\/li>\n\n\n\n<li>No\u00e7\u00f5es de Economia e Finan\u00e7as P\u00fablicas \u2013 10 quest\u00f5es<\/li>\n\n\n\n<li>No\u00e7\u00f5es de Tecnologia da Informa\u00e7\u00e3o \u2013 10 quest\u00f5es<\/li>\n\n\n\n<li>No\u00e7\u00f5es de Contabilidade Aplicada ao Setor P\u00fablico (CASP) \u2013 10 quest\u00f5es<\/li>\n<\/ul>\n\n\n\n<p><em>Prova Objetiva (P2) \u2013 Conhecimentos Espec\u00edficos<\/em><\/p>\n\n\n\n<ul class=\"wp-block-list\">\n<li>Economia \u2013 50 quest\u00f5es<\/li>\n<\/ul>\n\n\n\n<p><strong>Agente Fazend\u00e1rio Estadual \u2013 Estat\u00edstico<\/strong><\/p>\n\n\n\n<p><em>Prova Objetiva (P1) \u2013 Conhecimentos Gerais<\/em><\/p>\n\n\n\n<ul class=\"wp-block-list\">\n<li>L\u00edngua Portuguesa \u2013 10 quest\u00f5es<\/li>\n\n\n\n<li>Direito Constitucional, Administrativo e ECA \u2013 10 quest\u00f5es<\/li>\n\n\n\n<li>Direito Tribut\u00e1rio \u2013 5 quest\u00f5es<\/li>\n\n\n\n<li>Racioc\u00ednio L\u00f3gico-Matem\u00e1tico \u2013 5 quest\u00f5es<\/li>\n\n\n\n<li>Matem\u00e1tica Financeira \u2013 5 quest\u00f5es<\/li>\n\n\n\n<li>Administra\u00e7\u00e3o P\u00fablica \u2013 5 quest\u00f5es<\/li>\n\n\n\n<li>Administra\u00e7\u00e3o Financeira e Or\u00e7ament\u00e1ria (AFO) \u2013 10 quest\u00f5es<\/li>\n\n\n\n<li>No\u00e7\u00f5es de Economia e Finan\u00e7as P\u00fablicas \u2013 10 quest\u00f5es<\/li>\n\n\n\n<li>No\u00e7\u00f5es de Tecnologia da Informa\u00e7\u00e3o \u2013 5 quest\u00f5es<\/li>\n\n\n\n<li>No\u00e7\u00f5es de Contabilidade Aplicada ao Setor P\u00fablico (CASP) \u2013 10 quest\u00f5es<\/li>\n<\/ul>\n\n\n\n<p><em>Prova Objetiva (P2) \u2013 Conhecimentos Espec\u00edficos<\/em><\/p>\n\n\n\n<ul class=\"wp-block-list\">\n<li>Estat\u00edstica \u2013 50 quest\u00f5es<\/li>\n<\/ul>\n\n\n\n<p><strong>Agente Fazend\u00e1rio Estadual \u2013 Profissional de Tecnologia da Informa\u00e7\u00e3o (TI)<\/strong><\/p>\n\n\n\n<p><em>Prova Objetiva (P1) \u2013 Conhecimentos Gerais<\/em><\/p>\n\n\n\n<ul class=\"wp-block-list\">\n<li>L\u00edngua Portuguesa \u2013 10 quest\u00f5es<\/li>\n\n\n\n<li>Direito Constitucional, Administrativo e ECA \u2013 10 quest\u00f5es<\/li>\n\n\n\n<li>Direito Tribut\u00e1rio \u2013 5 quest\u00f5es<\/li>\n\n\n\n<li>Racioc\u00ednio L\u00f3gico-Matem\u00e1tico \u2013 5 quest\u00f5es<\/li>\n\n\n\n<li>Matem\u00e1tica Financeira \u2013 5 quest\u00f5es<\/li>\n\n\n\n<li>Administra\u00e7\u00e3o P\u00fablica \u2013 5 quest\u00f5es<\/li>\n\n\n\n<li>Administra\u00e7\u00e3o Financeira e Or\u00e7ament\u00e1ria (AFO) \u2013 10 quest\u00f5es<\/li>\n\n\n\n<li>No\u00e7\u00f5es de Economia e Finan\u00e7as P\u00fablicas \u2013 10 quest\u00f5es<\/li>\n\n\n\n<li>No\u00e7\u00f5es de Tecnologia da Informa\u00e7\u00e3o \u2013 10 quest\u00f5es<\/li>\n\n\n\n<li>No\u00e7\u00f5es de Contabilidade Aplicada ao Setor P\u00fablico (CASP) \u2013 10 quest\u00f5es<\/li>\n<\/ul>\n\n\n\n<p><em>Prova Objetiva (P2) \u2013 Conhecimentos Espec\u00edficos<\/em><\/p>\n\n\n\n<ul class=\"wp-block-list\">\n<li>Tecnologia da Informa\u00e7\u00e3o \u2013 50 quest\u00f5es<\/li>\n<\/ul>\n\n\n\n<p><\/p>\n\n\n\n<p>Para n\u00e3o ser eliminado, o candidato dever\u00e1 alcan\u00e7ar nota igual ou superior a 78 pontos na soma das duas provas.<\/p>\n\n\n\n<h4 class=\"wp-block-heading\">Somos a melhor Op\u00e7\u00e3o<\/h4>\n\n\n\n<p>Voc\u00ea ir\u00e1 participar do concurso Sefaz PR? Somos a melhor Op\u00e7\u00e3o! N\u00f3s contamos com diversos materiais preparat\u00f3rios alinhados e elaborados conforme o edital. Com mais de tr\u00eas d\u00e9cadas de candidatos aprovados, ajudaremos voc\u00ea tamb\u00e9m nesta longa jornada. N\u00e3o perca mais tempo e comece a estudar ainda hoje para o cargo que ir\u00e1 mudar a sua vida!<\/p>\n\n\n\n<ul class=\"wp-block-list\">\n<li><strong>Confira:\u00a0<a href=\"https:\/\/www.apostilasopcao.com.br\/\">Materiais preparat\u00f3rios para o concurso\u00a0Sefaz PR!<\/a><\/strong><\/li>\n<\/ul>\n\n\n\n<h3 class=\"wp-block-heading\">Prova discursiva<\/h3>\n\n\n\n<p>A prova discursiva ser\u00e1 aplicada a todos os cargos no mesmo dia das provas objetivas. Essa etapa tamb\u00e9m ter\u00e1 car\u00e1ter eliminat\u00f3rio e classificat\u00f3rio, e servir\u00e1 para avaliar a capacidade de argumenta\u00e7\u00e3o, clareza, coes\u00e3o, coer\u00eancia e dom\u00ednio da norma culta da L\u00edngua Portuguesa.<\/p>\n\n\n\n<p>A prova ser\u00e1 composta por uma quest\u00e3o dissertativa que abordar\u00e1 temas relacionados \u00e0 \u00e1rea de Gest\u00e3o P\u00fablica. O texto dever\u00e1 ter entre 20 e 30 linhas, seguindo a estrutura cl\u00e1ssica de introdu\u00e7\u00e3o, desenvolvimento e conclus\u00e3o. <\/p>\n\n\n\n<p>Ela valer\u00e1 15 pontos no total. Para ser considerado aprovado, o candidato dever\u00e1 obter nota igual ou superior a 7,5 pontos. <\/p>\n\n\n\n<p>A reda\u00e7\u00e3o dever\u00e1 ser escrita \u00e0 m\u00e3o, em letra leg\u00edvel, utilizando caneta esferogr\u00e1fica de tinta preta e corpo transparente, conforme as orienta\u00e7\u00f5es do edital. O descumprimento dessas regras poder\u00e1 comprometer a corre\u00e7\u00e3o da prova.<\/p>\n\n\n\n<p>Caso o texto tenha menos de 20 linhas, ser\u00e1 aplicada uma penalidade de 0,10 ponto para cada linha faltante, o que refor\u00e7a a import\u00e2ncia de desenvolver a resposta dentro do limite exigido.<\/p>\n\n\n\n<p><strong>Quer ficar por dentro de tudo sobre o universo de concursos?\u00a0<a href=\"https:\/\/www.apostilasopcao.com.br\/blog\/noticias\/\">Confira as nossas not\u00edcias!<\/a><\/strong><\/p>\n","protected":false},"excerpt":{"rendered":"<p>Saiu o edital do concurso Sefaz PR! S\u00e3o ofertadas 60 vagas para diversas especialidades de n\u00edvel superior, com iniciais de R$12,9 mil. Confira!<\/p>\n","protected":false},"author":5,"featured_media":5322,"comment_status":"closed","ping_status":"closed","sticky":false,"template":"","format":"standard","meta":{"_acf_changed":false,"breadcrumbs_single_post":"","page_title_panel":"","breadcrumbs_single_page":"","single_page_alignment":"","single_page_margin":"","page_structure_type":"","content_style_source":"","content_style":"","blog_post_streched_ed":"","blog_page_streched_ed":"","has_transparent_header":"","disable_transparent_header":"","vertical_spacing_source":"","content_area_spacing":"","single_post_content_background":"","single_page_content_background":"","single_post_boxed_content_spacing":"","single_page_boxed_content_spacing":"","single_post_content_boxed_radius":"","single_page_content_boxed_radius":"","disable_featured_image":"","disable_post_tags":"","disable_author_box":"","disable_posts_navigation":"","disable_comments":"","disable_related_posts":"","disable_header":"","disable_footer":"","footnotes":""},"categories":[4,23],"tags":[496],"class_list":["post-5321","post","type-post","status-publish","format-standard","has-post-thumbnail","hentry","category-noticias","category-pr","tag-concurso-sefaz-pr","rishi-post"],"acf":{"data_prova":null,"status":"aberto"},"_links":{"self":[{"href":"https:\/\/www.apostilasopcao.com.br\/blog\/wp-json\/wp\/v2\/posts\/5321","targetHints":{"allow":["GET"]}}],"collection":[{"href":"https:\/\/www.apostilasopcao.com.br\/blog\/wp-json\/wp\/v2\/posts"}],"about":[{"href":"https:\/\/www.apostilasopcao.com.br\/blog\/wp-json\/wp\/v2\/types\/post"}],"author":[{"embeddable":true,"href":"https:\/\/www.apostilasopcao.com.br\/blog\/wp-json\/wp\/v2\/users\/5"}],"replies":[{"embeddable":true,"href":"https:\/\/www.apostilasopcao.com.br\/blog\/wp-json\/wp\/v2\/comments?post=5321"}],"version-history":[{"count":3,"href":"https:\/\/www.apostilasopcao.com.br\/blog\/wp-json\/wp\/v2\/posts\/5321\/revisions"}],"predecessor-version":[{"id":5326,"href":"https:\/\/www.apostilasopcao.com.br\/blog\/wp-json\/wp\/v2\/posts\/5321\/revisions\/5326"}],"wp:featuredmedia":[{"embeddable":true,"href":"https:\/\/www.apostilasopcao.com.br\/blog\/wp-json\/wp\/v2\/media\/5322"}],"wp:attachment":[{"href":"https:\/\/www.apostilasopcao.com.br\/blog\/wp-json\/wp\/v2\/media?parent=5321"}],"wp:term":[{"taxonomy":"category","embeddable":true,"href":"https:\/\/www.apostilasopcao.com.br\/blog\/wp-json\/wp\/v2\/categories?post=5321"},{"taxonomy":"post_tag","embeddable":true,"href":"https:\/\/www.apostilasopcao.com.br\/blog\/wp-json\/wp\/v2\/tags?post=5321"}],"curies":[{"name":"wp","href":"https:\/\/api.w.org\/{rel}","templated":true}]}}