{"id":5344,"date":"2025-10-20T09:36:33","date_gmt":"2025-10-20T12:36:33","guid":{"rendered":"https:\/\/www.apostilasopcao.com.br\/blog\/?p=5344"},"modified":"2025-10-20T09:39:20","modified_gmt":"2025-10-20T12:39:20","slug":"ifsp","status":"publish","type":"post","link":"https:\/\/www.apostilasopcao.com.br\/blog\/ifsp\/","title":{"rendered":"Concurso IFSP: Saiu edital para TAE! Sal\u00e1rio de R$8 mil!"},"content":{"rendered":"\n<p>O edital do concurso IFSP <a href=\"https:\/\/www.apostilasopcao.com.br\/concurso\/ifsp-instituto-federal-de-educacao-ciencia-e-tecnologia-de-sao-paulo\">(Instituto Federal de Educa\u00e7\u00e3o, Ci\u00eancia e Tecnologia de S\u00e3o Paulo)<\/a> foi oficialmente publicado! O certame oferece <strong>21 vagas imediatas<\/strong> para o cargo de <strong>T\u00e9cnico-Administrativo em Educa\u00e7\u00e3o<\/strong>, distribu\u00eddas entre diferentes \u00e1reas. As oportunidades abrangem os <strong>n\u00edveis m\u00e9dio, t\u00e9cnico e superior<\/strong>, com remunera\u00e7\u00e3o inicial que pode chegar a <strong>R$8.692,32.<\/strong> Ficou interessado(a)? Confira aqui todos os detalhes!<\/p>\n\n\n\n<h2 class=\"wp-block-heading\">Resumo do edital<\/h2>\n\n\n\n<ul class=\"wp-block-list\">\n<li><strong>Vagas:&nbsp;<\/strong>21<\/li>\n\n\n\n<li><strong>Inscri\u00e7\u00f5es:&nbsp;<\/strong>21\/10\/2025 a 14\/11\/2025<\/li>\n\n\n\n<li><strong>Taxa de inscri\u00e7\u00e3o:&nbsp;<\/strong>R$120 a R$150<\/li>\n\n\n\n<li><strong>Prova:&nbsp;<\/strong>14\/12\/2025<\/li>\n\n\n\n<li><strong>Banca:<\/strong>&nbsp;Comiss\u00e3o pr\u00f3pria<\/li>\n\n\n\n<li><a href=\"https:\/\/www.apostilasopcao.com.br\/blog\/wp-content\/uploads\/2025\/10\/edital-IFSP-1.pdf\" target=\"_blank\" rel=\"noreferrer noopener\">Baixe o edital<\/a><\/li>\n<\/ul>\n\n\n\n<h2 class=\"wp-block-heading\">Como se inscrever no concurso IFSP<\/h2>\n\n\n\n<p>As inscri\u00e7\u00f5es para o concurso IFSP devem ser feitas exclusivamente pelo site do <a href=\"https:\/\/concursopublico.ifsp.edu.br\/\" target=\"_blank\" rel=\"noreferrer noopener\">instituto,<\/a> entre os dias <strong>21 de outubro<\/strong> e<strong> 24 de novembro de 2025<\/strong>. Cada candidato pode se inscrever para apenas <strong>uma vaga.<\/strong><\/p>\n\n\n\n<p>A taxa de inscri\u00e7\u00e3o \u00e9 de <strong>R$120,00<\/strong> para cargos de n\u00edvel D e <strong>R$150,00<\/strong> para n\u00edvel E, com pagamento exclusivo no Banco do Brasil at\u00e9 o dia <strong>25 de novembro de 2025<\/strong>. Pagamentos fora do prazo ou por outros meios n\u00e3o ser\u00e3o aceitos.<\/p>\n\n\n\n<p>Haver\u00e1 isen\u00e7\u00e3o da taxa entre os dias <strong>21 e 23 de outubro de 2025<\/strong> para candidatos:<\/p>\n\n\n\n<ul class=\"wp-block-list\">\n<li>Inscritos no Cadastro \u00danico para Programas Sociais (Cad\u00danico), com renda familiar mensal per capita de at\u00e9 meio sal\u00e1rio-m\u00ednimo nacional;<\/li>\n\n\n\n<li>Doadores de medula \u00f3ssea cadastrados em entidades reconhecidas pelo Minist\u00e9rio da Sa\u00fade.<\/li>\n<\/ul>\n\n\n\n<h2 class=\"wp-block-heading\">Cargos e vagas do concurso IFSP<\/h2>\n\n\n\n<p>O concurso IFSP est\u00e1 ofertando <strong>21 vagas imediatas<\/strong> para o cargo de <strong>T\u00e9cnico-Administrativo em Educa\u00e7\u00e3o<\/strong>. Confira a distribui\u00e7\u00e3o completa das vagas por cargo, localidade e forma\u00e7\u00e3o:<\/p>\n\n\n\n<h3 class=\"wp-block-heading\">N\u00edvel D<\/h3>\n\n\n\n<p><strong><a href=\"https:\/\/www.apostilasopcao.com.br\/apostila\/ifsp-assistente-administracao\">Assistente em Administra\u00e7\u00e3o<\/a> | N\u00edvel m\u00e9dio<\/strong><\/p>\n\n\n\n<ul class=\"wp-block-list\">\n<li>Barretos: 2 vagas<\/li>\n\n\n\n<li>Campos do Jord\u00e3o: 2 vagas<\/li>\n\n\n\n<li>Guarulhos: 1 vaga<\/li>\n\n\n\n<li>Itaquaquecetuba: 1 vaga<\/li>\n\n\n\n<li>Piracicaba: 1 vaga<\/li>\n\n\n\n<li>Salto: 1 vaga<\/li>\n\n\n\n<li>S\u00e3o Paulo: 2 vagas<\/li>\n\n\n\n<li>Suzano: 1 vaga<\/li>\n<\/ul>\n\n\n\n<p><strong>T\u00e9cnico de Laborat\u00f3rio\/\u00c1rea: Mec\u00e2nica | N\u00edvel t\u00e9cnico<\/strong><\/p>\n\n\n\n<ul class=\"wp-block-list\">\n<li>Registro: 1 vaga<\/li>\n\n\n\n<li>S\u00e3o Jos\u00e9 dos Campos: 1 vaga<\/li>\n<\/ul>\n\n\n\n<p><strong>T\u00e9cnico de Laborat\u00f3rio\/\u00c1rea: Mecatr\u00f4nica | N\u00edvel t\u00e9cnico<\/strong><\/p>\n\n\n\n<ul class=\"wp-block-list\">\n<li>Cubat\u00e3o: 1 vaga<\/li>\n\n\n\n<li>S\u00e3o Jos\u00e9 do Rio Preto: 1 vaga<\/li>\n<\/ul>\n\n\n\n<p><strong>T\u00e9cnico em Contabilidade | N\u00edvel t\u00e9cnico<\/strong><\/p>\n\n\n\n<ul class=\"wp-block-list\">\n<li>Reitoria: 1 vaga<\/li>\n<\/ul>\n\n\n\n<h3 class=\"wp-block-heading\">N\u00edvel E<\/h3>\n\n\n\n<p><strong>M\u00e9dico\/\u00c1rea: Psiquiatria | N\u00edvel superior<\/strong><\/p>\n\n\n\n<ul class=\"wp-block-list\">\n<li>Reitoria: 1 vaga (20 horas semanais)<\/li>\n<\/ul>\n\n\n\n<p><strong><a href=\"https:\/\/www.apostilasopcao.com.br\/apostila\/ifsp-nutricionista\">Nutricionista<\/a> | N\u00edvel superior<\/strong><\/p>\n\n\n\n<ul class=\"wp-block-list\">\n<li>Avar\u00e9: 1 vaga<\/li>\n\n\n\n<li>Itaquaquecetuba: 1 vaga<\/li>\n\n\n\n<li>Pirituba: 1 vaga<\/li>\n\n\n\n<li>Presidente Epit\u00e1cio: 1 vaga<\/li>\n<\/ul>\n\n\n\n<p><strong>N\u00e3o perca mais tempo e comece a se preparar ainda hoje!&nbsp;<a href=\"https:\/\/www.apostilasopcao.com.br\/concurso\/ifsp-instituto-federal-de-educacao-ciencia-e-tecnologia-de-sao-paulo\" target=\"_blank\" rel=\"noreferrer noopener\">Materiais preparat\u00f3rios para o concurso IFSP!<\/a><\/strong><\/p>\n\n\n\n<h2 class=\"wp-block-heading\">Sal\u00e1rios e gratifica\u00e7\u00f5es <\/h2>\n\n\n\n<p>A remunera\u00e7\u00e3o dos cargos do concurso IFSP \u00e9 composta pelo vencimento b\u00e1sico e pelo Incentivo \u00e0 Qualifica\u00e7\u00e3o (IQ), que pode ser solicitado quando o servidor possui uma forma\u00e7\u00e3o superior \u00e0 exigida para o cargo. Os valores variam conforme o n\u00edvel e a titula\u00e7\u00e3o do candidato:<\/p>\n\n\n\n<h3 class=\"wp-block-heading\">N\u00edvel D \u2013 40h<\/h3>\n\n\n\n<figure class=\"wp-block-table aligncenter\"><table><thead><tr><th>Qualifica\u00e7\u00e3o<\/th><th>Vencimento B\u00e1sico<\/th><th>Incentivo \u00e0 Qualifica\u00e7\u00e3o (IQ)<\/th><th>Total<\/th><\/tr><\/thead><tbody><tr><td>Ensino M\u00e9dio<\/td><td>R$ 3.029,89<\/td><td>\u2013<\/td><td>R$ 3.029,89<\/td><\/tr><tr><td>Curso T\u00e9cnico*<\/td><td>R$ 3.029,89<\/td><td>R$ 605,98<\/td><td>R$ 3.635,87<\/td><\/tr><tr><td>Ensino Superior<\/td><td>R$ 3.029,89<\/td><td>R$ 757,47<\/td><td>R$ 3.787,36<\/td><\/tr><tr><td>Especializa\u00e7\u00e3o<\/td><td>R$ 3.029,89<\/td><td>R$ 908,97<\/td><td>R$ 3.938,86<\/td><\/tr><tr><td>Mestrado<\/td><td>R$ 3.029,89<\/td><td>R$ 1.575,55<\/td><td>R$ 4.605,44<\/td><\/tr><tr><td>Doutorado<\/td><td>R$ 3.029,89<\/td><td>R$ 2.272,42<\/td><td>R$ 5.302,31<\/td><\/tr><\/tbody><\/table><\/figure>\n\n\n\n<p>*N\u00e3o se aplica aos cargos que exigem curso t\u00e9cnico como requisito de ingresso.<\/p>\n\n\n\n<h3 class=\"wp-block-heading\">N\u00edvel E \u2013 40h (Nutricionista)<\/h3>\n\n\n\n<figure class=\"wp-block-table aligncenter\"><table><thead><tr><th>Qualifica\u00e7\u00e3o<\/th><th>Vencimento B\u00e1sico<\/th><th>Incentivo \u00e0 Qualifica\u00e7\u00e3o (IQ)<\/th><th>Total<\/th><\/tr><\/thead><tbody><tr><td>Ensino Superior<\/td><td>R$ 4.967,04<\/td><td>\u2013<\/td><td>R$ 4.967,04<\/td><\/tr><tr><td>Especializa\u00e7\u00e3o<\/td><td>R$ 4.967,04<\/td><td>R$ 1.490,11<\/td><td>R$ 6.457,15<\/td><\/tr><tr><td>Mestrado<\/td><td>R$ 4.967,04<\/td><td>R$ 2.582,86<\/td><td>R$ 7.549,90<\/td><\/tr><tr><td>Doutorado<\/td><td>R$ 4.967,04<\/td><td>R$ 3.725,28<\/td><td>R$ 8.692,32<\/td><\/tr><\/tbody><\/table><\/figure>\n\n\n\n<h3 class=\"wp-block-heading\">N\u00edvel E \u2013 20h (M\u00e9dico \u2013 Psiquiatria)<\/h3>\n\n\n\n<figure class=\"wp-block-table aligncenter\"><table><thead><tr><th>Qualifica\u00e7\u00e3o<\/th><th>Vencimento B\u00e1sico<\/th><th>Incentivo \u00e0 Qualifica\u00e7\u00e3o (IQ)<\/th><th>Total<\/th><\/tr><\/thead><tbody><tr><td>Ensino Superior<\/td><td>R$ 4.761,98<\/td><td>\u2013<\/td><td>R$ 4.761,98<\/td><\/tr><tr><td>Especializa\u00e7\u00e3o<\/td><td>R$ 4.761,98<\/td><td>R$ 1.428,59<\/td><td>R$ 6.190,57<\/td><\/tr><tr><td>Mestrado<\/td><td>R$ 4.761,98<\/td><td>R$ 2.476,22<\/td><td>R$ 7.238,20<\/td><\/tr><tr><td>Doutorado<\/td><td>R$ 4.761,98<\/td><td>R$ 3.571,48<\/td><td>R$ 8.333,46<\/td><\/tr><\/tbody><\/table><\/figure>\n\n\n\n<p>Os aprovados no concurso IFSP contar\u00e3o com os seguintes benef\u00edcios:<\/p>\n\n\n\n<ul class=\"wp-block-list\">\n<li>Aux\u00edlio-alimenta\u00e7\u00e3o (atualmente R$ 1.000,00);<\/li>\n\n\n\n<li>Aux\u00edlio-transporte;<\/li>\n\n\n\n<li>Aux\u00edlio pr\u00e9-escolar;<\/li>\n\n\n\n<li>Aux\u00edlio-sa\u00fade suplementar;<\/li>\n\n\n\n<li>Outros benef\u00edcios previstos na legisla\u00e7\u00e3o federal.<\/li>\n<\/ul>\n\n\n\n<h2 class=\"wp-block-heading\">Requisitos para posse<\/h2>\n\n\n\n<p>Para tomar posse dos cargos do concurso IFSP, \u00e9 necess\u00e1rio que os candidatos atendam aos seguintes requisitos b\u00e1sicos:<\/p>\n\n\n\n<ul class=\"wp-block-list\">\n<li>Ser aprovado no concurso p\u00fablico.<\/li>\n\n\n\n<li>Ter a nacionalidade brasileira ou portuguesa e, no caso de nacionalidade portuguesa, estar amparado pelo estatuto de igualdade entre brasileiros e portugueses, com reconhecimento do gozo dos direitos pol\u00edticos, nos termos do \u00a71\u00ba do art. 12 da Constitui\u00e7\u00e3o Federal.<\/li>\n\n\n\n<li>Estar em gozo dos direitos pol\u00edticos.<\/li>\n\n\n\n<li>Estar quite com as obriga\u00e7\u00f5es militares, em caso de candidato do sexo masculino.<\/li>\n\n\n\n<li>Estar quite com as obriga\u00e7\u00f5es eleitorais.<\/li>\n\n\n\n<li>Possuir os requisitos exigidos para o exerc\u00edcio do cargo, conforme item 3.7 deste Edital.<\/li>\n\n\n\n<li>Na data da posse, ter idade m\u00ednima de 18 anos e m\u00e1xima de 74 anos.<\/li>\n\n\n\n<li>Ter aptid\u00e3o f\u00edsica e mental para o exerc\u00edcio das atribui\u00e7\u00f5es do cargo.<\/li>\n\n\n\n<li>Apresentar atestado m\u00e9dico comprovando aptid\u00e3o f\u00edsica e mental para o exerc\u00edcio do cargo, mediante per\u00edcia m\u00e9dica oficial.<\/li>\n\n\n\n<li>N\u00e3o ter sofrido, no exerc\u00edcio de fun\u00e7\u00e3o p\u00fablica, penalidade incompat\u00edvel com a investidura em cargo p\u00fablico federal, prevista no artigo 137, Par\u00e1grafo \u00danico, da Lei n\u00ba 8.112, de 11 de dezembro de 1990.<\/li>\n\n\n\n<li>N\u00e3o acumular cargos, empregos e\/ou fun\u00e7\u00f5es p\u00fablicas, exceto nos casos previstos na Constitui\u00e7\u00e3o Federal e legisla\u00e7\u00e3o vigente, assegurada a hip\u00f3tese de op\u00e7\u00e3o dentro do prazo estabelecido para a posse, prevista no \u00a7 1\u00ba do art. 13 da Lei n\u00ba 8.112, de 11 de dezembro de 1990.<\/li>\n\n\n\n<li>Conforme disposto no inciso X, do art. 117, da Lei n\u00ba 8.112, de 11 de dezembro de 1990, \u00e9 vedada a participa\u00e7\u00e3o na ger\u00eancia ou administra\u00e7\u00e3o de sociedade privada, personificada ou n\u00e3o personificada, e o exerc\u00edcio do com\u00e9rcio, exceto na qualidade de acionista, cotista ou comandit\u00e1rio.<\/li>\n\n\n\n<li>N\u00e3o receber proventos de aposentadoria que caracterizem acumula\u00e7\u00e3o il\u00edcita de cargos, na forma do artigo 37, inciso XVI, da Constitui\u00e7\u00e3o Federal.<\/li>\n\n\n\n<li>Apresentar declara\u00e7\u00e3o de autoriza\u00e7\u00e3o de acesso \u00e0s Declara\u00e7\u00f5es de Ajuste Anual do Imposto de Renda de Pessoa F\u00edsica, de acordo com Instru\u00e7\u00e3o Normativa TCU n\u00ba 87, de 12 de agosto de 2020.<\/li>\n\n\n\n<li>Para posse e investidura no cargo, o candidato entregar\u00e1 ao IFSP os documentos necess\u00e1rios, conforme previsto neste Edital, e outros exigidos pela Legisla\u00e7\u00e3o vigente.<\/li>\n\n\n\n<li>Cumprir as determina\u00e7\u00f5es deste Edital.<\/li>\n<\/ul>\n\n\n\n<h2 class=\"wp-block-heading\">Etapas de sele\u00e7\u00e3o<\/h2>\n\n\n\n<p>O concurso IFSP ser\u00e1 composto por uma \u00fanica etapa, a prova objetiva, de car\u00e1ter eliminat\u00f3rio e classificat\u00f3rio, v\u00e1lida para todos os cargos.<\/p>\n\n\n\n<p>A aplica\u00e7\u00e3o est\u00e1 prevista para o dia <strong>14 de dezembro de 2025<\/strong>, no per\u00edodo vespertino, na cidade de S\u00e3o Paulo (capital), podendo ocorrer tamb\u00e9m em cidades pr\u00f3ximas, conforme a demanda de inscritos.<\/p>\n\n\n\n<p>A prova ser\u00e1 composta por quest\u00f5es de m\u00faltipla escolha, com quatro alternativas (\u201ca\u201d, \u201cb\u201d, \u201cc\u201d, \u201cd\u201d) e apenas uma correta. O total da avalia\u00e7\u00e3o ser\u00e1 de 75 pontos, distribu\u00eddos entre duas \u00e1reas de conhecimento:<\/p>\n\n\n\n<figure class=\"wp-block-table\"><table><thead><tr><th>\u00c1rea de Conhecimento<\/th><th class=\"has-text-align-center\" data-align=\"center\">N\u00famero de Quest\u00f5es<\/th><th class=\"has-text-align-center\" data-align=\"center\">Peso<\/th><th class=\"has-text-align-center\" data-align=\"center\">Pontua\u00e7\u00e3o por Quest\u00e3o<\/th><th class=\"has-text-align-center\" data-align=\"center\">Total de Pontos<\/th><\/tr><\/thead><tbody><tr><td>Conhecimentos B\u00e1sicos (N1)<\/td><td class=\"has-text-align-center\" data-align=\"center\">25<\/td><td class=\"has-text-align-center\" data-align=\"center\">1<\/td><td class=\"has-text-align-center\" data-align=\"center\">1,00<\/td><td class=\"has-text-align-center\" data-align=\"center\">25,00<\/td><\/tr><tr><td>Conhecimentos Espec\u00edficos (N2)<\/td><td class=\"has-text-align-center\" data-align=\"center\">25<\/td><td class=\"has-text-align-center\" data-align=\"center\">2<\/td><td class=\"has-text-align-center\" data-align=\"center\">2,00<\/td><td class=\"has-text-align-center\" data-align=\"center\">50,00<\/td><\/tr><\/tbody><\/table><\/figure>\n\n\n\n<p><\/p>\n\n\n\n<p>O candidato ser\u00e1 eliminado da prova e do concurso IFSP se obtiver:<\/p>\n\n\n\n<ul class=\"wp-block-list\">\n<li>Menos de 50% de acertos na parte de Conhecimentos B\u00e1sicos (N1);<\/li>\n\n\n\n<li>Menos de 50% de acertos na parte de Conhecimentos Espec\u00edficos (N2).<\/li>\n<\/ul>\n\n\n\n<h3 class=\"wp-block-heading\">Somos a melhor Op\u00e7\u00e3o<\/h3>\n\n\n\n<p>Voc\u00ea ir\u00e1 participar do concurso IFSP? Somos a melhor Op\u00e7\u00e3o! N\u00f3s contamos com diversos materiais preparat\u00f3rios alinhados e elaborados conforme o edital. Com mais de tr\u00eas d\u00e9cadas de candidatos aprovados, ajudaremos voc\u00ea tamb\u00e9m nesta longa jornada. N\u00e3o perca mais tempo e comece a estudar ainda hoje para o cargo que ir\u00e1 mudar a sua vida!<\/p>\n\n\n\n<ul class=\"wp-block-list\">\n<li><strong>Confira:&nbsp;<a href=\"https:\/\/www.apostilasopcao.com.br\/concurso\/ifsp-instituto-federal-de-educacao-ciencia-e-tecnologia-de-sao-paulo\">Materiais preparat\u00f3rios para o concurso&nbsp;IFSP!<\/a><\/strong><\/li>\n<\/ul>\n\n\n\n<p><\/p>\n\n\n\n<p><strong>Quer ficar por dentro de tudo sobre o universo de concursos?&nbsp;<a href=\"https:\/\/www.apostilasopcao.com.br\/blog\/noticias\/\">Confira as nossas not\u00edcias!<\/a><\/strong><\/p>\n","protected":false},"excerpt":{"rendered":"<p>O concurso IFSP est\u00e1 ofertando 21 vagas para n\u00edveis m\u00e9dio, t\u00e9cnico e superior em diversas cidades. Iniciais de at\u00e9 R$8 mil. Confira os detalhes!<\/p>\n","protected":false},"author":5,"featured_media":5345,"comment_status":"closed","ping_status":"closed","sticky":false,"template":"","format":"standard","meta":{"_acf_changed":false,"breadcrumbs_single_post":"","page_title_panel":"","breadcrumbs_single_page":"","single_page_alignment":"","single_page_margin":"","page_structure_type":"","content_style_source":"","content_style":"","blog_post_streched_ed":"","blog_page_streched_ed":"","has_transparent_header":"","disable_transparent_header":"","vertical_spacing_source":"","content_area_spacing":"","single_post_content_background":"","single_page_content_background":"","single_post_boxed_content_spacing":"","single_page_boxed_content_spacing":"","single_post_content_boxed_radius":"","single_page_content_boxed_radius":"","disable_featured_image":"","disable_post_tags":"","disable_author_box":"","disable_posts_navigation":"","disable_comments":"","disable_related_posts":"","disable_header":"","disable_footer":"","footnotes":""},"categories":[4,6],"tags":[498],"class_list":["post-5344","post","type-post","status-publish","format-standard","has-post-thumbnail","hentry","category-noticias","category-sp","tag-concurso-ifsp","rishi-post"],"acf":{"data_prova":"20251214","status":"aberto"},"_links":{"self":[{"href":"https:\/\/www.apostilasopcao.com.br\/blog\/wp-json\/wp\/v2\/posts\/5344","targetHints":{"allow":["GET"]}}],"collection":[{"href":"https:\/\/www.apostilasopcao.com.br\/blog\/wp-json\/wp\/v2\/posts"}],"about":[{"href":"https:\/\/www.apostilasopcao.com.br\/blog\/wp-json\/wp\/v2\/types\/post"}],"author":[{"embeddable":true,"href":"https:\/\/www.apostilasopcao.com.br\/blog\/wp-json\/wp\/v2\/users\/5"}],"replies":[{"embeddable":true,"href":"https:\/\/www.apostilasopcao.com.br\/blog\/wp-json\/wp\/v2\/comments?post=5344"}],"version-history":[{"count":3,"href":"https:\/\/www.apostilasopcao.com.br\/blog\/wp-json\/wp\/v2\/posts\/5344\/revisions"}],"predecessor-version":[{"id":5350,"href":"https:\/\/www.apostilasopcao.com.br\/blog\/wp-json\/wp\/v2\/posts\/5344\/revisions\/5350"}],"wp:featuredmedia":[{"embeddable":true,"href":"https:\/\/www.apostilasopcao.com.br\/blog\/wp-json\/wp\/v2\/media\/5345"}],"wp:attachment":[{"href":"https:\/\/www.apostilasopcao.com.br\/blog\/wp-json\/wp\/v2\/media?parent=5344"}],"wp:term":[{"taxonomy":"category","embeddable":true,"href":"https:\/\/www.apostilasopcao.com.br\/blog\/wp-json\/wp\/v2\/categories?post=5344"},{"taxonomy":"post_tag","embeddable":true,"href":"https:\/\/www.apostilasopcao.com.br\/blog\/wp-json\/wp\/v2\/tags?post=5344"}],"curies":[{"name":"wp","href":"https:\/\/api.w.org\/{rel}","templated":true}]}}