{"id":5368,"date":"2025-10-22T09:41:56","date_gmt":"2025-10-22T12:41:56","guid":{"rendered":"https:\/\/www.apostilasopcao.com.br\/blog\/?p=5368"},"modified":"2025-11-03T10:03:29","modified_gmt":"2025-11-03T13:03:29","slug":"emater-mg","status":"publish","type":"post","link":"https:\/\/www.apostilasopcao.com.br\/blog\/emater-mg\/","title":{"rendered":"Concurso Emater MG: Edital autorizado! 105 vagas previstas!"},"content":{"rendered":"\n<p>Foi autorizada a realiza\u00e7\u00e3o de um novo concurso Emater MG <a href=\"https:\/\/www.editorasolucao.com.br\/concurso\/empresa-de-assistencia-tecnica-e-extensao-rural-de-minas-gerais\" target=\"_blank\" rel=\"noopener\">(Empresa de Assist\u00eancia T\u00e9cnica e Extens\u00e3o Rural do Estado de Minas Gerais)!<\/a> A sele\u00e7\u00e3o oferecer\u00e1 <strong>105 vagas<\/strong> para candidatos de<strong> n\u00edveis m\u00e9dio e superior<\/strong>, com sal\u00e1rios iniciais que podem ultrapassar <strong>R$6 mil<\/strong>. Ficou interessado(a)? Confira todos os detalhes a seguir!<\/p>\n\n\n\n<h2 class=\"wp-block-heading\">Concurso Emater MG: Edital autorizado<\/h2>\n\n\n\n<p>Na segunda-feira, 13 de outubro de 2025, o Governo de Minas Gerais oficializou a autoriza\u00e7\u00e3o do novo concurso Emater MG. A informa\u00e7\u00e3o foi divulgada nos canais oficiais da empresa, marcando o in\u00edcio de uma nova fase de fortalecimento e expans\u00e3o do quadro de servidores.<\/p>\n\n\n\n<p>Confira a <a href=\"https:\/\/www.instagram.com\/p\/DPxDduIAVYz\/\" target=\"_blank\" rel=\"noreferrer noopener\">publica\u00e7\u00e3o:<\/a><\/p>\n\n\n\n<figure class=\"wp-block-image size-full\"><img loading=\"lazy\" decoding=\"async\" width=\"936\" height=\"418\" src=\"https:\/\/www.apostilasopcao.com.br\/blog\/wp-content\/uploads\/2025\/10\/emater-mg.webp\" alt=\"Um novo concurso Emater MG est\u00e1 vindo a\u00ed\" class=\"wp-image-5371\" srcset=\"https:\/\/www.apostilasopcao.com.br\/blog\/wp-content\/uploads\/2025\/10\/emater-mg.webp 936w, https:\/\/www.apostilasopcao.com.br\/blog\/wp-content\/uploads\/2025\/10\/emater-mg-300x134.webp 300w, https:\/\/www.apostilasopcao.com.br\/blog\/wp-content\/uploads\/2025\/10\/emater-mg-768x343.webp 768w\" sizes=\"auto, (max-width: 936px) 100vw, 936px\" \/><figcaption class=\"wp-element-caption\"><em>Um novo concurso Emater MG est\u00e1 vindo a\u00ed!<\/em><\/figcaption><\/figure>\n\n\n\n<p>Ser\u00e3o abertas <strong>105 vagas<\/strong>, contemplando fun\u00e7\u00f5es administrativas, t\u00e9cnicas e de campo. Segundo o presidente da institui\u00e7\u00e3o, Ot\u00e1vio Maia, a nova sele\u00e7\u00e3o faz parte de um programa de valoriza\u00e7\u00e3o e moderniza\u00e7\u00e3o da empresa.<\/p>\n\n\n\n<blockquote class=\"wp-block-quote is-layout-flow wp-block-quote-is-layout-flow\">\n<p id=\"block-d08e1024-214d-4dff-83af-9868d1023908\"><em>&#8220;Esse concurso vem refor\u00e7ar a continuidade do fortalecimento que estamos promovendo na Emater MG. Estamos investindo nas pessoas, na qualifica\u00e7\u00e3o e realizando o maior programa de capacita\u00e7\u00e3o da hist\u00f3ria da Emater, com levantamento das necessidades no campo para atender \u00e0 raiz dos problemas de cada produtor rural&#8221;,<\/em> afirmou o presidente da institui\u00e7\u00e3o.\ufeff<\/p>\n<\/blockquote>\n\n\n\n<p>Com a autoriza\u00e7\u00e3o publicada, o pr\u00f3ximo passo ser\u00e1 a <strong>forma\u00e7\u00e3o da comiss\u00e3o organizadora<\/strong> e a <strong>escolha da banca respons\u00e1vel<\/strong> pelo certame. O <strong>edital completo<\/strong> deve ser divulgado nos pr\u00f3ximos meses.<\/p>\n\n\n\n<h2 class=\"wp-block-heading\">Cargos e vagas previstos<\/h2>\n\n\n\n<p>O concurso Emater MG oferecer\u00e1 105 oportunidades distribu\u00eddas entre cargos de n\u00edveis m\u00e9dio e superior. A previs\u00e3o \u00e9 a seguinte:<\/p>\n\n\n\n<p><strong>N\u00edvel m\u00e9dio:<\/strong><\/p>\n\n\n\n<ul class=\"wp-block-list\">\n<li><a href=\"https:\/\/www.editorasolucao.com.br\/curso-online\/curso-emater-mg-assistente-administrativo-ii\" target=\"_blank\" rel=\"noopener\">Assistente Administrativo II<\/a><\/li>\n<\/ul>\n\n\n\n<p><strong>N\u00edvel superior:<\/strong><\/p>\n\n\n\n<ul class=\"wp-block-list\">\n<li>Analista de Sistemas I<\/li>\n\n\n\n<li>Assessor Jur\u00eddico<\/li>\n\n\n\n<li>Assistente T\u00e9cnico I<\/li>\n\n\n\n<li>Auditor<\/li>\n\n\n\n<li>Extensionista Agropecu\u00e1rio I<\/li>\n\n\n\n<li>Extensionista Agropecu\u00e1rio II<\/li>\n\n\n\n<li>Extensionista de Bem-Estar Social II<\/li>\n\n\n\n<li>Rela\u00e7\u00f5es P\u00fablicas<\/li>\n<\/ul>\n\n\n\n<p>A divis\u00e3o de vagas por cargo ser\u00e1 detalhada no edital oficial.<\/p>\n\n\n\n<p><strong>N\u00e3o perca mais tempo e comece a se preparar ainda hoje! <a href=\"https:\/\/www.editorasolucao.com.br\/concurso\/empresa-de-assistencia-tecnica-e-extensao-rural-de-minas-gerais\" target=\"_blank\" rel=\"noopener\">Materiais preparat\u00f3rios para o concurso Emater MG!<\/a><\/strong><\/p>\n\n\n\n<h2 class=\"wp-block-heading\">Sal\u00e1rios e benef\u00edcios<\/h2>\n\n\n\n<p>Os sal\u00e1rios oferecidos pela Emater MG s\u00e3o bastante competitivos e variam conforme a fun\u00e7\u00e3o exercida. Veja os valores previstos:<\/p>\n\n\n\n<ul class=\"wp-block-list\">\n<li><strong>Analista de Sistemas, Assistente T\u00e9cnico, Rela\u00e7\u00f5es P\u00fablicas, Extensionista Agropecu\u00e1rio II e Extensionista de Bem-Estar Social II:<\/strong> R$ 5.234,08<\/li>\n\n\n\n<li><strong>Assessor Jur\u00eddico e Auditor:<\/strong> R$ 6.946,63<\/li>\n\n\n\n<li><strong>Assistente Administrativo II:<\/strong> R$ 2.854,52<\/li>\n\n\n\n<li><strong>Extensionista Agropecu\u00e1rio I:<\/strong> R$ 3.560,76<\/li>\n<\/ul>\n\n\n\n<p>Al\u00e9m da remunera\u00e7\u00e3o base, os aprovados ter\u00e3o direito a uma s\u00e9rie de benef\u00edcios:<\/p>\n\n\n\n<ul class=\"wp-block-list\">\n<li>Vale-alimenta\u00e7\u00e3o e\/ou refei\u00e7\u00e3o de R$75 por dia trabalhado, podendo chegar a cerca de R$1.500 por m\u00eas;<\/li>\n\n\n\n<li>Adicional de interioriza\u00e7\u00e3o de at\u00e9 R$ 588;<\/li>\n\n\n\n<li>Aux\u00edlio-creche entre R$ 235 e R$ 470;<\/li>\n\n\n\n<li>Plano de sa\u00fade, odontol\u00f3gico e previd\u00eancia privada, todos em regime de coparticipa\u00e7\u00e3o;<\/li>\n\n\n\n<li>Seguro de vida em grupo.<\/li>\n<\/ul>\n\n\n\n<p>Essas vantagens tornam o concurso Emater MG uma excelente escolha para quem busca uma carreira est\u00e1vel e com boas condi\u00e7\u00f5es de trabalho no setor p\u00fablico mineiro.<\/p>\n\n\n\n<h2 class=\"wp-block-heading\">Requisitos dos cargos<\/h2>\n\n\n\n<p>Os requisitos para ingresso na Emater MG variam de acordo com a fun\u00e7\u00e3o. Confira:<\/p>\n\n\n\n<ul class=\"wp-block-list\">\n<li><strong>Assistente Administrativo II:<\/strong> Ensino m\u00e9dio completo.<\/li>\n\n\n\n<li><strong>Extensionista Agropecu\u00e1rio I:<\/strong> Curso t\u00e9cnico em Agropecu\u00e1ria ou Agr\u00edcola e registro no CREA.<\/li>\n\n\n\n<li><strong>Extensionista Agropecu\u00e1rio II:<\/strong> Curso superior em Agronomia, Zootecnia ou \u00e1reas correlatas, com registro no respectivo conselho profissional.<\/li>\n\n\n\n<li><strong>Extensionista de Bem-Estar Social II:<\/strong> Curso superior em Ci\u00eancias Sociais, Economia Dom\u00e9stica, Nutri\u00e7\u00e3o, Pedagogia ou Servi\u00e7o Social.<\/li>\n\n\n\n<li><strong>Assessor Jur\u00eddico:<\/strong> Bacharelado em Direito e inscri\u00e7\u00e3o na OAB\/MG.<\/li>\n\n\n\n<li><strong>Auditor:<\/strong> Curso superior em Ci\u00eancias Cont\u00e1beis, Administra\u00e7\u00e3o ou Economia, com registro no respectivo conselho profissional.<\/li>\n\n\n\n<li><strong>Analista de Sistemas I:<\/strong> Curso superior em An\u00e1lise de Sistemas, Ci\u00eancia da Computa\u00e7\u00e3o, Engenharia da Computa\u00e7\u00e3o ou \u00e1reas afins.<\/li>\n\n\n\n<li><strong>Assistente T\u00e9cnico I:<\/strong> Curso superior em \u00e1rea espec\u00edfica (Administra\u00e7\u00e3o, Arquitetura, Engenharia, Comunica\u00e7\u00e3o, Psicologia, entre outras).<\/li>\n\n\n\n<li><strong>Rela\u00e7\u00f5es P\u00fablicas:<\/strong> Curso superior em Comunica\u00e7\u00e3o Social, com habilita\u00e7\u00e3o em Rela\u00e7\u00f5es P\u00fablicas.<\/li>\n<\/ul>\n\n\n\n<p>Al\u00e9m disso, os candidatos devem atender \u00e0s exig\u00eancias gerais do edital, como:<\/p>\n\n\n\n<ul class=\"wp-block-list\">\n<li>Ser aprovado no concurso p\u00fablico e classificado conforme os termos do edital;<\/li>\n\n\n\n<li>Ter nacionalidade brasileira ou portuguesa;\n<ul class=\"wp-block-list\">\n<li>No caso de nacionalidade portuguesa, estar amparado pelo estatuto de igualdade entre brasileiros e portugueses, com reconhecimento do gozo dos direitos pol\u00edticos, nos termos do \u00a71\u00ba do artigo 12 da Constitui\u00e7\u00e3o Federal;<\/li>\n<\/ul>\n<\/li>\n\n\n\n<li>Estar em gozo dos direitos pol\u00edticos e civis;<\/li>\n\n\n\n<li>Estar quite com as obriga\u00e7\u00f5es militares (para candidatos do sexo masculino);<\/li>\n\n\n\n<li>Estar quite com as obriga\u00e7\u00f5es eleitorais;<\/li>\n\n\n\n<li>Possuir os requisitos b\u00e1sicos exigidos para o exerc\u00edcio do emprego p\u00fablico, conforme o Anexo I do edital;<\/li>\n\n\n\n<li>Ter idade m\u00ednima de 18 anos completos na data da admiss\u00e3o;<\/li>\n\n\n\n<li>Ter aptid\u00e3o f\u00edsica e mental para o exerc\u00edcio das atribui\u00e7\u00f5es do emprego p\u00fablico;\n<ul class=\"wp-block-list\">\n<li>N\u00e3o apresentar defici\u00eancia que incapacite o exerc\u00edcio das fun\u00e7\u00f5es do emprego p\u00fablico para o qual se inscreveu, sendo admitida a corre\u00e7\u00e3o por equipamentos, adapta\u00e7\u00f5es, meios ou recursos especiais;<\/li>\n<\/ul>\n<\/li>\n\n\n\n<li>Cumprir as determina\u00e7\u00f5es do edital.<\/li>\n<\/ul>\n\n\n\n<h3 class=\"wp-block-heading\">Atribui\u00e7\u00f5es dos cargos<\/h3>\n\n\n\n<p>Confira a seguir as principais atribui\u00e7\u00f5es dos cargos previstos no concurso Emater MG:<\/p>\n\n\n\n<p><strong>Assistente Administrativo II:<\/strong> presta suporte administrativo \u00e0s unidades da empresa, controlando presta\u00e7\u00f5es de contas, relat\u00f3rios e documentos. Tamb\u00e9m atua nas \u00e1reas de finan\u00e7as, material, patrim\u00f4nio, transporte e recursos humanos.<\/p>\n\n\n\n<p><strong>Extensionista Agropecu\u00e1rio I:<\/strong> oferece assist\u00eancia t\u00e9cnica e orienta\u00e7\u00e3o aos produtores rurais, participa da elabora\u00e7\u00e3o e execu\u00e7\u00e3o de projetos agropecu\u00e1rios e acompanha o desenvolvimento das atividades no campo.<\/p>\n\n\n\n<p><strong>Extensionista Agropecu\u00e1rio II \u2013 Engenharia Agron\u00f4mica:<\/strong> executa projetos de extens\u00e3o rural, elabora estudos t\u00e9cnicos, presta suporte em programas de cr\u00e9dito rural e realiza per\u00edcias e levantamentos em sua \u00e1rea de atua\u00e7\u00e3o.<\/p>\n\n\n\n<p><strong>Extensionista Agropecu\u00e1rio II \u2013 Zootecnia:<\/strong> desenvolve atividades de assist\u00eancia t\u00e9cnica voltadas \u00e0 cria\u00e7\u00e3o e manejo animal, elaborando projetos e orientando produtores conforme sua habilita\u00e7\u00e3o profissional.<\/p>\n\n\n\n<p><strong>Extensionista de Bem-Estar Social II:<\/strong> elabora e acompanha programas sociais voltados ao desenvolvimento das comunidades rurais, atuando nas \u00e1reas de nutri\u00e7\u00e3o, educa\u00e7\u00e3o e servi\u00e7o social.<\/p>\n\n\n\n<p><strong>Assistente T\u00e9cnico I \u2013 diversas \u00e1reas:<\/strong> executa projetos, relat\u00f3rios e pareceres espec\u00edficos de sua \u00e1rea de forma\u00e7\u00e3o (como Administra\u00e7\u00e3o, Arquitetura, Engenharia, Comunica\u00e7\u00e3o, Psicologia, entre outras), oferecendo suporte t\u00e9cnico e estrat\u00e9gico \u00e0s unidades da empresa.<\/p>\n\n\n\n<p><strong>Analista de Sistemas I:<\/strong> desenvolve e mant\u00e9m sistemas informatizados, analisa as necessidades tecnol\u00f3gicas e implementa solu\u00e7\u00f5es digitais que otimizam os processos internos da institui\u00e7\u00e3o.<\/p>\n\n\n\n<p><strong>Assessor Jur\u00eddico:<\/strong> atua na defesa dos interesses jur\u00eddicos da empresa, elaborando pareceres e realizando representa\u00e7\u00f5es judiciais e extrajudiciais, al\u00e9m de prestar assessoria em quest\u00f5es contratuais e administrativas.<\/p>\n\n\n\n<p><strong>Auditor:<\/strong> realiza auditorias financeiras, cont\u00e1beis, fiscais e administrativas, analisa controles internos e orienta gestores sobre boas pr\u00e1ticas de gest\u00e3o e conformidade.<\/p>\n\n\n\n<h3 class=\"wp-block-heading\">Somos a melhor Op\u00e7\u00e3o<\/h3>\n\n\n\n<p>O edital do concurso Emater MG ainda n\u00e3o foi publicado, mas voc\u00ea j\u00e1 pode iniciar sua prepara\u00e7\u00e3o para sair na frente e aumentar suas chances de aprova\u00e7\u00e3o. N\u00e3o sabe por onde come\u00e7ar? Somos a melhor Op\u00e7\u00e3o! Preparamos materiais completos, atualizados e alinhados aos \u00faltimos editais, pensados para orientar seus estudos e levar voc\u00ea at\u00e9 a conquista da sua vaga.<\/p>\n\n\n\n<ul class=\"wp-block-list\">\n<li><strong>Confira agora:\u00a0<a href=\"https:\/\/www.editorasolucao.com.br\/concurso\/empresa-de-assistencia-tecnica-e-extensao-rural-de-minas-gerais\" target=\"_blank\" rel=\"noopener\">Materiais preparat\u00f3rios para o concurso Emater MG!<\/a><\/strong><\/li>\n<\/ul>\n\n\n\n<h3 class=\"wp-block-heading\">\u00daltimo concurso Emater MG<\/h3>\n\n\n\n<p>O \u00faltimo concurso Emater MG aconteceu em 2018, sob organiza\u00e7\u00e3o da Gest\u00e3o de Concursos (Funda\u00e7\u00e3o CefetMinas). Na ocasi\u00e3o, foram disponibilizadas 97 vagas imediatas mais cadastro de reserva, com sal\u00e1rios entre <strong>R$2.330,61 <\/strong>e <strong>R$5.671,67<\/strong>.<\/p>\n\n\n\n<p>Confira a distribui\u00e7\u00e3o das vagas:<\/p>\n\n\n\n<ul class=\"wp-block-list\">\n<li>Assistente Administrativo II \u2013 22 vagas<\/li>\n\n\n\n<li>Auxiliar T\u00e9cnico (Suporte em Inform\u00e1tica) \u2013 1 vaga<\/li>\n\n\n\n<li>Produtor de VT e Audiovisual \u2013 1 vaga<\/li>\n\n\n\n<li>Extensionista Agropecu\u00e1rio I \u2013 21 vagas<\/li>\n\n\n\n<li>Extensionista Agropecu\u00e1rio II (Engenharia Agron\u00f4mica) \u2013 20 vagas<\/li>\n\n\n\n<li>Extensionista Agropecu\u00e1rio II (Zootecnia) \u2013 2 vagas<\/li>\n\n\n\n<li>Extensionista de Bem-Estar Social II \u2013 9 vagas<\/li>\n\n\n\n<li>Assistente T\u00e9cnico I (diversas forma\u00e7\u00f5es) \u2013 12 vagas<\/li>\n\n\n\n<li>Auditor \u2013 2 vagas<\/li>\n\n\n\n<li>Analista de Sistemas I \u2013 2 vagas<\/li>\n\n\n\n<li>Assessor Jur\u00eddico \u2013 3 vagas<\/li>\n<\/ul>\n\n\n\n<p>A prova objetiva foi a \u00fanica etapa de avalia\u00e7\u00e3o, de car\u00e1ter eliminat\u00f3rio e classificat\u00f3rio, aplicada em 11 cidades mineiras.<\/p>\n\n\n\n<p>As provas contaram com as seguintes estruturas:<\/p>\n\n\n\n<ul class=\"wp-block-list\">\n<li>N\u00edvel m\u00e9dio: 50 quest\u00f5es de m\u00faltipla escolha<\/li>\n\n\n\n<li>N\u00edvel superior: 60 quest\u00f5es de m\u00faltipla escolha<\/li>\n<\/ul>\n\n\n\n<p>As quest\u00f5es cobraram:<\/p>\n\n\n\n<ul class=\"wp-block-list\">\n<li>L\u00edngua Portuguesa<\/li>\n\n\n\n<li>Matem\u00e1tica e Racioc\u00ednio L\u00f3gico<\/li>\n\n\n\n<li>Inform\u00e1tica<\/li>\n\n\n\n<li>Conhecimentos Espec\u00edficos da \u00e1rea<\/li>\n<\/ul>\n\n\n\n<p>O concurso Emater MG foi homologado no final de 2018, e novos servidores continuaram a ser convocados at\u00e9 os anos seguintes.<\/p>\n\n\n\n<p><\/p>\n\n\n\n<p><strong>Quer ficar por dentro de tudo sobre o universo de concursos?\u00a0<a href=\"https:\/\/www.apostilasopcao.com.br\/blog\/noticias\/\">Confira as nossas not\u00edcias!<\/a><\/strong><\/p>\n","protected":false},"excerpt":{"rendered":"<p>Um novo concurso Emater MG est\u00e1 vindo a\u00ed! Foram autorizadas mais de 100 vagas para n\u00edveis m\u00e9dio e superior. Iniciais de at\u00e9 R$6 mil. Confira!<\/p>\n","protected":false},"author":5,"featured_media":5369,"comment_status":"closed","ping_status":"closed","sticky":false,"template":"","format":"standard","meta":{"_acf_changed":false,"breadcrumbs_single_post":"","page_title_panel":"","breadcrumbs_single_page":"","single_page_alignment":"","single_page_margin":"","page_structure_type":"","content_style_source":"","content_style":"","blog_post_streched_ed":"","blog_page_streched_ed":"","has_transparent_header":"","disable_transparent_header":"","vertical_spacing_source":"","content_area_spacing":"","single_post_content_background":"","single_page_content_background":"","single_post_boxed_content_spacing":"","single_page_boxed_content_spacing":"","single_post_content_boxed_radius":"","single_page_content_boxed_radius":"","disable_featured_image":"","disable_post_tags":"","disable_author_box":"","disable_posts_navigation":"","disable_comments":"","disable_related_posts":"","disable_header":"","disable_footer":"","footnotes":""},"categories":[4,16],"tags":[500],"class_list":["post-5368","post","type-post","status-publish","format-standard","has-post-thumbnail","hentry","category-noticias","category-mg","tag-concurso-emater-mg","rishi-post"],"acf":{"data_prova":null,"status":"previsto"},"_links":{"self":[{"href":"https:\/\/www.apostilasopcao.com.br\/blog\/wp-json\/wp\/v2\/posts\/5368","targetHints":{"allow":["GET"]}}],"collection":[{"href":"https:\/\/www.apostilasopcao.com.br\/blog\/wp-json\/wp\/v2\/posts"}],"about":[{"href":"https:\/\/www.apostilasopcao.com.br\/blog\/wp-json\/wp\/v2\/types\/post"}],"author":[{"embeddable":true,"href":"https:\/\/www.apostilasopcao.com.br\/blog\/wp-json\/wp\/v2\/users\/5"}],"replies":[{"embeddable":true,"href":"https:\/\/www.apostilasopcao.com.br\/blog\/wp-json\/wp\/v2\/comments?post=5368"}],"version-history":[{"count":8,"href":"https:\/\/www.apostilasopcao.com.br\/blog\/wp-json\/wp\/v2\/posts\/5368\/revisions"}],"predecessor-version":[{"id":5708,"href":"https:\/\/www.apostilasopcao.com.br\/blog\/wp-json\/wp\/v2\/posts\/5368\/revisions\/5708"}],"wp:featuredmedia":[{"embeddable":true,"href":"https:\/\/www.apostilasopcao.com.br\/blog\/wp-json\/wp\/v2\/media\/5369"}],"wp:attachment":[{"href":"https:\/\/www.apostilasopcao.com.br\/blog\/wp-json\/wp\/v2\/media?parent=5368"}],"wp:term":[{"taxonomy":"category","embeddable":true,"href":"https:\/\/www.apostilasopcao.com.br\/blog\/wp-json\/wp\/v2\/categories?post=5368"},{"taxonomy":"post_tag","embeddable":true,"href":"https:\/\/www.apostilasopcao.com.br\/blog\/wp-json\/wp\/v2\/tags?post=5368"}],"curies":[{"name":"wp","href":"https:\/\/api.w.org\/{rel}","templated":true}]}}