{"id":5393,"date":"2025-10-23T10:02:16","date_gmt":"2025-10-23T13:02:16","guid":{"rendered":"https:\/\/www.apostilasopcao.com.br\/blog\/?p=5393"},"modified":"2025-10-23T10:02:19","modified_gmt":"2025-10-23T13:02:19","slug":"if-es","status":"publish","type":"post","link":"https:\/\/www.apostilasopcao.com.br\/blog\/if-es\/","title":{"rendered":"Concurso IFES: Saiu edital para TAE! 11 vagas e at\u00e9 R$5 mil!"},"content":{"rendered":"\n<p>Foi publicado o edital do concurso IFES <a href=\"https:\/\/www.apostilasopcao.com.br\/concurso\/ifes-instituto-federal-de-educacao-ciencia-e-tecnologia-do-espirito-santo\">(Instituto Federal de Educa\u00e7\u00e3o, Ci\u00eancia e Tecnologia do Esp\u00edrito Santo)!<\/a> S\u00e3o ofertadas <strong>11 vagas imediatas<\/strong> para cargos de <strong>n\u00edveis m\u00e9dio, t\u00e9cnico e superior<\/strong>, com sal\u00e1rios que variam de <strong>R$3.483,52 a R$5.967,04<\/strong>, j\u00e1 incluindo o aux\u00edlio-alimenta\u00e7\u00e3o de <strong>R$1.000,00<\/strong>. Se interessou? Confira, a seguir, todos os detalhes do certame!<\/p>\n\n\n\n<h2 class=\"wp-block-heading\">Resumo do edital<\/h2>\n\n\n\n<ul class=\"wp-block-list\">\n<li><strong>Vagas:\u00a0<\/strong>11<\/li>\n\n\n\n<li><strong>Inscri\u00e7\u00f5es:\u00a0<\/strong>22\/10\/2025 a 15\/12\/2025<\/li>\n\n\n\n<li><strong>Taxa de inscri\u00e7\u00e3o:\u00a0<\/strong>R$70 a R$140<\/li>\n\n\n\n<li><strong>Prova:\u00a0<\/strong>15\/02\/2026<\/li>\n\n\n\n<li><strong>Banca:<\/strong>\u00a0Comiss\u00e3o pr\u00f3pria<\/li>\n\n\n\n<li><a href=\"https:\/\/www.apostilasopcao.com.br\/blog\/wp-content\/uploads\/2025\/10\/edital-ifes.pdf\" target=\"_blank\" rel=\"noreferrer noopener\">Baixe o edital<\/a><\/li>\n<\/ul>\n\n\n\n<h2 class=\"wp-block-heading\">Inscri\u00e7\u00f5es para o concurso IFES<\/h2>\n\n\n\n<p>As inscri\u00e7\u00f5es para o concurso IFES devem ser feitas exclusivamente pela internet, no site do <a href=\"https:\/\/www.ifes.edu.br\/processosseletivos\/servidores\/item\/3378-concurso-publico-1-2025-tecnico-administrativos\" target=\"_blank\" rel=\"noreferrer noopener\">IFES,<\/a> at\u00e9 o dia <strong>15 de dezembro de 2025<\/strong>, \u00e0s <strong>23h59<\/strong>.<\/p>\n\n\n\n<p>O valor da taxa de inscri\u00e7\u00e3o varia conforme o n\u00edvel de classifica\u00e7\u00e3o do cargo:<\/p>\n\n\n\n<ul class=\"wp-block-list\">\n<li>N\u00edvel C: <strong>R$70,00<\/strong><\/li>\n\n\n\n<li>N\u00edvel D: <strong>R$110,00<\/strong><\/li>\n\n\n\n<li>N\u00edvel E: <strong>R$140,00<\/strong><\/li>\n<\/ul>\n\n\n\n<p>O pagamento poder\u00e1 ser feito at\u00e9 o dia <strong>19 de dezembro de 2025<\/strong>, em ag\u00eancias banc\u00e1rias ou casas lot\u00e9ricas. A homologa\u00e7\u00e3o da inscri\u00e7\u00e3o ocorrer\u00e1 somente ap\u00f3s a confirma\u00e7\u00e3o do pagamento dentro do prazo previsto.<\/p>\n\n\n\n<h3 class=\"wp-block-heading\">Isen\u00e7\u00e3o da taxa<\/h3>\n\n\n\n<p>Os pedidos de isen\u00e7\u00e3o podem ser feitos at\u00e9 o dia <strong>31 de outubro de 2025<\/strong>, pelo site da pr\u00f3pria institui\u00e7\u00e3o. O benef\u00edcio ser\u00e1 concedido a candidatos que:<\/p>\n\n\n\n<ul class=\"wp-block-list\">\n<li>estejam inscritos no Cadastro \u00danico para Programas Sociais (Cad\u00danico), com renda familiar per capita de at\u00e9 meio sal\u00e1rio-m\u00ednimo nacional; ou<\/li>\n\n\n\n<li>sejam doadores de medula \u00f3ssea em entidades reconhecidas pelo Minist\u00e9rio da Sa\u00fade.<\/li>\n<\/ul>\n\n\n\n<h2 class=\"wp-block-heading\">Cargos e vagas do concurso IFES<\/h2>\n\n\n\n<p>O concurso IFES oferece <strong>11 vagas imediatas<\/strong> distribu\u00eddas entre cargos de <strong>n\u00edveis m\u00e9dio, t\u00e9cnico e superior<\/strong>, com jornadas de 40 horas semanais. <\/p>\n\n\n\n<p>As oportunidades est\u00e3o divididas pelos n\u00edveis de classifica\u00e7\u00e3o <strong>C, D e E<\/strong>, conforme a carreira dos T\u00e9cnicos-Administrativos em Educa\u00e7\u00e3o. Confira:<\/p>\n\n\n\n<p><strong>N\u00edvel C<\/strong><\/p>\n\n\n\n<ul class=\"wp-block-list\">\n<li><a href=\"https:\/\/www.apostilasopcao.com.br\/apostila\/ifes-assistente-aluno\">Assistente de Aluno:<\/a> 2 vagas\n<ul class=\"wp-block-list\">\n<li>Ensino M\u00e9dio completo + experi\u00eancia m\u00ednima de 6 meses<\/li>\n<\/ul>\n<\/li>\n<\/ul>\n\n\n\n<p><strong>N\u00edvel D<\/strong><\/p>\n\n\n\n<ul class=\"wp-block-list\">\n<li><a href=\"https:\/\/www.apostilasopcao.com.br\/apostila\/ifes-assistente-administracao\">Assistente em Administra\u00e7\u00e3o:<\/a> 4 vagas\n<ul class=\"wp-block-list\">\n<li>Ensino M\u00e9dio profissionalizante na \u00e1rea do cargo ou Ensino M\u00e9dio profissionalizante em qualquer \u00e1rea + experi\u00eancia de 12 meses na \u00e1rea administrativa ou Ensino M\u00e9dio completo + experi\u00eancia de 12 meses na \u00e1rea administrativa<\/li>\n<\/ul>\n<\/li>\n\n\n\n<li>T\u00e9cnico de Laborat\u00f3rio \/ \u00c1rea: Log\u00edstica: 1 vaga\n<ul class=\"wp-block-list\">\n<li>Ensino M\u00e9dio Profissionalizante em Log\u00edstica ou Ensino M\u00e9dio Completo + Curso T\u00e9cnico em Log\u00edstica<\/li>\n<\/ul>\n<\/li>\n\n\n\n<li>T\u00e9cnico de Laborat\u00f3rio \/ \u00c1rea: Geoprocessamento: 1 vaga\n<ul class=\"wp-block-list\">\n<li>Ensino M\u00e9dio Profissionalizante em Geoprocessamento, Agrimensura ou Geom\u00e1tica ou Ensino M\u00e9dio Completo + Curso T\u00e9cnico nessas \u00e1reas<\/li>\n<\/ul>\n<\/li>\n\n\n\n<li>T\u00e9cnico de Laborat\u00f3rio \/ \u00c1rea: Inform\u00e1tica: 1 vaga\n<ul class=\"wp-block-list\">\n<li>Ensino M\u00e9dio Profissionalizante em Inform\u00e1tica ou Ensino M\u00e9dio Completo + Curso T\u00e9cnico em Inform\u00e1tica<\/li>\n<\/ul>\n<\/li>\n<\/ul>\n\n\n\n<p><strong>N\u00edvel E<\/strong><\/p>\n\n\n\n<ul class=\"wp-block-list\">\n<li>Psic\u00f3logo: 1 vaga\n<ul class=\"wp-block-list\">\n<li>Curso Superior em Psicologia + registro no conselho profissional<\/li>\n<\/ul>\n<\/li>\n\n\n\n<li>Enfermeiro (\u00c1rea): 1 vaga\n<ul class=\"wp-block-list\">\n<li>Curso Superior em Enfermagem + registro no conselho profissional<\/li>\n<\/ul>\n<\/li>\n<\/ul>\n\n\n\n<p><strong>N\u00e3o perca mais tempo e comece a se preparar ainda hoje! <a href=\"https:\/\/www.apostilasopcao.com.br\/concurso\/ifes-instituto-federal-de-educacao-ciencia-e-tecnologia-do-espirito-santo\">Materiais preparat\u00f3rios para o concurso\u00a0TJ MS!<\/a><\/strong><\/p>\n\n\n\n<h2 class=\"wp-block-heading\">Sal\u00e1rios, benef\u00edcios e gratifica\u00e7\u00f5es<\/h2>\n\n\n\n<p>As remunera\u00e7\u00f5es iniciais do concurso IFES variam conforme o n\u00edvel de classifica\u00e7\u00e3o, podendo chegar a <strong>R$5.967,04<\/strong>, valor que inclui o aux\u00edlio-alimenta\u00e7\u00e3o de R$1.000,00. <\/p>\n\n\n\n<p>Confira a remunera\u00e7\u00e3o inicial por n\u00edvel:<\/p>\n\n\n\n<figure class=\"wp-block-table aligncenter\"><table><thead><tr><th>N\u00edvel de Classifica\u00e7\u00e3o<\/th><th>Classe \/ N\u00edvel Inicial<\/th><th>Vencimento B\u00e1sico<\/th><th>Aux\u00edlio-Alimenta\u00e7\u00e3o<\/th><th>Total de Remunera\u00e7\u00e3o Inicial<\/th><\/tr><\/thead><tbody><tr><td>N\u00edvel C<\/td><td>C 101<\/td><td>R$ 2.483,52<\/td><td>R$ 1.000,00<\/td><td><strong>R$ 3.483,52<\/strong><\/td><\/tr><tr><td>N\u00edvel D<\/td><td>D 101<\/td><td>R$ 3.029,90<\/td><td>R$ 1.000,00<\/td><td><strong>R$ 4.029,90<\/strong><\/td><\/tr><tr><td>N\u00edvel E<\/td><td>E 101<\/td><td>R$ 4.967,04<\/td><td>R$ 1.000,00<\/td><td><strong>R$ 5.967,04<\/strong><\/td><\/tr><\/tbody><\/table><\/figure>\n\n\n\n<p>Confira os demais benef\u00edcios oferecidos no concurso IFES:<\/p>\n\n\n\n<ul class=\"wp-block-list\">\n<li>Aux\u00edlio-transporte: valor vari\u00e1vel conforme deslocamento;<\/li>\n\n\n\n<li>Assist\u00eancia pr\u00e9-escolar: R$ 484,90 por dependente de at\u00e9 6 anos;<\/li>\n\n\n\n<li>Assist\u00eancia \u00e0 sa\u00fade suplementar: entre R$ 106,64 e R$ 411,26, conforme faixa et\u00e1ria e remunera\u00e7\u00e3o;<\/li>\n<\/ul>\n\n\n\n<p><\/p>\n\n\n\n<p>O servidor tamb\u00e9m poder\u00e1 receber incentivo \u00e0 qualifica\u00e7\u00e3o, com acr\u00e9scimos que variam de <strong>10% a 75%<\/strong> sobre o vencimento b\u00e1sico, de acordo com o n\u00edvel de escolaridade superior ao exigido para o cargo. Confira os percentuais:<\/p>\n\n\n<div class=\"wp-block-image\">\n<figure class=\"aligncenter size-full\"><img loading=\"lazy\" decoding=\"async\" width=\"802\" height=\"255\" src=\"https:\/\/www.apostilasopcao.com.br\/blog\/wp-content\/uploads\/2025\/10\/iq-ifes.webp\" alt=\"Incentivo \u00e0 Qualifica\u00e7\u00e3o dos aprovados no concurso IFES!\" class=\"wp-image-5396\" srcset=\"https:\/\/www.apostilasopcao.com.br\/blog\/wp-content\/uploads\/2025\/10\/iq-ifes.webp 802w, https:\/\/www.apostilasopcao.com.br\/blog\/wp-content\/uploads\/2025\/10\/iq-ifes-300x95.webp 300w, https:\/\/www.apostilasopcao.com.br\/blog\/wp-content\/uploads\/2025\/10\/iq-ifes-768x244.webp 768w\" sizes=\"auto, (max-width: 802px) 100vw, 802px\" \/><figcaption class=\"wp-element-caption\"><em>Incentivo \u00e0 Qualifica\u00e7\u00e3o dos aprovados no concurso IFES!<\/em><\/figcaption><\/figure>\n<\/div>\n\n\n<h2 class=\"wp-block-heading\">Lota\u00e7\u00e3o dos cargos<\/h2>\n\n\n\n<p>As vagas oferecidas no concurso IFES ser\u00e3o distribu\u00eddas entre diferentes campi do Instituto Federal do Esp\u00edrito Santo, conforme o edital:<\/p>\n\n\n\n<p><strong>Assistente de Aluno<\/strong><\/p>\n\n\n\n<ul class=\"wp-block-list\">\n<li>Campus Ibatiba \u2013 1 vaga<\/li>\n\n\n\n<li>Campus Montanha \u2013 1 vaga<\/li>\n<\/ul>\n\n\n\n<p><strong>Assistente em Administra\u00e7\u00e3o<\/strong><\/p>\n\n\n\n<ul class=\"wp-block-list\">\n<li>Campus Montanha \u2013 3 vagas<\/li>\n\n\n\n<li>Campus Alegre \u2013 1 vaga<\/li>\n<\/ul>\n\n\n\n<p><strong>T\u00e9cnico de Laborat\u00f3rio \/ Log\u00edstica<\/strong><\/p>\n\n\n\n<ul class=\"wp-block-list\">\n<li>Campus Viana \u2013 1 vaga<\/li>\n<\/ul>\n\n\n\n<p><strong>T\u00e9cnico de Laborat\u00f3rio \/ Geoprocessamento<\/strong><\/p>\n\n\n\n<ul class=\"wp-block-list\">\n<li>Campus Nova Ven\u00e9cia \u2013 1 vaga<\/li>\n<\/ul>\n\n\n\n<p><strong>T\u00e9cnico de Laborat\u00f3rio \/ Inform\u00e1tica<\/strong><\/p>\n\n\n\n<ul class=\"wp-block-list\">\n<li>Campus Itapina \u2013 1 vaga<\/li>\n<\/ul>\n\n\n\n<p><strong>Enfermeiro (\u00c1rea)<\/strong><\/p>\n\n\n\n<ul class=\"wp-block-list\">\n<li>Campus Barra de S\u00e3o Francisco \u2013 1 vaga<\/li>\n<\/ul>\n\n\n\n<p><strong>Psic\u00f3logo<\/strong><\/p>\n\n\n\n<ul class=\"wp-block-list\">\n<li>Campus Cachoeiro de Itapemirim \u2013 1 vaga<\/li>\n<\/ul>\n\n\n\n<h2 class=\"wp-block-heading\">Requisitos para investidura<\/h2>\n\n\n\n<p>Para investidura dos cargos do concurso IFES, \u00e9 necess\u00e1rio que os candidatos atendam aos seguintes requisitos b\u00e1sicos:<\/p>\n\n\n\n<ul class=\"wp-block-list\">\n<li>ter sido aprovado e classificado no concurso p\u00fablico, na forma estabelecida neste Edital;<\/li>\n\n\n\n<li>ser brasileiro nato ou naturalizado ou, se de nacionalidade portuguesa, ser amparado pelo Estatuto da Igualdade entre Brasileiros e Portugueses, com reconhecimento do gozo dos direitos pol\u00edticos, na forma do disposto no art. 13 do Decreto n\u00ba 70.436\/1972 ou estrangeiro, nos termos do Tema 1032 (repercuss\u00e3o geral) do Supremo Tribunal Federal (STF).<\/li>\n\n\n\n<li>gozar dos direitos pol\u00edticos;<\/li>\n\n\n\n<li>estar quite com as obriga\u00e7\u00f5es eleitorais;<\/li>\n\n\n\n<li>estar quite com as obriga\u00e7\u00f5es do Servi\u00e7o Militar (para os candidatos do sexo masculino);<\/li>\n\n\n\n<li>possuir os requisitos de qualifica\u00e7\u00e3o e escolaridade para ingresso exigidos para o exerc\u00edcio do cargo;<\/li>\n\n\n\n<li>ter idade m\u00ednima de 18 anos;<\/li>\n\n\n\n<li>apresentar declara\u00e7\u00e3o do \u00f3rg\u00e3o p\u00fablico a que esteja vinculado, quando for o caso, registrando que o candidato tem situa\u00e7\u00e3o jur\u00eddica compat\u00edvel com nova investidura em cargo p\u00fablico federal, haja vista n\u00e3o ter incidido nos artigos 132, 135 e 137, par\u00e1grafo \u00fanico, da Lei n\u00ba. 8.112\/1990 e suas altera\u00e7\u00f5es (penalidade de demiss\u00e3o e de destitui\u00e7\u00e3o de cargo em comiss\u00e3o), nem ter sofrido, no exerc\u00edcio de fun\u00e7\u00e3o p\u00fablica, penalidade por pr\u00e1tica de atos desabonadores;<\/li>\n\n\n\n<li>apresentar declara\u00e7\u00e3o quanto ao exerc\u00edcio ou n\u00e3o de outro cargo\/emprego ou fun\u00e7\u00e3o p\u00fablica e quanto ao recebimento de proventos de aposentadorias e\/ou pens\u00f5es;<\/li>\n\n\n\n<li>a acumula\u00e7\u00e3o de cargos somente ser\u00e1 permitida naqueles casos estabelecidos na Constitui\u00e7\u00e3o Federal e na Lei n\u00ba 8.112\/1990, desde que comprovada a aus\u00eancia de sobreposi\u00e7\u00e3o entre os hor\u00e1rios de in\u00edcio e fim das jornadas de trabalho<\/li>\n\n\n\n<li>apresentar autoriza\u00e7\u00e3o de acesso aos dados das Declara\u00e7\u00f5es de Ajuste Anual do Imposto de Renda Pessoa F\u00edsica e das respectivas retifica\u00e7\u00f5es apresentadas \u00e0 Secretaria da Receita Federal do Brasil, conforme a Instru\u00e7\u00e3o Normativa \u2013 TCU n\u00ba 67, de 06 de julho de 2011, publicada no Di\u00e1rio Oficial da Uni\u00e3o de 08 de julho de 2011;<\/li>\n\n\n\n<li>ter aptid\u00e3o f\u00edsica e mental, conforme art. 5\u00ba, inciso VI, da lei n\u00ba. 8.112\/1990, que ser\u00e1 averiguada em exame m\u00e9dico admissional, de responsabilidade do Ifes, para o qual se exigir\u00e1 exames laboratoriais e complementares \u00e0s expensas do candidato, cuja rela\u00e7\u00e3o ser\u00e1 oportunamente fornecida;<\/li>\n\n\n\n<li>apresentar todos os documentos indicados para investidura nos cargos relacionados neste Edital, bem como demais documentos exigidos pela Diretoria de Gest\u00e3o de Pessoas\/Coordenadoria de Sele\u00e7\u00e3o e Desenvolvimento de Pessoas do Ifes, localizadas na Reitoria, Avenida Rio Branco, 50, Santa L\u00facia, 29056-255 \u2013 Vit\u00f3ria \u2013 ES;<\/li>\n\n\n\n<li>cumprir as exig\u00eancias deste Edital.<\/li>\n<\/ul>\n\n\n\n<h2 class=\"wp-block-heading\">Etapas de sele\u00e7\u00e3o <\/h2>\n\n\n\n<p>O concurso IFES contar\u00e1 com uma \u00fanica etapa, composta por prova objetiva, de car\u00e1ter classificat\u00f3rio e eliminat\u00f3rio.<\/p>\n\n\n\n<p>A prova ser\u00e1 aplicada no dia <strong>15 de fevereiro de 2026<\/strong>, no turno vespertino, com dura\u00e7\u00e3o de 4 horas, nos munic\u00edpios da Grande Vit\u00f3ria. <\/p>\n\n\n\n<p>O exame ter\u00e1 50 quest\u00f5es de m\u00faltipla escolha, com 5 alternativas e apenas uma correta. Confira a distribui\u00e7\u00e3o das disciplinas:<\/p>\n\n\n\n<ul class=\"wp-block-list\">\n<li>L\u00edngua Portuguesa: 10 quest\u00f5es<\/li>\n\n\n\n<li>Racioc\u00ednio L\u00f3gico: 5 quest\u00f5es<\/li>\n\n\n\n<li>Inform\u00e1tica: 5 quest\u00f5es<\/li>\n\n\n\n<li>Legisla\u00e7\u00e3o: 5 quest\u00f5es<\/li>\n\n\n\n<li>Conhecimentos Espec\u00edficos: 25 quest\u00f5es<\/li>\n<\/ul>\n\n\n\n<p>A prova valer\u00e1 100 pontos, e ser\u00e1 eliminado o candidato que:<\/p>\n\n\n\n<ul class=\"wp-block-list\">\n<li>obtiver menos de 60 pontos no total; ou<\/li>\n\n\n\n<li>alcan\u00e7ar nota zero em qualquer disciplina de Conhecimentos Gerais.<\/li>\n<\/ul>\n\n\n\n<h4 class=\"wp-block-heading\">Somos a melhor Op\u00e7\u00e3o<\/h4>\n\n\n\n<p>Voc\u00ea ir\u00e1 participar do concurso IFES? Somos a melhor Op\u00e7\u00e3o! N\u00f3s contamos com diversos materiais preparat\u00f3rios alinhados e elaborados conforme o edital. Com mais de tr\u00eas d\u00e9cadas de candidatos aprovados, ajudaremos voc\u00ea tamb\u00e9m nesta longa jornada. N\u00e3o perca mais tempo e comece a estudar ainda hoje para o cargo que ir\u00e1 mudar a sua vida!<\/p>\n\n\n\n<ul class=\"wp-block-list\">\n<li><strong>Confira:\u00a0<a href=\"https:\/\/www.apostilasopcao.com.br\/concurso\/ifes-instituto-federal-de-educacao-ciencia-e-tecnologia-do-espirito-santo\">Materiais preparat\u00f3rios para o concurso IFES!<\/a><\/strong><\/li>\n<\/ul>\n\n\n\n<p><\/p>\n\n\n\n<p><strong>Quer ficar por dentro de tudo sobre o universo de concursos?\u00a0<a href=\"https:\/\/www.apostilasopcao.com.br\/blog\/noticias\/\">Confira as nossas not\u00edcias!<\/a><\/strong><\/p>\n\n\n\n<p><\/p>\n","protected":false},"excerpt":{"rendered":"<p>O concurso IFES est\u00e1 ofertando 11 vagas para os cargos de TAE, de n\u00edveis m\u00e9dio, t\u00e9cnico e superior, com sal\u00e1rios iniciais at\u00e9 R$5,9 mil. Confira!<\/p>\n","protected":false},"author":5,"featured_media":5395,"comment_status":"closed","ping_status":"closed","sticky":false,"template":"","format":"standard","meta":{"_acf_changed":false,"breadcrumbs_single_post":"","page_title_panel":"","breadcrumbs_single_page":"","single_page_alignment":"","single_page_margin":"","page_structure_type":"","content_style_source":"","content_style":"","blog_post_streched_ed":"","blog_page_streched_ed":"","has_transparent_header":"","disable_transparent_header":"","vertical_spacing_source":"","content_area_spacing":"","single_post_content_background":"","single_page_content_background":"","single_post_boxed_content_spacing":"","single_page_boxed_content_spacing":"","single_post_content_boxed_radius":"","single_page_content_boxed_radius":"","disable_featured_image":"","disable_post_tags":"","disable_author_box":"","disable_posts_navigation":"","disable_comments":"","disable_related_posts":"","disable_header":"","disable_footer":"","footnotes":""},"categories":[4,13],"tags":[503],"class_list":["post-5393","post","type-post","status-publish","format-standard","has-post-thumbnail","hentry","category-noticias","category-es","tag-concurso-ifes","rishi-post"],"acf":{"data_prova":"20260215","status":"aberto"},"_links":{"self":[{"href":"https:\/\/www.apostilasopcao.com.br\/blog\/wp-json\/wp\/v2\/posts\/5393","targetHints":{"allow":["GET"]}}],"collection":[{"href":"https:\/\/www.apostilasopcao.com.br\/blog\/wp-json\/wp\/v2\/posts"}],"about":[{"href":"https:\/\/www.apostilasopcao.com.br\/blog\/wp-json\/wp\/v2\/types\/post"}],"author":[{"embeddable":true,"href":"https:\/\/www.apostilasopcao.com.br\/blog\/wp-json\/wp\/v2\/users\/5"}],"replies":[{"embeddable":true,"href":"https:\/\/www.apostilasopcao.com.br\/blog\/wp-json\/wp\/v2\/comments?post=5393"}],"version-history":[{"count":1,"href":"https:\/\/www.apostilasopcao.com.br\/blog\/wp-json\/wp\/v2\/posts\/5393\/revisions"}],"predecessor-version":[{"id":5397,"href":"https:\/\/www.apostilasopcao.com.br\/blog\/wp-json\/wp\/v2\/posts\/5393\/revisions\/5397"}],"wp:featuredmedia":[{"embeddable":true,"href":"https:\/\/www.apostilasopcao.com.br\/blog\/wp-json\/wp\/v2\/media\/5395"}],"wp:attachment":[{"href":"https:\/\/www.apostilasopcao.com.br\/blog\/wp-json\/wp\/v2\/media?parent=5393"}],"wp:term":[{"taxonomy":"category","embeddable":true,"href":"https:\/\/www.apostilasopcao.com.br\/blog\/wp-json\/wp\/v2\/categories?post=5393"},{"taxonomy":"post_tag","embeddable":true,"href":"https:\/\/www.apostilasopcao.com.br\/blog\/wp-json\/wp\/v2\/tags?post=5393"}],"curies":[{"name":"wp","href":"https:\/\/api.w.org\/{rel}","templated":true}]}}