{"id":5448,"date":"2026-02-05T08:27:46","date_gmt":"2026-02-05T11:27:46","guid":{"rendered":"https:\/\/www.apostilasopcao.com.br\/blog\/?p=5448"},"modified":"2026-02-05T08:27:50","modified_gmt":"2026-02-05T11:27:50","slug":"prefeitura-de-betim-mg","status":"publish","type":"post","link":"https:\/\/www.apostilasopcao.com.br\/blog\/prefeitura-de-betim-mg\/","title":{"rendered":"Concurso Prefeitura de Betim: 781 vagas! Provas em mar\u00e7o!"},"content":{"rendered":"\n<p>Aten\u00e7\u00e3o, concurseiros! Est\u00e1 publicado o edital do concurso Prefeitura de Betim, em Minas Gerais, com <strong>781 vagas<\/strong> para <strong>n\u00edveis m\u00e9dio e superior<\/strong> na \u00e1rea da <strong>educa\u00e7\u00e3o<\/strong>, com sal\u00e1rios iniciais de at\u00e9 <strong>R$5,9 mil<\/strong>. As inscri\u00e7\u00f5es j\u00e1 encerraram. A taxa de participa\u00e7\u00e3o foi de <strong>R$ 90,00 <\/strong>para cargos de n\u00edvel m\u00e9dio e <strong>R$ 100,00<\/strong> para cargos de n\u00edvel superior.  A prova objetiva est\u00e1 marcada para o dia<strong> 22 de mar\u00e7o de 2026<\/strong>. Para se preparar, confira a\u00a0<a href=\"https:\/\/www.apostilasopcao.com.br\/concurso\/prefeitura-de-betim-mg\">Apostila Prefeitura de Betim<\/a>\u00a0com conte\u00fado completo e atualizado conforme o edital!<\/p>\n\n\n\n<h2 class=\"wp-block-heading\">Resumo do edital<\/h2>\n\n\n\n<ul class=\"wp-block-list\">\n<li><strong>Vagas:&nbsp;<\/strong>781<\/li>\n\n\n\n<li><strong>Inscri\u00e7\u00f5es:&nbsp;<\/strong>02\/01\/2026 a 02\/02\/2026<\/li>\n\n\n\n<li><strong>Taxa de inscri\u00e7\u00e3o:&nbsp;<\/strong>R$90 a R$100<\/li>\n\n\n\n<li><strong>Prova:&nbsp;<\/strong>22\/03\/2026<\/li>\n\n\n\n<li><strong>Banca:<\/strong>&nbsp;Instituto Brasileiro de Gest\u00e3o e Pesquisa (IBGP)<\/li>\n\n\n\n<li><a href=\"https:\/\/www.apostilasopcao.com.br\/blog\/wp-content\/uploads\/2025\/10\/EDITAL-CONCURSO-BETIM.pdf\">Baixe o edital 01\/2025 Concurso Prefeitura de Betim<\/a><\/li>\n<\/ul>\n\n\n\n<h2 class=\"wp-block-heading\">Como foram as inscri\u00e7\u00f5es do concurso Prefeitura de Betim?<\/h2>\n\n\n\n<p>As inscri\u00e7\u00f5es para o concurso Prefeitura de Betim ficaram abertas e puderam ser realizadas entre os dias <strong>2 de janeiro de 2026 e 2 de fevereiro de 2026<\/strong>, exclusivamente pelo site do <a href=\"https:\/\/novo.ibgpconcursos.com.br\/concurso.jsp?cod=610\" target=\"_blank\" rel=\"noreferrer noopener\">Instituto IBGP<\/a>.<\/p>\n\n\n\n<p>O valor da taxa de inscri\u00e7\u00e3o variou conforme o n\u00edvel de escolaridade exigido para o cargo pretendido:<\/p>\n\n\n\n<ul class=\"wp-block-list\">\n<li><strong>R$90,00<\/strong>&nbsp;para cargos de n\u00edvel m\u00e9dio;<\/li>\n\n\n\n<li><strong>R$100,00<\/strong>&nbsp;para cargos de n\u00edvel superior;<\/li>\n<\/ul>\n\n\n\n<p>O pagamento p\u00f4de ser realizado por boleto banc\u00e1rio ou via PIX, exclusivamente pelo QR Code gerado na \u00c1rea do Candidato, at\u00e9 o dia <strong>3 de fevereiro de 2026<\/strong>.<\/p>\n\n\n\n<h3 class=\"wp-block-heading\">Isen\u00e7\u00e3o<\/h3>\n\n\n\n<p>O pedido de isen\u00e7\u00e3o do pagamento da taxa p\u00f4de ser realizado entre os dias <strong>2 de janeiro de 2026 e 6 de janeiro de 2026<\/strong>, tamb\u00e9m no portal do Instituto IBGP.<\/p>\n\n\n\n<p>Tiveram direito \u00e0 isen\u00e7\u00e3o os candidatos:<\/p>\n\n\n\n<ul class=\"wp-block-list\">\n<li>Ser <strong>cidad\u00e3o desempregado<\/strong>, conforme requisitos do edital;<\/li>\n\n\n\n<li>Ser <strong>membro de fam\u00edlia de baixa renda<\/strong> inscrita no Cadastro \u00danico para Programas Sociais do Governo Federal (Cad\u00danico);<\/li>\n\n\n\n<li>Estar em <strong>situa\u00e7\u00e3o de insufici\u00eancia econ\u00f4mico-financeira<\/strong>, comprovada por declara\u00e7\u00e3o pr\u00f3pria;<\/li>\n\n\n\n<li>Ser <strong>doador de medula \u00f3ssea<\/strong> registrado no Registro Nacional de Doadores de Medula \u00d3ssea (REDOME).<\/li>\n<\/ul>\n\n\n\n<h2 class=\"wp-block-heading\">Cargos, vagas e sal\u00e1rios<\/h2>\n\n\n\n<p>O concurso Prefeitura de Betim oferece <strong>781 vagas<\/strong>&nbsp;com oportunidades que contemplam fun\u00e7\u00f5es como auxiliar administrativo, t\u00e9cnicos e professores.<\/p>\n\n\n\n<p>As oportunidades abrangem todos os n\u00edveis de escolaridade, do m\u00e9dio ao superior, com sal\u00e1rios que variam de&nbsp;<strong>R$ 1.669,46<\/strong>&nbsp;a&nbsp;<strong>R$ 5.953,88<\/strong>, al\u00e9m de cargos com remunera\u00e7\u00e3o conforme o piso profissional da categoria.<\/p>\n\n\n\n<p>A carga hor\u00e1ria semanal varia de 20h a 40h, de acordo com o cargo. Abaixo, confira a distribui\u00e7\u00e3o completa das vagas e respectivos sal\u00e1rios:<\/p>\n\n\n\n<h3 class=\"wp-block-heading\">N\u00edvel m\u00e9dio<\/h3>\n\n\n\n<ul class=\"wp-block-list\">\n<li>Auxiliar Administrativo de Centro Infantil Municipal: 14 vagas\n<ul class=\"wp-block-list\">\n<li>R$ 3.338,92<\/li>\n<\/ul>\n<\/li>\n<\/ul>\n\n\n\n<ul class=\"wp-block-list\">\n<li>T\u00e9cnico de Biblioteca: 99 vagas\n<ul class=\"wp-block-list\">\n<li>R$ 1.669,46<\/li>\n<\/ul>\n<\/li>\n<\/ul>\n\n\n\n<ul class=\"wp-block-list\">\n<li>T\u00e9cnico de Secretaria: 33 vagas\n<ul class=\"wp-block-list\">\n<li>R$ 1.669,46<\/li>\n<\/ul>\n<\/li>\n<\/ul>\n\n\n\n<h3 class=\"wp-block-heading\">N\u00edvel superior<\/h3>\n\n\n\n<ul class=\"wp-block-list\">\n<li>Bibliotec\u00f4nomo: 4 vagas\n<ul class=\"wp-block-list\">\n<li>R$ 5.953,88<\/li>\n<\/ul>\n<\/li>\n<\/ul>\n\n\n\n<ul class=\"wp-block-list\">\n<li>Pedagogo: 62 vagas\n<ul class=\"wp-block-list\">\n<li>R$ 3.747,96<\/li>\n<\/ul>\n<\/li>\n<\/ul>\n\n\n\n<ul class=\"wp-block-list\">\n<li>Professor da Educa\u00e7\u00e3o Infantil \u2013 PEI: 18 vagas\n<ul class=\"wp-block-list\">\n<li>R$ 4.914,75<\/li>\n<\/ul>\n<\/li>\n<\/ul>\n\n\n\n<ul class=\"wp-block-list\">\n<li>Professor PI \u2013 L: 349 vagas\n<ul class=\"wp-block-list\">\n<li>R$ 3.747,96<\/li>\n<\/ul>\n<\/li>\n<\/ul>\n\n\n\n<ul class=\"wp-block-list\">\n<li>Professor PII \u2013 Arte: 5 vagas\n<ul class=\"wp-block-list\">\n<li>R$ 3.747,96<\/li>\n<\/ul>\n<\/li>\n<\/ul>\n\n\n\n<ul class=\"wp-block-list\">\n<li>Professor PII \u2013 Ci\u00eancias: 33 vagas\n<ul class=\"wp-block-list\">\n<li>R$ 3.747,96<\/li>\n<\/ul>\n<\/li>\n<\/ul>\n\n\n\n<ul class=\"wp-block-list\">\n<li>Professor PII \u2013 Educa\u00e7\u00e3o F\u00edsica: 28 vagas\n<ul class=\"wp-block-list\">\n<li>R$ 3.747,96<\/li>\n<\/ul>\n<\/li>\n<\/ul>\n\n\n\n<ul class=\"wp-block-list\">\n<li>Professor PII \u2013 Ensino Religioso: 11 vagas\n<ul class=\"wp-block-list\">\n<li>R$ 3.747,96<\/li>\n<\/ul>\n<\/li>\n<\/ul>\n\n\n\n<ul class=\"wp-block-list\">\n<li>Professor PII \u2013 Geografia: 14 vagas\n<ul class=\"wp-block-list\">\n<li>R$ 3.747,96<\/li>\n<\/ul>\n<\/li>\n<\/ul>\n\n\n\n<ul class=\"wp-block-list\">\n<li>Professor PII \u2013 Hist\u00f3ria: 19 vagas\n<ul class=\"wp-block-list\">\n<li>R$ 3.747,96<\/li>\n<\/ul>\n<\/li>\n<\/ul>\n\n\n\n<ul class=\"wp-block-list\">\n<li>Professor PII \u2013 L\u00edngua Inglesa: 44 vagas\n<ul class=\"wp-block-list\">\n<li>R$ 3.747,96<\/li>\n<\/ul>\n<\/li>\n<\/ul>\n\n\n\n<ul class=\"wp-block-list\">\n<li>Professor PII \u2013 L\u00edngua Portuguesa: 17 vagas\n<ul class=\"wp-block-list\">\n<li>R$ 3.747,96<\/li>\n<\/ul>\n<\/li>\n<\/ul>\n\n\n\n<ul class=\"wp-block-list\">\n<li>Professor PII \u2013 Matem\u00e1tica: 31 vagas\n<ul class=\"wp-block-list\">\n<li>R$ 3.747,96<\/li>\n<\/ul>\n<\/li>\n<\/ul>\n\n\n\n<p><strong>Para se preparar, confira a\u00a0<a href=\"https:\/\/www.apostilasopcao.com.br\/concurso\/prefeitura-de-betim-mg\">Apostila Prefeitura de Betim<\/a>\u00a0com conte\u00fado completo e atualizado conforme o edital!<\/strong><\/p>\n\n\n\n<h2 class=\"wp-block-heading\">Requisitos b\u00e1sicos<\/h2>\n\n\n\n<p>Para tomar posse dos cargos do concurso Prefeitura de Betim, \u00e9 necess\u00e1rio que os candidatos atendam aos seguintes requisitos b\u00e1sicos:<\/p>\n\n\n\n<ul class=\"wp-block-list\">\n<li>Ter sido classificado no concurso p\u00fablico, conforme as normas do edital e anexos;<\/li>\n\n\n\n<li>Ser brasileiro nato ou naturalizado, ou, no caso de nacionalidade portuguesa, estar amparado pelo Estatuto da Igualdade entre Brasileiros e Portugueses, com reconhecimento do gozo dos direitos pol\u00edticos, conforme \u00a71\u00ba do art. 12 da Constitui\u00e7\u00e3o Federal e Decreto Federal n\u00ba 70.436\/1972;<\/li>\n\n\n\n<li>Estar em gozo dos direitos pol\u00edticos;<\/li>\n\n\n\n<li>Estar quite com as obriga\u00e7\u00f5es eleitorais;<\/li>\n\n\n\n<li>Estar em dia com as obriga\u00e7\u00f5es militares, se do sexo masculino;<\/li>\n\n\n\n<li>Ter idade m\u00ednima de 18 anos completos no ato da nomea\u00e7\u00e3o;<\/li>\n\n\n\n<li>Ser julgado apto f\u00edsica e mentalmente para o exerc\u00edcio do cargo, mediante inspe\u00e7\u00e3o m\u00e9dica oficial e avalia\u00e7\u00e3o multiprofissional em caso de pessoa com defici\u00eancia (PcD);<\/li>\n\n\n\n<li>Apresentar comprova\u00e7\u00e3o da escolaridade m\u00ednima e demais requisitos exigidos para o cargo, conforme o Anexo I do edital;<\/li>\n\n\n\n<li>N\u00e3o ser aposentado por invalidez nem possuir idade igual ou superior \u00e0 de aposentadoria compuls\u00f3ria (75 anos);<\/li>\n\n\n\n<li>N\u00e3o receber proventos de aposentadoria cumulados com remunera\u00e7\u00e3o de cargo, emprego ou fun\u00e7\u00e3o p\u00fablica, salvo nos casos previstos na Constitui\u00e7\u00e3o;<\/li>\n\n\n\n<li>N\u00e3o acumular cargos p\u00fablicos, exceto nas hip\u00f3teses legais previstas na Constitui\u00e7\u00e3o Federal<\/li>\n<\/ul>\n\n\n\n<h2 class=\"wp-block-heading\">Etapas do concurso Prefeitura de Betim<\/h2>\n\n\n\n<p>O concurso Prefeitura de Betim ser\u00e1 composto por <strong>quatro etapas<\/strong>, de acordo com o cargo pretendido:<\/p>\n\n\n\n<ul class=\"wp-block-list\">\n<li><strong>Prova objetiva<\/strong>, de car\u00e1ter eliminat\u00f3rio e classificat\u00f3rio, para todos os cargos;<\/li>\n\n\n\n<li><strong>Prova discursiva (reda\u00e7\u00e3o)<\/strong>, de car\u00e1ter eliminat\u00f3rio e classificat\u00f3rio, aplicada no mesmo dia da objetiva;<\/li>\n\n\n\n<li><strong>Prova de t\u00edtulos<\/strong>, de car\u00e1ter classificat\u00f3rio, exclusiva para os cargos de n\u00edvel superior;<\/li>\n\n\n\n<li><strong>Procedimento de heteroidentifica\u00e7\u00e3o<\/strong>, de car\u00e1ter deferido\/indeferido, destinado aos candidatos autodeclarados pretos ou pardos.<\/li>\n<\/ul>\n\n\n\n<h3 class=\"wp-block-heading\">Prova objetiva<\/h3>\n\n\n\n<p>A prova objetiva  concurso Prefeitura de Betim ser\u00e1 composta por <strong>40 quest\u00f5es de m\u00faltipla escolha<\/strong>, com quatro alternativas e apenas uma resposta correta. A distribui\u00e7\u00e3o das quest\u00f5es varia conforme o n\u00edvel de escolaridade:<\/p>\n\n\n\n<p><strong>N\u00edvel m\u00e9dio e t\u00e9cnico<\/strong><\/p>\n\n\n\n<ul class=\"wp-block-list\">\n<li>L\u00edngua Portuguesa \u2013 10 quest\u00f5es<\/li>\n\n\n\n<li>Racioc\u00ednio L\u00f3gico \u2013 5 quest\u00f5es<\/li>\n\n\n\n<li>No\u00e7\u00f5es de Inform\u00e1tica \u2013 5 quest\u00f5es<\/li>\n\n\n\n<li>Legisla\u00e7\u00e3o Municipal \u2013 5 quest\u00f5es<\/li>\n\n\n\n<li>Conhecimentos Gerais \u2013 5 quest\u00f5es<\/li>\n\n\n\n<li>Conhecimentos Espec\u00edficos \u2013 10 quest\u00f5es<\/li>\n<\/ul>\n\n\n\n<p><strong>N\u00edvel superior<\/strong><\/p>\n\n\n\n<ul class=\"wp-block-list\">\n<li>L\u00edngua Portuguesa \u2013 10 quest\u00f5es<\/li>\n\n\n\n<li>Racioc\u00ednio L\u00f3gico \u2013 5 quest\u00f5es<\/li>\n\n\n\n<li>No\u00e7\u00f5es de Inform\u00e1tica \u2013 5 quest\u00f5es<\/li>\n\n\n\n<li>Legisla\u00e7\u00e3o \u2013 5 quest\u00f5es<\/li>\n\n\n\n<li>Conhecimentos Gerais \u2013 5 quest\u00f5es<\/li>\n\n\n\n<li>Conhecimentos Espec\u00edficos \u2013 10 quest\u00f5es<\/li>\n<\/ul>\n\n\n\n<p>O candidato dever\u00e1 atingir <strong>no m\u00ednimo 60% da pontua\u00e7\u00e3o total da prova<\/strong> e n\u00e3o poder\u00e1 zerar nenhuma disciplina para ser considerado aprovado.<\/p>\n\n\n\n<h3 class=\"wp-block-heading\">Somos a melhor Op\u00e7\u00e3o<\/h3>\n\n\n\n<p>Quer conquistar uma vaga no concurso Prefeitura de Betim? Somos a melhore Op\u00e7\u00e3o! N\u00f3s preparamos diversos materiais realmente focados conforme o edital que te ajudar\u00e3o a conquistar o cargo dos sonhos. N\u00e3o perca mais tempo e comece a se preparar ainda hoje!<\/p>\n\n\n\n<ul class=\"wp-block-list\">\n<li><strong>Confira:\u00a0<a href=\"https:\/\/www.apostilasopcao.com.br\/concurso\/prefeitura-de-betim-mg\">Apostilas Prefeitura de Betim<\/a>!<\/strong><\/li>\n<\/ul>\n\n\n\n<h3 class=\"wp-block-heading\">Prova discursiva (reda\u00e7\u00e3o)<\/h3>\n\n\n\n<p>A reda\u00e7\u00e3o, aplicada no mesmo dia da objetiva, valer\u00e1 <strong>20 pontos<\/strong> e ter\u00e1 dura\u00e7\u00e3o de <strong>4 horas<\/strong> no total (considerando ambas as provas) ser\u00e1 um texto dissertativo com m\u00ednimo de 20 linhas e m\u00e1ximo 30 linhas. O candidato ser\u00e1 avaliado quanto \u00e0 coer\u00eancia, coes\u00e3o, argumenta\u00e7\u00e3o e corre\u00e7\u00e3o gramatical. Ser\u00e1 aprovado quem obtiver <strong>m\u00ednimo de 60% da pontua\u00e7\u00e3o total da reda\u00e7\u00e3o<\/strong>.<\/p>\n\n\n\n<h3 class=\"wp-block-heading\">Prova de t\u00edtulos<\/h3>\n\n\n\n<p>A prova de t\u00edtulos ser\u00e1 realizada apenas para cargos de <strong>n\u00edvel superior<\/strong>, com car\u00e1ter classificat\u00f3rio, e atribuir\u00e1 pontos conforme a titula\u00e7\u00e3o acad\u00eamica (especializa\u00e7\u00e3o, mestrado e doutorado). Conforme prazo:<\/p>\n\n\n\n<ul class=\"wp-block-list\">\n<li>Per\u00edodo para envio dos t\u00edtulos: <strong>08\/06 a 10\/06\/2026<\/strong><\/li>\n\n\n\n<li>Resultado preliminar da prova de t\u00edtulos: <strong>29\/06\/2026<\/strong><\/li>\n\n\n\n<li>Abertura de recurso contra o resultado: <strong>30\/06 a 02\/07\/2026<\/strong><\/li>\n\n\n\n<li>Resultado p\u00f3s-recurso da prova de t\u00edtulos: <strong>10\/07\/2026<\/strong><\/li>\n<\/ul>\n\n\n\n<p>A avalia\u00e7\u00e3o de t\u00edtulos ser\u00e1 aplicada exclusivamente aos candidatos de n\u00edvel superior. Confira os t\u00edtulos que ser\u00e3o avaliados no concurso Prefeitura de Betim:<\/p>\n\n\n\n<figure class=\"wp-block-image size-full\"><img loading=\"lazy\" decoding=\"async\" width=\"777\" height=\"742\" src=\"https:\/\/www.apostilasopcao.com.br\/blog\/wp-content\/uploads\/2025\/10\/image.png\" alt=\"Tabelas de pontua\u00e7\u00e3o de t\u00edtulos concurso Prefeitura de Betim!\" class=\"wp-image-5463\" srcset=\"https:\/\/www.apostilasopcao.com.br\/blog\/wp-content\/uploads\/2025\/10\/image.png 777w, https:\/\/www.apostilasopcao.com.br\/blog\/wp-content\/uploads\/2025\/10\/image-300x286.png 300w, https:\/\/www.apostilasopcao.com.br\/blog\/wp-content\/uploads\/2025\/10\/image-768x733.png 768w\" sizes=\"auto, (max-width: 777px) 100vw, 777px\" \/><\/figure>\n\n\n\n<p>Essa fase tem pontua\u00e7\u00e3o m\u00e1xima de 10 pontos, ainda que a soma dos t\u00edtulos apresentados ultrapasse esse valor.<\/p>\n\n\n\n<h3 class=\"wp-block-heading\">Procedimento de heteroidentifica\u00e7\u00e3o<\/h3>\n\n\n\n<p>Etapa destinada aos candidatos autodeclarados pretos ou pardos, com car\u00e1ter deferido ou indeferido.<\/p>\n\n\n\n<p><strong>Prazos dessa etapa:<\/strong><\/p>\n\n\n\n<ul class=\"wp-block-list\">\n<li>Convoca\u00e7\u00e3o para o procedimento de heteroidentifica\u00e7\u00e3o (online): <strong>10\/07\/2026<\/strong><\/li>\n\n\n\n<li>Envio de foto\/v\u00eddeo para an\u00e1lise: <strong>13\/07 a 15\/07\/2026<\/strong><\/li>\n\n\n\n<li>Resultado preliminar: <strong>27\/07\/2026<\/strong><\/li>\n\n\n\n<li>Abertura de recurso contra o resultado: <strong>28\/07 a 30\/07\/2026<\/strong><\/li>\n<\/ul>\n\n\n\n<p>Essas etapas do concurso Prefeitura de Betim t\u00eam por objetivo avaliar o conhecimento t\u00e9cnico, a capacidade de express\u00e3o escrita e as qualifica\u00e7\u00f5es acad\u00eamicas dos candidatos, garantindo transpar\u00eancia e crit\u00e9rios objetivos em todas as fases do concurso Prefeitura de Betim.<\/p>\n\n\n\n<p><strong>Quer ficar por dentro de tudo sobre o universo de concursos?&nbsp;<a href=\"https:\/\/www.apostilasopcao.com.br\/blog\/noticias\/\">Confira as nossas not\u00edcias!<\/a><\/strong><\/p>\n","protected":false},"excerpt":{"rendered":"<p>A Prefeitura de Betim, em Minas Gerais, publicou edital com 781 vagas para cargos de n\u00edveis m\u00e9dio e superior na \u00e1rea da educa\u00e7\u00e3o. Sal\u00e1rios chegam a R$ 5.9 mil, provas marcadas para mar\u00e7o. Saiba mais!<\/p>\n","protected":false},"author":12,"featured_media":5487,"comment_status":"closed","ping_status":"closed","sticky":false,"template":"","format":"standard","meta":{"_acf_changed":false,"breadcrumbs_single_post":"","page_title_panel":"","breadcrumbs_single_page":"","single_page_alignment":"","single_page_margin":"","page_structure_type":"","content_style_source":"","content_style":"","blog_post_streched_ed":"","blog_page_streched_ed":"","has_transparent_header":"","disable_transparent_header":"","vertical_spacing_source":"","content_area_spacing":"","single_post_content_background":"","single_page_content_background":"","single_post_boxed_content_spacing":"","single_page_boxed_content_spacing":"","single_post_content_boxed_radius":"","single_page_content_boxed_radius":"","disable_featured_image":"","disable_post_tags":"","disable_author_box":"","disable_posts_navigation":"","disable_comments":"","disable_related_posts":"","disable_header":"","disable_footer":"","footnotes":""},"categories":[4,16],"tags":[506],"class_list":["post-5448","post","type-post","status-publish","format-standard","has-post-thumbnail","hentry","category-noticias","category-mg","tag-concurso-prefeitura-de-betim","rishi-post"],"acf":{"data_prova":"20260322","status":"aberto"},"_links":{"self":[{"href":"https:\/\/www.apostilasopcao.com.br\/blog\/wp-json\/wp\/v2\/posts\/5448","targetHints":{"allow":["GET"]}}],"collection":[{"href":"https:\/\/www.apostilasopcao.com.br\/blog\/wp-json\/wp\/v2\/posts"}],"about":[{"href":"https:\/\/www.apostilasopcao.com.br\/blog\/wp-json\/wp\/v2\/types\/post"}],"author":[{"embeddable":true,"href":"https:\/\/www.apostilasopcao.com.br\/blog\/wp-json\/wp\/v2\/users\/12"}],"replies":[{"embeddable":true,"href":"https:\/\/www.apostilasopcao.com.br\/blog\/wp-json\/wp\/v2\/comments?post=5448"}],"version-history":[{"count":14,"href":"https:\/\/www.apostilasopcao.com.br\/blog\/wp-json\/wp\/v2\/posts\/5448\/revisions"}],"predecessor-version":[{"id":9934,"href":"https:\/\/www.apostilasopcao.com.br\/blog\/wp-json\/wp\/v2\/posts\/5448\/revisions\/9934"}],"wp:featuredmedia":[{"embeddable":true,"href":"https:\/\/www.apostilasopcao.com.br\/blog\/wp-json\/wp\/v2\/media\/5487"}],"wp:attachment":[{"href":"https:\/\/www.apostilasopcao.com.br\/blog\/wp-json\/wp\/v2\/media?parent=5448"}],"wp:term":[{"taxonomy":"category","embeddable":true,"href":"https:\/\/www.apostilasopcao.com.br\/blog\/wp-json\/wp\/v2\/categories?post=5448"},{"taxonomy":"post_tag","embeddable":true,"href":"https:\/\/www.apostilasopcao.com.br\/blog\/wp-json\/wp\/v2\/tags?post=5448"}],"curies":[{"name":"wp","href":"https:\/\/api.w.org\/{rel}","templated":true}]}}