{"id":5453,"date":"2025-10-29T10:39:46","date_gmt":"2025-10-29T13:39:46","guid":{"rendered":"https:\/\/www.apostilasopcao.com.br\/blog\/?p=5453"},"modified":"2025-11-04T12:13:24","modified_gmt":"2025-11-04T15:13:24","slug":"alego","status":"publish","type":"post","link":"https:\/\/www.apostilasopcao.com.br\/blog\/alego\/","title":{"rendered":"Concurso Alego: Saiu edital com 101 vagas de n\u00edveis m\u00e9dio e superior!"},"content":{"rendered":"\n<p>O edital do concurso Alego <a href=\"https:\/\/www.apostilasopcao.com.br\/concurso\/assembleia-legislativa-do-estado-de-goias\">(Assembleia Legislativa do Estado de Goi\u00e1s)<\/a> foi publicado! O certame oferece <strong>101 vagas<\/strong> para cargos de <strong>n\u00edveis m\u00e9dio, t\u00e9cnico e superior<\/strong>, abrangendo diferentes \u00e1reas administrativas, t\u00e9cnicas e legislativas. As remunera\u00e7\u00f5es iniciais variam entre <strong>R$7.408,90 <\/strong>e<strong> R$10.150,33<\/strong>, conforme o cargo, com jornadas de trabalho de <strong>5 a 6 horas di\u00e1rias<\/strong>. As provas est\u00e3o previstas para o dia <strong>8 de fevereiro de 2026. <\/strong>Para se preparar, confira a\u00a0<a href=\"https:\/\/www.apostilasopcao.com.br\/concurso\/assembleia-legislativa-do-estado-de-goias\">apostila Alego<\/a>\u00a0com conte\u00fado completo e atualizado conforme o edital.<\/p>\n\n\n\n<h2 class=\"wp-block-heading\">Resumo do edital<\/h2>\n\n\n\n<ul class=\"wp-block-list\">\n<li><strong>Vagas:&nbsp;<\/strong>101<\/li>\n\n\n\n<li><strong>Inscri\u00e7\u00f5es:<\/strong>&nbsp;11\/11\/2025 a 10\/12\/2025<\/li>\n\n\n\n<li><strong>Taxa de inscri\u00e7\u00e3o:<\/strong>&nbsp;R$120,00 a R$195,00<\/li>\n\n\n\n<li><strong>Prova:<\/strong>&nbsp;08\/02\/2026<\/li>\n\n\n\n<li><strong>Banca:<\/strong>&nbsp;FGV<\/li>\n\n\n\n<li><a href=\"https:\/\/www.apostilasopcao.com.br\/blog\/wp-content\/uploads\/2025\/10\/edital-alego.pdf\" target=\"_blank\" rel=\"noreferrer noopener\">Baixe o edital<\/a><\/li>\n<\/ul>\n\n\n\n<h2 class=\"wp-block-heading\">Como se inscrever no concurso Alego<\/h2>\n\n\n\n<p>As inscri\u00e7\u00f5es para o concurso Alego poder\u00e3o ser feitas no site da <a href=\"https:\/\/conhecimento.fgv.br\/concursos\/alego25\" target=\"_blank\" rel=\"noreferrer noopener\">FGV,<\/a> entre os dias <strong>11 de novembro <\/strong>e<strong> 10 de dezembro de 2025<\/strong>, at\u00e9 \u00e0s 16h. <\/p>\n\n\n\n<p>Para validar a inscri\u00e7\u00e3o, \u00e9 preciso gerar e pagar o boleto at\u00e9 o dia <strong>11 de dezembro de 2025<\/strong>. As taxas s\u00e3o de <strong>R$195,00<\/strong> para Analista Legislativo e <strong>R$120,00<\/strong> para Assistente Legislativo e Policial Legislativo. <\/p>\n\n\n\n<p>A isen\u00e7\u00e3o pode ser solicitada entre os dias <strong>11 e 13 de novembro de 2025<\/strong>, tamb\u00e9m pelo site da FGV. Podem pedir isen\u00e7\u00e3o os candidatos que:<\/p>\n\n\n\n<ul class=\"wp-block-list\">\n<li>tenham renda familiar inferior a dois sal\u00e1rios m\u00ednimos;<\/li>\n\n\n\n<li>sejam benefici\u00e1rios de programas de transfer\u00eancia de renda;<\/li>\n\n\n\n<li>sejam doadores regulares de sangue, medula \u00f3ssea ou leite materno.<\/li>\n<\/ul>\n\n\n\n<p>\u00c9 necess\u00e1rio enviar os documentos comprobat\u00f3rios no ato da solicita\u00e7\u00e3o. O resultado preliminar ser\u00e1 divulgado em <strong>27 de novembro de 2025<\/strong>, com prazo de dois dias \u00fateis para recurso.<\/p>\n\n\n\n<h2 class=\"wp-block-heading\">Cargos, vagas e sal\u00e1rios<\/h2>\n\n\n\n<p>O concurso Alego est\u00e1 ofertando <strong>101 vagas imediatas<\/strong> para cargos de n\u00edveis m\u00e9dio e superior. Confira os detalhes:<\/p>\n\n\n\n<h3 class=\"wp-block-heading\">N\u00edvel m\u00e9dio e t\u00e9cnico<\/h3>\n\n\n\n<p><strong>Assistente Legislativo<\/strong><\/p>\n\n\n\n<ul class=\"wp-block-list\">\n<li>Assistente de Suporte em TI: 7 vagas<br>R$ 7.408,90 | 6h di\u00e1rias<\/li>\n\n\n\n<li>Fot\u00f3grafo: 2 vagas<br>R$ 7.408,90 | 5h di\u00e1rias<\/li>\n\n\n\n<li>T\u00e9cnico de Grava\u00e7\u00e3o e Som: 2 vagas<br>R$ 7.408,90 | 6h di\u00e1rias<\/li>\n\n\n\n<li>T\u00e9cnico em Refrigera\u00e7\u00e3o e Ar-Condicionado: 1 vaga<br>R$ 7.408,90 | 6h di\u00e1rias<\/li>\n<\/ul>\n\n\n\n<p><strong>Policial Legislativo<\/strong><\/p>\n\n\n\n<ul class=\"wp-block-list\">\n<li>Policial Legislativo: 40 vagas<br>R$ 7.408,90 | 6h di\u00e1rias<\/li>\n<\/ul>\n\n\n\n<h3 class=\"wp-block-heading\">Ensino superior<\/h3>\n\n\n\n<p><strong>Analista Legislativo<\/strong><\/p>\n\n\n\n<ul class=\"wp-block-list\">\n<li>Analista Administrativo: 20 vagas<br>R$ 10.150,33 | 6h di\u00e1rias<\/li>\n\n\n\n<li>Analista de Ci\u00eancia de Dados: 2 vagas<br>R$ 10.150,33 | 6h di\u00e1rias<\/li>\n\n\n\n<li>Analista de Controle Externo em Contabilidade: 1 vaga<br>R$ 10.150,33 | 6h di\u00e1rias<\/li>\n\n\n\n<li>Analista de Controle Externo em Finan\u00e7as e Controle: 1 vaga<br>R$ 10.150,33 | 6h di\u00e1rias<\/li>\n\n\n\n<li>Analista de Controle Interno em Contabilidade: 2 vagas<br>R$ 10.150,33 | 6h di\u00e1rias<\/li>\n\n\n\n<li>Analista de Controle Interno em Finan\u00e7as e Controle: 2 vagas<br>R$ 10.150,33 | 6h di\u00e1rias<\/li>\n\n\n\n<li>Analista de Gerenciamento de Projetos de TI: 2 vagas<br>R$ 10.150,33 | 6h di\u00e1rias<\/li>\n\n\n\n<li>Analista de Sistemas: 2 vagas<br>R$ 10.150,33 | 6h di\u00e1rias<\/li>\n\n\n\n<li>Analista de Infraestrutura: 4 vagas<br>R$ 10.150,33 | 6h di\u00e1rias<\/li>\n\n\n\n<li>Contador: 4 vagas<br>R$ 10.150,33 | 6h di\u00e1rias<\/li>\n\n\n\n<li>Desenvolvedor de Sistemas: 8 vagas<br>R$ 10.150,33 | 6h di\u00e1rias<\/li>\n\n\n\n<li>Economista: 1 vaga<br>R$ 10.150,33 | 6h di\u00e1rias<\/li>\n<\/ul>\n\n\n\n<p><\/p>\n\n\n\n<p>Al\u00e9m do sal\u00e1rio, todos os aprovados no concurso Alego receber\u00e3o aux\u00edlio-alimenta\u00e7\u00e3o no valor de <strong>R$1.000,00<\/strong>. <\/p>\n\n\n\n<p>Para quem vai iniciar a prepara\u00e7\u00e3o, as apostilas Alego&nbsp;j\u00e1 est\u00e3o dispon\u00edveis com conte\u00fado completo e atualizado conforme o edital. Confira!<\/p>\n\n\n\n<ul class=\"wp-block-list\">\n<li><a href=\"https:\/\/www.apostilasopcao.com.br\/apostila\/alego-analista-legislativo-analista-administrativo\">Apostila ALEGO 2025 &#8211; Analista Legislativo &#8211; Analista Administrativo<\/a><\/li>\n\n\n\n<li><a href=\"https:\/\/www.apostilasopcao.com.br\/apostila\/alego-assistente-legislativo-conhecimentos-gerais\">Apostila ALEGO 2025 &#8211; Assistente Legislativo &#8211; Conhecimentos Gerais<\/a><\/li>\n\n\n\n<li><a href=\"https:\/\/www.apostilasopcao.com.br\/curso-online\/curso-alego-assistente-legislativo-policial-legislativo\">Apostila ALEGO 2025 &#8211; Policial Legislativo<\/a><\/li>\n<\/ul>\n\n\n\n<h2 class=\"wp-block-heading\">Requisitos para tomar posse no concurso Alego<\/h2>\n\n\n\n<p>Para tomar posse dos cargos no concurso Alego, \u00e9 necess\u00e1rio que os candidatos atendam aos seguintes requisitos b\u00e1sicos:<\/p>\n\n\n\n<ul class=\"wp-block-list\">\n<li>ter sido classificado no Concurso P\u00fablico na forma estabelecida neste Edital, em seus anexos e eventuais retifica\u00e7\u00f5es;<\/li>\n\n\n\n<li>ter nacionalidade brasileira, ou, no caso de nacionalidade portuguesa, estar amparado pelo Estatuto de Igualdade entre brasileiros e portugueses, com reconhecimento do gozo dos direitos pol\u00edticos, nos termos do \u00a71\u00ba do art. 12 da Constitui\u00e7\u00e3o da Rep\u00fablica Federativa do Brasil e na forma do disposto no art. 13 do Decreto n\u00ba 70.436\/1972;<\/li>\n\n\n\n<li>ter idade m\u00ednima de 18 anos completos;<\/li>\n\n\n\n<li>estar em pleno gozo dos direitos pol\u00edticos;<\/li>\n\n\n\n<li>estar quite com as obriga\u00e7\u00f5es eleitorais e, se do sexo masculino, tamb\u00e9m com as obriga\u00e7\u00f5es militares;<\/li>\n\n\n\n<li>cumprir os requisitos para o cargo ao qual deseja concorrer, conforme o Anexo II do Edital;<\/li>\n\n\n\n<li>ter aptid\u00e3o f\u00edsica e mental para o exerc\u00edcio das atribui\u00e7\u00f5es do cargo;<\/li>\n\n\n\n<li>n\u00e3o ter sido condenado, por senten\u00e7a penal condenat\u00f3ria transitada em julgado, \u00e0 pena privativa de liberdade ou por outra condena\u00e7\u00e3o incompat\u00edvel com a fun\u00e7\u00e3o p\u00fablica;<\/li>\n\n\n\n<li>apresentar, \u00e0 \u00e9poca da posse, outros documentos que se fizerem necess\u00e1rios; e<\/li>\n\n\n\n<li>cumprir as determina\u00e7\u00f5es deste Edital.<\/li>\n<\/ul>\n\n\n\n<p>Al\u00e9m dos requisitos b\u00e1sicos, esses s\u00e3o os requisitos espec\u00edficos para cada cargo do concurso Alego:<\/p>\n\n\n\n<p><strong>Assistente Legislativo<\/strong><\/p>\n\n\n\n<ul class=\"wp-block-list\">\n<li>Assistente de Suporte em TI: Diploma de Ensino T\u00e9cnico em Inform\u00e1tica ou Tecnologia integrado ao Ensino M\u00e9dio. Ou diploma de Ensino M\u00e9dio com forma\u00e7\u00e3o t\u00e9cnica em Inform\u00e1tica ou Tecnologia.<\/li>\n\n\n\n<li>Fot\u00f3grafo: Diploma de Ensino M\u00e9dio + Forma\u00e7\u00e3o t\u00e9cnica na \u00e1rea de Fotografia.<\/li>\n\n\n\n<li>T\u00e9cnico de Grava\u00e7\u00e3o e Som: Diploma de Ensino M\u00e9dio e habilita\u00e7\u00e3o profissional na \u00e1rea.<\/li>\n\n\n\n<li>T\u00e9cnico em Refrigera\u00e7\u00e3o e Ar-Condicionado: Diploma de Ensino M\u00e9dio ou Curso T\u00e9cnico equivalente + Certificado de conclus\u00e3o do curso de T\u00e9cnico em Refrigera\u00e7\u00e3o.<\/li>\n<\/ul>\n\n\n\n<p><strong>Policial Legislativo<\/strong><\/p>\n\n\n\n<ul class=\"wp-block-list\">\n<li>Policial Legislativo: Forma\u00e7\u00e3o de n\u00edvel m\u00e9dio.<\/li>\n<\/ul>\n\n\n\n<p><strong>Analista Legislativo<\/strong><\/p>\n\n\n\n<ul class=\"wp-block-list\">\n<li>Analista Administrativo: Diploma de conclus\u00e3o de qualquer curso de n\u00edvel superior reconhecido pelo MEC.<\/li>\n\n\n\n<li>Analista de Ci\u00eancia de Dados: Diploma de n\u00edvel superior em Tecnologia da Informa\u00e7\u00e3o ou Ci\u00eancias Exatas + P\u00f3s-gradua\u00e7\u00e3o em Ci\u00eancia de Dados ou Intelig\u00eancia Artificial (m\u00ednimo de 360h).<\/li>\n\n\n\n<li>Analista de Controle Externo em Contabilidade: Diploma de n\u00edvel superior em Ci\u00eancias Cont\u00e1beis + Registro no Conselho Regional de Contabilidade (CRC).<\/li>\n\n\n\n<li>Analista de Controle Externo em Finan\u00e7as e Controle: Diploma de n\u00edvel superior em Ci\u00eancias Econ\u00f4micas, Ci\u00eancia de Dados, Estat\u00edstica, Ci\u00eancias Atuariais, Administra\u00e7\u00e3o ou Administra\u00e7\u00e3o P\u00fablica.<\/li>\n\n\n\n<li>Analista de Controle Interno em Contabilidade: Diploma de n\u00edvel superior em Ci\u00eancias Cont\u00e1beis + Registro no Conselho Regional de Contabilidade (CRC).<\/li>\n\n\n\n<li>Analista de Controle Interno em Finan\u00e7as e Controle: Diploma de n\u00edvel superior em Ci\u00eancias Cont\u00e1beis, Ci\u00eancias Econ\u00f4micas, Administra\u00e7\u00e3o P\u00fablica ou Direito.<\/li>\n\n\n\n<li>Analista de Gerenciamento de Projetos de TI: Diploma de n\u00edvel superior na \u00e1rea de Tecnologia da Informa\u00e7\u00e3o + P\u00f3s-gradua\u00e7\u00e3o em Gerenciamento de Projetos (m\u00ednimo de 360h).<\/li>\n\n\n\n<li>Analista de Infraestrutura: Diploma de n\u00edvel superior na \u00e1rea de Tecnologia da Informa\u00e7\u00e3o.<\/li>\n\n\n\n<li>Analista de Sistemas: Diploma de n\u00edvel superior na \u00e1rea de Tecnologia da Informa\u00e7\u00e3o.<\/li>\n\n\n\n<li>Contador: Diploma de n\u00edvel superior em Ci\u00eancias Cont\u00e1beis + Registro no Conselho Regional de Contabilidade (CRC).<\/li>\n\n\n\n<li>Desenvolvedor de Sistemas: Diploma de n\u00edvel superior na \u00e1rea de Tecnologia da Informa\u00e7\u00e3o.<\/li>\n\n\n\n<li>Economista: Diploma de n\u00edvel superior em Ci\u00eancias Econ\u00f4micas + Registro no Conselho Regional de Economia (Corecon).<\/li>\n<\/ul>\n\n\n\n<h2 class=\"wp-block-heading\">Etapas de sele\u00e7\u00e3o do concurso Alego<\/h2>\n\n\n\n<p>Os candidatos inscritos no concurso Alego ser\u00e3o avaliados nas sgeuintes fases:<\/p>\n\n\n\n<ul class=\"wp-block-list\">\n<li><strong>Prova Objetiva,<\/strong> de car\u00e1ter eliminat\u00f3rio e classificat\u00f3rio, para todos os cargos;<\/li>\n\n\n\n<li><strong>Prova Discursiva,<\/strong> de car\u00e1ter eliminat\u00f3rio e classificat\u00f3rio, para todos os cargos;<\/li>\n\n\n\n<li><strong>Prova de Conhecimentos Pr\u00e1ticos,<\/strong> de car\u00e1ter eliminat\u00f3rio, apenas para o cargo de Assistente Legislativo \u2013 categoria funcional T\u00e9cnico de Grava\u00e7\u00e3o e Som;<\/li>\n\n\n\n<li><strong>Avalia\u00e7\u00e3o Psicol\u00f3gica,<\/strong> de car\u00e1ter eliminat\u00f3rio, apenas para o cargo de Policial Legislativo;<\/li>\n\n\n\n<li><strong>Prova de Aptid\u00e3o F\u00edsica<\/strong>, de car\u00e1ter eliminat\u00f3rio, apenas para o cargo de Policial Legislativo;<\/li>\n\n\n\n<li><strong>Prova de T\u00edtulos,<\/strong> de car\u00e1ter classificat\u00f3rio, somente para os cargos de Analista Legislativo e suas categorias funcionais;<\/li>\n\n\n\n<li><strong>Avalia\u00e7\u00e3o Biopsicossocial,<\/strong> para aqueles que concorrerem \u00e0 reserva de vagas para pessoas com defici\u00eancia;<\/li>\n\n\n\n<li><strong>Heteroidentifica\u00e7\u00e3o<\/strong>, para aqueles que concorrem \u00e0 reserva de vagas para candidatos negros.<\/li>\n<\/ul>\n\n\n\n<p>As provas objetivas e discursivas ser\u00e3o aplicadas no dia <strong>8 de fevereiro de 2026<\/strong>, em Goi\u00e2nia\/GO, conforme o hor\u00e1rio oficial de Bras\u00edlia.<\/p>\n\n\n\n<h3 class=\"wp-block-heading\">Prova Objetiva<\/h3>\n\n\n\n<p>A prova objetiva do concurso Alego contar\u00e1 com quest\u00f5es de m\u00faltipla escolha, com cinco alternativas e apenas uma correta. Confira como as disciplinas e quest\u00f5es ser\u00e3o distribu\u00eddas:<\/p>\n\n\n\n<p><strong>Analista Legislativo (exceto \u00e1reas de TI)<\/strong><\/p>\n\n\n\n<ul class=\"wp-block-list\">\n<li>Conhecimentos Gerais (28 quest\u00f5es)\n<ul class=\"wp-block-list\">\n<li>L\u00edngua Portuguesa: 12 quest\u00f5es<\/li>\n\n\n\n<li>Racioc\u00ednio L\u00f3gico: 4 quest\u00f5es<\/li>\n\n\n\n<li>No\u00e7\u00f5es de Inform\u00e1tica: 4 quest\u00f5es<\/li>\n\n\n\n<li>Realidade \u00c9tnica, Social, Hist\u00f3rica, Geogr\u00e1fica, Cultural, Pol\u00edtica e Econ\u00f4mica de Goi\u00e1s: 4 quest\u00f5es<\/li>\n\n\n\n<li>Legisla\u00e7\u00e3o do Estado de Goi\u00e1s: 4 quest\u00f5es<\/li>\n<\/ul>\n<\/li>\n\n\n\n<li>Conhecimentos Espec\u00edficos (42 quest\u00f5es)\n<ul class=\"wp-block-list\">\n<li>Direito Constitucional: 6 quest\u00f5es<\/li>\n\n\n\n<li>Direito Administrativo: 6 quest\u00f5es<\/li>\n\n\n\n<li>Conhecimentos espec\u00edficos da carreira: 30 quest\u00f5es<\/li>\n<\/ul>\n<\/li>\n<\/ul>\n\n\n\n<p><strong>Analista Legislativo \u2013 \u00e1reas de TI <\/strong><\/p>\n\n\n\n<ul class=\"wp-block-list\">\n<li>Conhecimentos Gerais (28 quest\u00f5es)\n<ul class=\"wp-block-list\">\n<li>L\u00edngua Portuguesa: 14 quest\u00f5es<\/li>\n\n\n\n<li>Racioc\u00ednio L\u00f3gico: 6 quest\u00f5es<\/li>\n\n\n\n<li>Realidade \u00c9tnica, Social, Hist\u00f3rica, Geogr\u00e1fica, Cultural, Pol\u00edtica e Econ\u00f4mica de Goi\u00e1s: 4 quest\u00f5es<\/li>\n\n\n\n<li>Legisla\u00e7\u00e3o do Estado de Goi\u00e1s: 4 quest\u00f5es<\/li>\n<\/ul>\n<\/li>\n\n\n\n<li>Conhecimentos Espec\u00edficos (42 quest\u00f5es)\n<ul class=\"wp-block-list\">\n<li>Direito Constitucional: 6 quest\u00f5es<\/li>\n\n\n\n<li>Direito Administrativo: 6 quest\u00f5es<\/li>\n\n\n\n<li>Conhecimentos espec\u00edficos da carreira: 30 quest\u00f5es<\/li>\n<\/ul>\n<\/li>\n<\/ul>\n\n\n\n<p><strong>Assistente Legislativo<\/strong> <strong>(exceto \u00e1reas de TI)<\/strong><\/p>\n\n\n\n<ul class=\"wp-block-list\">\n<li>Conhecimentos B\u00e1sicos (20 quest\u00f5es)\n<ul class=\"wp-block-list\">\n<li>L\u00edngua Portuguesa: 8 quest\u00f5es <\/li>\n\n\n\n<li>Racioc\u00ednio L\u00f3gico: 3 quest\u00f5es<\/li>\n\n\n\n<li>No\u00e7\u00f5es de Inform\u00e1tica: 3 quest\u00f5es <\/li>\n\n\n\n<li>Realidade \u00c9tnica, Social, Hist\u00f3rica, Geogr\u00e1fica, Cultural, Pol\u00edtica e Econ\u00f4mica de Goi\u00e1s: 3 quest\u00f5es<\/li>\n\n\n\n<li>Legisla\u00e7\u00e3o do Estado de Goi\u00e1s: 3 quest\u00f5es<\/li>\n<\/ul>\n<\/li>\n\n\n\n<li>Conhecimentos Espec\u00edficos (30 quest\u00f5es)\n<ul class=\"wp-block-list\">\n<li>No\u00e7\u00f5es de Direito Constitucional: 3 quest\u00f5es<\/li>\n\n\n\n<li>No\u00e7\u00f5es de Direito Administrativo: 3 quest\u00f5es<\/li>\n\n\n\n<li>Conhecimentos espec\u00edficos da \u00e1rea: 24 quest\u00f5es<\/li>\n<\/ul>\n<\/li>\n<\/ul>\n\n\n\n<p><strong>Assistente Legislativo &#8211; Assistente de Suporte em TI<\/strong><\/p>\n\n\n\n<ul class=\"wp-block-list\">\n<li>Conhecimentos B\u00e1sicos (20 quest\u00f5es)\n<ul class=\"wp-block-list\">\n<li>L\u00edngua Portuguesa: 9 quest\u00f5es <\/li>\n\n\n\n<li>Racioc\u00ednio L\u00f3gico: 5 quest\u00f5es<\/li>\n\n\n\n<li>Realidade \u00c9tnica, Social, Hist\u00f3rica, Geogr\u00e1fica, Cultural, Pol\u00edtica e Econ\u00f4mica de Goi\u00e1s: 3 quest\u00f5es<\/li>\n\n\n\n<li>Legisla\u00e7\u00e3o do Estado de Goi\u00e1s: 3 quest\u00f5es<\/li>\n<\/ul>\n<\/li>\n\n\n\n<li>Conhecimentos Espec\u00edficos (30 quest\u00f5es)\n<ul class=\"wp-block-list\">\n<li>No\u00e7\u00f5es de Direito Constitucional: 3 quest\u00f5es<\/li>\n\n\n\n<li>No\u00e7\u00f5es de Direito Administrativo: 3 quest\u00f5es<\/li>\n\n\n\n<li>Conhecimentos espec\u00edficos da \u00e1rea: 24 quest\u00f5es<\/li>\n<\/ul>\n<\/li>\n<\/ul>\n\n\n\n<p><strong>Policial Legislativo<\/strong><\/p>\n\n\n\n<ul class=\"wp-block-list\">\n<li>Conhecimentos B\u00e1sicos (20 quest\u00f5es)\n<ul class=\"wp-block-list\">\n<li>L\u00edngua Portuguesa: 8 quest\u00f5es<\/li>\n\n\n\n<li>Racioc\u00ednio L\u00f3gico: 3 quest\u00f5es<\/li>\n\n\n\n<li>No\u00e7\u00f5es de Inform\u00e1tica: 3 quest\u00f5es<\/li>\n\n\n\n<li>Realidade \u00c9tnica, Social, Hist\u00f3rica, Geogr\u00e1fica, Cultural, Pol\u00edtica e Econ\u00f4mica de Goi\u00e1s: 3 quest\u00f5es<\/li>\n\n\n\n<li>Legisla\u00e7\u00e3o do Estado de Goi\u00e1s: 3 quest\u00f5es<\/li>\n<\/ul>\n<\/li>\n\n\n\n<li>Conhecimentos Espec\u00edficos (30 quest\u00f5es)\n<ul class=\"wp-block-list\">\n<li>No\u00e7\u00f5es de Direito Constitucional: 3 quest\u00f5es<\/li>\n\n\n\n<li>No\u00e7\u00f5es de Direito Administrativo: 3 quest\u00f5es<\/li>\n\n\n\n<li>Conhecimentos espec\u00edficos da \u00e1rea: 24 quest\u00f5es<\/li>\n<\/ul>\n<\/li>\n<\/ul>\n\n\n\n<p>Ser\u00e1 eliminado do concurso Alego, o candidato que n\u00e3o obtiver o m\u00ednimo de 50% dos pontos em cada \u00e1rea de conhecimento ou zerar qualquer uma delas.<\/p>\n\n\n\n<h4 class=\"wp-block-heading\">Somos a melhor Op\u00e7\u00e3o<\/h4>\n\n\n\n<p>Voc\u00ea ir\u00e1 participar do concurso Alego? Somos a melhor Op\u00e7\u00e3o! N\u00f3s contamos com diversos materiais preparat\u00f3rios alinhados e elaborados conforme o edital. Com mais de tr\u00eas d\u00e9cadas de candidatos aprovados, ajudaremos voc\u00ea tamb\u00e9m nesta longa jornada. N\u00e3o perca mais tempo e comece a estudar ainda hoje para o cargo que ir\u00e1 mudar a sua vida!<\/p>\n\n\n\n<p><strong>Confira:&nbsp;<a href=\"https:\/\/www.apostilasopcao.com.br\/concurso\/assembleia-legislativa-do-estado-de-goias\">Apostilas para o concurso Alego!<\/a><\/strong><\/p>\n\n\n\n<h3 class=\"wp-block-heading\">Prova Discursiva<\/h3>\n\n\n\n<p>A prova discursiva do concurso Alego, de car\u00e1ter eliminat\u00f3rio e classificat\u00f3rio, ser\u00e1 aplicada no mesmo dia e hor\u00e1rio da prova objetiva. Essa etapa avalia a capacidade de express\u00e3o escrita, argumenta\u00e7\u00e3o e dom\u00ednio da norma padr\u00e3o da l\u00edngua portuguesa, al\u00e9m do conhecimento t\u00e9cnico do candidato.<\/p>\n\n\n\n<p>Para o cargo de Analista Legislativo, a prova ser\u00e1 composta por <strong>duas quest\u00f5es dissertativas<\/strong> sobre temas de conhecimentos espec\u00edficos, com valor de dez pontos cada, totalizando vinte pontos. Cada resposta dever\u00e1 conter at\u00e9 trinta linhas, e ser\u00e1 aprovado quem alcan\u00e7ar no m\u00ednimo cinquenta por cento da pontua\u00e7\u00e3o total.<\/p>\n\n\n\n<p>Para os cargos de Assistente Legislativo e Policial Legislativo, a prova consistir\u00e1 em uma <strong>reda\u00e7\u00e3o dissertativo-argumentativa<\/strong>, com valor m\u00e1ximo de dez pontos. Ser\u00e1 eliminado o candidato que obtiver nota inferior a cinco pontos.<\/p>\n\n\n\n<p>Ser\u00e3o corrigidas as provas de at\u00e9 tr\u00eas vezes o n\u00famero de vagas para Analista Administrativo e Policial Legislativo, e de at\u00e9 dez vezes o n\u00famero de vagas para as demais categorias funcionais.<\/p>\n\n\n\n<h3 class=\"wp-block-heading\">Prova de Conhecimentos Pr\u00e1ticos<\/h3>\n\n\n\n<p>A prova de conhecimentos pr\u00e1ticos do concurso Alego ser\u00e1 aplicada apenas para o cargo de Assistente Legislativo \u2013 T\u00e9cnico de Grava\u00e7\u00e3o e Som e ter\u00e1 car\u00e1ter eliminat\u00f3rio. <\/p>\n\n\n\n<p>Essa etapa tem como objetivo avaliar o dom\u00ednio t\u00e9cnico do candidato em tarefas como opera\u00e7\u00e3o de sistemas de som anal\u00f3gicos e digitais, uso de softwares de grava\u00e7\u00e3o (DAW) e utiliza\u00e7\u00e3o de mult\u00edmetro para manuten\u00e7\u00e3o de cabos e equipamentos.<\/p>\n\n\n\n<p>A pontua\u00e7\u00e3o m\u00e1xima \u00e9 de dez pontos, e o candidato ser\u00e1 considerado apto se demonstrar as compet\u00eancias t\u00e9cnicas exigidas. A nota obtida ser\u00e1 somada \u00e0s pontua\u00e7\u00f5es das provas objetiva e discursiva.<\/p>\n\n\n\n<h3 class=\"wp-block-heading\">Prova de Aptid\u00e3o F\u00edsica (TAF)<\/h3>\n\n\n\n<p>A prova de aptid\u00e3o f\u00edsica do concurso Alego ser\u00e1 aplicada exclusivamente aos candidatos ao cargo de Policial Legislativo e ter\u00e1 car\u00e1ter eliminat\u00f3rio. Essa etapa tem o objetivo de avaliar as condi\u00e7\u00f5es f\u00edsicas necess\u00e1rias ao desempenho das atribui\u00e7\u00f5es do cargo, que exigem preparo f\u00edsico e resist\u00eancia.<\/p>\n\n\n\n<p>O candidato dever\u00e1 apresentar atestado m\u00e9dico emitido por cardiologista, com validade m\u00e1xima de trinta dias antes da data da prova, comprovando estar apto a realizar os testes.<\/p>\n\n\n\n<p>Ser\u00e1 considerado apto quem alcan\u00e7ar o desempenho m\u00ednimo exigido em todos os exerc\u00edcios. A aus\u00eancia, a falta do atestado ou o desempenho insuficiente resultar\u00e3o na elimina\u00e7\u00e3o do candidato.<\/p>\n\n\n\n<h3 class=\"wp-block-heading\">Avalia\u00e7\u00e3o Psicol\u00f3gica<\/h3>\n\n\n\n<p>A avalia\u00e7\u00e3o psicol\u00f3gica do concurso Alego \u00e9 obrigat\u00f3ria e de car\u00e1ter eliminat\u00f3rio para o cargo de Policial Legislativo. <\/p>\n\n\n\n<p>Essa fase tem como finalidade verificar se o candidato possui perfil psicol\u00f3gico adequado \u00e0s exig\u00eancias da fun\u00e7\u00e3o, que envolve porte de arma, situa\u00e7\u00f5es de risco e forte press\u00e3o emocional.<\/p>\n\n\n\n<p>Os testes ser\u00e3o aplicados por profissionais habilitados e seguir\u00e3o as normas do Conselho Federal de Psicologia. O resultado classificar\u00e1 o candidato apenas como recomendado ou n\u00e3o recomendado, sem atribui\u00e7\u00e3o de nota.<\/p>\n\n\n\n<h3 class=\"wp-block-heading\">Prova de T\u00edtulos<\/h3>\n\n\n\n<p>A prova de t\u00edtulos, de car\u00e1ter classificat\u00f3rio, ser\u00e1 aplicada somente aos cargos de Analista Legislativo e suas categorias funcionais.<\/p>\n\n\n\n<p>Confira os t\u00edtulos que ser\u00e3o avaliados no concurso Alego:<\/p>\n\n\n<div class=\"wp-block-image\">\n<figure class=\"aligncenter size-full\"><img loading=\"lazy\" decoding=\"async\" width=\"716\" height=\"360\" src=\"https:\/\/www.apostilasopcao.com.br\/blog\/wp-content\/uploads\/2025\/10\/titulos-alego.webp\" alt=\"Tabela de t\u00edtulos do concurso Alego!\" class=\"wp-image-5482\" srcset=\"https:\/\/www.apostilasopcao.com.br\/blog\/wp-content\/uploads\/2025\/10\/titulos-alego.webp 716w, https:\/\/www.apostilasopcao.com.br\/blog\/wp-content\/uploads\/2025\/10\/titulos-alego-300x151.webp 300w\" sizes=\"auto, (max-width: 716px) 100vw, 716px\" \/><figcaption class=\"wp-element-caption\"><em>Tabela de t\u00edtulos do concurso Alego!<\/em><\/figcaption><\/figure>\n<\/div>\n\n\n<p><\/p>\n\n\n\n<p><strong>Quer ficar por dentro de tudo sobre o universo de concursos?&nbsp;<a href=\"https:\/\/www.apostilasopcao.com.br\/blog\/noticias\/\">Confira as nossas not\u00edcias!<\/a><\/strong><\/p>\n","protected":false},"excerpt":{"rendered":"<p>Saiu o edital do concurso Alego! S\u00e3o ofertadas 101 vagas para n\u00edveis m\u00e9dio, t\u00e9cnico e superior, com sal\u00e1rios iniciais de at\u00e9 R$10 mil. Confira aqui!<\/p>\n","protected":false},"author":5,"featured_media":5459,"comment_status":"closed","ping_status":"closed","sticky":false,"template":"","format":"standard","meta":{"_acf_changed":false,"breadcrumbs_single_post":"","page_title_panel":"","breadcrumbs_single_page":"","single_page_alignment":"","single_page_margin":"","page_structure_type":"","content_style_source":"","content_style":"","blog_post_streched_ed":"","blog_page_streched_ed":"","has_transparent_header":"","disable_transparent_header":"","vertical_spacing_source":"","content_area_spacing":"","single_post_content_background":"","single_page_content_background":"","single_post_boxed_content_spacing":"","single_page_boxed_content_spacing":"","single_post_content_boxed_radius":"","single_page_content_boxed_radius":"","disable_featured_image":"","disable_post_tags":"","disable_author_box":"","disable_posts_navigation":"","disable_comments":"","disable_related_posts":"","disable_header":"","disable_footer":"","footnotes":""},"categories":[4,14],"tags":[508],"class_list":["post-5453","post","type-post","status-publish","format-standard","has-post-thumbnail","hentry","category-noticias","category-go","tag-concurso-alego","rishi-post"],"acf":{"data_prova":"20260208","status":"aberto"},"_links":{"self":[{"href":"https:\/\/www.apostilasopcao.com.br\/blog\/wp-json\/wp\/v2\/posts\/5453","targetHints":{"allow":["GET"]}}],"collection":[{"href":"https:\/\/www.apostilasopcao.com.br\/blog\/wp-json\/wp\/v2\/posts"}],"about":[{"href":"https:\/\/www.apostilasopcao.com.br\/blog\/wp-json\/wp\/v2\/types\/post"}],"author":[{"embeddable":true,"href":"https:\/\/www.apostilasopcao.com.br\/blog\/wp-json\/wp\/v2\/users\/5"}],"replies":[{"embeddable":true,"href":"https:\/\/www.apostilasopcao.com.br\/blog\/wp-json\/wp\/v2\/comments?post=5453"}],"version-history":[{"count":4,"href":"https:\/\/www.apostilasopcao.com.br\/blog\/wp-json\/wp\/v2\/posts\/5453\/revisions"}],"predecessor-version":[{"id":5746,"href":"https:\/\/www.apostilasopcao.com.br\/blog\/wp-json\/wp\/v2\/posts\/5453\/revisions\/5746"}],"wp:featuredmedia":[{"embeddable":true,"href":"https:\/\/www.apostilasopcao.com.br\/blog\/wp-json\/wp\/v2\/media\/5459"}],"wp:attachment":[{"href":"https:\/\/www.apostilasopcao.com.br\/blog\/wp-json\/wp\/v2\/media?parent=5453"}],"wp:term":[{"taxonomy":"category","embeddable":true,"href":"https:\/\/www.apostilasopcao.com.br\/blog\/wp-json\/wp\/v2\/categories?post=5453"},{"taxonomy":"post_tag","embeddable":true,"href":"https:\/\/www.apostilasopcao.com.br\/blog\/wp-json\/wp\/v2\/tags?post=5453"}],"curies":[{"name":"wp","href":"https:\/\/api.w.org\/{rel}","templated":true}]}}