{"id":5490,"date":"2025-10-30T13:17:21","date_gmt":"2025-10-30T16:17:21","guid":{"rendered":"https:\/\/www.apostilasopcao.com.br\/blog\/?p=5490"},"modified":"2025-10-31T07:53:58","modified_gmt":"2025-10-31T10:53:58","slug":"alece","status":"publish","type":"post","link":"https:\/\/www.apostilasopcao.com.br\/blog\/alece\/","title":{"rendered":"Concurso Alece: Edital em estudos, confirma presidente!"},"content":{"rendered":"\n<p>Concurseiro, fique ligado! O concurso Alece (<a href=\"https:\/\/www.apostilasopcao.com.br\/curso-online\/curso-alece-tecnico-legislativo\">Assembleia Legislativa do Estado do Cear\u00e1<\/a>) deve sair em breve, com previs\u00e3o de at\u00e9 200 vagas para n\u00edveis m\u00e9dio e superior e sal\u00e1rios que podem chegar a R$ 5,8 mil. Confira a seguir todos os detalhes e expectativas sobre o certame.<\/p>\n\n\n\n<h2 class=\"wp-block-heading\">Concurso ALECE: Situa\u00e7\u00e3o atual<\/h2>\n\n\n\n<p>O concurso Alece deve ser anunciado em breve e j\u00e1 movimenta os bastidores da Assembleia Legislativa do Cear\u00e1. A expectativa \u00e9 de que o novo edital ofere\u00e7a <strong>at\u00e9 200 vagas<\/strong> em cargos de <mark style=\"background-color:rgba(0, 0, 0, 0)\" class=\"has-inline-color has-palette-color-4-color\">n\u00edveis m\u00e9dio e superior<\/mark>, distribu\u00eddos entre \u00e1reas administrativas e t\u00e9cnicas.<\/p>\n\n\n\n<p>A previs\u00e3o do novo certame est\u00e1 ligada \u00e0 <mark style=\"background-color:rgba(0, 0, 0, 0)\" class=\"has-inline-color has-palette-color-4-color\">necessidade de reposi\u00e7\u00e3o do quadro efetivo<\/mark>. Muitos servidores antigos que ingressaram antes da Constitui\u00e7\u00e3o Federal de 1988, per\u00edodo em que n\u00e3o havia exig\u00eancia de concurso p\u00fablico, est\u00e3o pr\u00f3ximos da aposentadoria. Assim, o lan\u00e7amento de um novo edital se tornou essencial para manter o funcionamento das atividades legislativas.<\/p>\n\n\n\n<p>Em agosto, o presidente da Alece, Romeu Aldigueri, confirmou que os preparativos est\u00e3o em fase final e que o <mark style=\"background-color:rgba(0, 0, 0, 0)\" class=\"has-inline-color has-palette-color-4-color\">edital deve ser publicado at\u00e9 o fim de 2025<\/mark>. O an\u00fancio foi feito nas redes sociais e refor\u00e7a o avan\u00e7o dos estudos t\u00e9cnicos que v\u00eam sendo conduzidos internamente.<\/p>\n\n\n\n<p>Aldigueri tamb\u00e9m destacou que as tratativas envolvem a Associa\u00e7\u00e3o dos Servidores da Alece (Assalce), a Mesa Diretora e o corpo dirigente da Casa. As reuni\u00f5es tratam dos ajustes administrativos e or\u00e7ament\u00e1rios necess\u00e1rios para viabilizar o novo concurso.<\/p>\n\n\n\n<p>Outro ponto favor\u00e1vel \u00e9 a previs\u00e3o de novas contrata\u00e7\u00f5es na Lei de Diretrizes Or\u00e7ament\u00e1rias (LDO) de 2025, que inclui o provimento de cargos na estrutura da Assembleia. Al\u00e9m disso, embora o \u00faltimo concurso da Alece, realizado pelo Cebraspe, ainda esteja v\u00e1lido at\u00e9 maio de 2026, todos os aprovados no cadastro de reserva j\u00e1 foram convocados, o que refor\u00e7a a necessidade de uma nova sele\u00e7\u00e3o.<\/p>\n\n\n\n<p>No \u00faltimo concurso da Assembleia Legislativa do Cear\u00e1, foram ofertadas 100 vagas imediatas para cargos de T\u00e9cnico e Analista Legislativo, abrangendo diferentes \u00e1reas de atua\u00e7\u00e3o. Mais de 30 mil candidatos participaram do certame, o que demonstrou o grande interesse e o alto n\u00edvel de concorr\u00eancia pelos cargos da Alece. Confira abaixo a imagem retirada da LDO, na qual cita a realiza\u00e7\u00e3o do concurso Alece.<\/p>\n\n\n\n<figure class=\"wp-block-image size-full is-resized\"><img loading=\"lazy\" decoding=\"async\" width=\"558\" height=\"41\" src=\"https:\/\/www.apostilasopcao.com.br\/blog\/wp-content\/uploads\/2025\/10\/image-2.png\" alt=\"Imagem falando da realiza\u00e7\u00e3o do concurso ALECE LDO.\" class=\"wp-image-5506\" style=\"width:728px;height:auto\" srcset=\"https:\/\/www.apostilasopcao.com.br\/blog\/wp-content\/uploads\/2025\/10\/image-2.png 558w, https:\/\/www.apostilasopcao.com.br\/blog\/wp-content\/uploads\/2025\/10\/image-2-300x22.png 300w\" sizes=\"auto, (max-width: 558px) 100vw, 558px\" \/><\/figure>\n\n\n\n<p>Segundo o presidente da casa, Romeu Aldigueri:<\/p>\n\n\n\n<blockquote class=\"wp-block-quote is-layout-flow wp-block-quote-is-layout-flow\">\n<p><em>\u201cTodos os cadastros reserva do \u00faltimo certame j\u00e1 foram chamados. Ainda neste ano, se Deus quiser, estaremos lan\u00e7ando o edital para um novo concurso na Alece.\u201d<\/em><\/p>\n<\/blockquote>\n\n\n\n<h2 class=\"wp-block-heading\">Sal\u00e1rios do concurso Alece<\/h2>\n\n\n\n<p>O pr\u00f3ximo concurso Alece promete uma estrutura de cargos bastante atrativa, contemplando oportunidades para candidatos com ensino m\u00e9dio e superior. A Assembleia Legislativa do Estado do Cear\u00e1 oferece sal\u00e1rios iniciais competitivos e um plano de carreira que garante crescimento progressivo conforme o tempo de servi\u00e7o e a qualifica\u00e7\u00e3o do servidor.<\/p>\n\n\n\n<p>Para os cargos de n\u00edvel m\u00e9dio, geralmente voltados a fun\u00e7\u00f5es t\u00e9cnicas e administrativas de apoio legislativo, o vencimento inicial \u00e9 de R$ 2.913,78. Com a progress\u00e3o funcional prevista no plano de cargos e carreiras, a remunera\u00e7\u00e3o pode alcan\u00e7ar at\u00e9 R$ 22.478,11.<\/p>\n\n\n\n<p>J\u00e1 os cargos de n\u00edvel superior contam com sal\u00e1rios iniciais a partir de R$ 5.834,74, podendo chegar a R$ 32.092,71 conforme o desenvolvimento profissional e o avan\u00e7o nas classes e padr\u00f5es da carreira.<\/p>\n\n\n\n<h3 class=\"wp-block-heading\">Benef\u00edcios do concurso Alece<\/h3>\n\n\n\n<p>Al\u00e9m da remunera\u00e7\u00e3o, os servidores aprovados no concurso Alece  ter\u00e3o direito a diversas gratifica\u00e7\u00f5es e adicionais previstos em lei. S\u00e3o <mark style=\"background-color:rgba(0, 0, 0, 0)\" class=\"has-inline-color has-palette-color-4-color\">oito tipos de gratifica\u00e7\u00e3o<\/mark>, calculadas sobre o vencimento base e vinculadas \u00e0 titula\u00e7\u00e3o, fun\u00e7\u00e3o e condi\u00e7\u00f5es de trabalho.<\/p>\n\n\n\n<p>A Gratifica\u00e7\u00e3o de Incentivo \u00e0 Titula\u00e7\u00e3o (GIT) concede percentuais de 35% para doutores, 30% para mestres e 20% para especialistas. J\u00e1 a Gratifica\u00e7\u00e3o de Resid\u00eancia, voltada \u00e0s \u00e1reas de Sa\u00fade e Assist\u00eancia Social, corresponde a 15% (Resid\u00eancia I) ou 20% (Resid\u00eancia II) do vencimento.<\/p>\n\n\n\n<p>A Gratifica\u00e7\u00e3o por Execu\u00e7\u00e3o de Trabalhos em Condi\u00e7\u00f5es Especiais equivale a 10% do sal\u00e1rio-base e pode ser incorporada \u00e0 aposentadoria ap\u00f3s cinco anos de recebimento cont\u00ednuo ou dez intercalados.<\/p>\n\n\n\n<p>Quem atuar como docente na Unipace ou no Departamento de Gest\u00e3o de Pessoas poder\u00e1 receber a Gratifica\u00e7\u00e3o por Magist\u00e9rio, paga por hora-aula: R$ 60,00 (graduado), R$ 80,00 (especialista), R$ 100,00 (mestre) e R$ 120,00 (doutor ou p\u00f3s-doutor).<\/p>\n\n\n\n<p>H\u00e1 tamb\u00e9m a Gratifica\u00e7\u00e3o por Trabalho T\u00e9cnico Relevante (GTTR), que varia de R$ 200 a R$ 9.000 conforme o n\u00edvel da atividade (operacional, t\u00e1tico ou estrat\u00e9gico), al\u00e9m da Gratifica\u00e7\u00e3o de Dedica\u00e7\u00e3o Exclusiva, equivalente a 80% do vencimento. O servidor ainda poder\u00e1 receber adicionais por Servi\u00e7o Extraordin\u00e1rio e pelo Exerc\u00edcio de Cargo em Comiss\u00e3o.<\/p>\n\n\n\n<p><strong>N\u00e3o perca mais tempo e comece a sua prepara\u00e7\u00e3o ainda hoje!<a href=\"https:\/\/www.apostilasopcao.com.br\/curso-online\/curso-alece-tecnico-legislativo\">Materiais preparat\u00f3rios para o concurso Alece!<\/a><\/strong><\/p>\n\n\n\n<h2 class=\"wp-block-heading\">Requisitos B\u00e1sicos concurso Alece<\/h2>\n\n\n\n<p>Para concorrer \u00e0s vagas, o candidato deve atender aos seguintes requisitos b\u00e1sicos:<\/p>\n\n\n\n<ul class=\"wp-block-list\">\n<li>Ter sido aprovado no concurso p\u00fablico;<\/li>\n\n\n\n<li>Possuir nacionalidade brasileira ou portuguesa (neste caso, com amparo no Estatuto de Igualdade entre Brasileiros e Portugueses e gozo dos direitos pol\u00edticos);<\/li>\n\n\n\n<li>Estar em gozo dos direitos pol\u00edticos e quite com as obriga\u00e7\u00f5es eleitorais e militares (para candidatos do sexo masculino);<\/li>\n\n\n\n<li>Ter, no m\u00ednimo, 18 anos completos na data da posse;<\/li>\n\n\n\n<li>Possuir os requisitos de escolaridade e habilita\u00e7\u00e3o exigidos para o cargo;<\/li>\n\n\n\n<li>Ter aptid\u00e3o f\u00edsica e mental para o exerc\u00edcio das fun\u00e7\u00f5es;<\/li>\n\n\n\n<li>Declarar ci\u00eancia e concord\u00e2ncia com as condi\u00e7\u00f5es do edital;<\/li>\n\n\n\n<li>Cumprir todas as determina\u00e7\u00f5es previstas no edital do certame.<\/li>\n<\/ul>\n\n\n\n<h2 class=\"wp-block-heading\">Carreiras e cargos concurso Alece<\/h2>\n\n\n\n<p>O concurso Alece oferece uma variedade de cargos que contemplam diferentes \u00e1reas de forma\u00e7\u00e3o. Veja as principais fun\u00e7\u00f5es e suas exig\u00eancias:<\/p>\n\n\n\n<ul class=\"wp-block-list\">\n<li><strong><a href=\"https:\/\/www.apostilasopcao.com.br\/curso-online\/curso-alece-tecnico-legislativo\">T\u00e9cnico Legislativo<\/a>:<\/strong> requer ensino m\u00e9dio completo. Respons\u00e1vel pela elabora\u00e7\u00e3o e revis\u00e3o de documentos oficiais, execu\u00e7\u00e3o de atividades administrativas e apoio \u00e0s unidades legislativas.<\/li>\n\n\n\n<li><strong>Analista Legislativo \u2013 Direito:<\/strong> exige gradua\u00e7\u00e3o em Direito e registro na OAB. Atua na consultoria e assessoramento jur\u00eddico, elabora\u00e7\u00e3o de pareceres e apoio \u00e0 gest\u00e3o legislativa.<\/li>\n\n\n\n<li><strong>Analista Legislativo \u2013 Ci\u00eancias Econ\u00f4micas:<\/strong> requer gradua\u00e7\u00e3o em Economia e registro no Corecon. Realiza an\u00e1lises econ\u00f4micas, estudos de viabilidade e consultoria t\u00e9cnica.<\/li>\n\n\n\n<li><strong>Analista Legislativo \u2013 Administra\u00e7\u00e3o:<\/strong> exige diploma em Administra\u00e7\u00e3o e registro no CRA. Atua no planejamento e gest\u00e3o de pessoas, patrim\u00f4nio, or\u00e7amento e processos administrativos.<\/li>\n\n\n\n<li><strong>Analista Legislativo \u2013 Ci\u00eancias Cont\u00e1beis:<\/strong> requer gradua\u00e7\u00e3o em Contabilidade e registro no CRC. Realiza controle cont\u00e1bil, elabora relat\u00f3rios e presta assessoria \u00e0 gest\u00e3o financeira.<\/li>\n\n\n\n<li><strong>Analista Legislativo \u2013 Design Gr\u00e1fico:<\/strong> exige forma\u00e7\u00e3o superior na \u00e1rea. Respons\u00e1vel pela identidade visual da Alece, desenvolvimento de materiais gr\u00e1ficos e editoriais.<\/li>\n\n\n\n<li><strong>Analista Legislativo \u2013 Jornalismo:<\/strong> requer gradua\u00e7\u00e3o em Comunica\u00e7\u00e3o Social (Jornalismo). Desenvolve pol\u00edticas e programas de comunica\u00e7\u00e3o institucional.<\/li>\n\n\n\n<li><strong>Analista Legislativo \u2013 Publicidade e Propaganda:<\/strong> exige diploma na \u00e1rea. Cria campanhas, elabora estrat\u00e9gias de marketing e fortalece a imagem institucional.<\/li>\n\n\n\n<li><strong>Analista Legislativo \u2013 Engenharia Civil:<\/strong> requer forma\u00e7\u00e3o em Engenharia Civil e registro no CREA. Atua na elabora\u00e7\u00e3o e fiscaliza\u00e7\u00e3o de obras e projetos de infraestrutura.<\/li>\n\n\n\n<li><strong>Analista Legislativo \u2013 Arquitetura e Urbanismo:<\/strong> exige gradua\u00e7\u00e3o e registro no CAU\/CE. Planeja e supervisiona projetos arquitet\u00f4nicos e urban\u00edsticos.<\/li>\n\n\n\n<li><strong>Analista Legislativo \u2013 L\u00edngua Portuguesa:<\/strong> requer gradua\u00e7\u00e3o em Letras (Portugu\u00eas). Realiza revis\u00e3o e reda\u00e7\u00e3o de textos oficiais e normativos.<\/li>\n\n\n\n<li><strong>Analista Legislativo \u2013 Biblioteconomia:<\/strong> exige forma\u00e7\u00e3o em Biblioteconomia e registro no conselho da categoria. Atua na gest\u00e3o e recupera\u00e7\u00e3o de informa\u00e7\u00f5es e acervo t\u00e9cnico.<\/li>\n\n\n\n<li><strong>Analista Legislativo \u2013 Consultoria T\u00e9cnica Legislativa:<\/strong> aberto a graduados em qualquer \u00e1rea. Respons\u00e1vel pela elabora\u00e7\u00e3o de proposi\u00e7\u00f5es legislativas e estudos t\u00e9cnicos.<\/li>\n\n\n\n<li><strong>Analista Legislativo \u2013 Controle Interno:<\/strong> exige gradua\u00e7\u00e3o em qualquer \u00e1rea. Realiza auditorias, fiscaliza\u00e7\u00f5es e avalia\u00e7\u00f5es da gest\u00e3o p\u00fablica.<\/li>\n\n\n\n<li><strong>Analista Legislativo \u2013 Engenharia El\u00e9trica:<\/strong> requer gradua\u00e7\u00e3o e registro no CREA. Desenvolve projetos el\u00e9tricos, per\u00edcias e estudos t\u00e9cnicos.<\/li>\n\n\n\n<li><strong>Analista Legislativo \u2013 Inform\u00e1tica:<\/strong> exige forma\u00e7\u00e3o em TI ou \u00e1reas correlatas. Atua no desenvolvimento de sistemas, administra\u00e7\u00e3o de redes e suporte tecnol\u00f3gico.<\/li>\n\n\n\n<li><strong>Analista Legislativo \u2013 Psicologia:<\/strong> requer gradua\u00e7\u00e3o em Psicologia e registro no CRP. Executa atividades de an\u00e1lise organizacional, desenvolvimento e avalia\u00e7\u00e3o de pessoal.<\/li>\n<\/ul>\n\n\n\n<h4 class=\"wp-block-heading\">Somos a melhor Op\u00e7\u00e3o<\/h4>\n\n\n\n<p>Quer conquistar uma vaga no concurso Alece? Somos a melhore Op\u00e7\u00e3o! N\u00f3s preparamos diversos materiais realmente focados conforme o edital publicado que te ajudar\u00e3o a conquistar o cargo dos sonhos. N\u00e3o perca mais tempo e comece a se preparar ainda hoje!<\/p>\n\n\n\n<ul class=\"wp-block-list\">\n<li><strong>Confira:&nbsp;<a href=\"https:\/\/www.apostilasopcao.com.br\/curso-online\/curso-alece-tecnico-legislativo\">Materiais preparat\u00f3rios para o concurso&nbsp;Alece!<\/a><\/strong><\/li>\n<\/ul>\n\n\n\n<h2 class=\"wp-block-heading\">\u00daltimo concurso Alece: cargos, vagas e etapas de sele\u00e7\u00e3o<\/h2>\n\n\n\n<p>O \u00faltimo concurso <a href=\"https:\/\/www.al.ce.gov.br\/\" target=\"_blank\" rel=\"noreferrer noopener\">Alece<\/a> foi realizado em 2020 e disponibilizou <strong>100 vagas<\/strong> para cargos de <strong>n\u00edveis m\u00e9dio e superior<\/strong>, contemplando diversas especialidades t\u00e9cnicas e administrativas. A sele\u00e7\u00e3o foi organizada pela Funda\u00e7\u00e3o Carlos Chagas (FCC) e ofereceu sal\u00e1rios iniciais entre <strong>R$ 2.224,90 e R$ 4.455,29<\/strong>, de acordo com o cargo.<\/p>\n\n\n\n<p><strong>Distribui\u00e7\u00e3o das vagas do concurso Alece 2020<\/strong><\/p>\n\n\n\n<p>As oportunidades foram divididas entre os seguintes cargos:<\/p>\n\n\n\n<ul class=\"wp-block-list\">\n<li>Analista Legislativo \u2013 Administra\u00e7\u00e3o<\/li>\n\n\n\n<li>Analista Legislativo \u2013 Arquitetura e Urbanismo<\/li>\n\n\n\n<li>Analista Legislativo \u2013 Biblioteconomia<\/li>\n\n\n\n<li>Analista Legislativo \u2013 Ci\u00eancias Cont\u00e1beis<\/li>\n\n\n\n<li>Analista Legislativo \u2013 Ci\u00eancias Econ\u00f4micas<\/li>\n\n\n\n<li>Analista Legislativo \u2013 Consultoria T\u00e9cnica Legislativa<\/li>\n\n\n\n<li>Analista Legislativo \u2013 Controle Interno<\/li>\n\n\n\n<li>Analista Legislativo \u2013 Design Gr\u00e1fico<\/li>\n\n\n\n<li>Analista Legislativo \u2013 Direito<\/li>\n\n\n\n<li>Analista Legislativo \u2013 Engenharia Civil<\/li>\n\n\n\n<li>Analista Legislativo \u2013 Engenharia El\u00e9trica<\/li>\n\n\n\n<li>Analista Legislativo \u2013 Inform\u00e1tica<\/li>\n\n\n\n<li>Analista Legislativo \u2013 Jornalismo<\/li>\n\n\n\n<li>Analista Legislativo \u2013 L\u00edngua Portuguesa (Gram\u00e1tica Normativa e Revis\u00e3o Ortogr\u00e1fica)<\/li>\n\n\n\n<li>Analista Legislativo \u2013 Psicologia<\/li>\n\n\n\n<li>Analista Legislativo \u2013 Publicidade e Propaganda<\/li>\n\n\n\n<li>T\u00e9cnico Legislativo<\/li>\n<\/ul>\n\n\n\n<p>Os cargos de Analista Legislativo exigiram forma\u00e7\u00e3o superior espec\u00edfica na \u00e1rea correspondente, enquanto o cargo de T\u00e9cnico Legislativo exigiu ensino m\u00e9dio completo.<\/p>\n\n\n\n<p><strong>Etapas do concurso Alece 2020<\/strong><\/p>\n\n\n\n<p>O concurso Alece contou com tr\u00eas fases: prova objetiva, prova discursiva e avalia\u00e7\u00e3o de t\u00edtulos.<\/p>\n\n\n\n<p>A prova objetiva teve car\u00e1ter eliminat\u00f3rio e classificat\u00f3rio, composta por 70 quest\u00f5es de m\u00faltipla escolha. Destas, 20 quest\u00f5es abordaram Conhecimentos Gerais, e 50 quest\u00f5es, Conhecimentos Espec\u00edficos conforme a \u00e1rea de atua\u00e7\u00e3o.<\/p>\n\n\n\n<p>As disciplinas cobradas variaram de acordo com o cargo, incluindo:<\/p>\n\n\n\n<ul class=\"wp-block-list\">\n<li>L\u00edngua Portuguesa (exceto para a especialidade de L\u00edngua Portuguesa \u2013 Gram\u00e1tica Normativa e Revis\u00e3o Ortogr\u00e1fica);<\/li>\n\n\n\n<li>No\u00e7\u00f5es de Administra\u00e7\u00e3o P\u00fablica (n\u00e3o exigida para as \u00e1reas de Direito, Inform\u00e1tica e L\u00edngua Portuguesa);<\/li>\n\n\n\n<li>No\u00e7\u00f5es de Direito Administrativo (com exce\u00e7\u00e3o das especialidades de Consultoria T\u00e9cnica Legislativa e Direito);<\/li>\n\n\n\n<li>No\u00e7\u00f5es de Direito Constitucional (tamb\u00e9m dispensada para Consultoria T\u00e9cnica Legislativa e Direito);<\/li>\n\n\n\n<li>Legisla\u00e7\u00e3o aplicada \u00e0 Assembleia Legislativa do Cear\u00e1;<\/li>\n\n\n\n<li>Racioc\u00ednio L\u00f3gico, Quantitativo e Anal\u00edtico (apenas para o cargo de Analista Legislativo \u2013 Inform\u00e1tica);<\/li>\n\n\n\n<li>Conhecimentos Espec\u00edficos relacionados \u00e0 fun\u00e7\u00e3o escolhida pelo candidato.<\/li>\n<\/ul>\n\n\n\n<p>A <strong>prova discursiva<\/strong>, aplicada para todos os cargos de n\u00edvel superior, consistiu na elabora\u00e7\u00e3o de um texto dissertativo sobre temas pertinentes \u00e0 \u00e1rea de atua\u00e7\u00e3o do candidato. J\u00e1 a <strong>avalia\u00e7\u00e3o de t\u00edtulos<\/strong> teve car\u00e1ter apenas classificat\u00f3rio e considerou p\u00f3s-gradua\u00e7\u00e3o, mestrado e doutorado.<\/p>\n\n\n\n<h3 class=\"wp-block-heading\">Validade do concurso Alece 2020<\/h3>\n\n\n\n<p>O certame permanece v\u00e1lido at\u00e9 <strong>maio de 2026<\/strong>, o que permite o aproveitamento de candidatos aprovados para novas convoca\u00e7\u00f5es dentro do prazo.<\/p>\n\n\n\n<p><strong>Quer ficar por dentro de tudo sobre o universo de concursos?&nbsp;<a href=\"https:\/\/www.apostilasopcao.com.br\/blog\/noticias\/\">Confira as nossas not\u00edcias!<\/a><\/strong><\/p>\n\n\n\n<p><\/p>\n","protected":false},"excerpt":{"rendered":"<p>O presidente da Assembleia Legislativa do Cear\u00e1 confirmou que um novo concurso Alece est\u00e1 em fase de estudos, com previs\u00e3o de  200 vagas para n\u00edveis m\u00e9dio e superior. Saiba mais!<\/p>\n","protected":false},"author":12,"featured_media":5524,"comment_status":"closed","ping_status":"closed","sticky":false,"template":"","format":"standard","meta":{"_acf_changed":false,"breadcrumbs_single_post":"","page_title_panel":"","breadcrumbs_single_page":"","single_page_alignment":"","single_page_margin":"","page_structure_type":"","content_style_source":"","content_style":"","blog_post_streched_ed":"","blog_page_streched_ed":"","has_transparent_header":"","disable_transparent_header":"","vertical_spacing_source":"","content_area_spacing":"","single_post_content_background":"","single_page_content_background":"","single_post_boxed_content_spacing":"","single_page_boxed_content_spacing":"","single_post_content_boxed_radius":"","single_page_content_boxed_radius":"","disable_featured_image":"","disable_post_tags":"","disable_author_box":"","disable_posts_navigation":"","disable_comments":"","disable_related_posts":"","disable_header":"","disable_footer":"","footnotes":""},"categories":[4,11],"tags":[509],"class_list":["post-5490","post","type-post","status-publish","format-standard","has-post-thumbnail","hentry","category-noticias","category-ce","tag-concurso-alece","rishi-post"],"acf":{"data_prova":null,"status":"aberto"},"_links":{"self":[{"href":"https:\/\/www.apostilasopcao.com.br\/blog\/wp-json\/wp\/v2\/posts\/5490","targetHints":{"allow":["GET"]}}],"collection":[{"href":"https:\/\/www.apostilasopcao.com.br\/blog\/wp-json\/wp\/v2\/posts"}],"about":[{"href":"https:\/\/www.apostilasopcao.com.br\/blog\/wp-json\/wp\/v2\/types\/post"}],"author":[{"embeddable":true,"href":"https:\/\/www.apostilasopcao.com.br\/blog\/wp-json\/wp\/v2\/users\/12"}],"replies":[{"embeddable":true,"href":"https:\/\/www.apostilasopcao.com.br\/blog\/wp-json\/wp\/v2\/comments?post=5490"}],"version-history":[{"count":11,"href":"https:\/\/www.apostilasopcao.com.br\/blog\/wp-json\/wp\/v2\/posts\/5490\/revisions"}],"predecessor-version":[{"id":5538,"href":"https:\/\/www.apostilasopcao.com.br\/blog\/wp-json\/wp\/v2\/posts\/5490\/revisions\/5538"}],"wp:featuredmedia":[{"embeddable":true,"href":"https:\/\/www.apostilasopcao.com.br\/blog\/wp-json\/wp\/v2\/media\/5524"}],"wp:attachment":[{"href":"https:\/\/www.apostilasopcao.com.br\/blog\/wp-json\/wp\/v2\/media?parent=5490"}],"wp:term":[{"taxonomy":"category","embeddable":true,"href":"https:\/\/www.apostilasopcao.com.br\/blog\/wp-json\/wp\/v2\/categories?post=5490"},{"taxonomy":"post_tag","embeddable":true,"href":"https:\/\/www.apostilasopcao.com.br\/blog\/wp-json\/wp\/v2\/tags?post=5490"}],"curies":[{"name":"wp","href":"https:\/\/api.w.org\/{rel}","templated":true}]}}