{"id":5542,"date":"2025-10-31T13:30:59","date_gmt":"2025-10-31T16:30:59","guid":{"rendered":"https:\/\/www.apostilasopcao.com.br\/blog\/?p=5542"},"modified":"2025-11-21T08:20:37","modified_gmt":"2025-11-21T11:20:37","slug":"artesp","status":"publish","type":"post","link":"https:\/\/www.apostilasopcao.com.br\/blog\/artesp\/","title":{"rendered":"Concurso Artesp: Saiu o edital com 142 vagas de n\u00edveis m\u00e9dio e superior!"},"content":{"rendered":"\n<p>Aten\u00e7\u00e3o, concurseiros! Est\u00e1 publicado o edital do\u00a0concurso Artesp (Ag\u00eancia Reguladora do Transporte do Estado de S\u00e3o Paulo), com 142 vagas para n\u00edveis m\u00e9dio e superior. As inscri\u00e7\u00f5es estar\u00e3o abertas das 10h do dia 3 de novembro at\u00e9 as 23h59min do dia 1 de dezembro de 2025, pelo site da Funda\u00e7\u00e3o Carlos Chagas (FCC). A taxa de participa\u00e7\u00e3o \u00e9 de R$ 55,00 para cargos de n\u00edvel m\u00e9dio e R$ 100,00 para cargos de n\u00edvel superior, com provas marcadas para o dia 25 de janeiro de 2026. Para se preparar, confira a\u00a0<a href=\"https:\/\/www.apostilasopcao.com.br\/concurso\/agencia-de-transporte-do-estado-de-sao-paulo\">apostila ARTESP<\/a>\u00a0com conte\u00fado completo e atualizado conforme o edital.<\/p>\n\n\n\n<h2 class=\"wp-block-heading\">Resumo do edital<\/h2>\n\n\n\n<ul class=\"wp-block-list\">\n<li><strong>Vagas:&nbsp;<\/strong>142<\/li>\n\n\n\n<li><strong>Inscri\u00e7\u00f5es:&nbsp;<\/strong>03\/11\/2025 a 01\/12\/2025<\/li>\n\n\n\n<li><strong>Taxa de inscri\u00e7\u00e3o:&nbsp;<\/strong>R$55 a R$100<\/li>\n\n\n\n<li><strong>Prova:&nbsp;<\/strong>25\/01\/2026<\/li>\n\n\n\n<li><strong>Banca:<\/strong>&nbsp;Funda\u00e7\u00e3o Carlos Chagas ( FCC)<\/li>\n\n\n\n<li><a href=\"https:\/\/www.apostilasopcao.com.br\/blog\/wp-content\/uploads\/2025\/10\/edital-ARTESP.pdf\">Baixe o edital Concurso ARTESP<\/a><\/li>\n<\/ul>\n\n\n\n<h2 class=\"wp-block-heading\">Como fazer a inscri\u00e7\u00e3o no concurso Artesp?<\/h2>\n\n\n\n<p>As inscri\u00e7\u00f5es para o concurso Artesp estar\u00e3o abertas e poder\u00e3o ser realizadas entre os dias 3 de novembro a 1\u00ba de dezembro de 2025, exclusivamente pelo site da <a href=\"https:\/\/www.concursosfcc.com.br\/index.html\" target=\"_blank\" rel=\"noreferrer noopener\">FCC<\/a><a href=\"https:\/\/www.legatus.org.br\/\" target=\"_blank\" rel=\"noreferrer noopener\">.<\/a><\/p>\n\n\n\n<p>O valor da taxa de inscri\u00e7\u00e3o varia conforme o n\u00edvel de escolaridade exigido para o cargo pretendido:<\/p>\n\n\n\n<ul class=\"wp-block-list\">\n<li><strong>R$55,00<\/strong>&nbsp;para cargos de n\u00edvel m\u00e9dio;<\/li>\n\n\n\n<li><strong>R$100,00<\/strong>&nbsp;para cargos de n\u00edvel superior;<\/li>\n<\/ul>\n\n\n\n<p>O pagamento pode ser feito por boleto banc\u00e1rio ou via PIX, somente pelo QR Code gerado na \u00c1rea do Candidato, at\u00e9 \u00e0s 22h do dia 2 de dezembro de 2025<strong>.<\/strong><\/p>\n\n\n\n<h3 class=\"wp-block-heading\">Isen\u00e7\u00e3o<\/h3>\n\n\n\n<p>O pedido de isen\u00e7\u00e3o do pagamento da taxa poder\u00e1 ser feito entre os dias 3 de novembro a 7 de novembro de 2025, tamb\u00e9m no portal da FCC.<\/p>\n\n\n\n<p>Ter\u00e3o direito \u00e0 isen\u00e7\u00e3o total da taxa de inscri\u00e7\u00e3o os candidatos:<\/p>\n\n\n\n<ul class=\"wp-block-list\">\n<li>Ser&nbsp;<strong>doador de medula \u00f3ssea<\/strong>&nbsp;registrado no Registro Nacional de Doadores de Medula \u00d3ssea (REDOME);<\/li>\n<\/ul>\n\n\n\n<p>Ter\u00e3o direito \u00e0 redu\u00e7\u00e3o de 50% do valor da taxa de inscri\u00e7\u00e3o os candidatos:<\/p>\n\n\n\n<ul class=\"wp-block-list\">\n<li>Ser <strong>estudante regularmente matriculado<\/strong> em uma das s\u00e9ries do ensino fundamental ou m\u00e9dio, curso pr\u00e9-vestibular, curso superior em n\u00edvel de gradua\u00e7\u00e3o ou p\u00f3s-gradua\u00e7\u00e3o.<\/li>\n\n\n\n<li>possuir renda mensal inferior a dois sal\u00e1rios m\u00ednimos ou estar desempregado.<\/li>\n<\/ul>\n\n\n\n<h2 class=\"wp-block-heading\">Cargos, vagas e sal\u00e1rios<\/h2>\n\n\n\n<p>O concurso Artesp oferece 142 vagas de n\u00edveis m\u00e9dio e superior, com&nbsp;sal\u00e1rios iniciais que variam de&nbsp;<strong>R$ R$ 3.944<\/strong>&nbsp;a&nbsp;<strong>R$ 12.070<\/strong>, al\u00e9m de benef\u00edcios como seguro de vida em grupo, plano de assist\u00eancia m\u00e9dica e odontol\u00f3gica, vale-alimenta\u00e7\u00e3o, vale-refei\u00e7\u00e3o e vale-transporte.<\/p>\n\n\n\n<p>A carga hor\u00e1ria semanal \u00e9 de 40h, de acordo com o edital. Abaixo, confira a distribui\u00e7\u00e3o completa das vagas:<\/p>\n\n\n\n<h3 class=\"wp-block-heading\">Cargos de N\u00edvel m\u00e9dio<\/h3>\n\n\n\n<ul class=\"wp-block-list\">\n<li>Agente de Fiscaliza\u00e7\u00e3o \u00e0 Regula\u00e7\u00e3o de Transporte I\n<ul class=\"wp-block-list\">\n<li>AC: 24<\/li>\n\n\n\n<li>PCD: 1<\/li>\n<\/ul>\n<\/li>\n\n\n\n<li>Agente de Fiscaliza\u00e7\u00e3o \u00e0 Regula\u00e7\u00e3o de Transporte \u2013 T\u00e9cnico em Contabilidade e\/ou Administra\u00e7\u00e3o de Empresas\n<ul class=\"wp-block-list\">\n<li>AC: 6<\/li>\n\n\n\n<li>PCD: 1<\/li>\n<\/ul>\n<\/li>\n\n\n\n<li>Agente de Fiscaliza\u00e7\u00e3o \u00e0 Regula\u00e7\u00e3o de Transporte I \u2013 Transporte ou Edifica\u00e7\u00f5es\n<ul class=\"wp-block-list\">\n<li>AC: 14<\/li>\n\n\n\n<li>PCD: 1<\/li>\n<\/ul>\n<\/li>\n\n\n\n<li>Agente de Fiscaliza\u00e7\u00e3o \u00e0 Regula\u00e7\u00e3o de Transporte I \u2013 Tecnologia da Informa\u00e7\u00e3o\n<ul class=\"wp-block-list\">\n<li>AC: 14<\/li>\n\n\n\n<li>PCD: 1<\/li>\n<\/ul>\n<\/li>\n<\/ul>\n\n\n\n<p><\/p>\n\n\n\n<h3 class=\"wp-block-heading\">Cargos de N\u00edvel Superior<\/h3>\n\n\n\n<ul class=\"wp-block-list\">\n<li>Analista de Suporte \u00e0 Regula\u00e7\u00e3o de Transporte I\n<ul class=\"wp-block-list\">\n<li>AC: 9<\/li>\n\n\n\n<li>PCD: 1<\/li>\n<\/ul>\n<\/li>\n\n\n\n<li>Especialista em Regula\u00e7\u00e3o de Transporte I \u2013 Administra\u00e7\u00e3o, Ci\u00eancias Cont\u00e1beis, Economia, Administra\u00e7\u00e3o P\u00fablica, Gest\u00e3o P\u00fablica ou Engenharia de Produ\u00e7\u00e3o\n<ul class=\"wp-block-list\">\n<li>AC: 11<\/li>\n\n\n\n<li>PCD: 1<\/li>\n<\/ul>\n<\/li>\n\n\n\n<li>Especialista em Regula\u00e7\u00e3o de Transporte I \u2013 Direito\n<ul class=\"wp-block-list\">\n<li>AC: 11<\/li>\n\n\n\n<li>PCD: 1<\/li>\n<\/ul>\n<\/li>\n\n\n\n<li>Especialista em Regula\u00e7\u00e3o de Transporte I \u2013 Engenharia Ambiental ou Florestal ou Engenharia Civil \u2013 Meio Ambiente\n<ul class=\"wp-block-list\">\n<li>AC: 2<\/li>\n<\/ul>\n<\/li>\n\n\n\n<li>Especialista em Regula\u00e7\u00e3o de Transporte \u2013 Engenharia Civil ou Engenharia de Transportes \u2013 Mobilidade urbana\n<ul class=\"wp-block-list\">\n<li>AC: 5<\/li>\n\n\n\n<li>PCD: 1<\/li>\n<\/ul>\n<\/li>\n\n\n\n<li>Especialista em Regula\u00e7\u00e3o de Transporte \u2013 Engenharia Civil ou Engenharia de Transportes \u2013 Aeroportos, portos, balsas ou infraestruturas hidrovi\u00e1rias\n<ul class=\"wp-block-list\">\n<li>AC: 2<\/li>\n<\/ul>\n<\/li>\n\n\n\n<li>Especialista em Regula\u00e7\u00e3o de Transporte \u2013 Engenharia Civil ou Engenharia de Transportes \u2013 Projetos de Infraestrutura de Transportes: pavimento ou geologia ou drenagem\n<ul class=\"wp-block-list\">\n<li>AC: 3<\/li>\n<\/ul>\n<\/li>\n\n\n\n<li>Especialista em Regula\u00e7\u00e3o de Transporte \u2013 Engenharia Civil ou Engenharia de Transportes \u2013 Projetos de Infraestrutura de Transportes: superestrutura ferrovi\u00e1ria\n<ul class=\"wp-block-list\">\n<li>AC: 1<\/li>\n<\/ul>\n<\/li>\n\n\n\n<li>Especialista em Regula\u00e7\u00e3o de Transporte \u2013 Engenharia Civil ou Engenharia de Transportes \u2013 Projetos de Infraestrutura de Transportes: geometria, terraplanagem, elementos de sinaliza\u00e7\u00e3o e seguran\u00e7a\n<ul class=\"wp-block-list\">\n<li>AC: 2<\/li>\n<\/ul>\n<\/li>\n\n\n\n<li>Especialista em Regula\u00e7\u00e3o de Transporte \u2013 Engenharia Civil ou Engenharia de Transportes \u2013 Projetos de Infraestrutura de Transportes: estruturas ou obra de arte especial (QAEs) ou t\u00faneis ou passarelas\n<ul class=\"wp-block-list\">\n<li>AC: 2<\/li>\n<\/ul>\n<\/li>\n\n\n\n<li>Especialista em Regula\u00e7\u00e3o de Transporte \u2013 Engenharia Civil ou Engenharia de Transportes \u2013 Projetos de Infraestrutura de Transportes: or\u00e7amento e custos de projetos ou de obras de infraestrutura de transportes\n<ul class=\"wp-block-list\">\n<li>AC: 4<\/li>\n<\/ul>\n<\/li>\n\n\n\n<li>Especialista em Regula\u00e7\u00e3o de Transporte \u2013 Engenharia Civil ou Engenharia de Transportes \u2013 Planejamento de transportes: demanda \/ tr\u00e1fego\n<ul class=\"wp-block-list\">\n<li>AC: 2<\/li>\n<\/ul>\n<\/li>\n\n\n\n<li>Especialista em Regula\u00e7\u00e3o de Transporte \u2013 Engenharia Civil ou Engenharia de Transportes \u2013 Ci\u00eancia de dados ou Geoprocessamento\n<ul class=\"wp-block-list\">\n<li>AC: 2<\/li>\n<\/ul>\n<\/li>\n\n\n\n<li>Especialista em Regula\u00e7\u00e3o de Transporte \u2013 Engenharia Civil ou Engenharia de Transportes \u2013 Gest\u00e3o de contratos\n<ul class=\"wp-block-list\">\n<li>AC: 5<\/li>\n\n\n\n<li>PCD: 1<\/li>\n<\/ul>\n<\/li>\n\n\n\n<li>Especialista em Regula\u00e7\u00e3o de Transporte I \u2013 Engenharia El\u00e9trica\/Eletr\u00f4nica\n<ul class=\"wp-block-list\">\n<li>AC: 4<\/li>\n<\/ul>\n<\/li>\n\n\n\n<li>Especialista em Regula\u00e7\u00e3o de Transporte I \u2013 Engenharia Mec\u00e2nica ou Mecatr\u00f4nica\n<ul class=\"wp-block-list\">\n<li>AC: 1<\/li>\n<\/ul>\n<\/li>\n\n\n\n<li>Especialista em Regula\u00e7\u00e3o de Transporte I \u2013 Engenharia Naval\n<ul class=\"wp-block-list\">\n<li>AC: 1<\/li>\n<\/ul>\n<\/li>\n\n\n\n<li>Especialista em Regula\u00e7\u00e3o de Transporte I \u2013 Tecnologia da Informa\u00e7\u00e3o\n<ul class=\"wp-block-list\">\n<li>AC: 7<\/li>\n\n\n\n<li>PCD: 1<\/li>\n<\/ul>\n<\/li>\n<\/ul>\n\n\n\n<p><\/p>\n\n\n\n<p>Para quem vai iniciar a prepara\u00e7\u00e3o, as apostilas Artesp&nbsp;2025 j\u00e1 est\u00e3o dispon\u00edveis com conte\u00fado completo e atualizado conforme o edital. Confira!<\/p>\n\n\n\n<ul class=\"wp-block-list\">\n<li><a href=\"https:\/\/www.apostilasopcao.com.br\/apostila\/artesp-agente-fiscalizacao-regulacao-transporte-i\">Apostila ARTESP 2025 &#8211; Agente de Fiscaliza\u00e7\u00e3o \u00e0 Regula\u00e7\u00e3o de Transporte I<\/a><\/li>\n\n\n\n<li><a href=\"https:\/\/www.apostilasopcao.com.br\/apostila\/artesp-analista-suporte-regulacao-transporte-i\">Apostila ARTESP 2025 &#8211; Analista de Suporte \u00e0 Regula\u00e7\u00e3o de Transporte I<\/a><\/li>\n\n\n\n<li><a href=\"https:\/\/www.apostilasopcao.com.br\/apostila\/artesp-ag-fiscalizacao-regulacao-transp-i-tec-contabilidade-ou-administracao-empresas\">Apostila ARTESP 2025 &#8211; Agente de Fiscaliza\u00e7\u00e3o \u00e0 Regula\u00e7\u00e3o de Transporte I &#8211; T\u00e9cnico em Contabilidade e\/ou Administra\u00e7\u00e3o de Empresas<\/a><\/li>\n\n\n\n<li><a href=\"https:\/\/www.apostilasopcao.com.br\/apostila\/artesp-especialista-regulacao-transp-i-administracao-ciencias-contabeis-economia-administracao-publica-ou-engenharia-producao\">Apostila ARTESP 2025 &#8211; Especialista em Regula\u00e7\u00e3o de Transporte I &#8211; Administra\u00e7\u00e3o, Ci\u00eancias Cont\u00e1beis, Economia, Administra\u00e7\u00e3o P\u00fablica ou Engenharia de Produ\u00e7\u00e3o<\/a><\/li>\n<\/ul>\n\n\n\n<h2 class=\"wp-block-heading\">Requisitos b\u00e1sicos<\/h2>\n\n\n\n<p>Para tomar posse dos cargos do concurso Artesp, \u00e9 necess\u00e1rio que os candidatos atendam aos seguintes requisitos b\u00e1sicos:<\/p>\n\n\n\n<ul class=\"wp-block-list\">\n<li>Ter a nacionalidade brasileira ou portuguesa e, no caso de nacionalidade portuguesa, estar amparado pelo Estatuto de Igualdade entre Brasileiros e Portugueses, com reconhecimento do gozo dos direitos pol\u00edticos, nos termos do \u00a7 1\u00ba, do art. 12, da Constitui\u00e7\u00e3o Federal, ou ser naturalizado brasileiro, conforme legisla\u00e7\u00e3o vigente no pa\u00eds at\u00e9 a data da contrata\u00e7\u00e3o.<\/li>\n\n\n\n<li>Estar em gozo dos direitos pol\u00edticos.<\/li>\n\n\n\n<li>Estar quite com as obriga\u00e7\u00f5es militares, em caso de candidato do sexo masculino.<\/li>\n\n\n\n<li>Estar quite com as obriga\u00e7\u00f5es eleitorais.<\/li>\n\n\n\n<li>Ter idade m\u00ednima de 18 anos completos na data da contrata\u00e7\u00e3o.<\/li>\n\n\n\n<li>Ter aptid\u00e3o f\u00edsica e mental para o exerc\u00edcio das atribui\u00e7\u00f5es do emprego p\u00fablico.<\/li>\n\n\n\n<li>N\u00e3o registrar antecedentes criminais que impliquem perda ou \u00f3bice para assumir emprego p\u00fablico ou emprego p\u00fablico, oriundos de senten\u00e7a transitada em julgado ou demonstrar o cumprimento integral das penas que tenham sido cominadas.<\/li>\n\n\n\n<li>N\u00e3o ter sofrido, no exerc\u00edcio da fun\u00e7\u00e3o p\u00fablica, penalidade incompat\u00edvel com nova admiss\u00e3o em emprego p\u00fablico, tais como, ter sido demitido por justa causa &#8211; de emprego p\u00fablico, autarquia, funda\u00e7\u00e3o, empresa p\u00fablica ou sociedade de economia mista, de \u00f3rg\u00e3os da administra\u00e7\u00e3o federal, estadual ou municipal.<\/li>\n\n\n\n<li>N\u00e3o se encontrar acumulando emprego p\u00fablico, emprego, fun\u00e7\u00e3o p\u00fablica ou aposentadoria pelo regime pr\u00f3prio de previd\u00eancia social dos servidores p\u00fablicos em desconformidade com as hip\u00f3teses de acumula\u00e7\u00e3o l\u00edcitas previstas em lei e na Constitui\u00e7\u00e3o Federal.<\/li>\n\n\n\n<li>Estar com o CPF regularizado.<\/li>\n\n\n\n<li>Entregar os documentos comprobat\u00f3rios dos requisitos exigidos para o emprego p\u00fablico por ocasi\u00e3o da convoca\u00e7\u00e3o.<\/li>\n<\/ul>\n\n\n\n<h2 class=\"wp-block-heading\">Etapas do concurso Artesp<\/h2>\n\n\n\n<p>O concurso Artesp ser\u00e1 composto por&nbsp;<strong>tr\u00eas etapas<\/strong>, de acordo com o cargo pretendido:<\/p>\n\n\n\n<ul class=\"wp-block-list\">\n<li><strong>Prova objetiva<\/strong>, de car\u00e1ter eliminat\u00f3rio e classificat\u00f3rio, para todos os cargos;<\/li>\n\n\n\n<li><strong>Prova discursiva<\/strong>, de car\u00e1ter eliminat\u00f3rio e classificat\u00f3rio, aplicada no mesmo dia da objetiva, exclusiva para os cargos de n\u00edvel superior;<\/li>\n\n\n\n<li><strong>Prova de t\u00edtulos<\/strong>, de car\u00e1ter classificat\u00f3rio, exclusiva para os cargos de n\u00edvel superior;<\/li>\n<\/ul>\n\n\n\n<div class=\"wp-block-group\"><div class=\"wp-block-group__inner-container is-layout-constrained wp-block-group-is-layout-constrained\">\n<h3 class=\"wp-block-heading\">Turnos e locais de prova<\/h3>\n\n\n\n<p>As provas est\u00e3o marcadas para o dia 25 de janeiro de 2026 e ser\u00e3o realizadas em dois turnos conforme n\u00edvel de escolaridade. Confira abaixo os turnos e locais de realiza\u00e7\u00e3o das provas:<\/p>\n\n\n\n<ul class=\"wp-block-list\">\n<li>MANH\u00c3: para os empregos p\u00fablicos de Agente de Fiscaliza\u00e7\u00e3o \u00e0 Regula\u00e7\u00e3o de Transporte<\/li>\n\n\n\n<li>TARDE: para os empregos de Especialista em Regula\u00e7\u00e3o de Transporte, todas as<br>\u00e1reas\/especialidades e Analista de Suporte \u00e0 Regula\u00e7\u00e3o de Transporte;<\/li>\n<\/ul>\n\n\n\n<p>As provas ser\u00e3o realizadas em 5 regi\u00f5es da cidade de S\u00e3o Paulo (SP), confira abaixo a tabela com as regi\u00f5es e respectivos c\u00f3digos:<\/p>\n\n\n\n<figure class=\"wp-block-image size-full\"><img loading=\"lazy\" decoding=\"async\" width=\"663\" height=\"224\" src=\"https:\/\/www.apostilasopcao.com.br\/blog\/wp-content\/uploads\/2025\/10\/image-4.png\" alt=\"Tabela de locais de regi\u00e3o da realiza\u00e7\u00e3o das provas concurso Artesp.\" class=\"wp-image-5552\" srcset=\"https:\/\/www.apostilasopcao.com.br\/blog\/wp-content\/uploads\/2025\/10\/image-4.png 663w, https:\/\/www.apostilasopcao.com.br\/blog\/wp-content\/uploads\/2025\/10\/image-4-300x101.png 300w\" sizes=\"auto, (max-width: 663px) 100vw, 663px\" \/><\/figure>\n<\/div><\/div>\n\n\n\n<h3 class=\"wp-block-heading\">Prova objetiva<\/h3>\n\n\n\n<p>A prova objetiva concurso Artesp ser\u00e1 composta por&nbsp;<strong>80 quest\u00f5es de m\u00faltipla escolha<\/strong>, com cinco alternativas e apenas uma resposta correta. A distribui\u00e7\u00e3o das quest\u00f5es varia conforme o n\u00edvel de escolaridade:<\/p>\n\n\n\n<h4 class=\"wp-block-heading\">N\u00edvel m\u00e9dio<\/h4>\n\n\n\n<p><strong>Conhecimentos Gerais<\/strong> <\/p>\n\n\n\n<ul class=\"wp-block-list\">\n<li>L\u00edngua Portuguesa: 09 quest\u00f5es <\/li>\n\n\n\n<li>Matem\u00e1tica e Racioc\u00ednio L\u00f3gico: 04 quest\u00f5es <\/li>\n\n\n\n<li>Administra\u00e7\u00e3o P\u00fablica (No\u00e7\u00f5es de Direito Constitucional e Direito Administrativo: 09 quest\u00f5es<\/li>\n\n\n\n<li>Regula\u00e7\u00e3o e Ag\u00eancias Reguladoras: 09 quest\u00f5es<\/li>\n\n\n\n<li>Excel: 4 quest\u00f5es <\/li>\n<\/ul>\n\n\n\n<p><strong>Conhecimentos Espec\u00edficos<\/strong><\/p>\n\n\n\n<ul class=\"wp-block-list\">\n<li>Conhecimentos T\u00e9cnicos: 45 quest\u00f5es<\/li>\n<\/ul>\n\n\n\n<h4 class=\"wp-block-heading\">N\u00edvel superior<\/h4>\n\n\n\n<p><strong>Conhecimentos Gerais<\/strong> <\/p>\n\n\n\n<ul class=\"wp-block-list\">\n<li>L\u00edngua Portuguesa: 09 quest\u00f5es <\/li>\n\n\n\n<li>Matem\u00e1tica e Racioc\u00ednio L\u00f3gico: 04 quest\u00f5es <\/li>\n\n\n\n<li>Administra\u00e7\u00e3o P\u00fablica (No\u00e7\u00f5es de Direito Constitucional e Direito Administrativo: 09 quest\u00f5es<\/li>\n\n\n\n<li>Regula\u00e7\u00e3o e Ag\u00eancias Reguladoras: 09 quest\u00f5es<\/li>\n\n\n\n<li>Excel: 4 quest\u00f5es <\/li>\n<\/ul>\n\n\n\n<p><strong>Conhecimentos Espec\u00edficos<\/strong><\/p>\n\n\n\n<ul class=\"wp-block-list\">\n<li>Conhecimentos T\u00e9cnicos: 45 quest\u00f5es<\/li>\n<\/ul>\n\n\n\n<ul class=\"wp-block-list\">\n<li>Avalia\u00e7\u00e3o de t\u00edtulos<\/li>\n<\/ul>\n\n\n\n<h4 class=\"wp-block-heading\">Crit\u00e9rios de aprova\u00e7\u00e3o<\/h4>\n\n\n\n<p>Considera-se habilitado o candidato que tiver obtido o total de pontos, no somat\u00f3rio das notas padronizadas das Provas Objetivas de Conhecimentos Gerais e de Conhecimentos Espec\u00edfico,<strong> igual ou superior a 150 (cento e cinquenta)<\/strong>.<\/p>\n\n\n\n<div class=\"wp-block-group\"><div class=\"wp-block-group__inner-container is-layout-constrained wp-block-group-is-layout-constrained\">\n<h3 class=\"wp-block-heading\">Somos a melhor Op\u00e7\u00e3o<\/h3>\n\n\n\n<p>Voc\u00ea ir\u00e1 participar do concurso Artesp? Somos a melhor Op\u00e7\u00e3o! N\u00f3s contamos com diversos materiais preparat\u00f3rios alinhados e elaborados conforme o edital. Com mais de tr\u00eas d\u00e9cadas de candidatos aprovados, ajudaremos voc\u00ea tamb\u00e9m nesta longa jornada. N\u00e3o perca mais tempo e comece a estudar ainda hoje para o cargo que ir\u00e1 mudar a sua vida!<\/p>\n\n\n\n<ul class=\"wp-block-list\">\n<li><strong>Confira:&nbsp;<a href=\"https:\/\/www.apostilasopcao.com.br\/concurso\/agencia-de-transporte-do-estado-de-sao-paulo\">Apostilas para o concurso Artesp!<\/a><\/strong><\/li>\n<\/ul>\n<\/div><\/div>\n\n\n\n<h3 class=\"wp-block-heading\">Prova discursiva (Reda\u00e7\u00e3o)<\/h3>\n\n\n\n<p>A reda\u00e7\u00e3o, aplicada no mesmo dia da objetiva, para o cargo de Analista de Suporte \u00e0 Regula\u00e7\u00e3o de Transporte I, valer\u00e1&nbsp;<strong>100 pontos<\/strong>&nbsp;e ter\u00e1 dura\u00e7\u00e3o de&nbsp;<strong>4 horas<\/strong>&nbsp;no total (considerando ambas as provas). Ser\u00e1 um texto dissertativo argumentativo com m\u00ednimo de 20 linhas e m\u00e1ximo 30 linhas. O candidato ser\u00e1 avaliado quanto \u00e0 coer\u00eancia, coes\u00e3o, argumenta\u00e7\u00e3o e corre\u00e7\u00e3o gramatical. Ser\u00e1 aprovado aqueles que obtiverem <strong>nota igual ou superior a 60,00 (sessenta) pontos<\/strong>.<\/p>\n\n\n\n<h3 class=\"wp-block-heading\">Prova discursiva (Estudo de Caso)<\/h3>\n\n\n\n<p>A Prova Discursiva \u2013 Estudo de Caso ser\u00e1 aplicada aos demais cargos de n\u00edvel superior exigir\u00e1 que o candidato apresente, por escrito, uma solu\u00e7\u00e3o para um problema ou situa\u00e7\u00e3o pr\u00e1tica relacionada \u00e0s atribui\u00e7\u00f5es do cargo. Ser\u00e3o avaliados o dom\u00ednio t\u00e9cnico do conte\u00fado, a adequa\u00e7\u00e3o \u00e0s fun\u00e7\u00f5es da ARTESP, a forma\u00e7\u00e3o acad\u00eamica, a corre\u00e7\u00e3o gramatical e a precis\u00e3o vocabular, conforme as normas ortogr\u00e1ficas vigentes. A prova ter\u00e1 car\u00e1ter eliminat\u00f3rio e classificat\u00f3rio, com pontua\u00e7\u00e3o de 0 a 100, sendo considerados habilitados os candidatos que alcan\u00e7arem <strong>nota igual ou superior a 60 (sessenta) pontos<\/strong>.<\/p>\n\n\n\n<p>A corre\u00e7\u00e3o ser\u00e1 limitada aos candidatos melhor classificados na prova objetiva, segundo os crit\u00e9rios do edital.<\/p>\n\n\n\n<h3 class=\"wp-block-heading\">Avalia\u00e7\u00e3o de t\u00edtulos<\/h3>\n\n\n\n<p>A prova de t\u00edtulos ser\u00e1 apenas classificat\u00f3ria e destinada aos candidatos de n\u00edvel superior. Ela ocorrer\u00e1 ap\u00f3s a corre\u00e7\u00e3o das provas discursivas do concurso Artesp.<\/p>\n\n\n\n<p>Ser\u00e3o aceitos certificados de cursos t\u00e9cnicos, de gradua\u00e7\u00e3o e de p\u00f3s-gradua\u00e7\u00e3o (especializa\u00e7\u00e3o, mestrado ou doutorado), desde que relacionados \u00e0s \u00e1reas indicadas no edital do concurso Artesp.<\/p>\n\n\n\n<p>A pontua\u00e7\u00e3o m\u00e1xima ser\u00e1 de 15 pontos, mesmo que a soma dos t\u00edtulos apresentados ultrapasse esse limite.<\/p>\n\n\n\n<p>Os documentos dever\u00e3o ser enviados em c\u00f3pias autenticadas, conforme as normas do Conselho Nacional de Educa\u00e7\u00e3o e as orienta\u00e7\u00f5es da banca organizadora.<\/p>\n\n\n\n<ul class=\"wp-block-list\">\n<li>Per\u00edodo para envio dos t\u00edtulos:&nbsp;<strong>22\/04 a 23\/04\/2026<\/strong><\/li>\n\n\n\n<li>Resultado preliminar da prova de t\u00edtulos:&nbsp;<strong>08\/05\/2026<\/strong><\/li>\n\n\n\n<li>Abertura de recurso contra o resultado:&nbsp;<strong>11\/05 a 12\/05\/2026<\/strong><\/li>\n\n\n\n<li>Resultado definitivo da prova de t\u00edtulos:&nbsp;<strong>01\/06\/2026<\/strong><\/li>\n<\/ul>\n\n\n\n<p>A avalia\u00e7\u00e3o de t\u00edtulos ser\u00e1 aplicada exclusivamente aos candidatos de n\u00edvel superior. Confira os t\u00edtulos que ser\u00e3o avaliados no concurso Artesp:<\/p>\n\n\n\n<figure class=\"wp-block-image size-full is-resized\"><img loading=\"lazy\" decoding=\"async\" width=\"543\" height=\"718\" src=\"https:\/\/www.apostilasopcao.com.br\/blog\/wp-content\/uploads\/2025\/10\/image-3.png\" alt=\"Quadro Atribui\u00e7\u00e3o de pontos para Avalia\u00e7\u00e3o de T\u00edtulos concurso Artesp.\" class=\"wp-image-5548\" style=\"width:680px;height:auto\" srcset=\"https:\/\/www.apostilasopcao.com.br\/blog\/wp-content\/uploads\/2025\/10\/image-3.png 543w, https:\/\/www.apostilasopcao.com.br\/blog\/wp-content\/uploads\/2025\/10\/image-3-227x300.png 227w\" sizes=\"auto, (max-width: 543px) 100vw, 543px\" \/><\/figure>\n\n\n\n<h3 class=\"wp-block-heading\">Procedimento de heteroidentifica\u00e7\u00e3o<\/h3>\n\n\n\n<p>Etapa destinada aos candidatos autodeclarados pretos ou pardos, com car\u00e1ter deferido ou indeferido.<\/p>\n\n\n\n<p><strong>Prazos dessa etapa:<\/strong><\/p>\n\n\n\n<ul class=\"wp-block-list\">\n<li>Convoca\u00e7\u00e3o para o procedimento de heteroidentifica\u00e7\u00e3o (online): <strong>17\/04\/2026<\/strong><\/li>\n\n\n\n<li>Envio de foto\/v\u00eddeo para an\u00e1lise:&nbsp;<strong>02\/05 a 03\/05\/2026<\/strong><\/li>\n\n\n\n<li>Resultado preliminar:&nbsp;<strong>08\/05\/2026<\/strong><\/li>\n\n\n\n<li>Abertura de recurso contra o resultado:&nbsp;<strong>11\/05 a 12\/05\/2026<\/strong><\/li>\n\n\n\n<li>Resultado definitivo da Heteroidentifica\u00e7\u00e3o:&nbsp;<strong>15\/06\/2026<\/strong><\/li>\n<\/ul>\n\n\n\n<p>Essas etapas t\u00eam por objetivo avaliar o conhecimento t\u00e9cnico, a capacidade de express\u00e3o escrita e as qualifica\u00e7\u00f5es acad\u00eamicas dos candidatos, garantindo transpar\u00eancia e crit\u00e9rios objetivos em todas as fases do concurso Artesp.<\/p>\n\n\n\n<p><strong>Quer ficar por dentro de tudo sobre o universo de concursos?&nbsp;<a href=\"https:\/\/www.apostilasopcao.com.br\/blog\/noticias\/\">Confira as nossas not\u00edcias!<\/a><\/strong><\/p>\n\n\n\n<p><\/p>\n","protected":false},"excerpt":{"rendered":"<p>Saiba como participar do concurso Artesp, que oferece 142 vagas para n\u00edveis m\u00e9dio e superior, com sal\u00e1rios de at\u00e9 R$ 12 mil.<\/p>\n","protected":false},"author":12,"featured_media":5543,"comment_status":"closed","ping_status":"closed","sticky":false,"template":"","format":"standard","meta":{"_acf_changed":false,"breadcrumbs_single_post":"","page_title_panel":"","breadcrumbs_single_page":"","single_page_alignment":"","single_page_margin":"","page_structure_type":"","content_style_source":"","content_style":"","blog_post_streched_ed":"","blog_page_streched_ed":"","has_transparent_header":"","disable_transparent_header":"","vertical_spacing_source":"","content_area_spacing":"","single_post_content_background":"","single_page_content_background":"","single_post_boxed_content_spacing":"","single_page_boxed_content_spacing":"","single_post_content_boxed_radius":"","single_page_content_boxed_radius":"","disable_featured_image":"","disable_post_tags":"","disable_author_box":"","disable_posts_navigation":"","disable_comments":"","disable_related_posts":"","disable_header":"","disable_footer":"","footnotes":""},"categories":[4,6],"tags":[512],"class_list":["post-5542","post","type-post","status-publish","format-standard","has-post-thumbnail","hentry","category-noticias","category-sp","tag-concurso-artesp","rishi-post"],"acf":{"data_prova":"20260125","status":"aberto"},"_links":{"self":[{"href":"https:\/\/www.apostilasopcao.com.br\/blog\/wp-json\/wp\/v2\/posts\/5542","targetHints":{"allow":["GET"]}}],"collection":[{"href":"https:\/\/www.apostilasopcao.com.br\/blog\/wp-json\/wp\/v2\/posts"}],"about":[{"href":"https:\/\/www.apostilasopcao.com.br\/blog\/wp-json\/wp\/v2\/types\/post"}],"author":[{"embeddable":true,"href":"https:\/\/www.apostilasopcao.com.br\/blog\/wp-json\/wp\/v2\/users\/12"}],"replies":[{"embeddable":true,"href":"https:\/\/www.apostilasopcao.com.br\/blog\/wp-json\/wp\/v2\/comments?post=5542"}],"version-history":[{"count":15,"href":"https:\/\/www.apostilasopcao.com.br\/blog\/wp-json\/wp\/v2\/posts\/5542\/revisions"}],"predecessor-version":[{"id":6408,"href":"https:\/\/www.apostilasopcao.com.br\/blog\/wp-json\/wp\/v2\/posts\/5542\/revisions\/6408"}],"wp:featuredmedia":[{"embeddable":true,"href":"https:\/\/www.apostilasopcao.com.br\/blog\/wp-json\/wp\/v2\/media\/5543"}],"wp:attachment":[{"href":"https:\/\/www.apostilasopcao.com.br\/blog\/wp-json\/wp\/v2\/media?parent=5542"}],"wp:term":[{"taxonomy":"category","embeddable":true,"href":"https:\/\/www.apostilasopcao.com.br\/blog\/wp-json\/wp\/v2\/categories?post=5542"},{"taxonomy":"post_tag","embeddable":true,"href":"https:\/\/www.apostilasopcao.com.br\/blog\/wp-json\/wp\/v2\/tags?post=5542"}],"curies":[{"name":"wp","href":"https:\/\/api.w.org\/{rel}","templated":true}]}}