{"id":577,"date":"2025-04-15T12:58:23","date_gmt":"2025-04-15T15:58:23","guid":{"rendered":"https:\/\/www.apostilasopcao.com.br\/blog\/?p=577"},"modified":"2025-04-16T10:31:01","modified_gmt":"2025-04-16T13:31:01","slug":"niteroi-prev","status":"publish","type":"post","link":"https:\/\/www.apostilasopcao.com.br\/blog\/niteroi-prev\/","title":{"rendered":"Concurso Niter\u00f3i Prev: Edital publicado! 25 vagas!"},"content":{"rendered":"\n<p>Aten\u00e7\u00e3o, concurseiros! O t\u00e3o esperado concurso Niter\u00f3i Prev <a href=\"https:\/\/www.apostilasopcao.com.br\/concurso\/previdencia-social-do-municipio-de-niteroi\">(Previd\u00eancia Social do Munic\u00edpio de Niter\u00f3i)<\/a> teve seu edital publicado, oferecendo <strong>69 vagas<\/strong>, sendo 25 imediatas, al\u00e9m de 44 oportunidades para cadastro reserva. As oportunidades est\u00e3o distribu\u00eddas entre vagas imediatas e cadastro reserva, para cargos de n\u00edveis m\u00e9dio, m\u00e9dio\/t\u00e9cnico e superior. Ficou interessado? Continue comigo e confira todos os detalhes do edital!<\/p>\n\n\n\n<h2 class=\"wp-block-heading\" id=\"resumo-edital\">Resumo do Edital<\/h2>\n\n\n\n<ul class=\"wp-block-list\">\n<li><strong>Vagas:<\/strong> 69 (25 imediatas e 44 para cadastro de reserva)<\/li>\n\n\n\n<li><strong>Per\u00edodo de inscri\u00e7\u00f5es: <\/strong>9 de abril a 22 de maio<\/li>\n\n\n\n<li><strong>Taxa de inscri\u00e7\u00e3o: <\/strong>R$80,00 a R$150,00<\/li>\n\n\n\n<li><strong>Prova:<\/strong> 22 de junho<\/li>\n\n\n\n<li><strong>Banca organizadora: <\/strong>Consulplan<\/li>\n\n\n\n<li><a href=\"https:\/\/www.apostilasopcao.com.br\/blog\/wp-content\/uploads\/2025\/04\/edital-niteroi-prev.pdf\" target=\"_blank\" rel=\"noreferrer noopener\">Baixe o edital\u00a0<\/a><\/li>\n<\/ul>\n\n\n\n<h2 class=\"wp-block-heading\" id=\"inscricoes\">Como se inscrever no concurso Niter\u00f3i Prev?<\/h2>\n\n\n\n<p>As inscri\u00e7\u00f5es para o concurso Niter\u00f3i Prev j\u00e1 est\u00e3o abertas e seguir\u00e3o at\u00e9 as 16h de <strong>22 de maio de 2025<\/strong>, exclusivamente pelo site da <a href=\"https:\/\/www.institutoconsulplan.org.br\/getConc.aspx?key=4z6oRUVEZw4=\" target=\"_blank\" rel=\"noopener\">Consulplan.<\/a> Ap\u00f3s preencher o formul\u00e1rio, \u00e9 necess\u00e1rio gerar o boleto e realizar o pagamento da taxa de inscri\u00e7\u00e3o, que varia conforme o cargo.<\/p>\n\n\n\n<p>O valor da taxa de inscri\u00e7\u00e3o \u00e9 de <strong>R$80<\/strong>, para os cargos de\u00a0n\u00edvel m\u00e9dio e t\u00e9cnico, <strong>R$100<\/strong>, para os cargos de\u00a0n\u00edvel superior (exceto procurador) e <strong>R$150<\/strong>, para o cargo de\u00a0n\u00edvel superior \u2013 procurador.<\/p>\n\n\n\n<h3 class=\"wp-block-heading\">Isen\u00e7\u00e3o da Taxa de Inscri\u00e7\u00e3o<\/h3>\n\n\n\n<p>Os candidatos inscritos no Cad\u00danico e membros de fam\u00edlias de baixa renda poder\u00e3o solicitar a isen\u00e7\u00e3o da taxa entre os dias <strong>9 <\/strong>e<strong> 11 de abril de 2025<\/strong>.<\/p>\n\n\n\n<h2 class=\"wp-block-heading\" id=\"vagas-carreira-e-salarios\">Vagas, Carreira e Sal\u00e1rios<\/h2>\n\n\n\n<p>O concurso Niter\u00f3i Prev oferece 69 vagas para diferentes n\u00edveis de escolaridade. Confira as vagas dispon\u00edveis:<\/p>\n\n\n\n<p><strong>N\u00edvel m\u00e9dio\/t\u00e9cnico<\/strong><\/p>\n\n\n\n<ul class=\"wp-block-list\">\n<li><a href=\"https:\/\/www.apostilasopcao.com.br\/apostila\/niteroi-prev-rj-tecnico-previdenciario\">T\u00e9cnico Previdenci\u00e1rio:<\/a> 14 vagas + 20 CR;\n<ul class=\"wp-block-list\">\n<li>R$ 2.932,97<\/li>\n<\/ul>\n<\/li>\n\n\n\n<li>T\u00e9cnico em Inform\u00e1tica: 2 vagas + 5CR.\n<ul class=\"wp-block-list\">\n<li>R$ 2.932,97<\/li>\n<\/ul>\n<\/li>\n<\/ul>\n\n\n\n<p><strong>N\u00edvel superior<\/strong><\/p>\n\n\n\n<ul class=\"wp-block-list\">\n<li>Procurador Aut\u00e1rquico: 2 vagas + 5CR;\n<ul class=\"wp-block-list\">\n<li>R$ 12.903,03<\/li>\n<\/ul>\n<\/li>\n\n\n\n<li>Atu\u00e1rio: 1 vaga + 2 CR;\n<ul class=\"wp-block-list\">\n<li>R$ 6.149,33<\/li>\n<\/ul>\n<\/li>\n\n\n\n<li>Analista Previdenci\u00e1rio: 1 vaga+ 2 CR;\n<ul class=\"wp-block-list\">\n<li>R$ 6.149,33<\/li>\n<\/ul>\n<\/li>\n\n\n\n<li>Analista de Mercado Financeiro: 1 vaga+ 2 CR;\n<ul class=\"wp-block-list\">\n<li>R$ 6.149,33<\/li>\n<\/ul>\n<\/li>\n\n\n\n<li>Analista de Sistema: 1 vaga+ 2 CR;\n<ul class=\"wp-block-list\">\n<li>R$ 6.149,33<\/li>\n<\/ul>\n<\/li>\n\n\n\n<li>Arquivista: 1 vaga+ 2 CR;\n<ul class=\"wp-block-list\">\n<li>R$ 6.149,33<\/li>\n<\/ul>\n<\/li>\n\n\n\n<li>Contador: 1 vaga+ 2 CR; e\n<ul class=\"wp-block-list\">\n<li>R$ 6.149,33<\/li>\n<\/ul>\n<\/li>\n\n\n\n<li>Assistente Social: 1 vaga+ 2 CR.\n<ul class=\"wp-block-list\">\n<li>R$ 6.149,33<\/li>\n<\/ul>\n<\/li>\n<\/ul>\n\n\n\n<p>Os cargos de n\u00edvel superior, como o de Procurador, contam com vantagens adicionais, incluindo:<\/p>\n\n\n\n<p><strong>Adicional de Qualifica\u00e7\u00e3o T\u00e9cnica<\/strong>:<\/p>\n\n\n\n<ul class=\"wp-block-list\">\n<li>Doutorado: 20%<\/li>\n\n\n\n<li>Mestrado: 15%<\/li>\n\n\n\n<li>Especializa\u00e7\u00e3o: 10%<\/li>\n<\/ul>\n\n\n\n<p><strong>Gratifica\u00e7\u00e3o por Desempenho<\/strong>, conforme crit\u00e9rios estabelecidos.<\/p>\n\n\n\n<p>Os profissionais aprovados no concurso Niter\u00f3i Prev para os cargos de <strong>n\u00edvel m\u00e9dio e t\u00e9cnico<\/strong> contar\u00e3o com uma s\u00e9rie de benef\u00edcios atrativos, entre eles:<\/p>\n\n\n\n<ul class=\"wp-block-list\">\n<li>Abono Refei\u00e7\u00e3o, com valores que variam entre <strong>R$549,23 e R$3.712,38<\/strong>, dependendo da fun\u00e7\u00e3o e da jornada;<\/li>\n\n\n\n<li>Aux\u00edlio Transporte, fixado no valor de <strong>R$234,59<\/strong>;<\/li>\n\n\n\n<li>Adicional de Qualifica\u00e7\u00e3o T\u00e9cnica, com os mesmos percentuais aplic\u00e1veis aos cargos de n\u00edvel superior, conforme a titula\u00e7\u00e3o do servidor:\n<ul class=\"wp-block-list\">\n<li>Doutorado: 20%<\/li>\n\n\n\n<li>Mestrado: 15%<\/li>\n\n\n\n<li>Especializa\u00e7\u00e3o: 10%<\/li>\n<\/ul>\n<\/li>\n\n\n\n<li>Gratifica\u00e7\u00e3o por Desempenho, concedida de acordo com o cumprimento de metas e desempenho individual e institucional.<\/li>\n<\/ul>\n\n\n\n<h2 class=\"wp-block-heading\">Requisitos<\/h2>\n\n\n\n<p>Conforme o edital, esses s\u00e3o os requisitos b\u00e1sicos exigidos para a nomea\u00e7\u00e3o e posse dos cargos ofertados no concurso Niter\u00f3i Prev:<\/p>\n\n\n\n<ul class=\"wp-block-list\">\n<li>Ter sido aprovado no Concurso P\u00fablico, conforme estabelecido neste Edital, em seus Anexos e em eventuais retifica\u00e7\u00f5es;<\/li>\n\n\n\n<li>Ser brasileiro nato ou naturalizado, ou gozar das prerrogativas previstas no artigo 12 da Constitui\u00e7\u00e3o Federal;<\/li>\n\n\n\n<li>Apresentar os documentos que comprovem a escolaridade e os pr\u00e9-requisitos exigidos para o cargo pretendido;<\/li>\n\n\n\n<li>Caso seja pessoa com defici\u00eancia, atender \u00e0s exig\u00eancias do art. 4\u00ba do Decreto Federal n\u00ba 3.298\/1999, da Lei Federal n\u00ba 7.853\/1989 e da Lei Municipal n\u00ba 1.061, de 29 de abril de 1992, com suas altera\u00e7\u00f5es;<\/li>\n\n\n\n<li>Estar em dia com as obriga\u00e7\u00f5es eleitorais, comprovado por certid\u00e3o emitida pelo Tribunal Regional Eleitoral (TRE), dispon\u00edvel em\u00a0www.tse.gov.br, na se\u00e7\u00e3o Certid\u00f5es\/Certificado de Quita\u00e7\u00e3o Eleitoral;<\/li>\n\n\n\n<li>Estar quite com o servi\u00e7o militar obrigat\u00f3rio, no caso de candidatos do sexo masculino, conforme as Leis n\u00ba 4.375\/1964 e n\u00ba 4.754\/1965 e o Decreto n\u00ba 57.654\/1966;<\/li>\n\n\n\n<li>Estar apto f\u00edsica e mentalmente para o exerc\u00edcio das fun\u00e7\u00f5es do cargo, condi\u00e7\u00e3o que ser\u00e1 verificada por per\u00edcia m\u00e9dica oficial;<\/li>\n\n\n\n<li>Ter, no m\u00ednimo, 18 (dezoito) anos de idade;<\/li>\n\n\n\n<li>Caso tenha exercido cargo p\u00fablico, efetivo ou em comiss\u00e3o, em qualquer esfera (federal, estadual, municipal ou distrital), apresentar declara\u00e7\u00e3o de que n\u00e3o sofreu penalidade disciplinar no exerc\u00edcio da fun\u00e7\u00e3o nos \u00faltimos 5 (cinco) anos, excetuando-se os casos previstos nos arts. 92 e 93 do C\u00f3digo Penal;<\/li>\n\n\n\n<li>Apresentar certid\u00e3o de antecedentes criminais da Justi\u00e7a Comum (federal e estadual) e da Justi\u00e7a Militar, expedidas por \u00f3rg\u00e3o competente com jurisdi\u00e7\u00e3o nos locais onde residiu nos \u00faltimos 5 (cinco) anos;<\/li>\n\n\n\n<li>Apresentar certid\u00e3o de antecedentes criminais da Justi\u00e7a Eleitoral, emitida pelo Tribunal Regional Eleitoral com jurisdi\u00e7\u00e3o nos locais de resid\u00eancia dos \u00faltimos 5 (cinco) anos.<\/li>\n<\/ul>\n\n\n\n<h2 class=\"wp-block-heading\" id=\"etapas-provas\">Etapas e Provas<\/h2>\n\n\n\n<p>Os candidatos inscritos no concurso Niter\u00f3i Prev ser\u00e3o submetidos as seguintes fases:<\/p>\n\n\n\n<ul class=\"wp-block-list\">\n<li>Prova objetiva, de car\u00e1ter eliminat\u00f3rio e classificat\u00f3rio, aplicada a todos os cargos;<\/li>\n\n\n\n<li>Prova discursiva, de car\u00e1ter eliminat\u00f3rio e classificat\u00f3rio, exclusiva para os cargos de n\u00edvel superior;<\/li>\n\n\n\n<li>Avalia\u00e7\u00e3o de t\u00edtulos, de car\u00e1ter classificat\u00f3rio, tamb\u00e9m destinada apenas aos cargos de n\u00edvel superior.<\/li>\n<\/ul>\n\n\n\n<p>As provas est\u00e3o previstas para o dia <strong>22 de junho de 2025<\/strong> (domingo) e ser\u00e3o aplicadas exclusivamente na cidade de Niter\u00f3i\/RJ. As avalia\u00e7\u00f5es acontecer\u00e3o em turnos distintos, com dura\u00e7\u00e3o vari\u00e1vel, de acordo com o cargo escolhido pelo candidato.<\/p>\n\n\n\n<h3 class=\"wp-block-heading\">Prova objetiva<\/h3>\n\n\n\n<p>A prova objetiva ser\u00e1 composta por dois m\u00f3dulos: conhecimentos gerais e conhecimentos espec\u00edficos, totalizando 80 quest\u00f5es de m\u00faltipla escolha, cada uma valendo 1 ponto, com pontua\u00e7\u00e3o m\u00e1xima de 80 pontos. A distribui\u00e7\u00e3o das disciplinas e o n\u00famero de quest\u00f5es variam conforme o n\u00edvel do cargo:<\/p>\n\n\n\n<p><strong>Para cargos de n\u00edvel superior (exceto Procurador Aut\u00e1rquico)<\/strong><\/p>\n\n\n\n<ul class=\"wp-block-list\">\n<li>M\u00f3dulo I \u2013 Conhecimentos Gerais:\n<ul class=\"wp-block-list\">\n<li>L\u00edngua Portuguesa: 15 quest\u00f5es<\/li>\n\n\n\n<li>Gest\u00e3o P\u00fablica e \u00c9tica: 5 quest\u00f5es<\/li>\n\n\n\n<li>Legisla\u00e7\u00e3o Municipal: 10 quest\u00f5es<\/li>\n<\/ul>\n<\/li>\n\n\n\n<li>M\u00f3dulo II \u2013 Conhecimentos Espec\u00edficos:\n<ul class=\"wp-block-list\">\n<li>Direito Administrativo e Constitucional: 15 quest\u00f5es<\/li>\n\n\n\n<li>Direito Previdenci\u00e1rio: 15 quest\u00f5es<\/li>\n\n\n\n<li>Conhecimentos espec\u00edficos do cargo: 20 quest\u00f5es<\/li>\n<\/ul>\n<\/li>\n<\/ul>\n\n\n\n<p><strong>Para cargos de n\u00edvel m\u00e9dio e t\u00e9cnico<\/strong><\/p>\n\n\n\n<ul class=\"wp-block-list\">\n<li>M\u00f3dulo I \u2013 Conhecimentos Gerais:\n<ul class=\"wp-block-list\">\n<li>L\u00edngua Portuguesa: 20 quest\u00f5es<\/li>\n\n\n\n<li>Legisla\u00e7\u00e3o Municipal: 10 quest\u00f5es<\/li>\n<\/ul>\n<\/li>\n\n\n\n<li>M\u00f3dulo II \u2013 Conhecimentos Espec\u00edficos:\n<ul class=\"wp-block-list\">\n<li>Direito Administrativo e Constitucional: 15 quest\u00f5es<\/li>\n\n\n\n<li>Conhecimentos espec\u00edficos do cargo: 35 quest\u00f5es<\/li>\n<\/ul>\n<\/li>\n<\/ul>\n\n\n\n<h3 class=\"wp-block-heading\">Prova discursiva<\/h3>\n\n\n\n<p>A prova discursiva do concurso Niter\u00f3i Prev ser\u00e1 aplicada no mesmo dia da objetiva e tamb\u00e9m ter\u00e1 car\u00e1ter eliminat\u00f3rio e classificat\u00f3rio.<\/p>\n\n\n\n<ul class=\"wp-block-list\">\n<li>Para os cargos de n\u00edvel superior (exceto Procurador Aut\u00e1rquico), ser\u00e1 exigida a resolu\u00e7\u00e3o de uma quest\u00e3o discursiva, com tema voltado ao Direito Administrativo e Constitucional ou a conte\u00fados espec\u00edficos da \u00e1rea de atua\u00e7\u00e3o.<\/li>\n\n\n\n<li>J\u00e1 para o cargo de Procurador Aut\u00e1rquico, a avalia\u00e7\u00e3o consistir\u00e1 na elabora\u00e7\u00e3o de uma pe\u00e7a processual, com base em conte\u00fados jur\u00eddicos pr\u00f3prios da fun\u00e7\u00e3o.<\/li>\n<\/ul>\n\n\n\n<h3 class=\"wp-block-heading\">Avalia\u00e7\u00e3o de T\u00edtulos<\/h3>\n\n\n\n<p>Abaixo, confira os t\u00edtulos que ser\u00e3o avaliados no concurso Niter\u00f3i Prev:<\/p>\n\n\n\n<figure class=\"wp-block-image size-full\"><img loading=\"lazy\" decoding=\"async\" width=\"716\" height=\"199\" src=\"https:\/\/www.apostilasopcao.com.br\/blog\/wp-content\/uploads\/2025\/04\/titulos-niteroi-prev.webp\" alt=\"Tabela de t\u00edtulos do concurso Niter\u00f3i Prev.\" class=\"wp-image-609\" srcset=\"https:\/\/www.apostilasopcao.com.br\/blog\/wp-content\/uploads\/2025\/04\/titulos-niteroi-prev.webp 716w, https:\/\/www.apostilasopcao.com.br\/blog\/wp-content\/uploads\/2025\/04\/titulos-niteroi-prev-300x83.webp 300w\" sizes=\"auto, (max-width: 716px) 100vw, 716px\" \/><figcaption class=\"wp-element-caption\"><em>Tabela de t\u00edtulos do concurso Niter\u00f3i Prev!<\/em><\/figcaption><\/figure>\n\n\n\n<h2 class=\"wp-block-heading\">Dica Op\u00e7\u00e3o<\/h2>\n\n\n\n<p>Se o seu objetivo \u00e9 ser aprovado no concurso Niter\u00f3i Prev, ent\u00e3o \u00e9 hora de se dedicar de verdade. A jornada n\u00e3o \u00e9 f\u00e1cil, mas com os materiais certos, foco e disciplina, voc\u00ea tem tudo para alcan\u00e7ar essa conquista. Acredite no seu potencial e comece agora a sua prepara\u00e7\u00e3o com quem quer ver voc\u00ea vencer!<\/p>\n\n\n\n<p>Confira: <a href=\"https:\/\/www.apostilasopcao.com.br\/apostila\/niteroi-prev-rj-tecnico-previdenciario\">Apostila para concurso Niter\u00f3i Prev &#8211; RJ 2025 &#8211; T\u00e9cnico Previdenci\u00e1rio<\/a><\/p>\n","protected":false},"excerpt":{"rendered":"<p>Foi publicado o novo edital do concurso Niter\u00f3i Prev com 69 vagas!<\/p>\n","protected":false},"author":5,"featured_media":610,"comment_status":"closed","ping_status":"closed","sticky":false,"template":"","format":"standard","meta":{"_acf_changed":false,"breadcrumbs_single_post":"","page_title_panel":"","breadcrumbs_single_page":"","single_page_alignment":"","single_page_margin":"","page_structure_type":"","content_style_source":"","content_style":"","blog_post_streched_ed":"","blog_page_streched_ed":"","has_transparent_header":"","disable_transparent_header":"","vertical_spacing_source":"","content_area_spacing":"","single_post_content_background":"","single_page_content_background":"","single_post_boxed_content_spacing":"","single_page_boxed_content_spacing":"","single_post_content_boxed_radius":"","single_page_content_boxed_radius":"","disable_featured_image":"","disable_post_tags":"","disable_author_box":"","disable_posts_navigation":"","disable_comments":"","disable_related_posts":"","disable_header":"","disable_footer":"","footnotes":""},"categories":[24,4],"tags":[119],"class_list":["post-577","post","type-post","status-publish","format-standard","has-post-thumbnail","hentry","category-rj","category-noticias","tag-concurso-niteroi-prev","rishi-post"],"acf":{"data_prova":"20250622","status":false},"_links":{"self":[{"href":"https:\/\/www.apostilasopcao.com.br\/blog\/wp-json\/wp\/v2\/posts\/577","targetHints":{"allow":["GET"]}}],"collection":[{"href":"https:\/\/www.apostilasopcao.com.br\/blog\/wp-json\/wp\/v2\/posts"}],"about":[{"href":"https:\/\/www.apostilasopcao.com.br\/blog\/wp-json\/wp\/v2\/types\/post"}],"author":[{"embeddable":true,"href":"https:\/\/www.apostilasopcao.com.br\/blog\/wp-json\/wp\/v2\/users\/5"}],"replies":[{"embeddable":true,"href":"https:\/\/www.apostilasopcao.com.br\/blog\/wp-json\/wp\/v2\/comments?post=577"}],"version-history":[{"count":6,"href":"https:\/\/www.apostilasopcao.com.br\/blog\/wp-json\/wp\/v2\/posts\/577\/revisions"}],"predecessor-version":[{"id":614,"href":"https:\/\/www.apostilasopcao.com.br\/blog\/wp-json\/wp\/v2\/posts\/577\/revisions\/614"}],"wp:featuredmedia":[{"embeddable":true,"href":"https:\/\/www.apostilasopcao.com.br\/blog\/wp-json\/wp\/v2\/media\/610"}],"wp:attachment":[{"href":"https:\/\/www.apostilasopcao.com.br\/blog\/wp-json\/wp\/v2\/media?parent=577"}],"wp:term":[{"taxonomy":"category","embeddable":true,"href":"https:\/\/www.apostilasopcao.com.br\/blog\/wp-json\/wp\/v2\/categories?post=577"},{"taxonomy":"post_tag","embeddable":true,"href":"https:\/\/www.apostilasopcao.com.br\/blog\/wp-json\/wp\/v2\/tags?post=577"}],"curies":[{"name":"wp","href":"https:\/\/api.w.org\/{rel}","templated":true}]}}