{"id":5890,"date":"2026-02-03T13:19:43","date_gmt":"2026-02-03T16:19:43","guid":{"rendered":"https:\/\/www.apostilasopcao.com.br\/blog\/?p=5890"},"modified":"2026-02-03T13:41:57","modified_gmt":"2026-02-03T16:41:57","slug":"camara-dos-deputados","status":"publish","type":"post","link":"https:\/\/www.apostilasopcao.com.br\/blog\/camara-dos-deputados\/","title":{"rendered":"Concurso C\u00e2mara dos Deputados: Provas em mar\u00e7o! 140 vagas para T\u00e9cnico e Analista!"},"content":{"rendered":"\n<p>Boas not\u00edcias concurseiros! O concurso C\u00e2mara dos Deputados est\u00e1 ofertando <mark style=\"background-color:rgba(0, 0, 0, 0)\" class=\"has-inline-color has-palette-color-3-color\">140 vagas<\/mark>, sendo <strong>70 imediatas<\/strong> e <strong>70 para cadastro reserva<\/strong>, para os cargos de <strong>T\u00e9cnico Legislativo<\/strong> e <strong>Analista Legislativo<\/strong>. As oportunidades exigem <strong>n\u00edvel superior em qualquer \u00e1rea de forma\u00e7\u00e3o<\/strong>, com <strong>sal\u00e1rios iniciais entre R$ 20 mil e R$ 30 mil<\/strong>. As provas est\u00e3o previstas para o dia <strong>8 de mar\u00e7o de 2026<\/strong>. Para se preparar, confira a\u00a0<a href=\"https:\/\/www.apostilasopcao.com.br\/concurso\/camara-dos-deputados\">apostila C\u00e2mara dos Deputados<\/a>\u00a0com conte\u00fado completo e atualizado conforme o edital!<\/p>\n\n\n\n<h2 class=\"wp-block-heading\">Resumo do edital<\/h2>\n\n\n\n<ul class=\"wp-block-list\">\n<li><strong>Vagas<\/strong>: 70 imediatas + 70 CR<\/li>\n\n\n\n<li><strong>Inscri\u00e7\u00f5es<\/strong>: 05\/01\/2026 a 26\/01\/2026<\/li>\n\n\n\n<li><strong>Taxa de inscri\u00e7\u00e3o:<\/strong>\u00a0R$100,00 a R$130,00<\/li>\n\n\n\n<li><strong>Prova<\/strong>: 08\/03\/2026<\/li>\n\n\n\n<li><strong>Banca<\/strong>: Cebraspe<\/li>\n\n\n\n<li><a href=\"https:\/\/www.apostilasopcao.com.br\/blog\/wp-content\/uploads\/2026\/02\/edital-camara-dos-deputados.pdf\">Baixe aqui o edital do concurso C\u00e2mara dos Deputados<\/a><\/li>\n<\/ul>\n\n\n\n<h2 class=\"wp-block-heading\">Inscri\u00e7\u00f5es do concurso C\u00e2mara dos Deputados<\/h2>\n\n\n\n<p>A inscri\u00e7\u00e3o deveria ter sido realizada exclusivamente pela internet, por meio do site oficial do <a href=\"https:\/\/www.cebraspe.org.br\/concursos\/cd_25_ns\" target=\"_blank\" rel=\"noreferrer noopener\">Cebraspe<\/a>. O prazo para inscri\u00e7\u00e3o ficou aberto das <strong>10h do dia 5 de janeiro de 2026 at\u00e9 as 18h do dia 26 de janeiro de 2026<\/strong>, considerando o hor\u00e1rio oficial de Bras\u00edlia\/DF.<\/p>\n\n\n\n<p>O pagamento deveria ter sido efetuado at\u00e9 o dia <strong>28 de janeiro de 2026<\/strong>, sendo a inscri\u00e7\u00e3o confirmada somente ap\u00f3s a compensa\u00e7\u00e3o do valor.<\/p>\n\n\n\n<p>Os valores da taxa de inscri\u00e7\u00e3o foram:<\/p>\n\n\n\n<ul class=\"wp-block-list\">\n<li>Analista Legislativo \u2013 Especialidade: Processo Legislativo e Gest\u00e3o: R$ 130,00;<\/li>\n\n\n\n<li>T\u00e9cnico Legislativo \u2013 Especialidade: Assistente Legislativo e Administrativo: R$ 100,00.<\/li>\n<\/ul>\n\n\n\n<h3 class=\"wp-block-heading\">Isen\u00e7\u00e3o da taxa de inscri\u00e7\u00e3o<\/h3>\n\n\n\n<p>Puderam solicitar isen\u00e7\u00e3o total da taxa os candidatos inscritos no Cadastro \u00danico para Programas Sociais do Governo Federal (Cad\u00danico) ou aqueles que comprovaram a condi\u00e7\u00e3o de doadores de medula \u00f3ssea em entidades reconhecidas pelo Minist\u00e9rio da Sa\u00fade.<\/p>\n\n\n\n<p>O pedido deveria ter sido feito exclusivamente no site do Cebraspe, no per\u00edodo das <strong>10h do dia 5 de janeiro de 2026 at\u00e9 as 18h do dia 12 de janeiro de 2026<\/strong>.<\/p>\n\n\n\n<h2 class=\"wp-block-heading\">Cargos e vagas do concurso C\u00e2mara dos Deputados<\/h2>\n\n\n\n<p>O edital do concurso C\u00e2mara dos Deputados prev\u00ea o provimento de&nbsp;<strong>140 oportunidades<\/strong>, distribu\u00eddas entre&nbsp;<strong>70 vagas imediatas<\/strong>&nbsp;e&nbsp;<strong>70 vagas destinadas \u00e0 forma\u00e7\u00e3o de cadastro reserva<\/strong>, que poder\u00e1 ser utilizado ao longo de todo o prazo de validade do certame.<\/p>\n\n\n\n<p>As vagas contemplam dois cargos, ambos com distribui\u00e7\u00e3o por modalidades de concorr\u00eancia, conforme detalhado a seguir.<\/p>\n\n\n\n<h3 class=\"wp-block-heading\">Analista Legislativo<\/h3>\n\n\n\n<p>Especialidade: Processo Legislativo e Gest\u00e3o<\/p>\n\n\n\n<p>Para o cargo de Analista Legislativo, s\u00e3o ofertadas&nbsp;<strong>35 vagas imediatas<\/strong>, al\u00e9m de&nbsp;<strong>35 vagas em cadastro reserva<\/strong>, distribu\u00eddas da seguinte forma:<\/p>\n\n\n\n<ul class=\"wp-block-list\">\n<li>ampla concorr\u00eancia: 22 vagas + 22 cadastro reserva;<\/li>\n\n\n\n<li>pessoas com defici\u00eancia: 2 vagas + 2 cadastro reserva;<\/li>\n\n\n\n<li>candidatos pretos e pardos: 9 vagas + 9 cadastro reserva;<\/li>\n\n\n\n<li>candidatos ind\u00edgenas: 1 vaga + 1 cadastro reserva;<\/li>\n\n\n\n<li>candidatos quilombolas: 1 vaga + 1 cadastro reserva.<\/li>\n<\/ul>\n\n\n\n<h3 class=\"wp-block-heading\">T\u00e9cnico Legislativo<\/h3>\n\n\n\n<p>Especialidade: Assistente Legislativo e Administrativo<\/p>\n\n\n\n<p>O cargo de T\u00e9cnico Legislativo conta igualmente com&nbsp;<strong>35 vagas imediatas<\/strong>&nbsp;e&nbsp;<strong>35 vagas em cadastro reserva<\/strong>, com a seguinte distribui\u00e7\u00e3o:<\/p>\n\n\n\n<ul class=\"wp-block-list\">\n<li>ampla concorr\u00eancia: 22 vagas + 22 cadastro reserva;<\/li>\n\n\n\n<li>pessoas com defici\u00eancia: 2 vagas + 2 cadastro reserva;<\/li>\n\n\n\n<li>candidatos pretos e pardos: 9 vagas + 9 cadastro reserva;<\/li>\n\n\n\n<li>candidatos ind\u00edgenas: 1 vaga + 1 cadastro reserva;<\/li>\n\n\n\n<li>candidatos quilombolas: 1 vaga + 1 cadastro reserva.<\/li>\n<\/ul>\n\n\n\n<p><strong>Para quem vai iniciar a prepara\u00e7\u00e3o, os cursos C\u00e2mara dos Deputados&nbsp;j\u00e1 est\u00e3o dispon\u00edveis com conte\u00fado completo e atualizado conforme o edital<\/strong>!<\/p>\n\n\n\n<ul class=\"wp-block-list\">\n<li><a href=\"https:\/\/www.apostilasopcao.com.br\/curso-online\/cur-cama-deputad-tecni-legislati-assisten-legisla-administra\">Curso Online T\u00e9cnico<\/a><\/li>\n\n\n\n<li><a href=\"https:\/\/www.apostilasopcao.com.br\/curso-online\/curso-camara-deputad-analis-legislati-proces-legislati-gest\">Curso Online Analista<\/a><\/li>\n<\/ul>\n\n\n\n<h3 class=\"wp-block-heading\">Remunera\u00e7\u00e3o e benef\u00edcios<\/h3>\n\n\n\n<p>As carreiras da C\u00e2mara dos Deputados est\u00e3o entre as mais bem remuneradas do pa\u00eds. Os valores iniciais s\u00e3o:<\/p>\n\n\n\n<ul class=\"wp-block-list\">\n<li>Analista Legislativo: <strong>R$ 30.853,99;<\/strong><\/li>\n\n\n\n<li>T\u00e9cnico Legislativo:<strong> R$ 21.008,19.<\/strong><\/li>\n<\/ul>\n\n\n\n<p>Al\u00e9m disso, os servidores contam com benef\u00edcios que complementam significativamente os ganhos mensais:<\/p>\n\n\n\n<ul class=\"wp-block-list\">\n<li>Aux\u00edlio-alimenta\u00e7\u00e3o: R$1.784,42<\/li>\n\n\n\n<li>Assist\u00eancia pr\u00e9-escolar: R$1.184,35<\/li>\n\n\n\n<li>Aux\u00edlio-transporte: R$134,26<\/li>\n\n\n\n<li>Assist\u00eancia m\u00e9dica e odontol\u00f3gica: R$776,60<\/li>\n\n\n\n<li>Exames peri\u00f3dicos custeados pela Casa<\/li>\n<\/ul>\n\n\n\n<p>A jornada de trabalho dos aprovados ser\u00e1 de 40 horas semanais.<\/p>\n\n\n\n<h2 class=\"wp-block-heading\">Requisitos b\u00e1sicos<\/h2>\n\n\n\n<p>De acordo com o edital da C\u00e2mara dos Deputados, os requisitos gerais&nbsp;para investidura nos cargos s\u00e3o:<\/p>\n\n\n\n<ul class=\"wp-block-list\">\n<li>Ser aprovado no concurso p\u00fablico.<\/li>\n\n\n\n<li>Ter a nacionalidade brasileira ou portuguesa e, no caso de nacionalidade portuguesa, estar amparado pelo Estatuto de Igualdade entre Brasileiros e Portugueses, com reconhecimento do gozo dos direitos pol\u00edticos, nos termos do \u00a7 1\u00ba do art. 12 da Constitui\u00e7\u00e3o Federal.<\/li>\n\n\n\n<li>Estar em gozo dos direitos pol\u00edticos.<\/li>\n\n\n\n<li>Estar quite com as obriga\u00e7\u00f5es militares, em caso de candidato do sexo masculino.<\/li>\n\n\n\n<li>Estar quite com as obriga\u00e7\u00f5es eleitorais.<\/li>\n\n\n\n<li>Possuir os requisitos exigidos para o exerc\u00edcio do cargo,<\/li>\n\n\n\n<li>Ter idade m\u00ednima de 18 anos completos na data da posse.<\/li>\n\n\n\n<li>Ter aptid\u00e3o f\u00edsica e mental para o exerc\u00edcio das atribui\u00e7\u00f5es do cargo.<\/li>\n<\/ul>\n\n\n\n<h3 class=\"wp-block-heading\">Requisitos espec\u00edficos<\/h3>\n\n\n\n<p><strong>Analista Legislativo:<\/strong>&nbsp;diploma, devidamente registrado, de conclus\u00e3o de curso de gradua\u00e7\u00e3o em qualquer \u00e1rea de forma\u00e7\u00e3o, fornecido por institui\u00e7\u00e3o de ensino superior reconhecida pelo Minist\u00e9rio da Educa\u00e7\u00e3o (MEC).<\/p>\n\n\n\n<p><strong>T\u00e9cnico Legislativo:&nbsp;<\/strong>diploma, devidamente registrado, de conclus\u00e3o de curso de gradua\u00e7\u00e3o em qualquer \u00e1rea de forma\u00e7\u00e3o, fornecido por institui\u00e7\u00e3o de ensino superior.<\/p>\n\n\n\n<h2 class=\"wp-block-heading\">Atua\u00e7\u00e3o profissional dos cargos<\/h2>\n\n\n\n<p>Os aprovados atuar\u00e3o em atividades voltadas ao suporte t\u00e9cnico, administrativo e legislativo da C\u00e2mara dos Deputados.<\/p>\n\n\n\n<p>O <strong>Analista Legislativo<\/strong> exerce fun\u00e7\u00f5es relacionadas ao planejamento, coordena\u00e7\u00e3o e execu\u00e7\u00e3o de atividades administrativas e legislativas, prestando apoio t\u00e9cnico em \u00e1reas como gest\u00e3o de pessoas, or\u00e7amento, finan\u00e7as, tecnologia da informa\u00e7\u00e3o, licita\u00e7\u00f5es, comunica\u00e7\u00e3o social e processos legislativos. Tamb\u00e9m atua no assessoramento \u00e0 Mesa Diretora, Comiss\u00f5es e Lideran\u00e7as, al\u00e9m da produ\u00e7\u00e3o e an\u00e1lise de documentos legislativos e administrativos.<\/p>\n\n\n\n<p>O <strong>T\u00e9cnico Legislativo <\/strong>desempenha atividades de natureza t\u00e9cnica voltadas \u00e0 execu\u00e7\u00e3o e ao apoio dos trabalhos administrativos e legislativos, auxiliando unidades administrativas, elaborando relat\u00f3rios e documentos, e colaborando na gest\u00e3o de recursos materiais, humanos, or\u00e7ament\u00e1rios e informacionais.<\/p>\n\n\n\n<h2 class=\"wp-block-heading\">Etapas do concurso C\u00e2mara dos Deputados<\/h2>\n\n\n\n<p>A sele\u00e7\u00e3o do concurso C\u00e2mara dos Deputados ser\u00e1 realizada por meio de avalia\u00e7\u00e3o de conhecimentos e habilidades, com a aplica\u00e7\u00e3o de provas objetivas e prova discursiva, ambas com car\u00e1ter eliminat\u00f3rio e classificat\u00f3rio. A organiza\u00e7\u00e3o e execu\u00e7\u00e3o das etapas ficar\u00e3o sob responsabilidade do Cebraspe.<\/p>\n\n\n\n<p>As provas objetiva e discursiva ser\u00e3o aplicadas simultaneamente nas 26 capitais dos estados brasileiros e no Distrito Federal.<\/p>\n\n\n\n<h3 class=\"wp-block-heading\">Prova objetiva <\/h3>\n\n\n\n<p>A prova objetiva ter\u00e1 dura\u00e7\u00e3o de <strong>5 horas<\/strong> e ser\u00e1 aplicada no dia <strong>8 de mar\u00e7o de 2026<\/strong>, no turno da manh\u00e3.<\/p>\n\n\n\n<p>Ser\u00e3o cobrados os seguintes conhecimentos:<\/p>\n\n\n\n<p><strong>Conhecimentos Gerais<\/strong><\/p>\n\n\n\n<ul class=\"wp-block-list\">\n<li>Administra\u00e7\u00e3o P\u00fablica.<\/li>\n\n\n\n<li>L\u00edngua Portuguesa;<\/li>\n\n\n\n<li>L\u00edngua Inglesa;<\/li>\n\n\n\n<li>Racioc\u00ednio L\u00f3gico e Anal\u00edtico;<\/li>\n\n\n\n<li>Direito Administrativo;<\/li>\n<\/ul>\n\n\n\n<p><strong>Conhecimentos Espec\u00edficos<\/strong><\/p>\n\n\n\n<p><strong>Analista Legislativo<\/strong><\/p>\n\n\n\n<ul class=\"wp-block-list\">\n<li>Regimento Interno da C\u00e2mara dos Deputados, Regimento Comum do Congresso Nacional e C\u00f3digo de \u00c9tica;<\/li>\n\n\n\n<li>Direito Constitucional e Processo Legislativo;<\/li>\n\n\n\n<li>Ci\u00eancia Pol\u00edtica;<\/li>\n\n\n\n<li>Governan\u00e7a, Estrat\u00e9gia e Gest\u00e3o;<\/li>\n\n\n\n<li>No\u00e7\u00f5es de Tecnologia da Informa\u00e7\u00e3o e Dados.<\/li>\n<\/ul>\n\n\n\n<p><strong>T\u00e9cnico Legislativo<\/strong><\/p>\n\n\n\n<ul class=\"wp-block-list\">\n<li>No\u00e7\u00f5es de Direito Constitucional e de Regimento Interno da C\u00e2mara dos Deputados;<\/li>\n\n\n\n<li>Administra\u00e7\u00e3o Geral;<\/li>\n\n\n\n<li>Licita\u00e7\u00f5es e Contratos;<\/li>\n\n\n\n<li>Tecnologia da Informa\u00e7\u00e3o, Dados e No\u00e7\u00f5es de Estat\u00edstica;<\/li>\n\n\n\n<li>No\u00e7\u00f5es de Administra\u00e7\u00e3o Or\u00e7ament\u00e1ria e Financeira.<\/li>\n<\/ul>\n\n\n\n<p>As provas objetivas do concurso C\u00e2mara dos Deputados ser\u00e3o compostas por itens de julgamento no formato Certo ou Errado, organizados em comandos que dever\u00e3o ser rigorosamente seguidos pelos candidatos.<\/p>\n\n\n\n<p>Na folha de respostas, cada item apresentar\u00e1 duas op\u00e7\u00f5es de marca\u00e7\u00e3o:<\/p>\n\n\n\n<ul class=\"wp-block-list\">\n<li>C, quando o candidato considerar o item correto;<\/li>\n\n\n\n<li>E, quando considerar o item incorreto.<\/li>\n<\/ul>\n\n\n\n<p>A corre\u00e7\u00e3o ser\u00e1 realizada por meio de leitura eletr\u00f4nica das folhas de respostas.<\/p>\n\n\n\n<p>Cada item responder\u00e1 \u00e0 seguinte pontua\u00e7\u00e3o:<\/p>\n\n\n\n<ul class=\"wp-block-list\">\n<li>acr\u00e9scimo de 1,00 ponto para resposta em conformidade com o gabarito oficial definitivo;<\/li>\n\n\n\n<li>desconto de 1,00 ponto para resposta em desacordo com o gabarito oficial definitivo;<\/li>\n\n\n\n<li>pontua\u00e7\u00e3o zero nos casos de item n\u00e3o marcado ou com marca\u00e7\u00e3o dupla.<\/li>\n<\/ul>\n\n\n\n<p>A pontua\u00e7\u00e3o m\u00e1xima das provas objetivas do concurso C\u00e2mara dos Deputados ser\u00e1 de 180,00 pontos, correspondendo \u00e0 soma dos resultados obtidos em todos os itens.<\/p>\n\n\n\n<p>Ser\u00e1 eliminado do concurso C\u00e2mara dos Deputados o candidato que:<\/p>\n\n\n\n<ul class=\"wp-block-list\">\n<li>somar menos de 54,00 pontos no total das provas objetivas.<\/li>\n\n\n\n<li>alcan\u00e7ar pontua\u00e7\u00e3o inferior a 18,00 pontos na prova de Conhecimentos Gerais (P1);<\/li>\n\n\n\n<li>obtiver menos de 27,00 pontos na prova de Conhecimentos Espec\u00edficos (P2);<\/li>\n<\/ul>\n\n\n\n<h3 class=\"wp-block-heading\">Somos a melhor Op\u00e7\u00e3o<\/h3>\n\n\n\n<p>Quer conquistar uma vaga no concurso C\u00e2mara dos Deputados? Somos a melhore Op\u00e7\u00e3o! N\u00f3s preparamos diversos materiais realmente focados conforme o edital que te ajudar\u00e3o a conquistar o cargo dos sonhos. N\u00e3o perca mais tempo e comece a se preparar ainda hoje!<\/p>\n\n\n\n<p><strong>Confira:&nbsp;<a href=\"https:\/\/www.apostilasopcao.com.br\/concurso\/camara-dos-deputados\">Apostilas C\u00e2mara dos Deputados<\/a>!<\/strong><\/p>\n\n\n\n<h3 class=\"wp-block-heading\">Prova discursiva<\/h3>\n\n\n\n<p>A prova discursiva do concurso C\u00e2mara dos Deputados ter\u00e1 dura\u00e7\u00e3o de 3 horas e ser\u00e1 aplicada no dia 8 de mar\u00e7o de 2026, no turno da tarde.<\/p>\n\n\n\n<p>Para cada cargo, a avalia\u00e7\u00e3o discursiva totalizar\u00e1 60,00 pontos e ser\u00e1 composta por:<\/p>\n\n\n\n<ul class=\"wp-block-list\">\n<li>duas quest\u00f5es discursivas sobre conhecimentos espec\u00edficos, com limite de at\u00e9 20 linhas cada, valendo 15,00 pontos por quest\u00e3o;<\/li>\n\n\n\n<li>uma pe\u00e7a t\u00e9cnica sobre temas de conhecimentos espec\u00edficos, com limite de at\u00e9 50 linhas, valendo 30,00 pontos.<\/li>\n<\/ul>\n\n\n\n<p>As respostas dever\u00e3o ser redigidas manualmente, em letra leg\u00edvel, com caneta esferogr\u00e1fica de tinta preta e corpo transparente.<\/p>\n\n\n\n<p>Somente ter\u00e3o a prova discursiva corrigida os candidatos aprovados nas provas objetivas.<\/p>\n\n\n\n<p>A avalia\u00e7\u00e3o discursiva do concurso C\u00e2mara dos Deputados considerar\u00e1 o dom\u00ednio do conte\u00fado solicitado, a clareza na exposi\u00e7\u00e3o das ideias, a capacidade de argumenta\u00e7\u00e3o e o uso adequado das normas da L\u00edngua Portuguesa em seu registro formal. O texto dever\u00e1 atender ao comando apresentado pela banca, respeitando crit\u00e9rios de coer\u00eancia e coes\u00e3o.<\/p>\n\n\n\n<p>Cada prova discursiva do concurso C\u00e2mara dos Deputados passar\u00e1 por duas an\u00e1lises distintas: uma referente ao conte\u00fado desenvolvido e outra relacionada ao dom\u00ednio da escrita formal.<\/p>\n\n\n\n<p>Ser\u00e1 considerado aprovado na prova discursiva do concurso C\u00e2mara dos Deputados o candidato que alcan\u00e7ar nota igual ou superior a 30,00 pontos<\/p>\n\n\n\n<h2 class=\"wp-block-heading\" id=\"cargos\">Como foi o \u00faltimo concurso C\u00e2mara dos Deputados?<\/h2>\n\n\n\n<p>O \u00faltimo concurso C\u00e2mara dos Deputados foi em 2023 e foram ofertadas 140 vagas imediatas e 609 oportunidades para forma\u00e7\u00e3o de cadastro reserva para o cargo de Analista Legislativo, em diversas especialidades, de n\u00edvel superior de escolaridade. Confira as especialidades, a distribui\u00e7\u00e3o das vagas e<\/p>\n\n\n\n<p><strong>Edital N\u00ba 1<\/strong><\/p>\n\n\n\n<ul class=\"wp-block-list\">\n<li>Analista Legislativo \u2013 R$ 26.196,30\n<ul class=\"wp-block-list\">\n<li>Contador (03+27CR)<\/li>\n\n\n\n<li>Inform\u00e1tica Legislativa (30+50CR)<\/li>\n\n\n\n<li>T\u00e9cnico em Material e Patrim\u00f4nio (20+50CR)<\/li>\n<\/ul>\n<\/li>\n<\/ul>\n\n\n\n<p><strong>Edital N\u00ba 2<\/strong><\/p>\n\n\n\n<ul class=\"wp-block-list\">\n<li>Analista Legislativo \u2013 R$ 26.196,30\n<ul class=\"wp-block-list\">\n<li>Assistente Social (02+05CR)<\/li>\n\n\n\n<li>Enfermeiro (02+05CR)<\/li>\n\n\n\n<li>Farmac\u00eautico (01+05CR)<\/li>\n\n\n\n<li>M\u00e9dico\n<ul class=\"wp-block-list\">\n<li>\u00c1rea Medicina de Emerg\u00eancia (09+10CR)<\/li>\n\n\n\n<li>\u00c1rea Cardiologia (03+05CR)<\/li>\n\n\n\n<li>\u00c1rea Auditoria M\u00e9dica (02+05CR)<\/li>\n\n\n\n<li>\u00c1rea Psiquiatria (01+05CR)<\/li>\n\n\n\n<li>\u00c1rea Medicina do Trabalho (05CR)<\/li>\n\n\n\n<li>\u00c1rea Ortopedia e Traumatologia (05CR)<\/li>\n<\/ul>\n<\/li>\n<\/ul>\n<\/li>\n<\/ul>\n\n\n\n<p><strong>Edital N\u00ba 3<\/strong><\/p>\n\n\n\n<ul class=\"wp-block-list\">\n<li>Analista Legislativo \u2013 R$ 26.196,30\n<ul class=\"wp-block-list\">\n<li>T\u00e9cnica Legislativa (33+217CR)<\/li>\n<\/ul>\n<\/li>\n<\/ul>\n\n\n\n<p><strong>Edital N\u00ba 4<\/strong><\/p>\n\n\n\n<ul class=\"wp-block-list\">\n<li>Analista Legislativo\/ Consultoria \u2013 R$ 34.812,19\n<ul class=\"wp-block-list\">\n<li>Consultor Legislativo \u00c1rea I (03+10CR)<\/li>\n\n\n\n<li>Consultor Legislativo \u00c1rea II (02+10CR)<\/li>\n\n\n\n<li>Consultor Legislativo \u00c1rea III (01+10CR)<\/li>\n\n\n\n<li>Consultor Legislativo \u00c1rea IV (02+10CR)<\/li>\n\n\n\n<li>Consultor Legislativo \u00c1rea V (02+10CR)<\/li>\n\n\n\n<li>Consultor Legislativo \u00c1rea VII (01+10CR)<\/li>\n\n\n\n<li>Consultor Legislativo \u00c1rea VIII (02+10CR)<\/li>\n\n\n\n<li>Consultor Legislativo \u00c1rea IX (01+10CR)<\/li>\n\n\n\n<li>Consultor Legislativo \u00c1rea X (01+10CR)<\/li>\n\n\n\n<li>Consultor Legislativo \u00c1rea XI (01+10CR)<\/li>\n\n\n\n<li>Consultor Legislativo \u00c1rea XII (02+10CR)<\/li>\n\n\n\n<li>Consultor Legislativo \u00c1rea XIII (01+10CR)<\/li>\n\n\n\n<li>Consultor Legislativo \u00c1rea XIV (01+10CR)<\/li>\n\n\n\n<li>Consultor Legislativo \u00c1rea XV (02+10CR)<\/li>\n\n\n\n<li>Consultor Legislativo \u00c1rea XVI (01+10CR)<\/li>\n\n\n\n<li>Consultor Legislativo \u00c1rea XVII + XVIII (01+10CR)<\/li>\n\n\n\n<li>Consultor Legislativo \u00c1rea XIX (03+10CR)<\/li>\n\n\n\n<li>Consultor Legislativo \u00c1rea XX (01+10CR)<\/li>\n\n\n\n<li>Consultor Legislativo \u00c1rea XXI (02+10CR)<\/li>\n\n\n\n<li>Consultor Legislativo \u00c1rea XXII (02+10CR)<\/li>\n\n\n\n<li>Consultor de Or\u00e7amento de Fiscaliza\u00e7\u00e3o Financeira (02+15CR)<\/li>\n<\/ul>\n<\/li>\n<\/ul>\n\n\n\n<p>A jornada de trabalho para todos os cargos do concurso C\u00e2mara dos Deputados era de 40 horas semanais.<\/p>\n\n\n\n<h3 class=\"wp-block-heading\" id=\"requisitos\">Requisitos para a investidura<\/h3>\n\n\n\n<p>Confira as exig\u00eancias para que o candidato tomasse posse do cargo pretendido no concurso C\u00e2mara dos Deputados:<\/p>\n\n\n\n<ul class=\"wp-block-list\">\n<li>Ser aprovado no concurso;<\/li>\n\n\n\n<li>Ter nacionalidade brasileira ou portuguesa e, no caso de nacionalidade portuguesa, estar amparado pelo estatuto de igualdade entre brasileiros e portugueses, com reconhecimento do gozo dos direitos pol\u00edticos, nos termos do \u00a7 1\u00ba do art. 12 da Constitui\u00e7\u00e3o Federal;<\/li>\n\n\n\n<li>Estar em gozo dos direitos pol\u00edticos;<\/li>\n\n\n\n<li>Estar quite com as obriga\u00e7\u00f5es militares, em caso de candidato do sexo masculino;<\/li>\n\n\n\n<li>Estar quite com as obriga\u00e7\u00f5es eleitorais;<\/li>\n\n\n\n<li>Possuir os requisitos exigidos para o exerc\u00edcio do cargo, conforme Anexo II deste Edital;<\/li>\n\n\n\n<li>Ter idade m\u00ednima de 18 anos completos na data da posse;<\/li>\n\n\n\n<li>Ter aptid\u00e3o f\u00edsica e mental para o exerc\u00edcio das atribui\u00e7\u00f5es do cargo;<\/li>\n\n\n\n<li>Cumprir as exig\u00eancias estabelecidas em lei para o exerc\u00edcio das atribui\u00e7\u00f5es do cargo;<\/li>\n\n\n\n<li>Apresentar, \u00e0 \u00e9poca da posse, outros documentos que se fizerem necess\u00e1rios; e<\/li>\n\n\n\n<li>Cumprir as determina\u00e7\u00f5es dos Editais deste Concurso<\/li>\n<\/ul>\n\n\n\n<h3 class=\"wp-block-heading\" id=\"etapas\">Etapas de sele\u00e7\u00e3o<\/h3>\n\n\n\n<p>O concurso&nbsp;C\u00e2mara dos Deputados&nbsp;foi composto pelas seguintes etapas de sele\u00e7\u00e3o:<\/p>\n\n\n\n<ul class=\"wp-block-list\">\n<li><strong>Prova Objetiva<\/strong>&nbsp;\u2013 de car\u00e1ter&nbsp;eliminat\u00f3rio&nbsp;e&nbsp;classificat\u00f3rio<\/li>\n\n\n\n<li><strong>Prova Discursiva<\/strong>&nbsp;\u2013 de car\u00e1ter&nbsp;eliminat\u00f3rio&nbsp;e&nbsp;classificat\u00f3rio<\/li>\n\n\n\n<li><strong>Avalia\u00e7\u00e3o de T\u00edtulos<\/strong>&nbsp;\u2013\n<ul class=\"wp-block-list\">\n<li>Somente para M\u00e9dico e Consultor<\/li>\n<\/ul>\n<\/li>\n<\/ul>\n\n\n\n<h4 class=\"wp-block-heading\">Prova Objetiva<\/h4>\n\n\n\n<p>A prova objetiva do concurso C\u00e2mara dos Deputados foi composta por 130 quest\u00f5es de m\u00faltipla escolha, exceto para o cargo de Consultor, que contou com 140 quest\u00f5es.<\/p>\n\n\n\n<p>O exame foi versado nas seguintes disciplinas:<\/p>\n\n\n\n<ul class=\"wp-block-list\">\n<li>L\u00edngua Portuguesa<\/li>\n\n\n\n<li>L\u00edngua Inglesa<\/li>\n\n\n\n<li>Direito Constitucional e Regimento Interno da C\u00e2mara dos Deputados<\/li>\n\n\n\n<li>Direito Administrativo<\/li>\n\n\n\n<li>Racioc\u00ednio L\u00f3gico-Matem\u00e1tico<\/li>\n\n\n\n<li>Inform\u00e1tica e Dados<\/li>\n\n\n\n<li>Processo Legislativo<\/li>\n\n\n\n<li>Conhecimentos espec\u00edficos<\/li>\n<\/ul>\n\n\n\n<h4 class=\"wp-block-heading\">Prova Discursiva<\/h4>\n\n\n\n<p>Essa fase do concurso C\u00e2mara dos Deputados foi composta por 1 quest\u00e3o (exceto para o cargo de Consultor) discursiva que versaria sobre Conhecimentos Espec\u00edficos e deveria ser respondida em no m\u00e1ximo 30 linhas.<\/p>\n\n\n\n<p>Para o cargo de Consultor, a prova foi constitu\u00edda por 4 quest\u00f5es discursivas de Conhecimentos Espec\u00edficos para cada \u00e1rea tem\u00e1tica.<\/p>\n\n\n\n<h4 class=\"wp-block-heading\">Avalia\u00e7\u00e3o de T\u00edtulos<\/h4>\n\n\n\n<p>Confira nos documentos abaixo os t\u00edtulos que foram aceitos para a avalia\u00e7\u00e3o no concurso C\u00e2mara de Deputados:<\/p>\n\n\n\n<figure class=\"wp-block-image size-full\"><img loading=\"lazy\" decoding=\"async\" width=\"473\" height=\"402\" src=\"https:\/\/www.apostilasopcao.com.br\/blog\/wp-content\/uploads\/2025\/12\/image-70.png\" alt=\"t\u00edtulos aceitos concurso C\u00e2mara de Deputados\" class=\"wp-image-9849\" srcset=\"https:\/\/www.apostilasopcao.com.br\/blog\/wp-content\/uploads\/2025\/12\/image-70.png 473w, https:\/\/www.apostilasopcao.com.br\/blog\/wp-content\/uploads\/2025\/12\/image-70-300x255.png 300w\" sizes=\"auto, (max-width: 473px) 100vw, 473px\" \/><\/figure>\n\n\n\n<p><strong>Quer ficar por dentro de tudo sobre o universo de concursos?&nbsp;<a href=\"https:\/\/www.apostilasopcao.com.br\/blog\/noticias\/\">Confira as nossas not\u00edcias!<\/a><\/strong><\/p>\n","protected":false},"excerpt":{"rendered":"<p>O concurso C\u00e2mara dos Deputados oferta 140 vagas para T\u00e9cnico e Analista Legislativo, com exig\u00eancia de n\u00edvel superior e sal\u00e1rios iniciais de at\u00e9 R$ 30 mil. As provas ser\u00e3o aplicadas em mar\u00e7o de 2026. Saiba mais!<\/p>\n","protected":false},"author":12,"featured_media":8147,"comment_status":"closed","ping_status":"closed","sticky":false,"template":"","format":"standard","meta":{"_acf_changed":false,"breadcrumbs_single_post":"","page_title_panel":"","breadcrumbs_single_page":"","single_page_alignment":"","single_page_margin":"","page_structure_type":"","content_style_source":"","content_style":"","blog_post_streched_ed":"","blog_page_streched_ed":"","has_transparent_header":"","disable_transparent_header":"","vertical_spacing_source":"","content_area_spacing":"","single_post_content_background":"","single_page_content_background":"","single_post_boxed_content_spacing":"","single_page_boxed_content_spacing":"","single_post_content_boxed_radius":"","single_page_content_boxed_radius":"","disable_featured_image":"","disable_post_tags":"","disable_author_box":"","disable_posts_navigation":"","disable_comments":"","disable_related_posts":"","disable_header":"","disable_footer":"","footnotes":""},"categories":[4,154],"tags":[522],"class_list":["post-5890","post","type-post","status-publish","format-standard","has-post-thumbnail","hentry","category-noticias","category-nacional","tag-concurso-camara-dos-deputados","rishi-post"],"acf":{"data_prova":"20260308","status":"aberto"},"_links":{"self":[{"href":"https:\/\/www.apostilasopcao.com.br\/blog\/wp-json\/wp\/v2\/posts\/5890","targetHints":{"allow":["GET"]}}],"collection":[{"href":"https:\/\/www.apostilasopcao.com.br\/blog\/wp-json\/wp\/v2\/posts"}],"about":[{"href":"https:\/\/www.apostilasopcao.com.br\/blog\/wp-json\/wp\/v2\/types\/post"}],"author":[{"embeddable":true,"href":"https:\/\/www.apostilasopcao.com.br\/blog\/wp-json\/wp\/v2\/users\/12"}],"replies":[{"embeddable":true,"href":"https:\/\/www.apostilasopcao.com.br\/blog\/wp-json\/wp\/v2\/comments?post=5890"}],"version-history":[{"count":25,"href":"https:\/\/www.apostilasopcao.com.br\/blog\/wp-json\/wp\/v2\/posts\/5890\/revisions"}],"predecessor-version":[{"id":9861,"href":"https:\/\/www.apostilasopcao.com.br\/blog\/wp-json\/wp\/v2\/posts\/5890\/revisions\/9861"}],"wp:featuredmedia":[{"embeddable":true,"href":"https:\/\/www.apostilasopcao.com.br\/blog\/wp-json\/wp\/v2\/media\/8147"}],"wp:attachment":[{"href":"https:\/\/www.apostilasopcao.com.br\/blog\/wp-json\/wp\/v2\/media?parent=5890"}],"wp:term":[{"taxonomy":"category","embeddable":true,"href":"https:\/\/www.apostilasopcao.com.br\/blog\/wp-json\/wp\/v2\/categories?post=5890"},{"taxonomy":"post_tag","embeddable":true,"href":"https:\/\/www.apostilasopcao.com.br\/blog\/wp-json\/wp\/v2\/tags?post=5890"}],"curies":[{"name":"wp","href":"https:\/\/api.w.org\/{rel}","templated":true}]}}