{"id":590,"date":"2025-04-16T08:37:43","date_gmt":"2025-04-16T11:37:43","guid":{"rendered":"https:\/\/www.apostilasopcao.com.br\/blog\/?p=590"},"modified":"2025-04-22T13:35:09","modified_gmt":"2025-04-22T16:35:09","slug":"prefeitura-de-icara-sc","status":"publish","type":"post","link":"https:\/\/www.apostilasopcao.com.br\/blog\/prefeitura-de-icara-sc\/","title":{"rendered":"Concurso Prefeitura de I\u00e7ara: Edital publicado! Vagas para todos os n\u00edveis!"},"content":{"rendered":"\n<p>Aten\u00e7\u00e3o, concurseiros! O aguardado concurso <a href=\"https:\/\/www.apostilasopcao.com.br\/concurso\/prefeitura-de-icara-sc\">Prefeitura de I\u00e7ara<\/a> teve seu edital publicado com a oferta de <strong>87 vagas efetivas<\/strong> em diversos cargos para <strong>n\u00edveis fundamental, m\u00e9dio, t\u00e9cnico e superior<\/strong>. Os sal\u00e1rios podem chegar at\u00e9 <strong>R$9 mil<\/strong>, tornando a sele\u00e7\u00e3o atraente para quem busca estabilidade e boa remunera\u00e7\u00e3o no servi\u00e7o p\u00fablico. Ficou interessado? Continue comigo e confira todos os detalhes do certame!<\/p>\n\n\n\n<h2 class=\"wp-block-heading\" id=\"resumo-edital\">Resumo Edital<\/h2>\n\n\n\n<ul class=\"wp-block-list\">\n<li><strong>Vagas:<\/strong> 87 vagas imediatas<\/li>\n\n\n\n<li><strong>Per\u00edodo de inscri\u00e7\u00f5es:<\/strong> 8 de abril a 7 de maio<\/li>\n\n\n\n<li><strong>Taxas de inscri\u00e7\u00e3o:<\/strong> R$80,00 a R$150,00<\/li>\n\n\n\n<li><strong>Prova:<\/strong> 18 de maio de 2025<\/li>\n\n\n\n<li><strong>Banca:<\/strong> Unesc<\/li>\n\n\n\n<li><a href=\"https:\/\/www.apostilasopcao.com.br\/blog\/wp-content\/uploads\/2025\/04\/edital-do-concurso-prefeitura-de-icara.pdf\" target=\"_blank\" rel=\"noreferrer noopener\">Baixe o edital<\/a><\/li>\n<\/ul>\n\n\n\n<h2 class=\"wp-block-heading\" id=\"como-se-inscrever-no-concurso-prefeitura-de-icara\">Como se inscrever no concurso Prefeitura de I\u00e7ara?<\/h2>\n\n\n\n<p>As inscri\u00e7\u00f5es j\u00e1 est\u00e3o abertas e seguir\u00e3o at\u00e9 o dia <strong>7 de maio de 2025<\/strong>. Os candidatos interessados devem acessar o site da banca <a href=\"https:\/\/unesc.selecao.net.br\/informacoes\/199\/\" target=\"_blank\" rel=\"noreferrer noopener\">Unesc,<\/a> preencher os dados no formul\u00e1rio, gerar o boleto com a taxa de inscri\u00e7\u00e3o e pagar ele at\u00e9 o \u00faltimo dia de inscri\u00e7\u00f5es. <\/p>\n\n\n\n<p>Confira as taxas de inscri\u00e7\u00e3o abaixo:<\/p>\n\n\n\n<ul class=\"wp-block-list\">\n<li>N\u00edvel Fundamental: <strong>R$80,00<\/strong><\/li>\n\n\n\n<li>N\u00edvel M\u00e9dio\/T\u00e9cnico: <strong>R$100,00<\/strong><\/li>\n\n\n\n<li>N\u00edvel Superior: R$150,00<\/li>\n<\/ul>\n\n\n\n<h3 class=\"wp-block-heading\">Isen\u00e7\u00e3o <\/h3>\n\n\n\n<p>Candidatos doadores de sangue podem solicitar a isen\u00e7\u00e3o da taxa. O pedido deve ser feito at\u00e9 o dia 22 de abril de 2025, conforme previsto na legisla\u00e7\u00e3o municipal.<\/p>\n\n\n\n<h2 class=\"wp-block-heading\" id=\"vagas-carreira-e-salarios\">Vagas, carreira e sal\u00e1rios<\/h2>\n\n\n\n<p>O concurso Prefeitura de I\u00e7ara oferece um total de <strong>87 vagas efetivas<\/strong>, distribu\u00eddas entre os n\u00edveis fundamental, m\u00e9dio, t\u00e9cnico e superior. Confira a distribui\u00e7\u00e3o de cargos, vagas e sal\u00e1rios:<\/p>\n\n\n\n<p><strong>N\u00edvel fundamental\/Alfabetizado<\/strong><\/p>\n\n\n\n<ul class=\"wp-block-list\">\n<li>Auxiliar de Consult\u00f3rio Dent\u00e1rio (3)\n<ul class=\"wp-block-list\">\n<li>R$ 1.876,82<\/li>\n<\/ul>\n<\/li>\n\n\n\n<li>Bra\u00e7al (10)\n<ul class=\"wp-block-list\">\n<li>R$ 1.656,78<\/li>\n<\/ul>\n<\/li>\n\n\n\n<li>Calceteiro (5)\n<ul class=\"wp-block-list\">\n<li>R$ 1.876,82<\/li>\n<\/ul>\n<\/li>\n\n\n\n<li>Carpinteiro (3)\n<ul class=\"wp-block-list\">\n<li>R$ 1.876,82<\/li>\n<\/ul>\n<\/li>\n\n\n\n<li>Condutor de Ve\u00edculo de Transporte fora do Domic\u00edlio (1)\n<ul class=\"wp-block-list\">\n<li>R$ 2.148,64<\/li>\n<\/ul>\n<\/li>\n\n\n\n<li>Condutor de Ve\u00edculo de Transporte de Estudante (1)\n<ul class=\"wp-block-list\">\n<li>R$ 2.148,64<\/li>\n<\/ul>\n<\/li>\n\n\n\n<li>Condutor e Operador de Ca\u00e7amba (1)\n<ul class=\"wp-block-list\">\n<li>R$ 2.148,64<\/li>\n<\/ul>\n<\/li>\n\n\n\n<li>Coveiro (CR)\n<ul class=\"wp-block-list\">\n<li>R$ 2.524,00<\/li>\n<\/ul>\n<\/li>\n\n\n\n<li>Gari (2)\n<ul class=\"wp-block-list\">\n<li>R$ 1.617,95<\/li>\n<\/ul>\n<\/li>\n\n\n\n<li>Operador de M\u00e1quina (2)\n<ul class=\"wp-block-list\">\n<li>R$ 3.883,08<\/li>\n<\/ul>\n<\/li>\n\n\n\n<li>Operador de Motoniveladora (2)\n<ul class=\"wp-block-list\">\n<li>R$ 3.883,08<\/li>\n<\/ul>\n<\/li>\n\n\n\n<li>Pedreiro (3)\n<ul class=\"wp-block-list\">\n<li>R$ 3.015,86<\/li>\n<\/ul>\n<\/li>\n\n\n\n<li>Pintor (2)\n<ul class=\"wp-block-list\">\n<li>R$ 1.876,82<\/li>\n<\/ul>\n<\/li>\n<\/ul>\n\n\n\n<p><strong>N\u00edvel m\u00e9dio \/ t\u00e9cnico<\/strong><\/p>\n\n\n\n<ul class=\"wp-block-list\">\n<li>Assistente Administrativo (3)\n<ul class=\"wp-block-list\">\n<li>R$ 2.588,72<\/li>\n<\/ul>\n<\/li>\n\n\n\n<li>Auxiliar de Mec\u00e2nico (1)\n<ul class=\"wp-block-list\">\n<li>R$ 1.682,67<\/li>\n<\/ul>\n<\/li>\n\n\n\n<li>T\u00e9cnico em Enfermagem (10)\n<ul class=\"wp-block-list\">\n<li>R$ 3.624,21<\/li>\n<\/ul>\n<\/li>\n<\/ul>\n\n\n\n<p><strong>N\u00edvel superior<\/strong><\/p>\n\n\n\n<ul class=\"wp-block-list\">\n<li>Advogado (CR)\n<ul class=\"wp-block-list\">\n<li>R$ 9.060,52<\/li>\n<\/ul>\n<\/li>\n\n\n\n<li>Assistente Social (3)\n<ul class=\"wp-block-list\">\n<li>R$ 6.471,80<\/li>\n<\/ul>\n<\/li>\n\n\n\n<li>Dentista (3)\n<ul class=\"wp-block-list\">\n<li>R$ 5.436,31<\/li>\n<\/ul>\n<\/li>\n\n\n\n<li><a href=\"https:\/\/www.apostilasopcao.com.br\/apostila\/prefeitura-icara-sc-enfermeiro\">Enfermeiro<\/a> (5)\n<ul class=\"wp-block-list\">\n<li>R$ 6.471,80<\/li>\n<\/ul>\n<\/li>\n\n\n\n<li>Engenheiro Civil (1)\n<ul class=\"wp-block-list\">\n<li>R$ 9.060,52<\/li>\n<\/ul>\n<\/li>\n\n\n\n<li>Engenheiro Agrimensor (1)\n<ul class=\"wp-block-list\">\n<li>R$ 9.060,52<\/li>\n<\/ul>\n<\/li>\n\n\n\n<li>Engenheiro Eletricista (1)\n<ul class=\"wp-block-list\">\n<li>R$ 9.060,52<\/li>\n<\/ul>\n<\/li>\n\n\n\n<li>Farmac\u00eautico (1)\n<ul class=\"wp-block-list\">\n<li>R$ 3.598,32<\/li>\n<\/ul>\n<\/li>\n\n\n\n<li>Fisioterapeuta (1)\n<ul class=\"wp-block-list\">\n<li>R$ 3.235,90<\/li>\n<\/ul>\n<\/li>\n\n\n\n<li>Fonoaudi\u00f3logo (4)\n<ul class=\"wp-block-list\">\n<li>R$ 3.235,90 (20h)\/R$ 6.471,80 (40h)<\/li>\n<\/ul>\n<\/li>\n\n\n\n<li>M\u00e9dico (10)\n<ul class=\"wp-block-list\">\n<li>R$ 5.436,31<\/li>\n<\/ul>\n<\/li>\n\n\n\n<li>M\u00e9dico Pediatra (3)\n<ul class=\"wp-block-list\">\n<li>R$ 5.436,31<\/li>\n<\/ul>\n<\/li>\n\n\n\n<li>M\u00e9dico Veterin\u00e1rio (1 vaga)\n<ul class=\"wp-block-list\">\n<li>R$ 6.471,80<\/li>\n<\/ul>\n<\/li>\n\n\n\n<li>Psic\u00f3logo (3)\n<ul class=\"wp-block-list\">\n<li>R$ 4.711,47<\/li>\n<\/ul>\n<\/li>\n\n\n\n<li>Vigilante Sanit\u00e1rio (1)\n<ul class=\"wp-block-list\">\n<li>R$ 8.025,32<\/li>\n<\/ul>\n<\/li>\n<\/ul>\n\n\n\n<p>As jornadas de trabalho variam de 20 a 40 horas semanais, dependendo do cargo.<\/p>\n\n\n\n<h2 class=\"wp-block-heading\">Requisitos gerais<\/h2>\n\n\n\n<p>Conforme estabelecido no edital do concurso Prefeitura de I\u00e7ara, os seguintes requisitos s\u00e3o indispens\u00e1veis para a nomea\u00e7\u00e3o e posse nos cargos oferecidos no concurso da Prefeitura de I\u00e7ara:<\/p>\n\n\n\n<ul class=\"wp-block-list\">\n<li>Ser aprovado no Concurso P\u00fablico<\/li>\n\n\n\n<li>Estar em gozo dos direitos pol\u00edticos<\/li>\n\n\n\n<li>Estar quite com as obriga\u00e7\u00f5es militares, em caso de candidato do sexo masculino<\/li>\n\n\n\n<li>Estar quite com as obriga\u00e7\u00f5es eleitorais<\/li>\n\n\n\n<li>Possuir os requisitos exigidos para o exerc\u00edcio do cargo, conforme item 2.2 deste edital<\/li>\n\n\n\n<li>Ter idade m\u00ednima de 18 anos, completos na data da posse<\/li>\n\n\n\n<li>Ter aptid\u00e3o f\u00edsica e mental para o exerc\u00edcio das atribui\u00e7\u00f5es do cargo<\/li>\n\n\n\n<li>Cumprir as determina\u00e7\u00f5es deste edital<\/li>\n\n\n\n<li>N\u00e3o ter sofrido san\u00e7\u00e3o impeditiva para o exerc\u00edcio de cargo p\u00fablico<\/li>\n<\/ul>\n\n\n\n<h2 class=\"wp-block-heading\" id=\"etapas-e-provas\">Provas do concurso Prefeitura de I\u00e7ara<\/h2>\n\n\n\n<p>Os candidatos ao concurso Prefeitura de I\u00e7ara ser\u00e3o submetidos as seguintes etapas de sele\u00e7\u00e3o:<\/p>\n\n\n\n<ul class=\"wp-block-list\">\n<li>Prova objetiva: Car\u00e1ter eliminat\u00f3rio e classificat\u00f3rio para todos os cargos<\/li>\n\n\n\n<li>Prova pr\u00e1tica: Apenas para determinados cargos, como Operador de M\u00e1quina e Condutor de Ve\u00edculos<\/li>\n<\/ul>\n\n\n\n<p>A prova objetiva acontecer\u00e1 no dia <strong>18 de maio de 2025<\/strong>, das 14h \u00e0s 18h. J\u00e1 a avalia\u00e7\u00e3o pr\u00e1tica est\u00e1 prevista para <strong>6 de junho de 2025<\/strong>, destinada aos 10 primeiros colocados em cada cargo.<\/p>\n\n\n\n<h3 class=\"wp-block-heading\">Prova objetiva<\/h3>\n\n\n\n<p>A prova objetiva do concurso Prefeitura de I\u00e7ara ser\u00e1 elaborada com quest\u00f5es de conhecimentos b\u00e1sicos e espec\u00edficos de acordo com o cargo. <\/p>\n\n\n\n<p>Confira a distribui\u00e7\u00e3o de quest\u00f5es:<\/p>\n\n\n<div class=\"wp-block-image\">\n<figure class=\"aligncenter size-full\"><img loading=\"lazy\" decoding=\"async\" width=\"593\" height=\"318\" src=\"https:\/\/www.apostilasopcao.com.br\/blog\/wp-content\/uploads\/2025\/04\/prova-objetiva-icara.webp\" alt=\"Distribui\u00e7\u00e3o de quest\u00f5es do concurso Prefeitura de I\u00e7ara\" class=\"wp-image-595\" srcset=\"https:\/\/www.apostilasopcao.com.br\/blog\/wp-content\/uploads\/2025\/04\/prova-objetiva-icara.webp 593w, https:\/\/www.apostilasopcao.com.br\/blog\/wp-content\/uploads\/2025\/04\/prova-objetiva-icara-300x161.webp 300w\" sizes=\"auto, (max-width: 593px) 100vw, 593px\" \/><\/figure>\n<\/div>\n\n<div class=\"wp-block-image\">\n<figure class=\"aligncenter size-full\"><img loading=\"lazy\" decoding=\"async\" width=\"583\" height=\"318\" src=\"https:\/\/www.apostilasopcao.com.br\/blog\/wp-content\/uploads\/2025\/04\/prova-objetiva-2-icara.webp\" alt=\"Distribui\u00e7\u00e3o de quest\u00f5es do concurso Prefeitura de I\u00e7ara\" class=\"wp-image-594\" srcset=\"https:\/\/www.apostilasopcao.com.br\/blog\/wp-content\/uploads\/2025\/04\/prova-objetiva-2-icara.webp 583w, https:\/\/www.apostilasopcao.com.br\/blog\/wp-content\/uploads\/2025\/04\/prova-objetiva-2-icara-300x164.webp 300w\" sizes=\"auto, (max-width: 583px) 100vw, 583px\" \/><\/figure>\n<\/div>\n\n<div class=\"wp-block-image\">\n<figure class=\"aligncenter size-full\"><img loading=\"lazy\" decoding=\"async\" width=\"580\" height=\"354\" src=\"https:\/\/www.apostilasopcao.com.br\/blog\/wp-content\/uploads\/2025\/04\/prova-objetiva-3-icara.webp\" alt=\"Distribui\u00e7\u00e3o de quest\u00f5es do concurso Prefeitura de I\u00e7ara\" class=\"wp-image-593\" srcset=\"https:\/\/www.apostilasopcao.com.br\/blog\/wp-content\/uploads\/2025\/04\/prova-objetiva-3-icara.webp 580w, https:\/\/www.apostilasopcao.com.br\/blog\/wp-content\/uploads\/2025\/04\/prova-objetiva-3-icara-300x183.webp 300w\" sizes=\"auto, (max-width: 580px) 100vw, 580px\" \/><\/figure>\n<\/div>\n\n\n<h3 class=\"wp-block-heading\">Prova pr\u00e1tica<\/h3>\n\n\n\n<p>Ser\u00e1 aplicada&nbsp;somente para os cargos operacionais com exig\u00eancia pr\u00e1tica, como Operador de M\u00e1quina, Operador de Motoniveladora, Condutores de ve\u00edculos e Operador de Ca\u00e7amba. Confira como ser\u00e1 a prova:<\/p>\n\n\n<div class=\"wp-block-image\">\n<figure class=\"aligncenter size-full is-resized\"><img loading=\"lazy\" decoding=\"async\" width=\"596\" height=\"419\" src=\"https:\/\/www.apostilasopcao.com.br\/blog\/wp-content\/uploads\/2025\/04\/prova-pratica-icara.webp\" alt=\"Prova pr\u00e1tica do concurso Prefeitura de I\u00e7ara.\n\" class=\"wp-image-596\" style=\"width:596px;height:auto\" srcset=\"https:\/\/www.apostilasopcao.com.br\/blog\/wp-content\/uploads\/2025\/04\/prova-pratica-icara.webp 596w, https:\/\/www.apostilasopcao.com.br\/blog\/wp-content\/uploads\/2025\/04\/prova-pratica-icara-300x211.webp 300w\" sizes=\"auto, (max-width: 596px) 100vw, 596px\" \/><figcaption class=\"wp-element-caption\"><em>Confira como ser\u00e1 a prova pr\u00e1tica do concurso Prefeitura de I\u00e7ara!<\/em><\/figcaption><\/figure>\n<\/div>\n\n\n<h2 class=\"wp-block-heading\">\u00daltimo concurso Prefeitura de I\u00e7ara<\/h2>\n\n\n\n<p>Realizado em 2022, o \u00faltimo concurso da Prefeitura de I\u00e7ara ofereceu 12 vagas imediatas para cargos na \u00e1rea da Sa\u00fade, com sal\u00e1rios que variavam entre <strong>R$1.863,57 <\/strong>e<strong> R$7.930,13<\/strong>. As oportunidades foram distribu\u00eddas entre os seguintes cargos:<\/p>\n\n\n\n<ul class=\"wp-block-list\">\n<li>T\u00e9cnico em Enfermagem (2 vagas)<\/li>\n\n\n\n<li>Assistente Social (1 vaga)<\/li>\n\n\n\n<li>Enfermeiro (2 vagas)<\/li>\n\n\n\n<li>Farmac\u00eautico (1 vaga)<\/li>\n\n\n\n<li>Fisioterapeuta (1 vaga)<\/li>\n\n\n\n<li>Fonoaudi\u00f3logo (1 vaga)<\/li>\n\n\n\n<li>M\u00e9dico (2 vagas)<\/li>\n\n\n\n<li>Nutricionista (1 vaga)<\/li>\n\n\n\n<li>Psic\u00f3logo (1 vaga)<\/li>\n<\/ul>\n\n\n\n<h3 class=\"wp-block-heading\">Etapas de avalia\u00e7\u00e3o<\/h3>\n\n\n\n<p>Os candidatos foram avaliados exclusivamente por prova objetiva, contendo quest\u00f5es relacionadas \u00e0s seguintes disciplinas:<\/p>\n\n\n\n<ul class=\"wp-block-list\">\n<li>L\u00edngua Portuguesa<\/li>\n\n\n\n<li>Matem\u00e1tica<\/li>\n\n\n\n<li>Legisla\u00e7\u00e3o Municipal e do SUS<\/li>\n\n\n\n<li>Atualidades<\/li>\n\n\n\n<li>Conhecimentos Espec\u00edficos<\/li>\n<\/ul>\n\n\n\n<h2 class=\"wp-block-heading\" id=\"materiais-preparatorios\">Dica Op\u00e7\u00e3o<\/h2>\n\n\n\n<p>Sua prepara\u00e7\u00e3o \u00e9 essencial para conquistar um cargo no concurso da Prefeitura de I\u00e7ara. Invista em materiais de estudo atualizados e alinhados ao conte\u00fado program\u00e1tico estabelecido pelo edital.<\/p>\n\n\n\n<p>Preparar-se com efici\u00eancia \u00e9 o primeiro passo para garantir sua vaga e iniciar sua carreira no servi\u00e7o p\u00fablico, usufruindo de estabilidade e bons vencimentos.<\/p>\n\n\n\n<p>Confira: <a href=\"https:\/\/www.apostilasopcao.com.br\/apostila\/prefeitura-icara-sc-enfermeiro\">Apostila Prefeitura de I\u00e7ara &#8211; SC 2025 &#8211; Enfermeiro(a)<\/a><\/p>\n","protected":false},"excerpt":{"rendered":"<p>As inscri\u00e7\u00f5es para o concurso Prefeitura de I\u00e7ara est\u00e3o abertas! S\u00e3o 87 vagas de n\u00edvel fundamental, m\u00e9dio e superior, com sal\u00e1rios que chegam a R$9 mil!<\/p>\n","protected":false},"author":5,"featured_media":598,"comment_status":"closed","ping_status":"closed","sticky":false,"template":"","format":"standard","meta":{"_acf_changed":false,"breadcrumbs_single_post":"","page_title_panel":"","breadcrumbs_single_page":"","single_page_alignment":"","single_page_margin":"","page_structure_type":"","content_style_source":"","content_style":"","blog_post_streched_ed":"","blog_page_streched_ed":"","has_transparent_header":"","disable_transparent_header":"","vertical_spacing_source":"","content_area_spacing":"","single_post_content_background":"","single_page_content_background":"","single_post_boxed_content_spacing":"","single_page_boxed_content_spacing":"","single_post_content_boxed_radius":"","single_page_content_boxed_radius":"","disable_featured_image":"","disable_post_tags":"","disable_author_box":"","disable_posts_navigation":"","disable_comments":"","disable_related_posts":"","disable_header":"","disable_footer":"","footnotes":""},"categories":[29,4],"tags":[117],"class_list":["post-590","post","type-post","status-publish","format-standard","has-post-thumbnail","hentry","category-sc","category-noticias","tag-concurso-prefeitura-de-icara","rishi-post"],"acf":{"data_prova":"20250518","status":false},"_links":{"self":[{"href":"https:\/\/www.apostilasopcao.com.br\/blog\/wp-json\/wp\/v2\/posts\/590","targetHints":{"allow":["GET"]}}],"collection":[{"href":"https:\/\/www.apostilasopcao.com.br\/blog\/wp-json\/wp\/v2\/posts"}],"about":[{"href":"https:\/\/www.apostilasopcao.com.br\/blog\/wp-json\/wp\/v2\/types\/post"}],"author":[{"embeddable":true,"href":"https:\/\/www.apostilasopcao.com.br\/blog\/wp-json\/wp\/v2\/users\/5"}],"replies":[{"embeddable":true,"href":"https:\/\/www.apostilasopcao.com.br\/blog\/wp-json\/wp\/v2\/comments?post=590"}],"version-history":[{"count":8,"href":"https:\/\/www.apostilasopcao.com.br\/blog\/wp-json\/wp\/v2\/posts\/590\/revisions"}],"predecessor-version":[{"id":678,"href":"https:\/\/www.apostilasopcao.com.br\/blog\/wp-json\/wp\/v2\/posts\/590\/revisions\/678"}],"wp:featuredmedia":[{"embeddable":true,"href":"https:\/\/www.apostilasopcao.com.br\/blog\/wp-json\/wp\/v2\/media\/598"}],"wp:attachment":[{"href":"https:\/\/www.apostilasopcao.com.br\/blog\/wp-json\/wp\/v2\/media?parent=590"}],"wp:term":[{"taxonomy":"category","embeddable":true,"href":"https:\/\/www.apostilasopcao.com.br\/blog\/wp-json\/wp\/v2\/categories?post=590"},{"taxonomy":"post_tag","embeddable":true,"href":"https:\/\/www.apostilasopcao.com.br\/blog\/wp-json\/wp\/v2\/tags?post=590"}],"curies":[{"name":"wp","href":"https:\/\/api.w.org\/{rel}","templated":true}]}}