{"id":6390,"date":"2025-11-19T14:00:16","date_gmt":"2025-11-19T17:00:16","guid":{"rendered":"https:\/\/www.apostilasopcao.com.br\/blog\/?p=6390"},"modified":"2025-11-19T14:00:18","modified_gmt":"2025-11-19T17:00:18","slug":"ceeteps-sp","status":"publish","type":"post","link":"https:\/\/www.apostilasopcao.com.br\/blog\/ceeteps-sp\/","title":{"rendered":"Concurso Ceeteps SP: Edital autorizado! 2.374 vagas!"},"content":{"rendered":"\n<p>O concurso Ceeteps SP est\u00e1 oficialmente autorizado pelo Governo de S\u00e3o Paulo e dever\u00e1 ofertar <strong>2.374 vagas para o cargo de Professor<\/strong> em diversas especialidades das Etecs e Fatecs. A sele\u00e7\u00e3o ser\u00e1 destinada a profissionais de n\u00edvel superior e chama aten\u00e7\u00e3o pela carreira estruturada no Centro Paula Souza, que oferece sal\u00e1rios de at\u00e9 <strong>R$ 26,7 mil<\/strong>. Com a autoriza\u00e7\u00e3o publicada, os pr\u00f3ximos passos incluem a defini\u00e7\u00e3o da banca organizadora e a elabora\u00e7\u00e3o do edital, que devem avan\u00e7ar em breve, refor\u00e7ando a expectativa dos candidatos que aguardam a nova oportunidade no ensino p\u00fablico paulista. Ficou interessado? Continue lendo e descubra tudo que j\u00e1 foi confirmado sobre o concurso Ceeteps SP!<\/p>\n\n\n\n<h2 class=\"wp-block-heading\">Situa\u00e7\u00e3o atual<\/h2>\n\n\n\n<p>O concurso Ceeteps SP j\u00e1 est\u00e1 confirmado e avan\u00e7a dentro dos tr\u00e2mites oficiais. O Governo de S\u00e3o Paulo autorizou a abertura de um novo edital para o Centro Estadual de Educa\u00e7\u00e3o Tecnol\u00f3gica Paula Souza, respons\u00e1vel pela gest\u00e3o das Etecs e Fatecs.<\/p>\n\n\n\n<p>A nova sele\u00e7\u00e3o contar\u00e1 com <strong>2.374 vagas de n\u00edvel superior<\/strong>, todas destinadas \u00e0 carreira docente.<\/p>\n\n\n\n<p>A autoriza\u00e7\u00e3o foi publicada em <strong>17 de novembro<\/strong>, por meio de portaria oficial, e confirma que o certame ter\u00e1 como objetivo substituir vagas atualmente ocupadas por profissionais contratados temporariamente.<\/p>\n\n\n\n<figure class=\"wp-block-image size-full\"><img loading=\"lazy\" decoding=\"async\" width=\"768\" height=\"705\" src=\"https:\/\/www.apostilasopcao.com.br\/blog\/wp-content\/uploads\/2025\/11\/image-37.png\" alt=\"Imagem retirada do Di\u00e1rio Oficial do Estado de S\u00e3o Paulo autorizando o edital do concurso Ceeteps SP.\" class=\"wp-image-6395\" srcset=\"https:\/\/www.apostilasopcao.com.br\/blog\/wp-content\/uploads\/2025\/11\/image-37.png 768w, https:\/\/www.apostilasopcao.com.br\/blog\/wp-content\/uploads\/2025\/11\/image-37-300x275.png 300w\" sizes=\"auto, (max-width: 768px) 100vw, 768px\" \/><\/figure>\n\n\n\n<p>Com a autoriza\u00e7\u00e3o j\u00e1 publicada, o pr\u00f3ximo passo para o <strong>concurso Ceeteps SP<\/strong> \u00e9 a cria\u00e7\u00e3o da comiss\u00e3o organizadora, que ser\u00e1 respons\u00e1vel por conduzir as primeiras etapas internas do concurso Ceeteps SP. Ap\u00f3s sua forma\u00e7\u00e3o, dever\u00e1 ser definida a banca organizadora, etapa essencial que antecede a elabora\u00e7\u00e3o e a divulga\u00e7\u00e3o do edital.<\/p>\n\n\n\n<h2 class=\"wp-block-heading\">Cargos e vagas<\/h2>\n\n\n\n<p>O concurso Ceeteps SP contar\u00e1 com <strong>2.374 vagas<\/strong> destinadas \u00e0 carreira docente, voltadas exclusivamente a profissionais com <strong>forma\u00e7\u00e3o de n\u00edvel superior<\/strong>.<\/p>\n\n\n\n<p>A distribui\u00e7\u00e3o das oportunidades ocorrer\u00e1 da seguinte forma:<\/p>\n\n\n\n<ul class=\"wp-block-list\">\n<li><strong>Professor de Ensino Superior:<\/strong>&nbsp;717 vagas<\/li>\n\n\n\n<li><strong>Professor de Ensino M\u00e9dio e T\u00e9cnico:<\/strong>&nbsp;1.657 vagas<\/li>\n<\/ul>\n\n\n\n<h2 class=\"wp-block-heading\">Sal\u00e1rios do concurso Ceeteps SP<\/h2>\n\n\n\n<p>A remunera\u00e7\u00e3o no Centro Estadual de Educa\u00e7\u00e3o Tecnol\u00f3gica Paula Souza (Ceeteps SP) \u00e9 estruturada em dois subquadros: o Subquadro de Empregos P\u00fablicos Permanentes (SQEP-P) e o Subquadro de Empregos P\u00fablicos em Confian\u00e7a (SQEP-C).<\/p>\n\n\n\n<p>No SQEP-P est\u00e3o inseridas as carreiras de Docentes da Educa\u00e7\u00e3o Profissional e Tecnol\u00f3gica, Apoio ao Ensino e \u00e0 Pesquisa e Servidor da Educa\u00e7\u00e3o Profissional e Tecnol\u00f3gica.<\/p>\n\n\n\n<p>A carreira de Docentes da Educa\u00e7\u00e3o Profissional e Tecnol\u00f3gica \u00e9 organizada em <strong>seis n\u00edveis para professores das Etecs<\/strong> e <strong>seis n\u00edveis para docentes das Fatecs<\/strong>, definidos conforme a forma\u00e7\u00e3o exigida e a evolu\u00e7\u00e3o na carreira.<\/p>\n\n\n\n<p>Para os docentes das Fatecs, os sal\u00e1rios variam de R$ 7.675,22 no in\u00edcio e podem chegar a R$ 26.783,01 no n\u00edvel mais alto. J\u00e1 os docentes das <strong>Etecs<\/strong> t\u00eam remunera\u00e7\u00e3o inicial de R$ 4.539,26, com possibilidade de alcan\u00e7ar R$ 15.838,91 no topo da carreira.<\/p>\n\n\n\n<h2 class=\"wp-block-heading\">Requisitos b\u00e1sicos<\/h2>\n\n\n\n<p>Veja os requisitos b\u00e1sicos exigidos no \u00faltimo concurso Ceeteps SP:<\/p>\n\n\n\n<ul class=\"wp-block-list\">\n<li>Ser brasileiro nato ou naturalizado. Em caso de nacionalidade portuguesa, estar amparado pelo estatuto de igualdade entre brasileiros e portugueses, com reconhecimento de gozo de direitos pol\u00edticos, nos termos do \u00a7 1\u00ba do artigo 12 da Constitui\u00e7\u00e3o Federal;<\/li>\n\n\n\n<li>Se estrangeiro, possuir o Registro Nacional Migrat\u00f3rio (antigo Registro Nacional de Estrangeiro \u2013 RNE);<\/li>\n\n\n\n<li>Possuir, no m\u00ednimo, 18 anos de idade;<\/li>\n\n\n\n<li>Estar em dia com as obriga\u00e7\u00f5es resultantes da legisla\u00e7\u00e3o eleitoral;<\/li>\n\n\n\n<li>Estar em dia com as obriga\u00e7\u00f5es do Servi\u00e7o Militar, se do sexo masculino;<\/li>\n\n\n\n<li>Ter aptid\u00e3o f\u00edsica e mental para o exerc\u00edcio das obriga\u00e7\u00f5es do emprego; e<\/li>\n\n\n\n<li>N\u00e3o ter sido demitido ou demitido a bem do servi\u00e7o p\u00fablico no per\u00edodo de cinco a dez anos, respectivamente, conforme disposto no par\u00e1grafo \u00fanico do artigo 307 da Lei n.\u00ba 10.261, de 28\/10\/1968 (Estatuto dos Funcion\u00e1rios P\u00fablicos Civis do Estado).<\/li>\n<\/ul>\n\n\n\n<p>O <strong>requisito espec\u00edfico<\/strong> exigido foi a Licenciatura na \u00e1rea correspondente, conforme a disciplina ou especialidade ofertada no concurso Ceeteps SP.<\/p>\n\n\n\n<h2 class=\"wp-block-heading\">Atribui\u00e7\u00f5es do Professor Ceeteps SP<\/h2>\n\n\n\n<p>Confira, a seguir, as principais atividades atribu\u00eddas ao Professor de Ensino M\u00e9dio e T\u00e9cnico do Centro Paula Souza, conforme previsto no \u00faltimo edital do concurso Ceeteps SP:<\/p>\n\n\n\n<ul class=\"wp-block-list\">\n<li>Responder pela aprendizagem e pelo desenvolvimento dos alunos.<\/li>\n\n\n\n<li>Acompanhar o aproveitamento escolar dos estudantes.<\/li>\n\n\n\n<li>Colaborar em quest\u00f5es relacionadas \u00e0 conduta dos alunos.<\/li>\n\n\n\n<li>Implementar estrat\u00e9gias de recupera\u00e7\u00e3o cont\u00ednua para estudantes com baixo desempenho e comunicar essas a\u00e7\u00f5es aos pr\u00f3prios alunos ou aos respons\u00e1veis, quando menores de idade.<\/li>\n\n\n\n<li>Cumprir integralmente os dias letivos e a carga hor\u00e1ria prevista em lei e nas normas institucionais.<\/li>\n\n\n\n<li>Participar de per\u00edodos destinados ao planejamento, avalia\u00e7\u00e3o e forma\u00e7\u00e3o profissional.<\/li>\n\n\n\n<li>Elaborar e seguir o plano de trabalho docente alinhado ao Projeto Pol\u00edtico-Pedag\u00f3gico da Etec, ao Plano de Curso e \u00e0s orienta\u00e7\u00f5es institucionais.<\/li>\n\n\n\n<li>Informar aos alunos, no in\u00edcio do per\u00edodo letivo, as compet\u00eancias, habilidades, metodologia e crit\u00e9rios de avalia\u00e7\u00e3o previstos no plano de trabalho.<\/li>\n\n\n\n<li>Preparar aulas, materiais de apoio e atividades de recupera\u00e7\u00e3o cont\u00ednua.<\/li>\n\n\n\n<li>Seguir as orienta\u00e7\u00f5es da gest\u00e3o da Etec para atividades de an\u00e1lise, planejamento, programa\u00e7\u00e3o, avalia\u00e7\u00e3o e recupera\u00e7\u00e3o.<\/li>\n\n\n\n<li>Manter atualizados os registros escolares e cumprir prazos para entrega de resultados, planos e demais documentos exigidos.<\/li>\n\n\n\n<li>Colaborar com a\u00e7\u00f5es de integra\u00e7\u00e3o entre a Etec, as fam\u00edlias e a comunidade.<\/li>\n\n\n\n<li>Comparecer \u00e0s solenidades, reuni\u00f5es pedag\u00f3gicas ou administrativas e demais encontros institucionais.<\/li>\n\n\n\n<li>Promover um ambiente harmonioso e adequado \u00e0 a\u00e7\u00e3o educativa com alunos, servidores e colegas.<\/li>\n\n\n\n<li>Zelar pela conserva\u00e7\u00e3o de materiais, instala\u00e7\u00f5es e equipamentos utilizados em suas atividades.<\/li>\n\n\n\n<li>Vestir-se adequadamente nas depend\u00eancias da escola, respeitando normas de higiene, seguran\u00e7a e postura profissional.<\/li>\n\n\n\n<li>Cumprir o REDEPS e o Estatuto dos Servidores do Ceeteps.<\/li>\n<\/ul>\n\n\n\n<h2 class=\"wp-block-heading\">\u00daltimo concurso Ceeteps SP<\/h2>\n\n\n\n<p>O edital mais recente do concurso <a href=\"https:\/\/www.cps.sp.gov.br\/\" target=\"_blank\" rel=\"noreferrer noopener\">Ceeteps SP<\/a> foi publicado em 2022 e contemplou <strong>309 vagas<\/strong> para o cargo de Professor do Ensino M\u00e9dio e T\u00e9cnico, distribu\u00eddas entre diversas \u00e1reas de atua\u00e7\u00e3o. Entre as especialidades oferecidas, estiveram disciplinas como:<\/p>\n\n\n\n<ul class=\"wp-block-list\">\n<li>Qu\u00edmica<\/li>\n\n\n\n<li>Matem\u00e1tica<\/li>\n\n\n\n<li>Ingl\u00eas Instrumental<\/li>\n\n\n\n<li>L\u00edngua Estrangeira Moderna \u2013 Ingl\u00eas e Comunica\u00e7\u00e3o Profissional<\/li>\n\n\n\n<li>Educa\u00e7\u00e3o F\u00edsica<\/li>\n\n\n\n<li>Geografia<\/li>\n\n\n\n<li>Design Digital<\/li>\n\n\n\n<li>F\u00edsica<\/li>\n\n\n\n<li>Filosofia<\/li>\n\n\n\n<li>Hist\u00f3ria<\/li>\n\n\n\n<li>Biologia<\/li>\n\n\n\n<li>Estrat\u00e9gias de Marketing e Modelos de Neg\u00f3cios<\/li>\n\n\n\n<li>Desenvolvimento de Sistemas<\/li>\n\n\n\n<li>Tecnologia da Informa\u00e7\u00e3o em Recursos Humanos<\/li>\n\n\n\n<li>Arte<\/li>\n\n\n\n<li>No\u00e7\u00f5es de Direito Tribut\u00e1rio<\/li>\n\n\n\n<li>Linguagem, Trabalho e Tecnologia<\/li>\n\n\n\n<li>Arte Digital<\/li>\n<\/ul>\n\n\n\n<p>Os candidatos aprovados passaram a receber sal\u00e1rio de <strong>R$ 4.685,08<\/strong>, composto por remunera\u00e7\u00e3o baseada no valor de R$ 20,19 por hora-aula.<\/p>\n\n\n\n<h3 class=\"wp-block-heading\">Etapas de sele\u00e7\u00e3o<\/h3>\n\n\n\n<p>O concurso contou com <strong>tr\u00eas etapas<\/strong>, organizadas da seguinte forma:<\/p>\n\n\n\n<ul class=\"wp-block-list\">\n<li>Prova Objetiva (eliminat\u00f3ria e classificat\u00f3ria)<\/li>\n\n\n\n<li>Prova de M\u00e9todos Pedag\u00f3gicos (eliminat\u00f3ria e classificat\u00f3ria)<\/li>\n\n\n\n<li>Prova de T\u00edtulos (classificat\u00f3ria)<\/li>\n<\/ul>\n\n\n\n<h3 class=\"wp-block-heading\">Prova Objetiva<\/h3>\n\n\n\n<p>A prova objetiva foi estruturada com quest\u00f5es sobre:<\/p>\n\n\n\n<ul class=\"wp-block-list\">\n<li>No\u00e7\u00f5es de Administra\u00e7\u00e3o P\u00fablica<\/li>\n\n\n\n<li> Legisla\u00e7\u00e3o Educacional<\/li>\n\n\n\n<li>Lei de Acesso \u00e0 Informa\u00e7\u00e3o<\/li>\n\n\n\n<li>Conhecimentos Espec\u00edficos da especialidade escolhida<\/li>\n<\/ul>\n\n\n\n<h3 class=\"wp-block-heading\">Prova de M\u00e9todos Pedag\u00f3gicos<\/h3>\n\n\n\n<p>Nessa etapa, o candidato apresentou uma aula baseada nos conhecimentos espec\u00edficos da \u00e1rea escolhida. O desempenho foi avaliado considerando pr\u00e1ticas did\u00e1tico-pedag\u00f3gicas e dom\u00ednio do conte\u00fado. Entre os crit\u00e9rios analisados estiveram:<\/p>\n\n\n\n<h4 class=\"wp-block-heading\">Conte\u00fado<\/h4>\n\n\n\n<ul class=\"wp-block-list\">\n<li>Dom\u00ednio do tema<\/li>\n\n\n\n<li>Sequ\u00eancia l\u00f3gica<\/li>\n\n\n\n<li>Objetividade<\/li>\n\n\n\n<li>Adequa\u00e7\u00e3o ao assunto<\/li>\n\n\n\n<li>Uso correto de conceitos<\/li>\n<\/ul>\n\n\n\n<h4 class=\"wp-block-heading\">Planejamento<\/h4>\n\n\n\n<ul class=\"wp-block-list\">\n<li>Introdu\u00e7\u00e3o do tema<\/li>\n\n\n\n<li>Apresenta\u00e7\u00e3o dos objetivos<\/li>\n\n\n\n<li>Prepara\u00e7\u00e3o da aula e materiais utilizados<\/li>\n<\/ul>\n\n\n\n<h4 class=\"wp-block-heading\">Procedimento Did\u00e1tico<\/h4>\n\n\n\n<ul class=\"wp-block-list\">\n<li>Uso adequado de materiais did\u00e1ticos<\/li>\n\n\n\n<li>Adequa\u00e7\u00e3o do conte\u00fado ao n\u00edvel proposto<\/li>\n\n\n\n<li>Intera\u00e7\u00e3o com os alunos<\/li>\n\n\n\n<li>Gest\u00e3o do tempo<\/li>\n<\/ul>\n\n\n\n<h4 class=\"wp-block-heading\">Express\u00e3o<\/h4>\n\n\n\n<ul class=\"wp-block-list\">\n<li>Contato visual<\/li>\n\n\n\n<li>Postura<\/li>\n\n\n\n<li>Emiss\u00e3o de voz<\/li>\n\n\n\n<li>Linguagem corporal<\/li>\n<\/ul>\n\n\n\n<h4 class=\"wp-block-heading\">Linguagem e Comunica\u00e7\u00e3o<\/h4>\n\n\n\n<ul class=\"wp-block-list\">\n<li>Naturalidade e flu\u00eancia verbal<\/li>\n\n\n\n<li>Corre\u00e7\u00e3o gramatical<\/li>\n\n\n\n<li>Clareza na exposi\u00e7\u00e3o<\/li>\n\n\n\n<li>Escrita leg\u00edvel<\/li>\n\n\n\n<li>Capacidade de exemplifica\u00e7\u00e3o<\/li>\n<\/ul>\n\n\n\n<p><strong>Quer ficar por dentro de tudo sobre o universo de concursos?&nbsp;<a href=\"https:\/\/www.apostilasopcao.com.br\/blog\/noticias\/\">Confira as nossas not\u00edcias!<\/a><\/strong><\/p>\n\n\n\n<p><\/p>\n","protected":false},"excerpt":{"rendered":"<p>O concurso Ceeteps SP est\u00e1 autorizado e contar\u00e1 com 2.374 vagas para Professores das Etecs e Fatecs. Sele\u00e7\u00e3o exige n\u00edvel superior e oferece sal\u00e1rios de at\u00e9 R$ 26,7 mil. Confira o que j\u00e1 est\u00e1 confirmado sobre o edital.<\/p>\n","protected":false},"author":12,"featured_media":6391,"comment_status":"closed","ping_status":"closed","sticky":false,"template":"","format":"standard","meta":{"_acf_changed":false,"breadcrumbs_single_post":"","page_title_panel":"","breadcrumbs_single_page":"","single_page_alignment":"","single_page_margin":"","page_structure_type":"","content_style_source":"","content_style":"","blog_post_streched_ed":"","blog_page_streched_ed":"","has_transparent_header":"","disable_transparent_header":"","vertical_spacing_source":"","content_area_spacing":"","single_post_content_background":"","single_page_content_background":"","single_post_boxed_content_spacing":"","single_page_boxed_content_spacing":"","single_post_content_boxed_radius":"","single_page_content_boxed_radius":"","disable_featured_image":"","disable_post_tags":"","disable_author_box":"","disable_posts_navigation":"","disable_comments":"","disable_related_posts":"","disable_header":"","disable_footer":"","footnotes":""},"categories":[4,6],"tags":[544],"class_list":["post-6390","post","type-post","status-publish","format-standard","has-post-thumbnail","hentry","category-noticias","category-sp","tag-concurso-ceeteps","rishi-post"],"acf":{"data_prova":null,"status":"previsto"},"_links":{"self":[{"href":"https:\/\/www.apostilasopcao.com.br\/blog\/wp-json\/wp\/v2\/posts\/6390","targetHints":{"allow":["GET"]}}],"collection":[{"href":"https:\/\/www.apostilasopcao.com.br\/blog\/wp-json\/wp\/v2\/posts"}],"about":[{"href":"https:\/\/www.apostilasopcao.com.br\/blog\/wp-json\/wp\/v2\/types\/post"}],"author":[{"embeddable":true,"href":"https:\/\/www.apostilasopcao.com.br\/blog\/wp-json\/wp\/v2\/users\/12"}],"replies":[{"embeddable":true,"href":"https:\/\/www.apostilasopcao.com.br\/blog\/wp-json\/wp\/v2\/comments?post=6390"}],"version-history":[{"count":4,"href":"https:\/\/www.apostilasopcao.com.br\/blog\/wp-json\/wp\/v2\/posts\/6390\/revisions"}],"predecessor-version":[{"id":6407,"href":"https:\/\/www.apostilasopcao.com.br\/blog\/wp-json\/wp\/v2\/posts\/6390\/revisions\/6407"}],"wp:featuredmedia":[{"embeddable":true,"href":"https:\/\/www.apostilasopcao.com.br\/blog\/wp-json\/wp\/v2\/media\/6391"}],"wp:attachment":[{"href":"https:\/\/www.apostilasopcao.com.br\/blog\/wp-json\/wp\/v2\/media?parent=6390"}],"wp:term":[{"taxonomy":"category","embeddable":true,"href":"https:\/\/www.apostilasopcao.com.br\/blog\/wp-json\/wp\/v2\/categories?post=6390"},{"taxonomy":"post_tag","embeddable":true,"href":"https:\/\/www.apostilasopcao.com.br\/blog\/wp-json\/wp\/v2\/tags?post=6390"}],"curies":[{"name":"wp","href":"https:\/\/api.w.org\/{rel}","templated":true}]}}