{"id":6452,"date":"2026-07-22T10:03:12","date_gmt":"2026-07-22T13:03:12","guid":{"rendered":"https:\/\/www.apostilasopcao.com.br\/blog\/?p=6452"},"modified":"2026-07-22T10:03:15","modified_gmt":"2026-07-22T13:03:15","slug":"policia-penal-ma","status":"publish","type":"post","link":"https:\/\/www.apostilasopcao.com.br\/blog\/policia-penal-ma\/","title":{"rendered":"Concurso Pol\u00edcia Penal MA: Sa\u00edram os editais! Mais de 2.000 vagas!"},"content":{"rendered":"\n<p class=\"wp-block-paragraph\">Aten\u00e7\u00e3o, concurseiros! Foi anunciado o novo concurso Pol\u00edcia Penal MA! Oferta\u00a0<strong>1.059 vagas\u00a0<\/strong>imediatas, al\u00e9m de <strong>1.059 vagas<\/strong> para forma\u00e7\u00e3o de cadastro reserva, para cargos de n\u00edveis m\u00e9dio e superior. Os sal\u00e1rios iniciais variam entre\u00a0<strong><strong>R$ 1.760,72 a R$ 8.638,77<\/strong><\/strong>. Para <strong><strong>Inspetor de Pol\u00edcia Penal<\/strong>\u00a0ou\u00a0<strong>Monitor de Ressocializa\u00e7\u00e3o<\/strong>, <\/strong>as inscri\u00e7\u00f5es abrem no dia<strong> 30 de julho <\/strong>e seguem at\u00e9<strong> 31 de agosto de 2026.<\/strong> J\u00e1 as carreiras de\u00a0<strong>Especialista em Assist\u00eancia Penitenci\u00e1ria<\/strong>\u00a0e\u00a0<strong>Assistente Penitenci\u00e1rio<\/strong>\u00a0as inscri\u00e7\u00f5es abrem entre os dias <strong>4 de agosto e 14 de setembro<\/strong>. Para se preparar, confira a\u00a0<a href=\"https:\/\/www.apostilasopcao.com.br\/concurso\/secretaria-de-administracao-penitenciaria-do-maranhao\" target=\"_blank\" rel=\"noreferrer noopener\">apostila Pol\u00edcia Penal MA<\/a>\u00a0com conte\u00fado completo e atualizado conforme o \u00faltimo edital.<\/p>\n\n\n\n<h2 class=\"wp-block-heading\">Resumo do edital<\/h2>\n\n\n\n<ul class=\"wp-block-list\">\n<li><strong>Vagas:<\/strong>\u00a01.059 + 1.059 CR<\/li>\n\n\n\n<li><strong>Inscri\u00e7\u00f5es:\u00a0<\/strong>30\/07\/2026 a 31\/08\/2026 &#8211; 04\/08\/2026 e 14\/09\/2026<\/li>\n\n\n\n<li><strong>Taxa de inscri\u00e7\u00e3o:<\/strong>\u00a0R$ 85,00 a R$ 180,00<\/li>\n\n\n\n<li><strong>Provas:\u00a0<\/strong>13\/12\/2026 &#8211; 20\/12\/2026<\/li>\n\n\n\n<li><strong>Sal\u00e1rio inicial:<\/strong>\u00a0R$ 1.760,72 a R$ 8.638,77<\/li>\n\n\n\n<li><strong>Banca:<\/strong> Cebraspe<\/li>\n\n\n\n<li>Baixe o\u00a0<a href=\"https:\/\/www.apostilasopcao.com.br\/blog\/wp-content\/uploads\/2026\/07\/C71C65D760BE4B840499E08A82681558C961C7A4B0CA9946B042E45A98C59CA9.pdf\" target=\"_blank\" rel=\"noreferrer noopener\">edital Inspetor e\u00a0Monitor <\/a>\/ <a href=\"https:\/\/www.apostilasopcao.com.br\/blog\/wp-content\/uploads\/2026\/07\/2E00582C96F52C181E4CE8AB71EF3F3DAD375257C7DAE2511DC3451733E334A4.pdf\" target=\"_blank\" data-type=\"link\" data-id=\"https:\/\/www.apostilasopcao.com.br\/blog\/wp-content\/uploads\/2026\/07\/2E00582C96F52C181E4CE8AB71EF3F3DAD375257C7DAE2511DC3451733E334A4.pdf\" rel=\"noreferrer noopener\">edital Especialista e\u00a0Assistente<\/a><\/li>\n<\/ul>\n\n\n\n<h2 class=\"wp-block-heading\">Concurso Pol\u00edcia Penal MA: Inscri\u00e7\u00f5es<\/h2>\n\n\n\n<p class=\"wp-block-paragraph\">As inscri\u00e7\u00f5es do concurso Pol\u00edcia Penal MA ser\u00e3o realizadas exclusivamente pela internet no site\u00a0<a href=\"https:\/\/www.cebraspe.org.br\/concursos\/novos\" target=\"_blank\" rel=\"noreferrer noopener\">https:\/\/www.cebraspe.org.br\/concursos\/novos<\/a>,\u00a0respons\u00e1vel pela organiza\u00e7\u00e3o do certame. Os per\u00edodos de inscri\u00e7\u00e3o variam conforme o cargo:<\/p>\n\n\n\n<ul class=\"wp-block-list\">\n<li>Especialista em Assist\u00eancia Penitenci\u00e1ria e Assistente Penitenci\u00e1rio: inscri\u00e7\u00f5es de <strong>4 de agosto <\/strong>a <strong>14 de setembro de 2026<\/strong>. A taxa de inscri\u00e7\u00e3o ser\u00e1 de <strong>R$ 180,00<\/strong> para os cargos de n\u00edvel superior e <strong>R$ 120,00<\/strong> para o cargo de n\u00edvel m\u00e9dio.<\/li>\n\n\n\n<li>Inspetor de Pol\u00edcia Penal e Monitor de Ressocializa\u00e7\u00e3o: inscri\u00e7\u00f5es de <strong>30 de julho a 31 de agosto de 2026<\/strong>. A taxa de inscri\u00e7\u00e3o ser\u00e1 de <strong>R$ 150,00<\/strong> para Inspetor e <strong>R$ 85,00<\/strong> para Monitor.<\/li>\n<\/ul>\n\n\n\n<p class=\"wp-block-paragraph\"><strong><em><strong><em>A data limite para pagamento dos boletos banc\u00e1rios referentes \u00e0s taxas de inscri\u00e7\u00e3o <\/em><\/strong><\/em><\/strong><em><strong>s\u00e3o:<\/strong><\/em><\/p>\n\n\n\n<ul class=\"wp-block-list\">\n<li>Inspetor e Monitor: at\u00e9 <strong>22 de setembro<\/strong>;<\/li>\n\n\n\n<li>Especialista e Assistente: at\u00e9 <strong>14 de outubro<\/strong>.<\/li>\n<\/ul>\n\n\n\n<h3 class=\"wp-block-heading\">Isen\u00e7\u00e3o da taxa<\/h3>\n\n\n\n<p class=\"wp-block-paragraph\">O per\u00edodo para solicita\u00e7\u00e3o de isen\u00e7\u00e3o da taxa de inscri\u00e7\u00e3o do concurso Pol\u00edcia Penal MA ser\u00e1 entre os dias <strong>30 de julho a 31 de agosto de 2026<\/strong> para Inspetor e Monitor e <strong>4 de agosto a 14 de setembro de 2026<\/strong> para Especialista e Assistente, conforme previsto nos editais. Os pedidos podem ser realizados apenas pelos candidatos que se enquadrem em um dos seguintes crit\u00e9rios:<\/p>\n\n\n\n<ul class=\"wp-block-list\">\n<li>Cidad\u00e3os Desempregados\u00a0(Lei Estadual n\u00ba 299\/2007)<\/li>\n\n\n\n<li>Inscritos no Cad\u00danico\u00a0(Lei Federal n\u00ba 13.656\/2018)<\/li>\n\n\n\n<li>Doadores de Sangue\u00a0(Lei Estadual n\u00ba 10.338\/2015)<\/li>\n\n\n\n<li>Doadores de Medula \u00d3ssea\u00a0(Lei Estadual n\u00ba 10.338\/2015)<\/li>\n\n\n\n<li>Eleitores Convocados pela Justi\u00e7a Eleitoral do MA\u00a0(Lei Estadual n\u00ba 10.698\/2017)<\/li>\n\n\n\n<li>Jurados do Tribunal do J\u00fari do MA\u00a0(Lei Estadual n\u00ba 12.463\/2024)<\/li>\n\n\n\n<li>Doadoras de Leite Materno\u00a0(Lei Estadual n\u00ba 12.519\/2025)<\/li>\n<\/ul>\n\n\n\n<h2 class=\"wp-block-heading\">Concurso Pol\u00edcia Penal MA: Cargos e vagas<\/h2>\n\n\n\n<p class=\"wp-block-paragraph\">O\u00a0concurso\u00a0Pol\u00edcia Penal MA oferta\u00a0<strong>1.059 vagas\u00a0<\/strong>imediatas, al\u00e9m de <strong>1.059 vagas<\/strong> para forma\u00e7\u00e3o de cadastro reserva, para cargos de n\u00edveis m\u00e9dio e superior.<\/p>\n\n\n\n<ul class=\"wp-block-list\">\n<li>Inspetor de Pol\u00edcia Penal (Masculino): 244 vagas + 244 CR;<\/li>\n\n\n\n<li>Inspetor de Pol\u00edcia Penal (Feminino): 61 vagas + 61 CR;<\/li>\n\n\n\n<li>Monitor de Ressocializa\u00e7\u00e3o (Masculino): 360 vagas + 360 CR;<\/li>\n\n\n\n<li>Monitor de Ressocializa\u00e7\u00e3o (Feminino): 90 vagas + 90 CR;<\/li>\n\n\n\n<li>Especialista em Assist\u00eancia Penitenci\u00e1ria (Servi\u00e7o Social): 27 vagas + 27 CR;<\/li>\n\n\n\n<li>Especialista em Assist\u00eancia Penitenci\u00e1ria (Direito): 45 vagas + 45 CR;<\/li>\n\n\n\n<li>Especialista em Assist\u00eancia Penitenci\u00e1ria (Enfermagem): 27 vagas + 27 CR;<\/li>\n\n\n\n<li>Especialista em Assist\u00eancia Penitenci\u00e1ria (Pedagogia): 24 vagas + 24 CR;<\/li>\n\n\n\n<li>Especialista em Assist\u00eancia Penitenci\u00e1ria (Psicologia): 27 vagas + 27 CR;<\/li>\n\n\n\n<li>Assistente Penitenci\u00e1rio (T\u00e9cnico Administrativo): 101 vagas + 101 CR;<\/li>\n\n\n\n<li>Assistente Penitenci\u00e1rio (T\u00e9cnico de Enfermagem): 101 vagas + 53 CR.<\/li>\n<\/ul>\n\n\n\n<h3 class=\"wp-block-heading\">Sal\u00e1rios<\/h3>\n\n\n\n<p class=\"wp-block-paragraph\">As remunera\u00e7\u00f5es iniciais variam conforme o cargo:<\/p>\n\n\n\n<ul class=\"wp-block-list\">\n<li>Inspetor de Pol\u00edcia Penal: R$ 8.638,77;<\/li>\n\n\n\n<li>Monitor de Ressocializa\u00e7\u00e3o: R$ 1.822,34;<\/li>\n\n\n\n<li>Especialista em Assist\u00eancia Penitenci\u00e1ria: R$ 3.521,43;<\/li>\n\n\n\n<li>Assistente Penitenci\u00e1rio: R$ 1.760,72.<\/li>\n<\/ul>\n\n\n\n<h3 class=\"wp-block-heading\">Benef\u00edcios<\/h3>\n\n\n\n<p class=\"wp-block-paragraph\">Os sal\u00e1rios incluem subs\u00eddio e adicionais obrigat\u00f3rios, o que influencia diretamente o total bruto recebido pelos servidores. As proje\u00e7\u00f5es divulgadas mostram evolu\u00e7\u00e3o dos vencimentos at\u00e9 2026, para o cargo de Inspetor de Pol\u00edcia Penal.<\/p>\n\n\n\n<p class=\"wp-block-paragraph\">A composi\u00e7\u00e3o remunerat\u00f3ria inclui:<\/p>\n\n\n\n<ul class=\"wp-block-list\">\n<li>subs\u00eddio b\u00e1sico;<\/li>\n\n\n\n<li>aux\u00edlio-alimenta\u00e7\u00e3o;<\/li>\n\n\n\n<li>vale-transporte;<\/li>\n\n\n\n<li>adicional de insalubridade;<\/li>\n\n\n\n<li>adicional noturno;<\/li>\n\n\n\n<li>adicional de dif\u00edcil provimento.<\/li>\n<\/ul>\n\n\n\n<p class=\"wp-block-paragraph\"><strong>Para quem vai iniciar a prepara\u00e7\u00e3o, a\u00a0<a href=\"https:\/\/www.apostilasopcao.com.br\/concurso\/secretaria-de-administracao-penitenciaria-do-maranhao\" target=\"_blank\" rel=\"noreferrer noopener\">apostila Pol\u00edcia Penal MA<\/a>\u00a0j\u00e1 est\u00e1 dispon\u00edvel com conte\u00fado completo e atualizado conforme o \u00faltimo edital.<\/strong><\/p>\n\n\n\n<h2 class=\"wp-block-heading\">Concurso Pol\u00edcia Penal MA: Requisitos<\/h2>\n\n\n\n<p class=\"wp-block-paragraph\">Para participar do concurso Pol\u00edcia Penal MA, os candidatos devem atender aos seguintes requisitos:<\/p>\n\n\n\n<ul class=\"wp-block-list\">\n<li>Ser aprovado no concurso p\u00fablico;<\/li>\n\n\n\n<li>Possuir nacionalidade brasileira ou portuguesa, nos termos do Estatuto de Igualdade entre Brasileiros e Portugueses;<\/li>\n\n\n\n<li>Estar em pleno gozo dos direitos pol\u00edticos;<\/li>\n\n\n\n<li>Estar quite com as obriga\u00e7\u00f5es militares (para candidatos do sexo masculino);<\/li>\n\n\n\n<li>Estar quite com as obriga\u00e7\u00f5es eleitorais;<\/li>\n\n\n\n<li>Comprovar a escolaridade e os demais requisitos exigidos para o cargo;<\/li>\n\n\n\n<li>Ter idade m\u00ednima de 18 anos na data da posse;<\/li>\n\n\n\n<li>Possuir aptid\u00e3o f\u00edsica e mental para o exerc\u00edcio das atribui\u00e7\u00f5es do cargo;<\/li>\n\n\n\n<li>Possuir idoneidade moral e conduta ilibada, comprovadas por investiga\u00e7\u00e3o social;<\/li>\n\n\n\n<li>N\u00e3o ter sido demitido do servi\u00e7o p\u00fablico em qualquer esfera da Federa\u00e7\u00e3o;<\/li>\n\n\n\n<li>N\u00e3o estar cumprindo san\u00e7\u00e3o por inidoneidade aplicada por \u00f3rg\u00e3o ou entidade p\u00fablica;<\/li>\n\n\n\n<li>N\u00e3o possuir antecedentes criminais.<\/li>\n<\/ul>\n\n\n\n<h2 class=\"wp-block-heading\">Etapas de sele\u00e7\u00e3o<\/h2>\n\n\n\n<p class=\"wp-block-paragraph\">Os inscritos no concurso Pol\u00edcia Penal MA ser\u00e3o avaliados\u00a0por meio das seguintes etapas:<\/p>\n\n\n\n<ul class=\"wp-block-list\">\n<li><strong>Primeira etapa, composta das seguintes fases:<\/strong>\n<ul class=\"wp-block-list\">\n<li><strong>Provas objetivas<\/strong>, de car\u00e1ter eliminat\u00f3rio e classificat\u00f3rio;<\/li>\n\n\n\n<li><strong>Prova discursiva<\/strong>, de car\u00e1ter eliminat\u00f3rio e classificat\u00f3rio;<\/li>\n\n\n\n<li><strong>Avalia\u00e7\u00e3o de sa\u00fade<\/strong>, de car\u00e1ter eliminat\u00f3rio;<\/li>\n\n\n\n<li><strong>Teste de aptid\u00e3o f\u00edsica\u00a0<\/strong>(somente para Inspetor e Monitor), de car\u00e1ter eliminat\u00f3rio, de responsabilidade do Cebraspe;<\/li>\n\n\n\n<li><strong>Avalia\u00e7\u00e3o psicol\u00f3gica<\/strong>, de car\u00e1ter eliminat\u00f3rio;<\/li>\n\n\n\n<li><strong>Investiga\u00e7\u00e3o social<\/strong>, de car\u00e1ter eliminat\u00f3rio;<\/li>\n\n\n\n<li><strong>Avalia\u00e7\u00e3o de t\u00edtulos<\/strong>, de car\u00e1ter classificat\u00f3rio.<\/li>\n<\/ul>\n<\/li>\n\n\n\n<li><strong>Segunda etapa, composta de curso de forma\u00e7\u00e3o t\u00e9cnico-profissional<\/strong>, de car\u00e1ter eliminat\u00f3rio.<\/li>\n<\/ul>\n\n\n\n<h3 class=\"wp-block-heading\">Prova objetiva<\/h3>\n\n\n\n<p class=\"wp-block-paragraph\">A prova objetiva ter\u00e1 car\u00e1ter eliminat\u00f3rio e classificat\u00f3rio.<\/p>\n\n\n\n<p class=\"wp-block-paragraph\"><strong>Data de aplica\u00e7\u00e3o<\/strong><\/p>\n\n\n\n<ul class=\"wp-block-list\">\n<li>Inspetor de Pol\u00edcia Penal e Monitor de Ressocializa\u00e7\u00e3o: <strong>13 de dezembro de 2026<\/strong>;<\/li>\n\n\n\n<li>Especialista em Assist\u00eancia Penitenci\u00e1ria e Assistente Penitenci\u00e1rio: <strong>20 de dezembro de 2026<\/strong>.<\/li>\n<\/ul>\n\n\n\n<p class=\"wp-block-paragraph\"><strong>Inspetor de Pol\u00edcia Penal<\/strong><\/p>\n\n\n\n<ul class=\"wp-block-list\">\n<li>Conhecimentos Gerais: 30 quest\u00f5es;<\/li>\n\n\n\n<li>Conhecimentos Espec\u00edficos: 50 quest\u00f5es.<\/li>\n<\/ul>\n\n\n\n<p class=\"wp-block-paragraph\">A prova ter\u00e1 dura\u00e7\u00e3o de <strong>5 horas<\/strong> e ser\u00e1 aplicada no <strong>turno da manh\u00e3<\/strong>.<\/p>\n\n\n\n<p class=\"wp-block-paragraph\"><strong>Monitor de Ressocializa\u00e7\u00e3o<\/strong><\/p>\n\n\n\n<ul class=\"wp-block-list\">\n<li>Conhecimentos Gerais: 30 quest\u00f5es;<\/li>\n\n\n\n<li>Conhecimentos Espec\u00edficos: 30 quest\u00f5es.<\/li>\n<\/ul>\n\n\n\n<p class=\"wp-block-paragraph\">A prova ter\u00e1 dura\u00e7\u00e3o de <strong>4 horas<\/strong> e ser\u00e1 aplicada no <strong>turno da tarde<\/strong>.<\/p>\n\n\n\n<p class=\"wp-block-paragraph\"><strong>Especialista em Assist\u00eancia Penitenci\u00e1ria<\/strong><\/p>\n\n\n\n<ul class=\"wp-block-list\">\n<li>Conhecimentos Gerais: 30 quest\u00f5es;<\/li>\n\n\n\n<li>Conhecimentos Espec\u00edficos: 50 quest\u00f5es.<\/li>\n<\/ul>\n\n\n\n<p class=\"wp-block-paragraph\"><strong>Assistente Penitenci\u00e1rio<\/strong><\/p>\n\n\n\n<ul class=\"wp-block-list\">\n<li>Conhecimentos Gerais: 30 quest\u00f5es;<\/li>\n\n\n\n<li>Conhecimentos Espec\u00edficos: 30 quest\u00f5es.<\/li>\n<\/ul>\n\n\n\n<h3 class=\"wp-block-heading\">Somos a melhor Op\u00e7\u00e3o<\/h3>\n\n\n\n<p class=\"wp-block-paragraph\">Voc\u00ea ir\u00e1 participar do concurso Pol\u00edcia Penal MA? Somos a melhor Op\u00e7\u00e3o! N\u00f3s contamos com diversos materiais preparat\u00f3rios alinhados e elaborados conforme o edital. Com mais de tr\u00eas d\u00e9cadas de candidatos aprovados, ajudaremos voc\u00ea tamb\u00e9m nesta longa jornada. N\u00e3o perca mais tempo e comece a estudar ainda hoje para o cargo que ir\u00e1 mudar a sua vida!<\/p>\n\n\n\n<ul class=\"wp-block-list\">\n<li><strong>Confira:\u00a0<a href=\"https:\/\/www.apostilasopcao.com.br\/concurso\/secretaria-de-administracao-penitenciaria-do-maranhao\" target=\"_blank\" rel=\"noreferrer noopener\">Apostilas Pol\u00edcia Penal MA!<\/a><\/strong><\/li>\n<\/ul>\n\n\n\n<h3 class=\"wp-block-heading\">Prova discursiva<\/h3>\n\n\n\n<p class=\"wp-block-paragraph\">A prova discursiva ter\u00e1 car\u00e1ter eliminat\u00f3rio e classificat\u00f3rio e ser\u00e1 aplicada no mesmo dia da prova objetiva.<\/p>\n\n\n\n<p class=\"wp-block-paragraph\">A etapa consistir\u00e1 na elabora\u00e7\u00e3o de <strong>um texto dissertativo<\/strong>, com <strong>m\u00ednimo de 25 e m\u00e1ximo de 30 linhas<\/strong>, sobre tema relacionado \u00e0 disciplina de <strong>Atualidades<\/strong>. A prova valer\u00e1 <strong>10 pontos<\/strong>.<\/p>\n\n\n\n<p class=\"wp-block-paragraph\"><em>Ser\u00e1 considerado aprovado o candidato que obtiver nota igual ou superior a 5,00 pontos na prova discursiva.<\/em><\/p>\n\n\n\n<h3 class=\"wp-block-heading\">Teste de Aptid\u00e3o F\u00edsica (TAF)<\/h3>\n\n\n\n<p class=\"wp-block-paragraph\">O Teste de Aptid\u00e3o F\u00edsica ter\u00e1 car\u00e1ter eliminat\u00f3rio, sendo o candidato considerado <strong>apto<\/strong> ou <strong>inapto<\/strong>.<\/p>\n\n\n\n<p class=\"wp-block-paragraph\">A etapa ser\u00e1 composta pelos seguintes testes:<\/p>\n\n\n\n<ul class=\"wp-block-list\">\n<li>Teste din\u00e2mico de barra fixa (candidatos do sexo masculino) ou teste est\u00e1tico de barra fixa (candidatas do sexo feminino);<\/li>\n\n\n\n<li>Teste de flex\u00e3o abdominal;<\/li>\n\n\n\n<li>Teste de corrida de 12 minutos.<\/li>\n<\/ul>\n\n\n\n<h3 class=\"wp-block-heading\">Avalia\u00e7\u00e3o de t\u00edtulos &#8211; Concurso Pol\u00edcia Penal MA<\/h3>\n\n\n\n<p class=\"wp-block-paragraph\">A avalia\u00e7\u00e3o de t\u00edtulos ter\u00e1 car\u00e1ter classificat\u00f3rio e valer\u00e1, no m\u00e1ximo, <strong>7,00 pontos<\/strong>, ainda que a soma dos t\u00edtulos apresentados ultrapasse esse limite.<\/p>\n\n\n\n<p class=\"wp-block-paragraph\">Ser\u00e3o aceitos apenas os t\u00edtulos previstos no edital, desde que expedidos at\u00e9 a data de envio da documenta\u00e7\u00e3o, observados os limites de pontua\u00e7\u00e3o estabelecidos para cada categoria.<\/p>\n\n\n\n<figure class=\"wp-block-image size-full\"><img loading=\"lazy\" decoding=\"async\" width=\"683\" height=\"198\" src=\"https:\/\/www.apostilasopcao.com.br\/blog\/wp-content\/uploads\/2026\/05\/Captura-de-tela-2026-07-22-093547-convertido-de-png.webp\" alt=\"Avalia\u00e7\u00e3o de t\u00edtulos - Concurso Pol\u00edcia Penal MA\" class=\"wp-image-14588\" srcset=\"https:\/\/www.apostilasopcao.com.br\/blog\/wp-content\/uploads\/2026\/05\/Captura-de-tela-2026-07-22-093547-convertido-de-png.webp 683w, https:\/\/www.apostilasopcao.com.br\/blog\/wp-content\/uploads\/2026\/05\/Captura-de-tela-2026-07-22-093547-convertido-de-png-300x87.webp 300w\" sizes=\"auto, (max-width: 683px) 100vw, 683px\" \/><\/figure>\n\n\n\n<figure class=\"wp-block-image size-full\"><img loading=\"lazy\" decoding=\"async\" width=\"685\" height=\"362\" src=\"https:\/\/www.apostilasopcao.com.br\/blog\/wp-content\/uploads\/2026\/05\/Captura-de-tela-2026-07-22-093605-convertido-de-png.webp\" alt=\"Avalia\u00e7\u00e3o de t\u00edtulos - Concurso Pol\u00edcia Penal MA\" class=\"wp-image-14587\" srcset=\"https:\/\/www.apostilasopcao.com.br\/blog\/wp-content\/uploads\/2026\/05\/Captura-de-tela-2026-07-22-093605-convertido-de-png.webp 685w, https:\/\/www.apostilasopcao.com.br\/blog\/wp-content\/uploads\/2026\/05\/Captura-de-tela-2026-07-22-093605-convertido-de-png-300x159.webp 300w\" sizes=\"auto, (max-width: 685px) 100vw, 685px\" \/><\/figure>\n\n\n\n<figure class=\"wp-block-image size-full\"><img loading=\"lazy\" decoding=\"async\" width=\"685\" height=\"436\" src=\"https:\/\/www.apostilasopcao.com.br\/blog\/wp-content\/uploads\/2026\/05\/Captura-de-tela-2026-07-22-093615-convertido-de-png.webp\" alt=\"Avalia\u00e7\u00e3o de t\u00edtulos - Concurso Pol\u00edcia Penal MA\" class=\"wp-image-14586\" srcset=\"https:\/\/www.apostilasopcao.com.br\/blog\/wp-content\/uploads\/2026\/05\/Captura-de-tela-2026-07-22-093615-convertido-de-png.webp 685w, https:\/\/www.apostilasopcao.com.br\/blog\/wp-content\/uploads\/2026\/05\/Captura-de-tela-2026-07-22-093615-convertido-de-png-300x191.webp 300w\" sizes=\"auto, (max-width: 685px) 100vw, 685px\" \/><\/figure>\n\n\n\n<figure class=\"wp-block-image size-full\"><img loading=\"lazy\" decoding=\"async\" width=\"685\" height=\"416\" src=\"https:\/\/www.apostilasopcao.com.br\/blog\/wp-content\/uploads\/2026\/05\/Captura-de-tela-2026-07-22-093630-convertido-de-png.webp\" alt=\"Avalia\u00e7\u00e3o de t\u00edtulos - Concurso Pol\u00edcia Penal MA\" class=\"wp-image-14585\" srcset=\"https:\/\/www.apostilasopcao.com.br\/blog\/wp-content\/uploads\/2026\/05\/Captura-de-tela-2026-07-22-093630-convertido-de-png.webp 685w, https:\/\/www.apostilasopcao.com.br\/blog\/wp-content\/uploads\/2026\/05\/Captura-de-tela-2026-07-22-093630-convertido-de-png-300x182.webp 300w\" sizes=\"auto, (max-width: 685px) 100vw, 685px\" \/><\/figure>\n\n\n\n<figure class=\"wp-block-image size-full\"><img loading=\"lazy\" decoding=\"async\" width=\"685\" height=\"144\" src=\"https:\/\/www.apostilasopcao.com.br\/blog\/wp-content\/uploads\/2026\/05\/Captura-de-tela-2026-07-22-093642-convertido-de-png.webp\" alt=\"Avalia\u00e7\u00e3o de t\u00edtulos - Concurso Pol\u00edcia Penal MA\" class=\"wp-image-14584\" srcset=\"https:\/\/www.apostilasopcao.com.br\/blog\/wp-content\/uploads\/2026\/05\/Captura-de-tela-2026-07-22-093642-convertido-de-png.webp 685w, https:\/\/www.apostilasopcao.com.br\/blog\/wp-content\/uploads\/2026\/05\/Captura-de-tela-2026-07-22-093642-convertido-de-png-300x63.webp 300w\" sizes=\"auto, (max-width: 685px) 100vw, 685px\" \/><\/figure>\n\n\n\n<figure class=\"wp-block-image size-full\"><img loading=\"lazy\" decoding=\"async\" width=\"685\" height=\"440\" src=\"https:\/\/www.apostilasopcao.com.br\/blog\/wp-content\/uploads\/2026\/05\/Captura-de-tela-2026-07-22-093656-convertido-de-png.webp\" alt=\"Avalia\u00e7\u00e3o de t\u00edtulos - Concurso Pol\u00edcia Penal MA\" class=\"wp-image-14583\" srcset=\"https:\/\/www.apostilasopcao.com.br\/blog\/wp-content\/uploads\/2026\/05\/Captura-de-tela-2026-07-22-093656-convertido-de-png.webp 685w, https:\/\/www.apostilasopcao.com.br\/blog\/wp-content\/uploads\/2026\/05\/Captura-de-tela-2026-07-22-093656-convertido-de-png-300x193.webp 300w\" sizes=\"auto, (max-width: 685px) 100vw, 685px\" \/><\/figure>\n\n\n\n<figure class=\"wp-block-image size-full\"><img loading=\"lazy\" decoding=\"async\" width=\"685\" height=\"440\" src=\"https:\/\/www.apostilasopcao.com.br\/blog\/wp-content\/uploads\/2026\/05\/Captura-de-tela-2026-07-22-093656-convertido-de-png-1.webp\" alt=\"Avalia\u00e7\u00e3o de t\u00edtulos - Concurso Pol\u00edcia Penal MA\" class=\"wp-image-14582\" srcset=\"https:\/\/www.apostilasopcao.com.br\/blog\/wp-content\/uploads\/2026\/05\/Captura-de-tela-2026-07-22-093656-convertido-de-png-1.webp 685w, https:\/\/www.apostilasopcao.com.br\/blog\/wp-content\/uploads\/2026\/05\/Captura-de-tela-2026-07-22-093656-convertido-de-png-1-300x193.webp 300w\" sizes=\"auto, (max-width: 685px) 100vw, 685px\" \/><figcaption class=\"wp-element-caption\">Avalia\u00e7\u00e3o de t\u00edtulos &#8211; Concurso Pol\u00edcia Penal MA<\/figcaption><\/figure>\n\n\n\n<h2 class=\"wp-block-heading\">\u00daltimo concurso Pol\u00edcia Penal MA<\/h2>\n\n\n\n<p class=\"wp-block-paragraph\">O \u00faltimo concurso <a href=\"https:\/\/sead.ma.gov.br\/concursos?\/2016\" target=\"_blank\" rel=\"noreferrer noopener\">Pol\u00edcia Penal MA<\/a> (\u00e0 \u00e9poca para o cargo de Agente Penitenci\u00e1rio) foi realizado em <strong>2016<\/strong>, organizado pela FUNCAB, e contou com diversas etapas de car\u00e1ter eliminat\u00f3rio e\/ou classificat\u00f3rio, conforme previsto em edital. O certame ofertou <strong>100 vagas<\/strong>, exigiu <strong>n\u00edvel superior em qualquer \u00e1rea<\/strong> e <strong>CNH categoria B<\/strong>, com provas aplicadas em v\u00e1rias cidades do estado.<\/p>\n\n\n\n<p class=\"wp-block-paragraph\">As fases da sele\u00e7\u00e3o foram as seguintes:<\/p>\n\n\n\n<ul class=\"wp-block-list\">\n<li>Curso de Forma\u00e7\u00e3o \u2013 eliminat\u00f3rio e classificat\u00f3rio<\/li>\n\n\n\n<li>Prova Objetiva \u2013 eliminat\u00f3ria e classificat\u00f3ria<\/li>\n\n\n\n<li>Prova Discursiva \u2013 eliminat\u00f3ria e classificat\u00f3ria<\/li>\n\n\n\n<li>Exames M\u00e9dicos e Odontol\u00f3gicos \u2013 eliminat\u00f3rios<\/li>\n\n\n\n<li>Teste de Aptid\u00e3o F\u00edsica (TAF) \u2013 eliminat\u00f3rio<\/li>\n\n\n\n<li>Avalia\u00e7\u00e3o Psicot\u00e9cnica \u2013 eliminat\u00f3ria<\/li>\n\n\n\n<li>Investiga\u00e7\u00e3o Social \u2013 eliminat\u00f3ria<\/li>\n<\/ul>\n\n\n\n<h3 class=\"wp-block-heading\">Prova objetiva<\/h3>\n\n\n\n<p class=\"wp-block-paragraph\">A prova objetiva teve <strong>80 quest\u00f5es de m\u00faltipla escolha<\/strong>, com dura\u00e7\u00e3o de quatro horas, abrangendo conte\u00fados de L\u00edngua Portuguesa, Racioc\u00ednio L\u00f3gico, Inform\u00e1tica, Administra\u00e7\u00e3o P\u00fablica, Direito Constitucional, Direito Penal, Processo Penal, Direitos Humanos e Lei de Execu\u00e7\u00e3o Penal. O candidato precisava atingir <strong>pelo menos 50% de acertos<\/strong> e n\u00e3o zerar nenhuma disciplina.<\/p>\n\n\n\n<p class=\"wp-block-paragraph\">A prova discursiva consistiu em <strong>reda\u00e7\u00e3o dissertativa<\/strong>, corrigida somente para os <strong>1.500 primeiros colocados<\/strong> na prova objetiva.<\/p>\n\n\n\n<h3 class=\"wp-block-heading\">Teste de Aptid\u00e3o F\u00edsica (TAF)<\/h3>\n\n\n\n<p class=\"wp-block-paragraph\">O Teste de Aptid\u00e3o F\u00edsica do \u00faltimo concurso Pol\u00edcia Penal MA teve car\u00e1ter eliminat\u00f3rio e avaliou o condicionamento dos candidatos. Os participantes foram classificados como Aptos ou Inaptos conforme desempenho nos seguintes exerc\u00edcios:<\/p>\n\n\n\n<ul class=\"wp-block-list\">\n<li>Salto em altura<\/li>\n\n\n\n<li>Salto em dist\u00e2ncia<\/li>\n\n\n\n<li>Flex\u00e3o abdominal<\/li>\n\n\n\n<li>Corrida de 12 minutos<\/li>\n<\/ul>\n\n\n\n<p class=\"wp-block-paragraph\">Os \u00edndices variavam por sexo e faixa et\u00e1ria, conforme tabela prevista no edital concurso Pol\u00edcia Penal MA.<\/p>\n\n\n\n<p class=\"wp-block-paragraph\"><strong>Quer ficar por dentro de tudo sobre o universo de concursos?\u00a0<a href=\"https:\/\/www.apostilasopcao.com.br\/blog\/noticias\/\" target=\"_blank\" rel=\"noreferrer noopener\">Confira as nossas not\u00edcias!<\/a><\/strong><\/p>\n\n\n\n<p class=\"wp-block-paragraph\"><\/p>\n","protected":false},"excerpt":{"rendered":"<p>Foi anunciado o novo concurso Crea MG! Oferta\u00a01.059 vagas\u00a0imediatas, al\u00e9m de 1.059 vagas para forma\u00e7\u00e3o de cadastro reserva, para cargos de n\u00edveis m\u00e9dio e superior. Para Inspetor de Pol\u00edcia Penal\u00a0ou\u00a0Monitor de Ressocializa\u00e7\u00e3o, as inscri\u00e7\u00f5es abrem no dia 30 de julho e seguem at\u00e9 31 de agosto de 2026. J\u00e1 as carreiras de\u00a0Especialista em Assist\u00eancia Penitenci\u00e1ria\u00a0e\u00a0Assistente Penitenci\u00e1rio\u00a0as inscri\u00e7\u00f5es abrem entre os dias 4 de agosto e 14 de setembro. Confira!<\/p>\n","protected":false},"author":13,"featured_media":14589,"comment_status":"closed","ping_status":"closed","sticky":false,"template":"","format":"standard","meta":{"_acf_changed":false,"breadcrumbs_single_post":"","page_title_panel":"","breadcrumbs_single_page":"","single_page_alignment":"","single_page_margin":"","page_structure_type":"","content_style_source":"","content_style":"","blog_post_streched_ed":"","blog_page_streched_ed":"","has_transparent_header":"","disable_transparent_header":"","vertical_spacing_source":"","content_area_spacing":"","single_post_content_background":"","single_page_content_background":"","single_post_boxed_content_spacing":"","single_page_boxed_content_spacing":"","single_post_content_boxed_radius":"","single_page_content_boxed_radius":"","disable_featured_image":"","disable_post_tags":"","disable_author_box":"","disable_posts_navigation":"","disable_comments":"","disable_related_posts":"","disable_header":"","disable_footer":"","footnotes":""},"categories":[4,15],"tags":[547],"class_list":["post-6452","post","type-post","status-publish","format-standard","has-post-thumbnail","hentry","category-noticias","category-ma","tag-concurso-policia-penal-ma","rishi-post"],"acf":{"data_prova":"20261213","status":"aberto"},"_links":{"self":[{"href":"https:\/\/www.apostilasopcao.com.br\/blog\/wp-json\/wp\/v2\/posts\/6452","targetHints":{"allow":["GET"]}}],"collection":[{"href":"https:\/\/www.apostilasopcao.com.br\/blog\/wp-json\/wp\/v2\/posts"}],"about":[{"href":"https:\/\/www.apostilasopcao.com.br\/blog\/wp-json\/wp\/v2\/types\/post"}],"author":[{"embeddable":true,"href":"https:\/\/www.apostilasopcao.com.br\/blog\/wp-json\/wp\/v2\/users\/13"}],"replies":[{"embeddable":true,"href":"https:\/\/www.apostilasopcao.com.br\/blog\/wp-json\/wp\/v2\/comments?post=6452"}],"version-history":[{"count":8,"href":"https:\/\/www.apostilasopcao.com.br\/blog\/wp-json\/wp\/v2\/posts\/6452\/revisions"}],"predecessor-version":[{"id":14590,"href":"https:\/\/www.apostilasopcao.com.br\/blog\/wp-json\/wp\/v2\/posts\/6452\/revisions\/14590"}],"wp:featuredmedia":[{"embeddable":true,"href":"https:\/\/www.apostilasopcao.com.br\/blog\/wp-json\/wp\/v2\/media\/14589"}],"wp:attachment":[{"href":"https:\/\/www.apostilasopcao.com.br\/blog\/wp-json\/wp\/v2\/media?parent=6452"}],"wp:term":[{"taxonomy":"category","embeddable":true,"href":"https:\/\/www.apostilasopcao.com.br\/blog\/wp-json\/wp\/v2\/categories?post=6452"},{"taxonomy":"post_tag","embeddable":true,"href":"https:\/\/www.apostilasopcao.com.br\/blog\/wp-json\/wp\/v2\/tags?post=6452"}],"curies":[{"name":"wp","href":"https:\/\/api.w.org\/{rel}","templated":true}]}}