{"id":6768,"date":"2026-01-08T11:40:37","date_gmt":"2026-01-08T14:40:37","guid":{"rendered":"https:\/\/www.apostilasopcao.com.br\/blog\/?p=6768"},"modified":"2026-01-08T11:40:40","modified_gmt":"2026-01-08T14:40:40","slug":"detran-rj","status":"publish","type":"post","link":"https:\/\/www.apostilasopcao.com.br\/blog\/detran-rj\/","title":{"rendered":"Concurso Detran RJ: Banca em defini\u00e7\u00e3o! 552 vagas!"},"content":{"rendered":"\n<p>Aten\u00e7\u00e3o concurseiros! O concurso Detran RJ segue em planejamento e n\u00e3o teve o edital publicado em dezembro de 2025, como havia sido anunciado anteriormente. O grupo de trabalho respons\u00e1vel pelos estudos do certame passou por altera\u00e7\u00f5es e a sele\u00e7\u00e3o, que prev\u00ea <strong>552 vagas imediatas<\/strong>, al\u00e9m de <strong>cadastro reserva<\/strong>, para cargos de <strong>n\u00edveis m\u00e9dio e superior<\/strong>, permanece nos planos do governo estadual, mas agora com <strong>previs\u00e3o de realiza\u00e7\u00e3o em 2026<\/strong>. Para se preparar, confira a\u00a0<a href=\"https:\/\/www.apostilasopcao.com.br\/concurso\/departamento-estadual-de-transito-do-rio-de-janeiro\">apostila Detran RJ<\/a>\u00a0com conte\u00fado completo e atualizado conforme o \u00faltimo edital.<\/p>\n\n\n\n<h2 class=\"wp-block-heading\">Concurso Detran RJ: Situa\u00e7\u00e3o atual<\/h2>\n\n\n\n<p>O concurso Detran RJ chegou a ter o edital previsto para dezembro de 2025, por\u00e9m a publica\u00e7\u00e3o n\u00e3o ocorreu, uma vez que o certame ainda depende do avan\u00e7o de etapas administrativas, especialmente da defini\u00e7\u00e3o da banca organizadora.<\/p>\n\n\n\n<p>A sele\u00e7\u00e3o foi confirmada em <strong>agosto de 2025<\/strong> por <strong>Vin\u00edcius Farah<\/strong>, ent\u00e3o presidente do Departamento de Tr\u00e2nsito do Estado do Rio de Janeiro, durante entrevista concedida ao <strong>Podcast do Bebez\u00e3o<\/strong>. Na ocasi\u00e3o, o dirigente informou que o concurso dever\u00e1 ofertar <strong>552 vagas imediatas<\/strong>, al\u00e9m da forma\u00e7\u00e3o de <strong>cadastro reserva<\/strong>.<\/p>\n\n\n\n<blockquote class=\"wp-block-quote is-layout-flow wp-block-quote-is-layout-flow\">\n<p><em>\u201cN\u00f3s vamos fazer o concurso p\u00fablico em dezembro. Um concurso com 552 vagas mais quadro de reserva. Ou seja, \u00e9 um concurso robusto, grande, n\u00e3o aqueles concursos que \u00e0s vezes as pessoas fazem s\u00f3 para ganhar elei\u00e7\u00e3o, n\u00e9? Em \u00e9poca de elei\u00e7\u00e3o, o cara faz um concursozinho com meia d\u00fazia ou tr\u00eas, quatro cargos. N\u00e3o, \u00e9 um concurso realmente robusto. \u00c9 um concurso de verdade para todas as \u00e1reas do Detran\u201d,\u00a0<\/em>disse Vin\u00edcius Farah.<\/p>\n<\/blockquote>\n\n\n\n<p>O ent\u00e3o presidente tamb\u00e9m reiterou a realiza\u00e7\u00e3o do concurso durante participa\u00e7\u00e3o no <strong>Chat Podcast<\/strong>, em <strong>6 de junho<\/strong>, refor\u00e7ando a previs\u00e3o de abertura da sele\u00e7\u00e3o.<\/p>\n\n\n\n<blockquote class=\"wp-block-quote is-layout-flow wp-block-quote-is-layout-flow\">\n<p><em>\u201cVamos fazer concurso p\u00fablico, isso j\u00e1 \u00e9 um ponto fechado. N\u00e3o abro m\u00e3o de fazer um novo concurso p\u00fablico dentro do Detran. O funcion\u00e1rio, seja ele terceirizado, funcion\u00e1rio p\u00fablico ou comissionado, tem que estar trabalhando feliz, pois vai lidar com as pessoas, com o p\u00fablico. Temos a obriga\u00e7\u00e3o de cuidar desse ambiente interno, oferecendo estrutura f\u00edsica, tecnol\u00f3gica e bem-estar no ambiente de trabalho\u201d<\/em>, destacou.<\/p>\n<\/blockquote>\n\n\n\n<p>Vin\u00edcius Farah deixou a presid\u00eancia do Departamento de Tr\u00e2nsito do Estado do Rio de Janeiro em <strong>setembro<\/strong>, ao assumir a <strong>Secretaria de Desenvolvimento Econ\u00f4mico do Estado<\/strong>, o que levantou questionamentos sobre o andamento do concurso Detran RJ. Apesar da mudan\u00e7a no comando da autarquia, o ex-presidente afirmou que os preparativos para a sele\u00e7\u00e3o permanecem mantidos.<\/p>\n\n\n\n<p>O concurso Detran RJ conta com <strong>comiss\u00e3o organizadora formada desde fevereiro de 2025<\/strong> e segue em fase de planejamento. A pr\u00f3xima etapa aguardada \u00e9 a <strong>defini\u00e7\u00e3o da banca organizadora<\/strong>, que ficar\u00e1 respons\u00e1vel pela publica\u00e7\u00e3o do edital, pelo recebimento das inscri\u00e7\u00f5es e pela condu\u00e7\u00e3o de todas as fases do certame.<\/p>\n\n\n\n<p>A expectativa \u00e9 que tanto a divulga\u00e7\u00e3o do edital quanto as demais etapas do concurso Detran RJ sejam realizadas ao longo dos <strong>primeiros meses de 2026<\/strong>, com a conclus\u00e3o do processo seletivo antes do in\u00edcio das restri\u00e7\u00f5es impostas pelo calend\u00e1rio eleitoral.<\/p>\n\n\n\n<h2 class=\"wp-block-heading\">Concurso Detran RJ: Cargos e vagas previstos<\/h2>\n\n\n\n<p>Embora os cargos do pr\u00f3ximo concurso Detran RJ ainda n\u00e3o tenham sido oficialmente confirmados, o Departamento de Tr\u00e2nsito do Estado do Rio de Janeiro possui <strong>2.720 cargos efetivos<\/strong> previstos em sua estrutura administrativa. Essa organiza\u00e7\u00e3o est\u00e1 fundamentada na <strong>Lei n\u00ba 4.781\/2006<\/strong>, norma que permanece em vigor e que estabelece o plano de cargos e sal\u00e1rios atualmente adotado pela autarquia.<\/p>\n\n\n\n<p>Desse quantitativo total, <strong>2.314 cargos integram o Grupo II<\/strong>, voltado a fun\u00e7\u00f5es de <strong>n\u00edvel m\u00e9dio e m\u00e9dio t\u00e9cnico<\/strong>, o que indica a predomin\u00e2ncia dessas carreiras no quadro funcional do \u00f3rg\u00e3o. Confira, a seguir, como ocorre a distribui\u00e7\u00e3o dessas vagas:<\/p>\n\n\n\n<ul class=\"wp-block-list\">\n<li><strong>Assistente T\u00e9cnico Administrativo<\/strong>: 545 cargos<\/li>\n\n\n\n<li><strong>Assistente T\u00e9cnico de Identifica\u00e7\u00e3o Civil<\/strong>: 251 cargos<\/li>\n\n\n\n<li><strong>Assistente T\u00e9cnico de Inform\u00e1tica<\/strong>: 45 cargos<\/li>\n\n\n\n<li><strong>Assistente T\u00e9cnico de Tr\u00e2nsito<\/strong>: 1.464 cargos<\/li>\n\n\n\n<li><strong>T\u00e9cnico de Contabilidade<\/strong>: 9 cargos<\/li>\n<\/ul>\n\n\n\n<p>Para concorrer a esses cargos, os candidatos dever\u00e3o possuir ensino m\u00e9dio completo ou forma\u00e7\u00e3o t\u00e9cnica compat\u00edvel com a \u00e1rea de atua\u00e7\u00e3o, dependendo do cargo.<\/p>\n\n\n\n<p>Al\u00e9m disso, o Detran RJ tamb\u00e9m possui&nbsp;<strong>406 cargos de n\u00edvel superior<\/strong>, agrupados no chamado Grupo I, com as seguintes especialidades:<\/p>\n\n\n\n<ul class=\"wp-block-list\">\n<li><strong>Administrador<\/strong>: 17 cargos<\/li>\n\n\n\n<li><strong>Analista Cont\u00e1bil<\/strong>: 21 cargos<\/li>\n\n\n\n<li><strong>Analista de Documenta\u00e7\u00e3o<\/strong>: 15 cargos<\/li>\n\n\n\n<li><strong>Analista de Gest\u00e3o e Planejamento<\/strong>: 92 cargos<\/li>\n\n\n\n<li><strong>Analista de Gest\u00e3o e Tr\u00e2nsito<\/strong>: 180 cargos<\/li>\n\n\n\n<li><strong>Analista de Identifica\u00e7\u00e3o Civil<\/strong>: 11 cargos<\/li>\n\n\n\n<li><strong>Analista de Imagem Institucional<\/strong>: 5 cargos<\/li>\n\n\n\n<li><strong>Analista de Tecnologia da Informa\u00e7\u00e3o<\/strong>: 55 cargos<\/li>\n\n\n\n<li><strong>Analista em Educa\u00e7\u00e3o para o Tr\u00e2nsito<\/strong>: 10 cargos<\/li>\n<\/ul>\n\n\n\n<p><strong>Para quem vai iniciar a prepara\u00e7\u00e3o,&nbsp;a <a href=\"https:\/\/www.apostilasopcao.com.br\/mapa-de-questoes\/mapa-de-questoes-detran-rj-assistente-tecnico-administrativo-5-mil-questoes\">apostila Detran RJ para Assistente T\u00e9cnico Administrativo<\/a>&nbsp;j\u00e1 est\u00e1 dispon\u00edvel com conte\u00fado completo e atualizado conforme o \u00faltimo edital. Confira!<\/strong><\/p>\n\n\n\n<h2 class=\"wp-block-heading\">Sal\u00e1rios e benef\u00edcios<\/h2>\n\n\n\n<p>Os aprovados no concurso Detran RJ contar\u00e3o com <strong>remunera\u00e7\u00e3o inicial reajustada<\/strong>, de acordo com o novo Plano de Cargos, Carreiras e Sal\u00e1rios enviado pela Alerj ao governador Cl\u00e1udio Castro. <\/p>\n\n\n\n<p>A proposta prev\u00ea aumento nos vencimentos, progress\u00e3o distribu\u00edda em <strong>15 padr\u00f5es remunerat\u00f3rios<\/strong> e inclus\u00e3o de novas gratifica\u00e7\u00f5es espec\u00edficas para as carreiras do \u00f3rg\u00e3o. Segundo o documento, a remunera\u00e7\u00e3o inicial prevista \u00e9:<\/p>\n\n\n\n<ul class=\"wp-block-list\">\n<li><strong>R$6.551,20<\/strong>&nbsp;para cargos de n\u00edvel m\u00e9dio<\/li>\n\n\n\n<li><strong>R$11.150,97<\/strong>&nbsp;para cargos de n\u00edvel superior<\/li>\n<\/ul>\n\n\n\n<p>A seguir, confira as tabelas salariais completas, organizadas por n\u00edvel e tempo de carreira, conforme previsto no novo plano de cargos e remunera\u00e7\u00f5es do Detran RJ:<\/p>\n\n\n\n<figure class=\"wp-block-image size-full\"><img loading=\"lazy\" decoding=\"async\" width=\"768\" height=\"343\" src=\"https:\/\/www.apostilasopcao.com.br\/blog\/wp-content\/uploads\/2025\/12\/image-8.png\" alt=\"Tabela estrutura remunerat\u00f3ria concurso Detran RJ\" class=\"wp-image-6771\" srcset=\"https:\/\/www.apostilasopcao.com.br\/blog\/wp-content\/uploads\/2025\/12\/image-8.png 768w, https:\/\/www.apostilasopcao.com.br\/blog\/wp-content\/uploads\/2025\/12\/image-8-300x134.png 300w\" sizes=\"auto, (max-width: 768px) 100vw, 768px\" \/><\/figure>\n\n\n\n<figure class=\"wp-block-image size-full\"><img loading=\"lazy\" decoding=\"async\" width=\"765\" height=\"294\" src=\"https:\/\/www.apostilasopcao.com.br\/blog\/wp-content\/uploads\/2025\/12\/image-9.png\" alt=\"Tabela estrutura remunerat\u00f3ria concurso Detran RJ\" class=\"wp-image-6772\" srcset=\"https:\/\/www.apostilasopcao.com.br\/blog\/wp-content\/uploads\/2025\/12\/image-9.png 765w, https:\/\/www.apostilasopcao.com.br\/blog\/wp-content\/uploads\/2025\/12\/image-9-300x115.png 300w\" sizes=\"auto, (max-width: 765px) 100vw, 765px\" \/><\/figure>\n\n\n\n<h3 class=\"wp-block-heading\">Benef\u00edcios e gratifica\u00e7\u00f5es<\/h3>\n\n\n\n<p>Al\u00e9m dos vencimentos b\u00e1sicos, os aprovados no concurso Detran RJ ter\u00e3o acesso a um conjunto de benef\u00edcios que refor\u00e7am a qualidade de vida e o bem-estar no ambiente de trabalho. Entre as vantagens previstas para os servidores est\u00e3o:<\/p>\n\n\n\n<ul class=\"wp-block-list\">\n<li>Aux\u00edlio-alimenta\u00e7\u00e3o<\/li>\n\n\n\n<li>Plano de sa\u00fade<\/li>\n\n\n\n<li>Aux\u00edlio-creche<\/li>\n\n\n\n<li>Benef\u00edcios voltados \u00e0 forma\u00e7\u00e3o e educa\u00e7\u00e3o<\/li>\n<\/ul>\n\n\n\n<p>O novo plano de cargos tamb\u00e9m prev\u00ea duas gratifica\u00e7\u00f5es espec\u00edficas voltadas \u00e0 valoriza\u00e7\u00e3o do desempenho funcional:<\/p>\n\n\n\n<ul class=\"wp-block-list\">\n<li>Gratifica\u00e7\u00e3o por Valoriza\u00e7\u00e3o Profissional (GVP)<\/li>\n\n\n\n<li>Gratifica\u00e7\u00e3o por Excel\u00eancia Funcional (GEF)<\/li>\n<\/ul>\n\n\n\n<h2 class=\"wp-block-heading\">Concurso Detran RJ: Requisitos b\u00e1sicos<\/h2>\n\n\n\n<p>Para tomar posse nos cargos do concurso Detran RJ, conforme estabelecido no \u00faltimo edital, os candidatos precisavam atender aos seguintes requisitos b\u00e1sicos:<\/p>\n\n\n\n<ul class=\"wp-block-list\">\n<li>Possuir a escolaridade m\u00ednima e a forma\u00e7\u00e3o espec\u00edfica previstas para o cargo pretendido;<\/li>\n\n\n\n<li>Ser brasileiro nato ou naturalizado, ou cidad\u00e3o portugu\u00eas equiparado nos termos do Decreto Federal n\u00ba 3.927\/2001, com base no artigo 12, \u00a71\u00ba da Constitui\u00e7\u00e3o Federal;<\/li>\n\n\n\n<li>Estar em pleno gozo dos direitos pol\u00edticos, garantindo a regularidade de sua situa\u00e7\u00e3o civil perante o Estado;<\/li>\n\n\n\n<li>Estar quite com as obriga\u00e7\u00f5es eleitorais, apresentando comprova\u00e7\u00e3o no momento da posse;<\/li>\n\n\n\n<li>Estar quite com as obriga\u00e7\u00f5es militares, quando se tratar de candidato do sexo masculino;<\/li>\n\n\n\n<li>Ter, no m\u00ednimo, 18 anos completos na data da posse no cargo;<\/li>\n\n\n\n<li>Apresentar aptid\u00e3o f\u00edsica e mental compat\u00edvel com as atividades do cargo, comprovada por exame m\u00e9dico pr\u00e9-admissional realizado pelo Detran RJ ou por institui\u00e7\u00e3o indicada pela autarquia;<\/li>\n\n\n\n<li>N\u00e3o possuir hist\u00f3rico de demiss\u00e3o a bem do servi\u00e7o p\u00fablico em qualquer esfera \u2014 municipal, estadual ou federal.<\/li>\n<\/ul>\n\n\n\n<h2 class=\"wp-block-heading\">Concurso Detran RJ: Atribui\u00e7\u00f5es dos cargos<\/h2>\n\n\n\n<p>As atribui\u00e7\u00f5es das carreiras do concurso Detran RJ abrangem atividades essenciais ao funcionamento da autarquia, incluindo tarefas administrativas, operacionais, t\u00e9cnicas, de tecnologia da informa\u00e7\u00e3o, al\u00e9m de a\u00e7\u00f5es relacionadas \u00e0 identifica\u00e7\u00e3o civil e \u00e0 educa\u00e7\u00e3o para o tr\u00e2nsito. A seguir, confira a descri\u00e7\u00e3o detalhada das fun\u00e7\u00f5es conforme o \u00faltimo edital:<\/p>\n\n\n\n<h3 class=\"wp-block-heading\">Assistente T\u00e9cnico Administrativo<\/h3>\n\n\n\n<p>O Assistente T\u00e9cnico Administrativo atua no suporte direto \u00e0s opera\u00e7\u00f5es internas do Detran RJ, desempenhando atividades como: <\/p>\n\n\n\n<ul class=\"wp-block-list\">\n<li>execu\u00e7\u00e3o de tarefas administrativas nas \u00e1reas de planejamento, or\u00e7amento e finan\u00e7as; <\/li>\n\n\n\n<li>apoio \u00e0s rotinas de recursos humanos, material e patrim\u00f4nio; <\/li>\n\n\n\n<li>organiza\u00e7\u00e3o de arquivos, documentos, processos e protocolos; atendimento ao p\u00fablico; <\/li>\n\n\n\n<li>suporte \u00e0s demandas espec\u00edficas das unidades operacionais conforme o setor de lota\u00e7\u00e3o.<\/li>\n<\/ul>\n\n\n\n<p> \u00c9 um cargo fundamental para a estrutura administrativa da autarquia, exigindo rigor no cumprimento de procedimentos internos.<\/p>\n\n\n\n<h3 class=\"wp-block-heading\">Assistente T\u00e9cnico de Identifica\u00e7\u00e3o Civil<\/h3>\n\n\n\n<p>O Assistente T\u00e9cnico de Identifica\u00e7\u00e3o Civil exerce fun\u00e7\u00f5es ligadas aos processos de identifica\u00e7\u00e3o civil, incluindo: <\/p>\n\n\n\n<ul class=\"wp-block-list\">\n<li>apoio t\u00e9cnico \u00e0 emiss\u00e3o de documentos de identifica\u00e7\u00e3o; <\/li>\n\n\n\n<li>confer\u00eancia, registro e controle de informa\u00e7\u00f5es cadastrais; <\/li>\n\n\n\n<li>suporte a atividades de verifica\u00e7\u00e3o biom\u00e9trica e identifica\u00e7\u00e3o pessoal;  <\/li>\n\n\n\n<li>atendimento ao cidad\u00e3o. <\/li>\n<\/ul>\n\n\n\n<p>Trata-se de um cargo que requer precis\u00e3o, responsabilidade e manejo adequado de dados sens\u00edveis.<\/p>\n\n\n\n<h3 class=\"wp-block-heading\">Assistente T\u00e9cnico de Tr\u00e2nsito<\/h3>\n\n\n\n<p>O Assistente T\u00e9cnico de Tr\u00e2nsito atua em \u00e1reas essenciais ao funcionamento do \u00f3rg\u00e3o, realizando atividades como: <\/p>\n\n\n\n<ul class=\"wp-block-list\">\n<li>registro e licenciamento de ve\u00edculos; <\/li>\n\n\n\n<li>suporte aos processos de habilita\u00e7\u00e3o de condutores; <\/li>\n\n\n\n<li>apoio \u00e0s a\u00e7\u00f5es de educa\u00e7\u00e3o para o tr\u00e2nsito; <\/li>\n\n\n\n<li>atendimento ao p\u00fablico; <\/li>\n\n\n\n<li>execu\u00e7\u00e3o de tarefas administrativas e t\u00e9cnicas relacionadas \u00e0s rotinas de tr\u00e2nsito no Estado.<\/li>\n<\/ul>\n\n\n\n<p>\u00c9 uma fun\u00e7\u00e3o estrat\u00e9gica, diretamente vinculada a setores de alta demanda.<\/p>\n\n\n\n<h3 class=\"wp-block-heading\">Assistente T\u00e9cnico de Inform\u00e1tica<\/h3>\n\n\n\n<p>O Assistente T\u00e9cnico de Inform\u00e1tica desempenha atribui\u00e7\u00f5es voltadas ao suporte tecnol\u00f3gico da autarquia, incluindo: <\/p>\n\n\n\n<ul class=\"wp-block-list\">\n<li>monitoramento de sistemas e ferramentas utilizadas pelo \u00f3rg\u00e3o; <\/li>\n\n\n\n<li>apoio na manuten\u00e7\u00e3o e configura\u00e7\u00e3o de equipamentos e redes; acompanhamento dos fluxos de entrada e sa\u00edda de dados; <\/li>\n\n\n\n<li>identifica\u00e7\u00e3o de falhas e atendimento a ocorr\u00eancias t\u00e9cnicas;<\/li>\n\n\n\n<li>atua\u00e7\u00e3o para assegurar o funcionamento cont\u00ednuo do ambiente digital e dos processos informatizados do Detran RJ. <\/li>\n<\/ul>\n\n\n\n<p>\u00c9 um cargo que exige conhecimento t\u00e9cnico especializado e \u00e9 essencial para a infraestrutura tecnol\u00f3gica da institui\u00e7\u00e3o.<\/p>\n\n\n\n<h2 class=\"wp-block-heading\">\u00daltimo concurso Detran RJ<\/h2>\n\n\n\n<p>O \u00faltimo concurso do <a href=\"https:\/\/detran.rj.gov.br\/\" target=\"_blank\" rel=\"noreferrer noopener\">Detran RJ<\/a> foi realizado em 2013 e ofertou <strong>800 vagas<\/strong> para o cargo de Assistente T\u00e9cnico, de n\u00edvel m\u00e9dio, distribu\u00eddas em quatro especialidades. A sele\u00e7\u00e3o teve alta demanda e representou a \u00faltima reposi\u00e7\u00e3o expressiva do quadro de servidores da autarquia. As oportunidades foram estruturadas da seguinte forma:<\/p>\n\n\n\n<ul class=\"wp-block-list\">\n<li>Assistente T\u00e9cnico de Tr\u00e2nsito: 430 vagas<\/li>\n\n\n\n<li>Assistente T\u00e9cnico Administrativo: 112 vagas<\/li>\n\n\n\n<li>Assistente T\u00e9cnico de Identifica\u00e7\u00e3o Civil: 222 vagas<\/li>\n\n\n\n<li>Assistente T\u00e9cnico de Inform\u00e1tica: 36 vagas<\/li>\n<\/ul>\n\n\n\n<p>Os aprovados nomeados naquele concurso Detran RJ ingressaram com remunera\u00e7\u00e3o inicial de R$ 1.814,01 para jornada de 40 horas semanais.<\/p>\n\n\n\n<h3 class=\"wp-block-heading\">Etapas de sele\u00e7\u00e3o<\/h3>\n\n\n\n<p>A sele\u00e7\u00e3o foi composta por prova objetiva e prova de reda\u00e7\u00e3o, ambas com car\u00e1ter eliminat\u00f3rio e classificat\u00f3rio. A prova objetiva do concurso Detran RJ contou com <strong>50 quest\u00f5es<\/strong> de m\u00faltipla escolha, com disciplinas variando conforme a especialidade, conforme detalhado a seguir:<\/p>\n\n\n\n<p><strong>Assistente T\u00e9cnico Administrativo, Assistente T\u00e9cnico de Identifica\u00e7\u00e3o Civil e Assistente T\u00e9cnico de Tr\u00e2nsito<\/strong><\/p>\n\n\n\n<ul class=\"wp-block-list\">\n<li>L\u00edngua Portuguesa \u2013 10 quest\u00f5es<\/li>\n\n\n\n<li>L\u00ednguas Estrangeiras (Ingl\u00eas ou Espanhol) \u2013 5 quest\u00f5es<\/li>\n\n\n\n<li>Legisla\u00e7\u00e3o de Tr\u00e2nsito \u2013 10 quest\u00f5es<\/li>\n\n\n\n<li>No\u00e7\u00f5es de Inform\u00e1tica \u2013 5 quest\u00f5es<\/li>\n\n\n\n<li>Conhecimentos Espec\u00edficos \u2013 20 quest\u00f5es<\/li>\n<\/ul>\n\n\n\n<p><strong>Assistente T\u00e9cnico de Inform\u00e1tica<\/strong><\/p>\n\n\n\n<ul class=\"wp-block-list\">\n<li>L\u00edngua Portuguesa \u2013 10 quest\u00f5es<\/li>\n\n\n\n<li>L\u00ednguas Estrangeiras (Ingl\u00eas ou Espanhol) \u2013 10 quest\u00f5es<\/li>\n\n\n\n<li>Legisla\u00e7\u00e3o de Tr\u00e2nsito \u2013 10 quest\u00f5es<\/li>\n\n\n\n<li>Conhecimentos Espec\u00edficos \u2013 20 quest\u00f5es<\/li>\n<\/ul>\n\n\n\n<p>A prova foi avaliada em uma escala de 0 a 100 pontos, e foram eliminados do concurso Detran RJ os candidatos que n\u00e3o alcan\u00e7aram pelo menos <strong>50% de acertos<\/strong>.<\/p>\n\n\n\n<h4 class=\"wp-block-heading\">Somos a melhor Op\u00e7\u00e3o<\/h4>\n\n\n\n<p>Quer conquistar uma vaga no concurso Detran RJ? Somos a melhore Op\u00e7\u00e3o! N\u00f3s preparamos diversos materiais realmente focados conforme o \u00faltimo edital publicado que te ajudar\u00e3o a conquistar o cargo dos sonhos. N\u00e3o perca mais tempo e comece a se preparar ainda hoje!<\/p>\n\n\n\n<ul class=\"wp-block-list\">\n<li><strong>Confira:&nbsp;<a href=\"https:\/\/www.apostilasopcao.com.br\/concurso\/departamento-estadual-de-transito-do-rio-de-janeiro\">Apostilas Detran RJ<\/a>!<\/strong><\/li>\n<\/ul>\n\n\n\n<p><strong>Quer ficar por dentro de tudo sobre o universo de concursos?&nbsp;<a href=\"https:\/\/www.apostilasopcao.com.br\/blog\/noticias\/\">Confira as nossas not\u00edcias!<\/a><\/strong><\/p>\n","protected":false},"excerpt":{"rendered":"<p>Com 552 vagas previstas, o concurso Detran RJ segue em planejamento e tem edital aguardado para 2026, com banca organizadora em defini\u00e7\u00e3o. Confira cargos, sal\u00e1rios e etapas da sele\u00e7\u00e3o!<\/p>\n","protected":false},"author":12,"featured_media":8418,"comment_status":"closed","ping_status":"closed","sticky":false,"template":"","format":"standard","meta":{"_acf_changed":false,"breadcrumbs_single_post":"","page_title_panel":"","breadcrumbs_single_page":"","single_page_alignment":"","single_page_margin":"","page_structure_type":"","content_style_source":"","content_style":"","blog_post_streched_ed":"","blog_page_streched_ed":"","has_transparent_header":"","disable_transparent_header":"","vertical_spacing_source":"","content_area_spacing":"","single_post_content_background":"","single_page_content_background":"","single_post_boxed_content_spacing":"","single_page_boxed_content_spacing":"","single_post_content_boxed_radius":"","single_page_content_boxed_radius":"","disable_featured_image":"","disable_post_tags":"","disable_author_box":"","disable_posts_navigation":"","disable_comments":"","disable_related_posts":"","disable_header":"","disable_footer":"","footnotes":""},"categories":[4,24],"tags":[563],"class_list":["post-6768","post","type-post","status-publish","format-standard","has-post-thumbnail","hentry","category-noticias","category-rj","tag-concurso-detran-rj","rishi-post"],"acf":{"data_prova":null,"status":"previsto"},"_links":{"self":[{"href":"https:\/\/www.apostilasopcao.com.br\/blog\/wp-json\/wp\/v2\/posts\/6768","targetHints":{"allow":["GET"]}}],"collection":[{"href":"https:\/\/www.apostilasopcao.com.br\/blog\/wp-json\/wp\/v2\/posts"}],"about":[{"href":"https:\/\/www.apostilasopcao.com.br\/blog\/wp-json\/wp\/v2\/types\/post"}],"author":[{"embeddable":true,"href":"https:\/\/www.apostilasopcao.com.br\/blog\/wp-json\/wp\/v2\/users\/12"}],"replies":[{"embeddable":true,"href":"https:\/\/www.apostilasopcao.com.br\/blog\/wp-json\/wp\/v2\/comments?post=6768"}],"version-history":[{"count":9,"href":"https:\/\/www.apostilasopcao.com.br\/blog\/wp-json\/wp\/v2\/posts\/6768\/revisions"}],"predecessor-version":[{"id":8421,"href":"https:\/\/www.apostilasopcao.com.br\/blog\/wp-json\/wp\/v2\/posts\/6768\/revisions\/8421"}],"wp:featuredmedia":[{"embeddable":true,"href":"https:\/\/www.apostilasopcao.com.br\/blog\/wp-json\/wp\/v2\/media\/8418"}],"wp:attachment":[{"href":"https:\/\/www.apostilasopcao.com.br\/blog\/wp-json\/wp\/v2\/media?parent=6768"}],"wp:term":[{"taxonomy":"category","embeddable":true,"href":"https:\/\/www.apostilasopcao.com.br\/blog\/wp-json\/wp\/v2\/categories?post=6768"},{"taxonomy":"post_tag","embeddable":true,"href":"https:\/\/www.apostilasopcao.com.br\/blog\/wp-json\/wp\/v2\/tags?post=6768"}],"curies":[{"name":"wp","href":"https:\/\/api.w.org\/{rel}","templated":true}]}}