{"id":7051,"date":"2026-04-13T13:45:49","date_gmt":"2026-04-13T16:45:49","guid":{"rendered":"https:\/\/www.apostilasopcao.com.br\/blog\/?p=7051"},"modified":"2026-04-13T13:45:53","modified_gmt":"2026-04-13T16:45:53","slug":"pc-pr","status":"publish","type":"post","link":"https:\/\/www.apostilasopcao.com.br\/blog\/pc-pr\/","title":{"rendered":"Concurso PC PR: Escolha da banca est\u00e1 em andamento!"},"content":{"rendered":"\n<p>Aten\u00e7\u00e3o concurseiros! O concurso PC PR avan\u00e7a nos preparativos e j\u00e1 apresenta movimenta\u00e7\u00f5es importantes rumo \u00e0 publica\u00e7\u00e3o do edital. A sele\u00e7\u00e3o est\u00e1 em fase de escolha da banca organizadora, etapa fundamental para a defini\u00e7\u00e3o do cronograma e in\u00edcio oficial do certame. At\u00e9 o momento, institui\u00e7\u00f5es de peso como <strong>FGV, Cebraspe e Vunesp <\/strong>j\u00e1 encaminharam propostas para conduzir o concurso, o que refor\u00e7a o est\u00e1gio avan\u00e7ado da organiza\u00e7\u00e3o. A expectativa \u00e9 de que o edital seja publicado no <strong>segundo semestre de 2026<\/strong>, embora ainda n\u00e3o haja defini\u00e7\u00e3o sobre o n\u00famero de vagas, que segue em an\u00e1lise conforme as necessidades do \u00f3rg\u00e3o e disponibilidade or\u00e7ament\u00e1ria. Para se preparar, confira a\u00a0<a href=\"https:\/\/www.apostilasopcao.com.br\/concurso\/pc-pr-policia-civil-do-parana\" target=\"_blank\" rel=\"noreferrer noopener\">apostila PC PR<\/a>\u00a0com conte\u00fado completo e atualizado conforme o \u00faltimo edital.<\/p>\n\n\n\n<h2 class=\"wp-block-heading\">Concurso PC PR: Situa\u00e7\u00e3o atual<\/h2>\n\n\n\n<p>O concurso PC PR j\u00e1 foi oficialmente autorizado e segue avan\u00e7ando em seus preparativos. A autoriza\u00e7\u00e3o foi publicada no in\u00edcio do ano, no<strong> Di\u00e1rio Oficial do Estado<\/strong>, e refor\u00e7a a realiza\u00e7\u00e3o de uma nova sele\u00e7\u00e3o para recomposi\u00e7\u00e3o e amplia\u00e7\u00e3o do efetivo da corpora\u00e7\u00e3o.<\/p>\n\n\n\n<figure class=\"wp-block-image size-full is-resized\"><img loading=\"lazy\" decoding=\"async\" width=\"598\" height=\"367\" src=\"https:\/\/www.apostilasopcao.com.br\/blog\/wp-content\/uploads\/2025\/12\/image-4-convertido-de-png.webp\" alt=\"Concurso PC PR\" class=\"wp-image-12040\" style=\"width:472px;height:auto\" srcset=\"https:\/\/www.apostilasopcao.com.br\/blog\/wp-content\/uploads\/2025\/12\/image-4-convertido-de-png.webp 598w, https:\/\/www.apostilasopcao.com.br\/blog\/wp-content\/uploads\/2025\/12\/image-4-convertido-de-png-300x184.webp 300w\" sizes=\"auto, (max-width: 598px) 100vw, 598px\" \/><\/figure>\n\n\n\n<p>Embora o n\u00famero de vagas ainda n\u00e3o tenha sido divulgado, o governo estadual confirmou que o certame contemplar\u00e1 todas as principais carreiras da institui\u00e7\u00e3o: <strong>delegado, agente de pol\u00edcia judici\u00e1ria e papiloscopista<\/strong>. A sele\u00e7\u00e3o do concurso PC PR ter\u00e1 forma\u00e7\u00e3o de cadastro de reserva, com validade de dois anos, podendo ser prorrogada.<\/p>\n\n\n\n<p>Outro ponto importante \u00e9 que o concurso PC PR j\u00e1 conta com <strong>comiss\u00e3o organizadora<\/strong> formada desde o ano passado, o que contribui para maior agilidade no andamento do processo. A expectativa \u00e9 de que o edital seja publicado no <strong>segundo semestre de 2026.<\/strong><\/p>\n\n\n\n<p>Para participar, ser\u00e1 exigido n\u00edvel superior completo em todas as carreiras. O cargo de delegado requer bacharelado em Direito, enquanto agente e papiloscopista aceitam gradua\u00e7\u00e3o em qualquer \u00e1rea. Os sal\u00e1rios s\u00e3o atrativos, com remunera\u00e7\u00e3o inicial de<strong> R$ 24.247,12<\/strong> para delegado e <strong>R$ 7.818,45 <\/strong>para os demais cargos, podendo alcan\u00e7ar valores ainda maiores ao longo da carreira.<\/p>\n\n\n\n<h3 class=\"wp-block-heading\">Novo quadro de pessoal da Pol\u00edcia Civil do Paran\u00e1<\/h3>\n\n\n\n<p>A Lei Complementar n\u00ba 259, publicada em julho de 2023, promoveu mudan\u00e7as significativas na organiza\u00e7\u00e3o das carreiras da Pol\u00edcia Civil do Paran\u00e1, redefinindo cargos, quantitativos e a distribui\u00e7\u00e3o do efetivo.<\/p>\n\n\n\n<p>Com a nova estrutura, a PC PR passa a contar com <strong>7.305 vagas<\/strong>, organizadas da seguinte forma:<\/p>\n\n\n\n<ul class=\"wp-block-list\">\n<li>Delegado de Pol\u00edcia: 780 cargos<\/li>\n\n\n\n<li>Agente de Pol\u00edcia Judici\u00e1ria: 5.795 cargos<\/li>\n\n\n\n<li>Papiloscopista Policial: 500 cargos<\/li>\n\n\n\n<li>Agente de Opera\u00e7\u00f5es Policiais (em extin\u00e7\u00e3o): 230 cargos<\/li>\n<\/ul>\n\n\n\n<p>A atualiza\u00e7\u00e3o consolida a reestrutura\u00e7\u00e3o da corpora\u00e7\u00e3o e orienta diretamente o planejamento dos pr\u00f3ximos concursos PC PR.<\/p>\n\n\n\n<p><strong>Para quem vai iniciar a prepara\u00e7\u00e3o,\u00a0as\u00a0<a href=\"https:\/\/www.apostilasopcao.com.br\/concurso\/pc-pr-policia-civil-do-parana\" target=\"_blank\" rel=\"noreferrer noopener\">apostilas PC PR<\/a> j\u00e1 est\u00e3o dispon\u00edveis com conte\u00fado completo e atualizado conforme o \u00faltimo edital. Confira!<\/strong><\/p>\n\n\n\n<ul class=\"wp-block-list\">\n<li><strong><a href=\"https:\/\/www.apostilasopcao.com.br\/curso-online\/completo-pc-pr-investigador\">Apostila PC-PR &#8211; Agente de Pol\u00edcia Judici\u00e1ria<\/a><\/strong><\/li>\n\n\n\n<li><strong><a href=\"https:\/\/www.apostilasopcao.com.br\/curso-online\/completo-pc-pr-papiloscopista\">Apostila PC-PR &#8211; Papiloscopista<\/a><\/strong><\/li>\n<\/ul>\n\n\n\n<h2 class=\"wp-block-heading\">Concurso PC PR: Sal\u00e1rios <\/h2>\n\n\n\n<p>A nova legisla\u00e7\u00e3o trouxe mudan\u00e7as importantes na remunera\u00e7\u00e3o dos servidores da Pol\u00edcia Civil do Paran\u00e1. A Lei Complementar estabelece que o modelo de subs\u00eddio n\u00e3o impede o recebimento de benef\u00edcios vinculados ao exerc\u00edcio do cargo, como:<\/p>\n\n\n\n<ul class=\"wp-block-list\">\n<li>Aux\u00edlio-alimenta\u00e7\u00e3o<\/li>\n\n\n\n<li>Ajuda de custo<\/li>\n\n\n\n<li>D\u00e9cimo terceiro sal\u00e1rio<\/li>\n\n\n\n<li>Adicional de f\u00e9rias<\/li>\n<\/ul>\n\n\n\n<p>Al\u00e9m disso, a reestrutura\u00e7\u00e3o garantiu um reajuste salarial expressivo para as carreiras da corpora\u00e7\u00e3o. Confira os novos valores abaixo:<\/p>\n\n\n\n<p><strong>Agente de Pol\u00edcia Judici\u00e1ria e Papiloscopista<\/strong>:<\/p>\n\n\n\n<figure class=\"wp-block-image size-full\"><img loading=\"lazy\" decoding=\"async\" width=\"582\" height=\"362\" src=\"https:\/\/www.apostilasopcao.com.br\/blog\/wp-content\/uploads\/2025\/12\/image-25.png\" alt=\"Tabela estrutura remunerat\u00f3ria cargos de Agente de Pol\u00edcia Judici\u00e1ria e Papiloscopista. concurso PC PR\" class=\"wp-image-7059\" srcset=\"https:\/\/www.apostilasopcao.com.br\/blog\/wp-content\/uploads\/2025\/12\/image-25.png 582w, https:\/\/www.apostilasopcao.com.br\/blog\/wp-content\/uploads\/2025\/12\/image-25-300x187.png 300w\" sizes=\"auto, (max-width: 582px) 100vw, 582px\" \/><\/figure>\n\n\n\n<p><strong>Delegado<\/strong>:<\/p>\n\n\n\n<figure class=\"wp-block-image size-full\"><img loading=\"lazy\" decoding=\"async\" width=\"621\" height=\"386\" src=\"https:\/\/www.apostilasopcao.com.br\/blog\/wp-content\/uploads\/2025\/12\/image-26.png\" alt=\"Tabela estrutura remunerat\u00f3ria cargo de Delegado concurso PC PR\" class=\"wp-image-7061\" srcset=\"https:\/\/www.apostilasopcao.com.br\/blog\/wp-content\/uploads\/2025\/12\/image-26.png 621w, https:\/\/www.apostilasopcao.com.br\/blog\/wp-content\/uploads\/2025\/12\/image-26-300x186.png 300w\" sizes=\"auto, (max-width: 621px) 100vw, 621px\" \/><\/figure>\n\n\n\n<h3 class=\"wp-block-heading\">Progress\u00e3o de carreira no concurso PC PR<\/h3>\n\n\n\n<p>O desenvolvimento na carreira da Pol\u00edcia Civil do Paran\u00e1 segue um modelo estruturado que combina progress\u00e3o e promo\u00e7\u00e3o, mecanismos que garantem a evolu\u00e7\u00e3o funcional e salarial dos servidores ao longo do tempo. <\/p>\n\n\n\n<p>Esses instrumentos integram o plano de cargos da corpora\u00e7\u00e3o e impactam diretamente a trajet\u00f3ria profissional dos aprovados no concurso PC PR.<\/p>\n\n\n\n<p>A <strong>progress\u00e3o<\/strong> corresponde ao avan\u00e7o de uma refer\u00eancia para outra superior dentro da mesma classe. Esse movimento ocorre de forma peri\u00f3dica, seguindo crit\u00e9rios de tempo de servi\u00e7o.<\/p>\n\n\n\n<p> A <strong>primeira progress\u00e3o<\/strong> \u00e9 concedida ap\u00f3s cinco anos de efetivo exerc\u00edcio no Estado do Paran\u00e1. A partir da refer\u00eancia 6, o servidor passa a progredir a cada dois anos, desde que cumpridos os requisitos previstos em regulamento. A <strong>promo\u00e7\u00e3o<\/strong>, por sua vez, representa a mudan\u00e7a de uma classe para outra mais elevada na estrutura da carreira. <\/p>\n\n\n\n<p>O mecanismo se aplica a <strong>todos os cargos da corpora\u00e7\u00e3o<\/strong>, incluindo Delegados, e pode ocorrer por antiguidade, considerando o tempo de servi\u00e7o, ou por merecimento, avaliando desempenho e contribui\u00e7\u00f5es profissionais. <\/p>\n\n\n\n<h2 class=\"wp-block-heading\">Concurso PC PR: Requisitos b\u00e1sicos<\/h2>\n\n\n\n<p>De acordo com o \u00faltimo edital do concurso PC PR, para a posse nos cargos foi exigido que os candidatos cumprissem os seguintes requisitos b\u00e1sicos:<\/p>\n\n\n\n<ul class=\"wp-block-list\">\n<li>aprova\u00e7\u00e3o em concurso p\u00fablico de provas ou provas e t\u00edtulos;<\/li>\n\n\n\n<li>possuir Carteira Nacional de Habilita\u00e7\u00e3o ou permiss\u00e3o para dirigir ve\u00edculos automotores na categoria m\u00ednima \u201cB\u201d, regular e dentro do prazo de validade;<\/li>\n\n\n\n<li>comprova\u00e7\u00e3o de boa conduta e idoneidade moral, mediante a investiga\u00e7\u00e3o social;<\/li>\n\n\n\n<li>aprova\u00e7\u00e3o em todas as fases do concurso, inclusive a concernente ao curso de forma\u00e7\u00e3o t\u00e9cnico-profissional espec\u00edfico de car\u00e1ter eliminat\u00f3rio;<\/li>\n\n\n\n<li>comprova\u00e7\u00e3o de conclus\u00e3o de ensino superior de escolaridade conforme a respectiva exig\u00eancia da carreira;<\/li>\n\n\n\n<li>demais requisitos vinculados ao exerc\u00edcio do cargo previstos em legisla\u00e7\u00e3o atinente, assim como no pr\u00f3prio perfil profissiogr\u00e1fico, sem preju\u00edzo das demais condi\u00e7\u00f5es gerais constantes do art. 22 da Lei n.\u00ba 6.174, de 16 de novembro de 1970;<\/li>\n\n\n\n<li>comprova\u00e7\u00e3o de tr\u00eas anos de atividade jur\u00eddica ou policial, para o cargo de Delegado.<\/li>\n<\/ul>\n\n\n\n<p>J\u00e1 as exig\u00eancias&nbsp;espec\u00edficas&nbsp;s\u00e3o:<\/p>\n\n\n\n<ul class=\"wp-block-list\">\n<li>Delegado: curso superior completo em bacharelado em Direito;<\/li>\n\n\n\n<li>Agente de Pol\u00edcia Judici\u00e1ria e Papiloscopista Policial: curso superior completo em qualquer \u00e1rea de gradua\u00e7\u00e3o.<\/li>\n<\/ul>\n\n\n\n<h2 class=\"wp-block-heading\">Concurso PC PR: Atribui\u00e7\u00f5es dos cargos<\/h2>\n\n\n\n<p>As atribui\u00e7\u00f5es e responsabilidades dos cargos da PC PR incluem:<\/p>\n\n\n\n<p><strong>Agente de Pol\u00edcia Judici\u00e1ria<\/strong><\/p>\n\n\n\n<ul class=\"wp-block-list\">\n<li>Execu\u00e7\u00e3o das atividades de pol\u00edcia administrativa, a coleta e an\u00e1lise de dados e informa\u00e7\u00f5es, a produ\u00e7\u00e3o de conhecimentos e relat\u00f3rios essenciais \u00e0 investiga\u00e7\u00e3o criminal, a execu\u00e7\u00e3o das opera\u00e7\u00f5es policiais, a implementa\u00e7\u00e3o das medidas de seguran\u00e7a org\u00e2nica, bem como a expedi\u00e7\u00e3o de certid\u00f5es com f\u00e9 p\u00fablica, a execu\u00e7\u00e3o e supervis\u00e3o dos trabalhos cartor\u00e1rios, al\u00e9m de outras atribui\u00e7\u00f5es definidas em regulamento. Exercer o poder de pol\u00edcia judici\u00e1ria e administrativa.<\/li>\n\n\n\n<li>Proceder a qualquer servi\u00e7o de natureza policial ou de seguran\u00e7a, estando sujeito a chamado a qualquer hora.<\/li>\n\n\n\n<li>Comunicar a autoridade policial a que est\u00e1 subordinado acerca de fatos graves, potencialmente lesivos ou que demandem investiga\u00e7\u00e3o, bem como todas as informa\u00e7\u00f5es imprescind\u00edveis para a atividade de pol\u00edcia judici\u00e1ria;<\/li>\n\n\n\n<li>Elaborar relat\u00f3rios, boletins de ocorr\u00eancia, cumprir mandados, ordens de servi\u00e7o, realizar dilig\u00eancias e todos os demais atos materiais e formais para o desenvolvimento dos atos investigativos;<\/li>\n\n\n\n<li>Expedir e entregar of\u00edcios, cartas, mandados e demais documentos inerentes a investiga\u00e7\u00f5es criminais ou procedimento administrativo; entre outras.<\/li>\n<\/ul>\n\n\n\n<p><strong>Papiloscopista Oficial<\/strong><\/p>\n\n\n\n<ul class=\"wp-block-list\">\n<li>Exerc\u00edcio das atividades no \u00e2mbito da identifica\u00e7\u00e3o humana, relacionadas com as investiga\u00e7\u00f5es criminais e opera\u00e7\u00f5es policiais, especificamente nas \u00e1reas da papiloscopia e necropapiloscopia e a elabora\u00e7\u00e3o de laudos de an\u00e1lise papilosc\u00f3pica, al\u00e9m de outras definidas em regulamento;<\/li>\n\n\n\n<li>Gerir a coleta de impress\u00f5es das linhas papilares das extremidades digitais das m\u00e3os de pessoas nos postos e se\u00e7\u00f5es de identifica\u00e7\u00e3o;<\/li>\n\n\n\n<li>Coletar impress\u00f5es datilosc\u00f3picas de v\u00edtimas, suspeitos, testemunhas e cad\u00e1veres quando necess\u00e1rio \u00e0 investiga\u00e7\u00e3o;<\/li>\n\n\n\n<li>Tomar as impress\u00f5es digitais palmares e plantares quando necess\u00e1rio para qualquer trabalho t\u00e9cnico policial;<\/li>\n\n\n\n<li>Tomar as impress\u00f5es digitais de pessoas presas ou detidas, qualquer que seja o motivo, por determina\u00e7\u00e3o de autoridade competente;<\/li>\n\n\n\n<li>Controlar em prontu\u00e1rios apropriados o registro geral, as passagens criminais e o respectivo qualificativo das pessoas identificadas; entre outras.<\/li>\n<\/ul>\n\n\n\n<p><strong>Agente de Opera\u00e7\u00f5es Policiais<\/strong><\/p>\n\n\n\n<ul class=\"wp-block-list\">\n<li>Proceder a qualquer servi\u00e7o de natureza policial ou de seguran\u00e7a;<\/li>\n\n\n\n<li>Auxiliar na execu\u00e7\u00e3o de qualquer servi\u00e7o de natureza policial ou de seguran\u00e7a;<\/li>\n\n\n\n<li>Examinar as condi\u00e7\u00f5es dos equipamentos de comunica\u00e7\u00e3o;<\/li>\n\n\n\n<li>Conduzir ve\u00edculos oficiais e viaturas, inclusive de emerg\u00eancia, observado, neste \u00faltimo caso, a habilita\u00e7\u00e3o espec\u00edfica;<\/li>\n\n\n\n<li>Transmitir as mensagens de interesse policial;<\/li>\n\n\n\n<li>Manter a incolumidade do local de trabalho;<\/li>\n\n\n\n<li>Preservar o sigilo da informa\u00e7\u00e3o;<\/li>\n\n\n\n<li>Manter o sistema de telecomunica\u00e7\u00f5es em funcionamento;<\/li>\n\n\n\n<li>Proceder a execu\u00e7\u00e3o de servi\u00e7os e reparos;<\/li>\n\n\n\n<li>Zelar pela guarda e funcionamento de equipamentos, inclusive de reserva;<\/li>\n\n\n\n<li>Assegurar a implanta\u00e7\u00e3o e cumprimento das instru\u00e7\u00f5es e normas t\u00e9cnicas relacionadas aos equipamentos.<\/li>\n<\/ul>\n\n\n\n<p><strong>Delegado<\/strong><\/p>\n\n\n\n<ul class=\"wp-block-list\">\n<li>Chefia das atividades de pol\u00edcia judici\u00e1ria do Estado e de apura\u00e7\u00e3o de infra\u00e7\u00f5es penais, exceto as militares;<\/li>\n\n\n\n<li>Realizar procedimentos de interesse policial civil e de seguran\u00e7a p\u00fablica, atrav\u00e9s do planejamento, programa\u00e7\u00e3o, organiza\u00e7\u00e3o, dire\u00e7\u00e3o, coordena\u00e7\u00e3o e controle das atividades de pol\u00edcia judici\u00e1ria, da apura\u00e7\u00e3o de infra\u00e7\u00f5es penais e de pol\u00edcia administrativa;<\/li>\n\n\n\n<li>Lan\u00e7amento tribut\u00e1rio, nos tributos sujeitos \u00e0 fiscaliza\u00e7\u00e3o da Pol\u00edcia Civil, no \u00e2mbito de suas atribui\u00e7\u00f5es constitucionais e legais;<\/li>\n\n\n\n<li>Exercer o poder de pol\u00edcia judici\u00e1ria e administrativa, presidindo inqu\u00e9ritos policiais e chefiando<\/li>\n\n\n\n<li>unidades, divis\u00f5es e subdivis\u00f5es policiais;<\/li>\n\n\n\n<li>Atuar, quando convocado, no Conselho Superior da Pol\u00edcia Civil e na representa\u00e7\u00e3o do Departamento de Pol\u00edcia Civil Dirigir e coordenar as atividades de repress\u00e3o \u00e0s infra\u00e7\u00f5es penais;<\/li>\n\n\n\n<li>Administrar, coordenar, supervisionar e fiscalizar atividades de interesse da seguran\u00e7a p\u00fablica, bem como recursos humanos, financeiros, transporte, planejamento, comunica\u00e7\u00e3o, ouvidoria, entre outros necess\u00e1rios para o funcionamento da unidade policial, do Departamento de Pol\u00edcia Civil e da Secretaria correspondente; entre outras.<\/li>\n<\/ul>\n\n\n\n<h2 class=\"wp-block-heading\">Como foi o \u00faltimo concurso PC PR?<\/h2>\n\n\n\n<p>O \u00faltimo concurso&nbsp;<a href=\"https:\/\/www.policiacivil.pr.gov.br\/\" target=\"_blank\" rel=\"noreferrer noopener\">PC PR<\/a>&nbsp;foi realizado em 2020, pela banca organizadora&nbsp;FUNPAR, e ofertou&nbsp;<strong>400 vagas&nbsp;<\/strong>para os seguintes cargos:<\/p>\n\n\n\n<ul class=\"wp-block-list\">\n<li>Delegado de Pol\u00edcia (50 vagas)\n<ul class=\"wp-block-list\">\n<li>R$ 18.280,05.<\/li>\n<\/ul>\n<\/li>\n\n\n\n<li>Investigador de Pol\u00edcia (300 vagas)\n<ul class=\"wp-block-list\">\n<li>R$ 5.588,05.<\/li>\n<\/ul>\n<\/li>\n\n\n\n<li>Papiloscopista (50 vagas)\n<ul class=\"wp-block-list\">\n<li>R$ 5.867,45.<\/li>\n<\/ul>\n<\/li>\n<\/ul>\n\n\n\n<h3 class=\"wp-block-heading\">Como foram as provas do concurso PC PR?<\/h3>\n\n\n\n<p>O concurso PC PR contou com <strong>seis fases<\/strong> avaliativas, cada uma com <strong>car\u00e1ter classificat\u00f3rio e\/ou eliminat\u00f3rio<\/strong>, conforme a seguir:<\/p>\n\n\n\n<ul class=\"wp-block-list\">\n<li>1\u00aa Fase: Prova Preambular Objetiva (classificat\u00f3ria e eliminat\u00f3ria)<\/li>\n\n\n\n<li>2\u00aa Fase: Prova de Conhecimentos Espec\u00edficos (classificat\u00f3ria e eliminat\u00f3ria)<\/li>\n\n\n\n<li>3\u00aa Fase: Prova de T\u00edtulos (classificat\u00f3ria)<\/li>\n\n\n\n<li>4\u00aa Fase: Prova de Higidez F\u00edsica (eliminat\u00f3ria)<\/li>\n\n\n\n<li>5\u00aa Fase: Prova de Aptid\u00e3o F\u00edsica (eliminat\u00f3ria)<\/li>\n\n\n\n<li>6\u00aa Fase: Exame de Investiga\u00e7\u00e3o de Conduta (eliminat\u00f3ria)<\/li>\n<\/ul>\n\n\n\n<h3 class=\"wp-block-heading\">Prova Preambular Objetiva e Prova de Conhecimentos Espec\u00edficos<\/h3>\n\n\n\n<p>A primeira etapa foi composta por <strong>100 quest\u00f5es<\/strong> de m\u00faltipla escolha, distribu\u00eddas conforme o cargo. Confira abaixo a distribui\u00e7\u00e3o completa:<\/p>\n\n\n\n<h4 class=\"wp-block-heading\">Delegado de Pol\u00edcia<\/h4>\n\n\n\n<p><strong>Prova Preambular Objetiva<\/strong><\/p>\n\n\n\n<ul class=\"wp-block-list\">\n<li>Direito Administrativo (15)<\/li>\n\n\n\n<li>Direito Constitucional (15)<\/li>\n\n\n\n<li>Direito Penal (15)<\/li>\n\n\n\n<li>Direito Processual Penal (15)<\/li>\n\n\n\n<li>Legisla\u00e7\u00e3o Penal Especial (15)<\/li>\n\n\n\n<li>Criminologia (5)<\/li>\n\n\n\n<li>Direito Civil (5)<\/li>\n\n\n\n<li>Direitos Humanos (5)<\/li>\n\n\n\n<li>Inform\u00e1tica (5)<\/li>\n\n\n\n<li>Medicina Legal (5)<\/li>\n<\/ul>\n\n\n\n<p><strong>Prova de Conhecimentos Espec\u00edficos<\/strong><\/p>\n\n\n\n<ul class=\"wp-block-list\">\n<li>Direito Penal (incluindo Legisla\u00e7\u00e3o Penal Especial)<\/li>\n\n\n\n<li>Direito Processual Penal (incluindo Legisla\u00e7\u00e3o Penal Especial)<\/li>\n\n\n\n<li>Direito Administrativo<\/li>\n\n\n\n<li>Direito Constitucional<\/li>\n<\/ul>\n\n\n\n<p>Al\u00e9m das quest\u00f5es, os candidatos do concurso PC PR elaboraram uma <strong>pe\u00e7a pr\u00e1tica consistente em Representa\u00e7\u00e3o<\/strong> por medida cautelar usualmente empregada por Delegado de Pol\u00edcia.<\/p>\n\n\n\n<h4 class=\"wp-block-heading\">Investigador de Pol\u00edcia e Papiloscopista<\/h4>\n\n\n\n<p><strong>Prova Preambular Objetiva<\/strong><\/p>\n\n\n\n<ul class=\"wp-block-list\">\n<li>L\u00edngua Portuguesa (15)<\/li>\n\n\n\n<li>Inform\u00e1tica (5)<\/li>\n\n\n\n<li>Racioc\u00ednio L\u00f3gico (5)<\/li>\n<\/ul>\n\n\n\n<p><strong>Prova de Conhecimentos Espec\u00edficos<\/strong><\/p>\n\n\n\n<ul class=\"wp-block-list\">\n<li>No\u00e7\u00f5es de Direito Administrativo (5)<\/li>\n\n\n\n<li>No\u00e7\u00f5es de Direito Constitucional (5)<\/li>\n\n\n\n<li>No\u00e7\u00f5es de Direito Penal (5)<\/li>\n\n\n\n<li>No\u00e7\u00f5es de Direito Processual Penal (5)<\/li>\n\n\n\n<li>No\u00e7\u00f5es de Legisla\u00e7\u00e3o Penal Especial (5)<\/li>\n<\/ul>\n\n\n\n<p>Os candidatos do concurso PC PR tamb\u00e9m produziram um <strong>texto dissertativo-argumentativo<\/strong> sobre tema atual, com base na leitura de um ou mais textos motivadores.<\/p>\n\n\n\n<h4 class=\"wp-block-heading\">Somos a melhor Op\u00e7\u00e3o<\/h4>\n\n\n\n<p>Quer conquistar uma vaga no concurso PC PR? Somos a melhore Op\u00e7\u00e3o! N\u00f3s preparamos diversos materiais realmente focados conforme o \u00faltimo edital publicado que te ajudar\u00e3o a conquistar o cargo dos sonhos. N\u00e3o perca mais tempo e comece a se preparar ainda hoje!<\/p>\n\n\n\n<ul class=\"wp-block-list\">\n<li><strong>Confira:\u00a0<a href=\"https:\/\/www.apostilasopcao.com.br\/concurso\/pc-pr-policia-civil-do-parana\" target=\"_blank\" rel=\"noreferrer noopener\">Apostilas PC PR<\/a>!<\/strong><\/li>\n<\/ul>\n\n\n\n<p><strong>Quer ficar por dentro de tudo sobre o universo de concursos?\u00a0<a href=\"https:\/\/www.apostilasopcao.com.br\/blog\/noticias\/\" target=\"_blank\" rel=\"noreferrer noopener\">Confira as nossas not\u00edcias!<\/a><\/strong><\/p>\n","protected":false},"excerpt":{"rendered":"<p>O concurso PC PR est\u00e1 em fase de escolha da banca organizadora e se aproxima da publica\u00e7\u00e3o do edital. Exigir\u00e1 n\u00edvel superior para todos os cargos, com sal\u00e1rios iniciais de R$ 7.818,45 a R$ 24.247,12, podendo crescer ao longo da carreira. Confira!<\/p>\n","protected":false},"author":13,"featured_media":12041,"comment_status":"closed","ping_status":"closed","sticky":false,"template":"","format":"standard","meta":{"_acf_changed":false,"breadcrumbs_single_post":"","page_title_panel":"","breadcrumbs_single_page":"","single_page_alignment":"","single_page_margin":"","page_structure_type":"","content_style_source":"","content_style":"","blog_post_streched_ed":"","blog_page_streched_ed":"","has_transparent_header":"","disable_transparent_header":"","vertical_spacing_source":"","content_area_spacing":"","single_post_content_background":"","single_page_content_background":"","single_post_boxed_content_spacing":"","single_page_boxed_content_spacing":"","single_post_content_boxed_radius":"","single_page_content_boxed_radius":"","disable_featured_image":"","disable_post_tags":"","disable_author_box":"","disable_posts_navigation":"","disable_comments":"","disable_related_posts":"","disable_header":"","disable_footer":"","footnotes":""},"categories":[4,23],"tags":[574],"class_list":["post-7051","post","type-post","status-publish","format-standard","has-post-thumbnail","hentry","category-noticias","category-pr","tag-concurso-pc-pr","rishi-post"],"acf":{"data_prova":null,"status":"previsto"},"_links":{"self":[{"href":"https:\/\/www.apostilasopcao.com.br\/blog\/wp-json\/wp\/v2\/posts\/7051","targetHints":{"allow":["GET"]}}],"collection":[{"href":"https:\/\/www.apostilasopcao.com.br\/blog\/wp-json\/wp\/v2\/posts"}],"about":[{"href":"https:\/\/www.apostilasopcao.com.br\/blog\/wp-json\/wp\/v2\/types\/post"}],"author":[{"embeddable":true,"href":"https:\/\/www.apostilasopcao.com.br\/blog\/wp-json\/wp\/v2\/users\/13"}],"replies":[{"embeddable":true,"href":"https:\/\/www.apostilasopcao.com.br\/blog\/wp-json\/wp\/v2\/comments?post=7051"}],"version-history":[{"count":18,"href":"https:\/\/www.apostilasopcao.com.br\/blog\/wp-json\/wp\/v2\/posts\/7051\/revisions"}],"predecessor-version":[{"id":12042,"href":"https:\/\/www.apostilasopcao.com.br\/blog\/wp-json\/wp\/v2\/posts\/7051\/revisions\/12042"}],"wp:featuredmedia":[{"embeddable":true,"href":"https:\/\/www.apostilasopcao.com.br\/blog\/wp-json\/wp\/v2\/media\/12041"}],"wp:attachment":[{"href":"https:\/\/www.apostilasopcao.com.br\/blog\/wp-json\/wp\/v2\/media?parent=7051"}],"wp:term":[{"taxonomy":"category","embeddable":true,"href":"https:\/\/www.apostilasopcao.com.br\/blog\/wp-json\/wp\/v2\/categories?post=7051"},{"taxonomy":"post_tag","embeddable":true,"href":"https:\/\/www.apostilasopcao.com.br\/blog\/wp-json\/wp\/v2\/tags?post=7051"}],"curies":[{"name":"wp","href":"https:\/\/api.w.org\/{rel}","templated":true}]}}