{"id":7122,"date":"2025-12-08T10:20:56","date_gmt":"2025-12-08T13:20:56","guid":{"rendered":"https:\/\/www.apostilasopcao.com.br\/blog\/?p=7122"},"modified":"2025-12-15T09:30:04","modified_gmt":"2025-12-15T12:30:04","slug":"camara-de-uruguaiana-rs","status":"publish","type":"post","link":"https:\/\/www.apostilasopcao.com.br\/blog\/camara-de-uruguaiana-rs\/","title":{"rendered":"Concurso C\u00e2mara de Uruguaiana: Inscri\u00e7\u00f5es abertas! Iniciais de R$5 mil!"},"content":{"rendered":"\n<p>Aten\u00e7\u00e3o concurseiros! As inscri\u00e7\u00f5es para o concurso C\u00e2mara de Uruguaiana est\u00e3o abertas! O edital oferta <strong>3 vagas imediatas<\/strong>, al\u00e9m de oportunidades para a forma\u00e7\u00e3o de cadastro reserva para as carreiras de <strong>Procurador Jur\u00eddico Legislativo, Agente de Transportes e Auxiliar Administrativo<\/strong>, que exigem n\u00edvel m\u00e9dio ou superior em Direito, conforme o cargo. Os candidatos podem se inscrever at\u00e9 2 de janeiro de 2026, e as provas est\u00e3o previstas para <strong>8 de fevereiro de 2026<\/strong>. Para se preparar, confira a\u00a0<a href=\"https:\/\/www.apostilasopcao.com.br\/concurso\/camara-municipal-de-uruguaiana-rs\">apostila C\u00e2mara de Uruguaiana<\/a>\u00a0com conte\u00fado completo e atualizado conforme o edital!<\/p>\n\n\n\n<h2 class=\"wp-block-heading\">Resumo do edital<\/h2>\n\n\n\n<ul class=\"wp-block-list\">\n<li><strong>Vagas<\/strong>: 3 imediatas + CR<\/li>\n\n\n\n<li><strong>Per\u00edodo de inscri\u00e7\u00f5es<\/strong>: 05\/12\/2025 a 02\/01\/2026<\/li>\n\n\n\n<li><strong>Taxas de inscri\u00e7\u00e3o<\/strong>: R$130,00 a R$ 160,00<\/li>\n\n\n\n<li><strong>Prova<\/strong>: 08\/02\/2026<\/li>\n\n\n\n<li><strong>Banca<\/strong>: Fundatec<\/li>\n\n\n\n<li><a href=\"https:\/\/www.apostilasopcao.com.br\/blog\/wp-content\/uploads\/2025\/12\/edital-camara-de-uruguaiana-rs.pdf\">Baixe aqui o edital do concurso C\u00e2mara de Uruguaiana<\/a><\/li>\n<\/ul>\n\n\n\n<h2 class=\"wp-block-heading\">Concurso C\u00e2mara de Uruguaiana: Inscri\u00e7\u00f5es abertas!<\/h2>\n\n\n\n<p>As inscri\u00e7\u00f5es para o concurso C\u00e2mara de Uruguaiana devem ser realizadas <strong>at\u00e9 as 17h do dia 2 de janeiro de 2026<\/strong>, exclusivamente no site da <a href=\"https:\/\/www.fundatec.org.br\/portal\/concursos\/index_concursos.php?concurso=1042\" target=\"_blank\" rel=\"noreferrer noopener\">Fundatec<\/a>.<\/p>\n\n\n\n<p>A taxa de inscri\u00e7\u00e3o varia conforme o n\u00edvel de escolaridade exigido para o cargo pretendido, sendo:<\/p>\n\n\n\n<ul class=\"wp-block-list\">\n<li><strong>R$ 130,00<\/strong>&nbsp;\u2013 cargos de&nbsp;<strong>N\u00edveis M\u00e9dio<\/strong>&nbsp;e&nbsp;<strong>T\u00e9cnico<\/strong>;<\/li>\n\n\n\n<li><strong>R$ 160,00<\/strong>&nbsp;\u2013 cargos de&nbsp;<strong>N\u00edvel Superior<\/strong>.<\/li>\n<\/ul>\n\n\n\n<p>O pagamento deve ser efetuado por <strong>boleto banc\u00e1rio<\/strong> (bolepix), gerado ap\u00f3s o preenchimento do formul\u00e1rio de inscri\u00e7\u00e3o, <strong>at\u00e9 o dia 5 de janeiro de 2026<\/strong>.<\/p>\n\n\n\n<p>Durante todo o per\u00edodo de inscri\u00e7\u00f5es e ao longo da execu\u00e7\u00e3o do certame, <strong>ser\u00e3o disponibilizados computadores para acesso \u00e0 internet<\/strong>, tanto pela Fundatec quanto pela C\u00e2mara Municipal. <\/p>\n\n\n\n<p>A Fundatec disponibilizar\u00e1 computadores em sua sede, localizada na <strong>Rua Professor Cristiano Fischer, n\u00ba 2012, Bairro Partenon, Porto Alegre\/RS<\/strong>, com atendimento das <strong>9h \u00e0s 17h<\/strong> . <\/p>\n\n\n\n<p>J\u00e1 a C\u00e2mara Municipal de Uruguaiana disponibilizar\u00e1 computadores em sua sede, na <strong>Rua Bento Martins, n\u00ba 2.619, Bairro Centro, Uruguaiana\/RS<\/strong>, com atendimento das <strong>8h \u00e0s 14h<\/strong> .<\/p>\n\n\n\n<h3 class=\"wp-block-heading\">Isen\u00e7\u00e3o da taxa de inscri\u00e7\u00e3o<\/h3>\n\n\n\n<p>Os pedidos de isen\u00e7\u00e3o do valor da taxa de inscri\u00e7\u00e3o do <strong>concurso C\u00e2mara de Uruguaiana<\/strong> poder\u00e3o ser realizados <strong>nos dias 8 e 9 de dezembro de 2025<\/strong>, exclusivamente pela internet, no site da <strong>Fundatec<\/strong>.<\/p>\n\n\n\n<p>O edital prev\u00ea isen\u00e7\u00e3o total do pagamento da taxa para candidatos que se enquadrem em uma das categorias estabelecidas pela <strong>Lei Municipal n\u00ba 5.358\/2022<\/strong>, sendo eleg\u00edveis:<\/p>\n\n\n\n<ul class=\"wp-block-list\">\n<li><strong>Candidatos inscritos no Cad\u00danico<\/strong>, cuja <strong>renda familiar mensal per capita seja inferior ou igual a meio sal\u00e1rio-m\u00ednimo nacional<\/strong> ;<\/li>\n\n\n\n<li><strong>Doadores de medula \u00f3ssea<\/strong> cadastrados em entidades reconhecidas pelo Minist\u00e9rio da Sa\u00fade, mediante apresenta\u00e7\u00e3o da carteira do REDOME ou declara\u00e7\u00e3o oficial emitida por entidade coletora credenciada .<\/li>\n<\/ul>\n\n\n\n<p>A solicita\u00e7\u00e3o deve ser feita por meio do <strong>Formul\u00e1rio Online \u2013 Solicita\u00e7\u00e3o de Isen\u00e7\u00e3o da Taxa de Inscri\u00e7\u00e3o<\/strong>, dispon\u00edvel no site da Fundatec. A documenta\u00e7\u00e3o deve ser enviada at\u00e9 <strong>\u00e0s 17h do \u00faltimo dia do prazo<\/strong>, conforme o edital do concurso C\u00e2mara de Uruguaiana.<\/p>\n\n\n\n<p>O edital do concurso C\u00e2mara de Uruguaiana tamb\u00e9m destaca que estar inscrito em programas sociais como Bolsa Fam\u00edlia ou ter obtido isen\u00e7\u00e3o em concursos anteriores <strong>n\u00e3o garante<\/strong>, por si s\u00f3, o direito \u00e0 isen\u00e7\u00e3o neste certame.<\/p>\n\n\n\n<h2 class=\"wp-block-heading\">Concurso C\u00e2mara de Uruguaiana: Cargos, vagas e sal\u00e1rios<\/h2>\n\n\n\n<p>O concurso C\u00e2mara de Uruguaiana oferece <strong>3 vagas imediatas<\/strong>, al\u00e9m de forma\u00e7\u00e3o de <strong>cadastro reserva<\/strong>, para n\u00edveis <strong>m\u00e9dio<\/strong> e <strong>superior<\/strong>. As remunera\u00e7\u00f5es variam conforme o cargo, com jornada semanal de <strong>30 horas<\/strong>. A seguir, confira a rela\u00e7\u00e3o completa de vagas:<\/p>\n\n\n\n<p><strong>N\u00edvel M\u00e9dio<\/strong><\/p>\n\n\n\n<ul class=\"wp-block-list\">\n<li><strong>Auxiliar Administrativo<\/strong> 1 vaga + CR<br>R$ 3.286,49<\/li>\n<\/ul>\n\n\n\n<ul class=\"wp-block-list\">\n<li><strong>Agente de Transportes<\/strong> 1 vaga + CR<br>R$ 3.286,49<\/li>\n<\/ul>\n\n\n\n<p><strong>N\u00edvel Superior<\/strong><\/p>\n\n\n\n<ul class=\"wp-block-list\">\n<li><strong>Procurador Jur\u00eddico Legislativo<\/strong> 1 vaga + CR<br>R$ 5.882,85<\/li>\n<\/ul>\n\n\n\n<p><strong>Para quem vai iniciar a prepara\u00e7\u00e3o,\u00a0as\u00a0apostilas C\u00e2mara de Uruguaiana\u00a0j\u00e1 est\u00e3o dispon\u00edveis com conte\u00fado completo e atualizado conforme o edital. Confira!<\/strong><\/p>\n\n\n\n<ul class=\"wp-block-list\">\n<li><strong><a href=\"https:\/\/www.apostilasopcao.com.br\/apostila\/camara-uruguaiana-rs-auxiliar-administrativo\">Apostila C\u00e2mara de Uruguaiana &#8211; RS 2026 &#8211; Auxiliar Administrativo<\/a><\/strong><\/li>\n\n\n\n<li><strong><a href=\"https:\/\/www.apostilasopcao.com.br\/apostila\/camara-uruguaiana-rs-agente-transportes\">Apostila C\u00e2mara de Uruguaiana &#8211; RS 2026 &#8211; Agente de Transportes<\/a><\/strong><\/li>\n<\/ul>\n\n\n\n<h2 class=\"wp-block-heading\">Concurso C\u00e2mara de Uruguaiana: Requisitos b\u00e1sicos<\/h2>\n\n\n\n<p>Para tomar posse dos cargos no concurso C\u00e2mara de Uruguaiana \u00e9 necess\u00e1rio que os candidatos atendam aos seguintes requisitos b\u00e1sicos:<\/p>\n\n\n\n<ul class=\"wp-block-list\">\n<li>Ter sido aprovado neste Concurso P\u00fablico;<\/li>\n\n\n\n<li>Ser brasileiro nato, naturalizado ou gozar das prerrogativas no artigo 12 da Constitui\u00e7\u00e3o Federal;<\/li>\n\n\n\n<li>Possuir idade m\u00ednima de 18 anos;<\/li>\n\n\n\n<li>Estar em gozo dos direitos civis e pol\u00edticos;<\/li>\n\n\n\n<li>Estar quite com o Servi\u00e7o Militar Obrigat\u00f3rio ou dele ter sido liberado, se do sexo masculino;<\/li>\n\n\n\n<li>Estar quite com as obriga\u00e7\u00f5es eleitorais;<\/li>\n\n\n\n<li>Apresentar prova do atendimento das exig\u00eancias das Leis Federais n\u00ba 7.853\/89, n\u00ba 13.146\/2015 e do Decreto Federal n\u00ba 3.298\/99 (para candidatos concorrentes \u00e0 cota PcD);<\/li>\n\n\n\n<li>Apresentar prova do atendimento das exig\u00eancias Lei Municipal no 5.375\/2022 (para candidatos concorrentes \u00e0s cotas \u00c9tnico Raciais);<\/li>\n\n\n\n<li>Possuir aptid\u00e3o f\u00edsica e mental para o exerc\u00edcio das atribui\u00e7\u00f5es do cargo p\u00fablico a que concorre, comprovada Atestado M\u00e9dico de aptid\u00e3o para o exerc\u00edcio do cargo fornecido pelo Servi\u00e7o M\u00e9dico designado pela C\u00e2mara Municipal;<\/li>\n\n\n\n<li>Apresentar prova da escolaridade m\u00ednima completa;<\/li>\n\n\n\n<li>Apresentar Registro no respectivo Conselho Profissional, quando exigido pela categoria;<\/li>\n\n\n\n<li>Apresentar, nos termos da Lei Municipal n\u00ba 5.727\/2024, certid\u00e3o negativa de antecedentes criminais, fornecida pelos Cart\u00f3rios Judiciais Federal, Estadual ou Distrital do domic\u00edlio do candidato, expedida, no m\u00e1ximo, h\u00e1 6 meses, ou dentro do prazo da validade consignado no documento;<\/li>\n\n\n\n<li>Apresentar declara\u00e7\u00e3o de observ\u00e2ncia do Art. 37, inciso XVI, da Constitui\u00e7\u00e3o Federal, referentes a ac\u00famulo de cargo, emprego ou fun\u00e7\u00f5es p\u00fablicas, abrangendo autarquias, funda\u00e7\u00f5es, empresas p\u00fablicas, sociedades de economia mista, suas subsidi\u00e1rias, e sociedades controladas, direta ou indiretamente, pelo poder p\u00fablico, sendo vedada tamb\u00e9m a percep\u00e7\u00e3o simult\u00e2nea de proventos de aposentadoria decorrentes do art. 40 ou dos art. 42 e 142 com a remunera\u00e7\u00e3o de cargo, emprego ou fun\u00e7\u00e3o p\u00fablica, ressalvados os cargos acumul\u00e1veis na forma da Constitui\u00e7\u00e3o Federal, os cargos eletivos e os cargos em comiss\u00e3o declarados em lei de livre nomea\u00e7\u00e3o e exonera\u00e7\u00e3o;<\/li>\n\n\n\n<li> N\u00e3o ser aposentado por invalidez.<\/li>\n<\/ul>\n\n\n\n<h3 class=\"wp-block-heading\">Requisitos espec\u00edficos<\/h3>\n\n\n\n<p>A seguir, confira os requisitos espec\u00edficos exigidos para cada cargo do concurso C\u00e2mara de Uruguaiana.<\/p>\n\n\n\n<p><strong>Auxiliar Administrativo<\/strong><\/p>\n\n\n\n<ul class=\"wp-block-list\">\n<li>Ensino M\u00e9dio Completo<\/li>\n<\/ul>\n\n\n\n<p><strong>Agente de Transportes<\/strong><\/p>\n\n\n\n<ul class=\"wp-block-list\">\n<li>Ensino M\u00e9dio Completo<\/li>\n\n\n\n<li>Carteira Nacional de Habilita\u00e7\u00e3o (CNH) categoria <strong>AB<\/strong><\/li>\n<\/ul>\n\n\n\n<p><strong>Procurador Jur\u00eddico Legislativo<\/strong><\/p>\n\n\n\n<ul class=\"wp-block-list\">\n<li>Ensino Superior Completo em <strong>Direito<\/strong><\/li>\n\n\n\n<li>Registro na Ordem dos Advogados do Brasil (<strong>OAB<\/strong>)<\/li>\n<\/ul>\n\n\n\n<h2 class=\"wp-block-heading\">Concurso C\u00e2mara de Uruguaiana: Atribui\u00e7\u00f5es dos cargos<\/h2>\n\n\n\n<p>A seguir, confira as atribui\u00e7\u00f5es oficiais de cada cargo do concurso C\u00e2mara de Uruguaiana.<\/p>\n\n\n\n<p><strong>Procurador Jur\u00eddico Legislativo<\/strong><\/p>\n\n\n\n<ul class=\"wp-block-list\">\n<li>Representar juridicamente a C\u00e2mara nas fun\u00e7\u00f5es legislativas.<\/li>\n\n\n\n<li>Defender e representar judicial e extrajudicialmente os interesses da C\u00e2mara.<\/li>\n\n\n\n<li>Promover a\u00e7\u00f5es, rem\u00e9dios constitucionais e demais medidas jur\u00eddicas necess\u00e1rias.<\/li>\n\n\n\n<li>Receber cita\u00e7\u00f5es, intima\u00e7\u00f5es e atos de comunica\u00e7\u00e3o de processos judiciais.<\/li>\n\n\n\n<li>Emitir pareceres sobre compras, servi\u00e7os, licita\u00e7\u00f5es, modalidades de contrata\u00e7\u00e3o e processos administrativos.<\/li>\n\n\n\n<li>Elaborar e revisar minutas de editais, contratos, conv\u00eanios e demais documentos jur\u00eddicos.<\/li>\n\n\n\n<li>Emitir an\u00e1lises e pareceres em requerimentos de mat\u00e9ria pessoal de servidores.<\/li>\n\n\n\n<li>Acompanhar quest\u00f5es jur\u00eddicas junto a \u00f3rg\u00e3os p\u00fablicos e privados.<\/li>\n\n\n\n<li>Orientar processos administrativos, sindic\u00e2ncias e procedimentos internos.<\/li>\n\n\n\n<li>Pesquisar, analisar e interpretar legisla\u00e7\u00e3o em diversas \u00e1reas (administrativa, constitucional, fiscal etc.).<\/li>\n\n\n\n<li>Instruir processos legislativos, administrativos, disciplinares e judiciais.<\/li>\n\n\n\n<li>Manter arquivo normativo atualizado.<\/li>\n\n\n\n<li>Auxiliar Mesa Diretora e Comiss\u00f5es legislativas quanto \u00e0 interpreta\u00e7\u00e3o do Regimento Interno e Lei Org\u00e2nica.<\/li>\n\n\n\n<li>Substituir funcion\u00e1rios em situa\u00e7\u00f5es emergenciais, quando designado.<\/li>\n\n\n\n<li>Executar outras tarefas correlatas determinadas pela Presid\u00eancia.<\/li>\n<\/ul>\n\n\n\n<p><strong>Agente de Transportes<\/strong><\/p>\n\n\n\n<ul class=\"wp-block-list\">\n<li>Conduzir ve\u00edculos transportando pessoas ou materiais.<\/li>\n\n\n\n<li>Recolher o ve\u00edculo \u00e0 garagem ap\u00f3s o t\u00e9rmino da jornada.<\/li>\n\n\n\n<li>Manter o ve\u00edculo em perfeitas condi\u00e7\u00f5es de funcionamento.<\/li>\n\n\n\n<li>Realizar verifica\u00e7\u00f5es e pequenos reparos emergenciais.<\/li>\n\n\n\n<li>Zelar pela conserva\u00e7\u00e3o e limpeza do ve\u00edculo.<\/li>\n\n\n\n<li>Transportar e entregar correspond\u00eancias e objetos.<\/li>\n\n\n\n<li>Abastecer ve\u00edculo com combust\u00edvel, \u00e1gua e \u00f3leo.<\/li>\n\n\n\n<li>Comunicar anomalias e necessidade de atualiza\u00e7\u00e3o documental do ve\u00edculo.<\/li>\n\n\n\n<li>Substituir funcion\u00e1rios em situa\u00e7\u00f5es emergenciais, quando designado.<\/li>\n\n\n\n<li>Executar outras tarefas correlatas.<\/li>\n<\/ul>\n\n\n\n<p><strong>Auxiliar Administrativo<\/strong><\/p>\n\n\n\n<ul class=\"wp-block-list\">\n<li>Executar coleta e entrega de documentos, interna e externamente.<\/li>\n\n\n\n<li>Atender ao p\u00fablico e fornecer informa\u00e7\u00f5es sobre o funcionamento da C\u00e2mara.<\/li>\n\n\n\n<li>Encaminhar correspond\u00eancias aos setores administrativos.<\/li>\n\n\n\n<li>Realizar pequenas compras e pagamentos de contas.<\/li>\n\n\n\n<li>Auxiliar no recebimento e distribui\u00e7\u00e3o de materiais e suprimentos.<\/li>\n\n\n\n<li>Acompanhar visitantes aos setores da C\u00e2mara.<\/li>\n\n\n\n<li>Atender chamadas telef\u00f4nicas internas e externas.<\/li>\n\n\n\n<li>Apoiar atividades de eventos e solenidades.<\/li>\n\n\n\n<li>Auxiliar tarefas dos setores de tesouraria, inform\u00e1tica, contabilidade, RH, patrim\u00f4nio e comunica\u00e7\u00f5es.<\/li>\n\n\n\n<li>Digitar expedientes e auxiliar na classifica\u00e7\u00e3o e distribui\u00e7\u00e3o de documentos.<\/li>\n\n\n\n<li>Conduzir ve\u00edculos quando necess\u00e1rio (exigida CNH B).<\/li>\n\n\n\n<li>Substituir funcion\u00e1rios em situa\u00e7\u00f5es emergenciais, quando designado.<\/li>\n\n\n\n<li>Executar outras tarefas correlatas.<\/li>\n<\/ul>\n\n\n\n<h2 class=\"wp-block-heading\">Concurso C\u00e2mara de Uruguaiana: Etapas de sele\u00e7\u00e3o<\/h2>\n\n\n\n<p>O concurso C\u00e2mara de Uruguaiana ser\u00e1 estruturado em <strong>cinco etapas distintas<\/strong>, que variam conforme o cargo escolhido pelo candidato. Confira abaixo todas as fases previstas:<\/p>\n\n\n\n<ul class=\"wp-block-list\">\n<li><strong>Prova objetiva<\/strong>, de car\u00e1ter eliminat\u00f3rio e classificat\u00f3rio, para <strong>todos os cargos<\/strong>.<\/li>\n\n\n\n<li><strong>Pe\u00e7a processual<\/strong>, de car\u00e1ter eliminat\u00f3rio e classificat\u00f3rio, exclusiva para o cargo de <strong>Procurador Jur\u00eddico Legislativo<\/strong>.<\/li>\n\n\n\n<li><strong>Prova discursiva<\/strong>, de car\u00e1ter eliminat\u00f3rio e classificat\u00f3rio, tamb\u00e9m destinada ao cargo de <strong>Procurador Jur\u00eddico Legislativo<\/strong>.<\/li>\n\n\n\n<li><strong>Prova pr\u00e1tica<\/strong>, de car\u00e1ter eliminat\u00f3rio, aplicada aos candidatos ao cargo de <strong>Agente de Transportes<\/strong>.<\/li>\n\n\n\n<li><strong>Prova de t\u00edtulos<\/strong>, de car\u00e1ter classificat\u00f3rio, exclusiva para o cargo de <strong>Procurador Jur\u00eddico Legislativo<\/strong>.<\/li>\n<\/ul>\n\n\n\n<h3 class=\"wp-block-heading\">Prova objetiva<\/h3>\n\n\n\n<p>A prova objetiva do concurso C\u00e2mara de Uruguaiana ser\u00e1 aplicada em <mark style=\"background-color:rgba(0, 0, 0, 0)\" class=\"has-inline-color has-palette-color-4-color\">8 de fevereiro de 2026<\/mark>, no per\u00edodo da <strong>manh\u00e3 para Procurador Jur\u00eddico Legislativo<\/strong> e <strong>\u00e0 tarde para Agente de Transportes e Auxiliar Administrativo<\/strong>, conforme cronograma previsto no edital.<\/p>\n\n\n\n<p>O tempo total de realiza\u00e7\u00e3o ser\u00e1 de 4 horas para Procurador Jur\u00eddico Legislativo e 3 horas para Agente de Transportes e Auxiliar Administrativo.<\/p>\n\n\n\n<p>A prova ter\u00e1 40 quest\u00f5es de m\u00faltipla escolha, variando conforme o n\u00edvel de escolaridade do cargo pretendido. Veja a distribui\u00e7\u00e3o:<\/p>\n\n\n\n<p><strong>N\u00edvel M\u00e9dio 40 quest\u00f5es<\/strong><\/p>\n\n\n\n<ul class=\"wp-block-list\">\n<li>L\u00edngua Portuguesa: 15 quest\u00f5es<\/li>\n\n\n\n<li>Legisla\u00e7\u00e3o: 10 quest\u00f5es<\/li>\n\n\n\n<li>Inform\u00e1tica: 5 quest\u00f5es<\/li>\n\n\n\n<li>Matem\u00e1tica\/Racioc\u00ednio L\u00f3gico: 10 quest\u00f5es<\/li>\n<\/ul>\n\n\n\n<p>Para ser aprovado na prova objetiva do concurso C\u00e2mara de Uruguaiana, o candidato dever\u00e1 alcan\u00e7ar no <strong>m\u00ednimo 50 pontos<\/strong>, do total da prova.<\/p>\n\n\n\n<p><strong>N\u00edvel Superior 40 quest\u00f5es<\/strong><\/p>\n\n\n\n<ul class=\"wp-block-list\">\n<li>L\u00edngua Portuguesa: 10 quest\u00f5es<\/li>\n\n\n\n<li>Legisla\u00e7\u00e3o: 15 quest\u00f5es<\/li>\n\n\n\n<li>Inform\u00e1tica: 5 quest\u00f5es<\/li>\n\n\n\n<li>Conhecimentos Espec\u00edficos: 10 quest\u00f5es<\/li>\n<\/ul>\n\n\n\n<p>Para ser aprovado na prova objetiva do concurso C\u00e2mara de Uruguaiana, o candidato dever\u00e1 alcan\u00e7ar no <strong>m\u00ednimo 45 pontos<\/strong>, do total da prova.<\/p>\n\n\n\n<h4 class=\"wp-block-heading\">Somos a melhor Op\u00e7\u00e3o<\/h4>\n\n\n\n<p>Voc\u00ea ir\u00e1 participar do concurso C\u00e2mara de Uruguaiana? Somos a melhor Op\u00e7\u00e3o! N\u00f3s contamos com diversos materiais preparat\u00f3rios alinhados e elaborados conforme o edital. Com mais de tr\u00eas d\u00e9cadas de candidatos aprovados, ajudaremos voc\u00ea tamb\u00e9m nesta longa jornada. N\u00e3o perca mais tempo e comece a estudar ainda hoje para o cargo que ir\u00e1 mudar a sua vida!<\/p>\n\n\n\n<ul class=\"wp-block-list\">\n<li><strong>Confira:\u00a0<a href=\"https:\/\/www.apostilasopcao.com.br\/concurso\/camara-municipal-de-uruguaiana-rs\">Apostila C\u00e2mara de Uruguaiana!<\/a><\/strong><\/li>\n<\/ul>\n\n\n\n<h3 class=\"wp-block-heading\">Pe\u00e7a processual<\/h3>\n\n\n\n<p>A pe\u00e7a processual, etapa exclusiva do cargo de <strong>Procurador Jur\u00eddico Legislativo<\/strong>, ser\u00e1 aplicada no <strong>mesmo dia da prova objetiva<\/strong>, com car\u00e1ter <strong>eliminat\u00f3rio e classificat\u00f3rio<\/strong>, com valor de 100 pontos. <\/p>\n\n\n\n<p>Nessa etapa, o candidato dever\u00e1 elaborar uma pe\u00e7a jur\u00eddica de no <strong>m\u00ednimo 30 linhas e no m\u00e1ximo 120linhas<\/strong>, adequada ao problema apresentado, demonstrando dom\u00ednio t\u00e9cnico, precis\u00e3o normativa, argumenta\u00e7\u00e3o consistente e uso correto da linguagem jur\u00eddica.<\/p>\n\n\n\n<p>A avalia\u00e7\u00e3o considerar\u00e1 crit\u00e9rios como:<\/p>\n\n\n\n<ul class=\"wp-block-list\">\n<li>pertin\u00eancia da pe\u00e7a escolhida;<\/li>\n\n\n\n<li>fundamenta\u00e7\u00e3o legal e argumentativa;<\/li>\n\n\n\n<li>estrutura e organiza\u00e7\u00e3o l\u00f3gica;<\/li>\n\n\n\n<li>completude e coer\u00eancia das teses apresentadas.<\/li>\n<\/ul>\n\n\n\n<p>Para ser considerado aprovado nessa etapa do concurso C\u00e2mara de Uruguaiana o candidato dever\u00e1 obter no <strong>m\u00ednimo 50 pontos<\/strong>.<\/p>\n\n\n\n<h3 class=\"wp-block-heading\">Prova discursiva<\/h3>\n\n\n\n<p>A prova discursiva ser\u00e1 aplicada no mesmo dia apenas para candidatos ao cargo de <strong>Procurador Jur\u00eddico Legislativo<\/strong>  da prova objetiva e ter\u00e1 <strong>car\u00e1ter eliminat\u00f3rio e classificat\u00f3rio<\/strong>. <\/p>\n\n\n\n<p>O candidato dever\u00e1 elaborar uma resposta t\u00e9cnica sobre o tema ou situa\u00e7\u00e3o apresentada pela banca, observando clareza, fundamenta\u00e7\u00e3o jur\u00eddica e uso adequado da norma-padr\u00e3o da l\u00edngua portuguesa.<\/p>\n\n\n\n<p>O texto dever\u00e1 obedecer ao limite de <strong>15 a 30 linha<\/strong>. A pontua\u00e7\u00e3o total da prova discursiva ser\u00e1 de <strong>100 pontos<\/strong>, e sua avalia\u00e7\u00e3o considerar\u00e1 crit\u00e9rios como precis\u00e3o t\u00e9cnica, coer\u00eancia, dom\u00ednio do racioc\u00ednio jur\u00eddico e pertin\u00eancia ao problema proposto.<\/p>\n\n\n\n<p>Para ser considerado aprovado nessa etapa do concurso C\u00e2mara de Uruguaiana o candidato dever\u00e1 obter no <strong>m\u00ednimo 50 pontos<\/strong>.<\/p>\n\n\n\n<h3 class=\"wp-block-heading\">Prova Pr\u00e1tica<\/h3>\n\n\n\n<p>A prova pr\u00e1tica ser\u00e1 aplicada apenas aos candidatos ao cargo de Agente de Transportes, com car\u00e1ter eliminat\u00f3rio. Essa etapa consistir\u00e1 em um <strong>Exame de Dire\u00e7\u00e3o Veicular<\/strong>, no qual o candidato dever\u00e1 demonstrar habilidade de condu\u00e7\u00e3o, respeito \u00e0 sinaliza\u00e7\u00e3o, capacidade de manobra e dire\u00e7\u00e3o segura.<\/p>\n\n\n\n<p>A banca adotar\u00e1 um sistema de <strong>faltas<\/strong>, classificadas como eliminat\u00f3rias, graves, m\u00e9dias ou leves. O candidato ser\u00e1 considerado <strong>inapto<\/strong> se cometer qualquer falta eliminat\u00f3ria ou se seu desempenho comprometer a execu\u00e7\u00e3o do percurso previsto. Ser\u00e1 <strong>desclassificado<\/strong> do concurso C\u00e2mara de Uruguaiana o candidato que n\u00e3o obter no <strong>m\u00ednimo 50 pontos<\/strong>.<\/p>\n\n\n\n<h3 class=\"wp-block-heading\">Avalia\u00e7\u00e3o de T\u00edtulos<\/h3>\n\n\n\n<p>A avalia\u00e7\u00e3o de t\u00edtulos ser\u00e1 aplicada exclusivamente aos candidatos ao cargo de Procurador Jur\u00eddico Legislativo que forem aprovados na Pe\u00e7a Processual e na Prova Discursiva. Essa etapa possui car\u00e1ter <strong>classificat\u00f3rio<\/strong>. Confira os t\u00edtulos aceitos:<\/p>\n\n\n\n<figure class=\"wp-block-image size-full\"><img loading=\"lazy\" decoding=\"async\" width=\"711\" height=\"950\" src=\"https:\/\/www.apostilasopcao.com.br\/blog\/wp-content\/uploads\/2025\/12\/image-27.png\" alt=\"Tabela avalia\u00e7\u00e3o de t\u00edtulos e experi\u00eancia profissional concurso C\u00e2mara de Uruguaiana.\" class=\"wp-image-7129\" srcset=\"https:\/\/www.apostilasopcao.com.br\/blog\/wp-content\/uploads\/2025\/12\/image-27.png 711w, https:\/\/www.apostilasopcao.com.br\/blog\/wp-content\/uploads\/2025\/12\/image-27-225x300.png 225w\" sizes=\"auto, (max-width: 711px) 100vw, 711px\" \/><\/figure>\n\n\n\n<p>Ser\u00e3o considerados t\u00edtulos acad\u00eamicos e profissionais, com pontua\u00e7\u00e3o m\u00e1xima de <strong>10 pontos<\/strong>, que ser\u00e1 somada ao resultado final do candidato.<\/p>\n\n\n\n<p>A validade do concurso C\u00e2mara de Uruguaiana ser\u00e1 de <strong>dois anos<\/strong>, contados a partir da publica\u00e7\u00e3o do edital de homologa\u00e7\u00e3o do resultado final. Esse prazo poder\u00e1 ser <strong>prorrogado uma \u00fanica vez, por igual per\u00edodo<\/strong>, conforme decis\u00e3o da Presid\u00eancia da C\u00e2mara Municipal.<\/p>\n\n\n\n<p><strong>Quer ficar por dentro de tudo sobre o universo de concursos?&nbsp;<a href=\"https:\/\/www.apostilasopcao.com.br\/blog\/noticias\/\">Confira as nossas not\u00edcias!<\/a><\/strong><\/p>\n\n\n\n<p><\/p>\n","protected":false},"excerpt":{"rendered":"<p>O concurso C\u00e2mara de Uruguaiana est\u00e1 com inscri\u00e7\u00f5es abertas para cargos de n\u00edveis m\u00e9dio e superior, oferecendo sal\u00e1rios de at\u00e9 R$ 5 mil, prova em fevereiro e oportunidades para forma\u00e7\u00e3o de cadastro reserva. Confira requisitos, etapas e como participar!<\/p>\n","protected":false},"author":12,"featured_media":7133,"comment_status":"closed","ping_status":"closed","sticky":false,"template":"","format":"standard","meta":{"_acf_changed":false,"breadcrumbs_single_post":"","page_title_panel":"","breadcrumbs_single_page":"","single_page_alignment":"","single_page_margin":"","page_structure_type":"","content_style_source":"","content_style":"","blog_post_streched_ed":"","blog_page_streched_ed":"","has_transparent_header":"","disable_transparent_header":"","vertical_spacing_source":"","content_area_spacing":"","single_post_content_background":"","single_page_content_background":"","single_post_boxed_content_spacing":"","single_page_boxed_content_spacing":"","single_post_content_boxed_radius":"","single_page_content_boxed_radius":"","disable_featured_image":"","disable_post_tags":"","disable_author_box":"","disable_posts_navigation":"","disable_comments":"","disable_related_posts":"","disable_header":"","disable_footer":"","footnotes":""},"categories":[4,28],"tags":[575],"class_list":["post-7122","post","type-post","status-publish","format-standard","has-post-thumbnail","hentry","category-noticias","category-rs","tag-concurso-camara-de-uruguaiana","rishi-post"],"acf":{"data_prova":"20260208","status":"aberto"},"_links":{"self":[{"href":"https:\/\/www.apostilasopcao.com.br\/blog\/wp-json\/wp\/v2\/posts\/7122","targetHints":{"allow":["GET"]}}],"collection":[{"href":"https:\/\/www.apostilasopcao.com.br\/blog\/wp-json\/wp\/v2\/posts"}],"about":[{"href":"https:\/\/www.apostilasopcao.com.br\/blog\/wp-json\/wp\/v2\/types\/post"}],"author":[{"embeddable":true,"href":"https:\/\/www.apostilasopcao.com.br\/blog\/wp-json\/wp\/v2\/users\/12"}],"replies":[{"embeddable":true,"href":"https:\/\/www.apostilasopcao.com.br\/blog\/wp-json\/wp\/v2\/comments?post=7122"}],"version-history":[{"count":14,"href":"https:\/\/www.apostilasopcao.com.br\/blog\/wp-json\/wp\/v2\/posts\/7122\/revisions"}],"predecessor-version":[{"id":7584,"href":"https:\/\/www.apostilasopcao.com.br\/blog\/wp-json\/wp\/v2\/posts\/7122\/revisions\/7584"}],"wp:featuredmedia":[{"embeddable":true,"href":"https:\/\/www.apostilasopcao.com.br\/blog\/wp-json\/wp\/v2\/media\/7133"}],"wp:attachment":[{"href":"https:\/\/www.apostilasopcao.com.br\/blog\/wp-json\/wp\/v2\/media?parent=7122"}],"wp:term":[{"taxonomy":"category","embeddable":true,"href":"https:\/\/www.apostilasopcao.com.br\/blog\/wp-json\/wp\/v2\/categories?post=7122"},{"taxonomy":"post_tag","embeddable":true,"href":"https:\/\/www.apostilasopcao.com.br\/blog\/wp-json\/wp\/v2\/tags?post=7122"}],"curies":[{"name":"wp","href":"https:\/\/api.w.org\/{rel}","templated":true}]}}