{"id":7177,"date":"2025-12-09T10:13:56","date_gmt":"2025-12-09T13:13:56","guid":{"rendered":"https:\/\/www.apostilasopcao.com.br\/blog\/?p=7177"},"modified":"2025-12-09T10:13:59","modified_gmt":"2025-12-09T13:13:59","slug":"pmerj","status":"publish","type":"post","link":"https:\/\/www.apostilasopcao.com.br\/blog\/pmerj\/","title":{"rendered":"Concurso PMERJ: Edital anunciado! 2.000 vagas!"},"content":{"rendered":"\n<p>Um novo edital do concurso PMERJ est\u00e1 previsto para <strong>2026<\/strong> e o governo j\u00e1 vem sinalizando os preparativos para a pr\u00f3xima sele\u00e7\u00e3o. Entre as novidades recentes est\u00e1 o reajuste do aux\u00edlio-alimenta\u00e7\u00e3o, benef\u00edcio que tamb\u00e9m dever\u00e1 contemplar os futuros aprovados. A expectativa \u00e9 de que o edital ofere\u00e7a cerca de <strong>2 mil vagas<\/strong> para Soldado, cargo tradicional de ingresso na Pol\u00edcia Militar do Rio de Janeiro, que exige <strong>n\u00edvel m\u00e9dio<\/strong> e conta com remunera\u00e7\u00e3o inicial em torno de <strong>R$ 5,2 mil<\/strong>, al\u00e9m de benef\u00edcios e estabilidade. Para se preparar, confira a\u00a0<a href=\"https:\/\/www.apostilasopcao.com.br\/concurso\/pmerj-policia-militar-do-rio-de-janeiro\">apostila PMERJ<\/a>\u00a0com conte\u00fado completo e atualizado conforme o \u00faltimo edital.<\/p>\n\n\n\n<h2 class=\"wp-block-heading\">Concurso PMERJ: Situa\u00e7\u00e3o atual<\/h2>\n\n\n\n<p>O concurso PMERJ j\u00e1 est\u00e1 no radar para 2026, com previs\u00e3o de ofertar <strong>2 mil vagas<\/strong> para o cargo de Soldado. O governo do Rio de Janeiro tamb\u00e9m vem anunciando medidas que impactam diretamente os futuros aprovados. Entre elas est\u00e1 o <strong>reajuste de 166% no aux\u00edlio-alimenta\u00e7\u00e3o<\/strong> pago aos policiais militares ingressantes, confirmado pelo governador Cl\u00e1udio Castro.<\/p>\n\n\n\n<p>Com o aumento, o benef\u00edcio passa de R$ 162,60 para <strong>R$ 433,80<\/strong>, com pagamento previsto a partir da folha de dezembro. Segundo Castro, o valor estava h\u00e1 20 anos sem atualiza\u00e7\u00e3o.<\/p>\n\n\n\n<p>O reajuste, por\u00e9m, n\u00e3o contemplar\u00e1 todos os servidores: <strong>apenas policiais lotados em unidades sem rancho ter\u00e3o direito ao novo aux\u00edlio<\/strong>, o que representa cerca de 14 mil pra\u00e7as e oficiais. Para o governador, a medida <\/p>\n\n\n\n<blockquote class=\"wp-block-quote is-layout-flow wp-block-quote-is-layout-flow\">\n<p><em>\u201ctraz dignidade aos agentes que atuam na rua e refor\u00e7a a valoriza\u00e7\u00e3o da Pol\u00edcia Militar\u201d.<\/em><\/p>\n<\/blockquote>\n\n\n\n<p>O novo concurso PMERJ ganhou for\u00e7a em setembro, quando foi inclu\u00eddo na <strong>lista de editais previstos pelo governo<\/strong>. Assim como no certame de 2023\/2024, al\u00e9m das 2 mil vagas imediatas, h\u00e1 <mark style=\"background-color:rgba(0, 0, 0, 0)\" class=\"has-inline-color has-palette-color-4-color\">expectativa de convoca\u00e7\u00e3o de at\u00e9 2 mil excedentes<\/mark>.<\/p>\n\n\n\n<p>Segundo o governador, o <strong>edital est\u00e1 em elabora\u00e7\u00e3o<\/strong>, mas sua publica\u00e7\u00e3o depende da escolha da banca organizadora, que ficar\u00e1 respons\u00e1vel pelas inscri\u00e7\u00f5es e provas. A remunera\u00e7\u00e3o inicial do Soldado PMERJ \u00e9 de <strong>R$ 5.233,88<\/strong>.<\/p>\n\n\n\n<p>Castro tamb\u00e9m refor\u00e7ou a inten\u00e7\u00e3o de manter concursos peri\u00f3dicos.<\/p>\n\n\n\n<blockquote class=\"wp-block-quote is-layout-flow wp-block-quote-is-layout-flow\">\n<p><em> \u201cO ideal \u00e9 ter concurso de dois em dois anos. Em 2026 tem concurso para mais 2 mil soldados. Espero que em 2028 tenha concurso para mais e assim por diante. A ideia \u00e9 ter uma pol\u00edcia com uma mescla de pessoas jovens e experientes.\u201d<\/em><\/p>\n<\/blockquote>\n\n\n\n<p>Com o an\u00fancio e os preparativos em andamento, cresce a expectativa entre os candidatos interessados em ingressar na seguran\u00e7a p\u00fablica do Rio de Janeiro.<\/p>\n\n\n\n<h2 class=\"wp-block-heading\">Concurso PMERJ: Sal\u00e1rios e benef\u00edcios<\/h2>\n\n\n\n<p>O concurso PMERJ chama aten\u00e7\u00e3o pela remunera\u00e7\u00e3o competitiva oferecida aos futuros Soldados da Pol\u00edcia Militar do Rio de Janeiro. Durante o curso de forma\u00e7\u00e3o, o aluno-soldado recebe <strong>R$ 2.956,41<\/strong>, valor composto pelo soldo de R$ 817,68 e pelas gratifica\u00e7\u00f5es de regime especial de trabalho e de risco de atividade militar, que somam <strong>R$ 2.138,73<\/strong>.<\/p>\n\n\n\n<p>Ap\u00f3s a formatura, a remunera\u00e7\u00e3o inicial sobe para <strong>R$ 5.233,88<\/strong> no posto de Soldado, sendo R$ 991,03 de soldo e R$ 4.242,85 referentes \u00e0s gratifica\u00e7\u00f5es de habilita\u00e7\u00e3o profissional, regime especial de trabalho e risco de atividade militar. Al\u00e9m disso, os aprovados contar\u00e3o com o novo aux\u00edlio-alimenta\u00e7\u00e3o de R$ 433,80, j\u00e1 que o valor anterior de R$ 162,60 foi reajustado pelo governo.<\/p>\n\n\n\n<p>A contrata\u00e7\u00e3o \u00e9 realizada pelo regime estatut\u00e1rio, garantindo estabilidade ap\u00f3s o est\u00e1gio probat\u00f3rio e refor\u00e7ando a atratividade do concurso PMERJ para quem busca carreira na seguran\u00e7a p\u00fablica do Rio de Janeiro.<\/p>\n\n\n\n<p><strong>Para quem vai iniciar a prepara\u00e7\u00e3o,&nbsp;as&nbsp;apostilas PM RJ&nbsp;j\u00e1 est\u00e3o dispon\u00edveis com conte\u00fado completo e atualizado conforme o edital. Confira!<\/strong><\/p>\n\n\n\n<ul class=\"wp-block-list\">\n<li><strong><a href=\"https:\/\/www.apostilasopcao.com.br\/apostila\/pm-rj-curso-formacao-soldados\">Apostila PM-RJ &#8211; Curso de Forma\u00e7\u00e3o de Soldados<\/a><\/strong><\/li>\n\n\n\n<li><strong><a href=\"https:\/\/www.apostilasopcao.com.br\/apostila\/pm-rj-curso-formacao-oficiais-cfo\">Apostila PM-RJ &#8211; Oficial<\/a><\/strong><\/li>\n<\/ul>\n\n\n\n<h2 class=\"wp-block-heading\">Concurso PMERJ: Requisitos b\u00e1sicos<\/h2>\n\n\n\n<p>Conforme estabelecido no \u00faltimo edital do concurso PMERJ, a posse nos cargos exigiu que os candidatos cumprissem os seguintes requisitos b\u00e1sicos:<\/p>\n\n\n\n<ul class=\"wp-block-list\">\n<li>Ter nacionalidade brasileira e, no caso de nacionalidade portuguesa, estar amparado pelo estatuto de igualdade entre brasileiros e portugueses;<\/li>\n\n\n\n<li>Ter a idade m\u00ednima de 18 anos completos e a idade m\u00e1xima de 32 anos, at\u00e9 o primeiro dia para o ato de inscri\u00e7\u00e3o no concurso;<\/li>\n\n\n\n<li>Possuir condi\u00e7\u00f5es f\u00edsica e mental;<\/li>\n\n\n\n<li>Ter aptid\u00e3o intelectual, caracter\u00edsticas psicol\u00f3gicas compat\u00edveis com a fun\u00e7\u00e3o, boa conduta social, robustez e sanidade f\u00edsica e mental plenas, estando apto, f\u00edsica, mental e moralmente, n\u00e3o apresentando defici\u00eancia que o incapacite para o exerc\u00edcio das fun\u00e7\u00f5es da gradua\u00e7\u00e3o;<\/li>\n\n\n\n<li>Estar quite com as obriga\u00e7\u00f5es militares, para os candidatos do sexo masculino;<\/li>\n\n\n\n<li>Estar quite com as obriga\u00e7\u00f5es eleitorais, para os candidatos de ambos os sexos;<\/li>\n\n\n\n<li>Encontrar-se em pleno gozo de seus direitos pol\u00edticos e civis;<\/li>\n\n\n\n<li>Se ex-integrante das For\u00e7as Armadas ou de For\u00e7a Auxiliar, n\u00e3o ter sido demitido \u201cex off\u00edcio\u201d por ter sido declarado indigno para o oficialato ou com ele incompat\u00edvel, exclu\u00eddo ou licenciado a bem da disciplina de quaisquer institui\u00e7\u00f5es militares estaduais ou das For\u00e7as Armadas;<\/li>\n\n\n\n<li>N\u00e3o haver sido demitido de cargo p\u00fablico, destitu\u00eddo de cargo em comiss\u00e3o ou do exerc\u00edcio da fun\u00e7\u00e3o p\u00fablica, em qualquer \u00f3rg\u00e3o da administra\u00e7\u00e3o direta ou indireta federal, estadual ou municipal, em raz\u00e3o de conduta desabonadora;<\/li>\n\n\n\n<li>N\u00e3o possuir antecedentes criminais;<\/li>\n\n\n\n<li>N\u00e3o haver praticado atos qualificados em Lei n\u00bas ou Regulamentos como incompat\u00edveis com a honorabilidade e o pundonor policial militar;<\/li>\n\n\n\n<li>Ter conclu\u00eddo a forma\u00e7\u00e3o em n\u00edvel m\u00e9dio em Institui\u00e7\u00e3o de Ensino reconhecida pelo MEC, apresentando o Diploma ou certid\u00e3o de conclus\u00e3o acompanhada do hist\u00f3rico escolar, expedidos por institui\u00e7\u00e3o cujo curso seja devidamente reconhecido pelo MEC;<\/li>\n\n\n\n<li>Possuir Carteira Nacional de Habilita\u00e7\u00e3o (CNH), exceto somente Categoria \u201cA\u201d.<\/li>\n<\/ul>\n\n\n\n<h3 class=\"wp-block-heading\">Qual \u00e9 o limite de idade no concurso PMERJ?<\/h3>\n\n\n\n<p>O limite de idade para participa\u00e7\u00e3o nos concursos da Pol\u00edcia Militar do Rio de Janeiro (PMERJ) permanece em discuss\u00e3o, e o governador Cl\u00e1udio Castro j\u00e1 se posicionou a favor de manter a <strong>idade m\u00e1xima de 32 anos<\/strong>, argumentando que a carreira requer preparo f\u00edsico adequado e uma trajet\u00f3ria profissional longa dentro da corpora\u00e7\u00e3o.<\/p>\n\n\n\n<blockquote class=\"wp-block-quote is-layout-flow wp-block-quote-is-layout-flow\">\n<p><em>\u201cTem que ter limite de idade. A pessoa entra no servi\u00e7o p\u00fablico e vai ficar 20, 30 anos com a gente. Ent\u00e3o temos que pensar nessa pessoa em longo tempo. A gente tem que olhar o que \u00e9 melhor para a institui\u00e7\u00e3o. Na Pol\u00edcia Militar, n\u00e3o d\u00e1 para voc\u00ea colocar para ser soldado e ficar dez horas em p\u00e9. Eu hoje n\u00e3o conseguiria com 46 anos. Voc\u00ea tem que ter um garoto de 20 e poucos anos. \u00c9 assim a l\u00f3gica de carreira\u201d, <\/em>destacou durante entrevista.<\/p>\n<\/blockquote>\n\n\n\n<p>Em fevereiro, por\u00e9m, o \u00d3rg\u00e3o Especial do Tribunal de Justi\u00e7a do Rio de Janeiro (TJ RJ) concedeu medida cautelar que suspendeu os efeitos da Lei n\u00ba 9.546\/2022, a qual estabelecia o limite de 32 anos para ingresso tanto na PMERJ quanto no Corpo de Bombeiros Militar do Rio (CBMERJ). <\/p>\n\n\n\n<p>A decis\u00e3o passou a valer apenas para concursos abertos ap\u00f3s sua publica\u00e7\u00e3o.Um exemplo recente \u00e9 o edital do concurso CBMERJ, divulgado em junho com 144 vagas para Soldado, que j\u00e1 n\u00e3o trouxe qualquer restri\u00e7\u00e3o et\u00e1ria.<\/p>\n\n\n\n<p>Vale ressaltar que a determina\u00e7\u00e3o do TJ RJ \u00e9 cautelar e permanece em vigor at\u00e9 o julgamento definitivo da a\u00e7\u00e3o. Enquanto isso, PMERJ e CBMERJ devem seguir a decis\u00e3o judicial na abertura de novos concursos, embora mudan\u00e7as ainda possam ocorrer conforme o desfecho do processo.<\/p>\n\n\n\n<h2 class=\"wp-block-heading\">Concurso PMERJ: Atribui\u00e7\u00f5es do cargo<\/h2>\n\n\n\n<p>As atribui\u00e7\u00f5es do cargo de Soldado da PMERJ est\u00e3o diretamente relacionadas \u00e0s <strong>atividades de policiamento ostensivo e \u00e0 preserva\u00e7\u00e3o da ordem p\u00fablica<\/strong> no estado do Rio de Janeiro. Confira, a seguir, as principais fun\u00e7\u00f5es desempenhadas pelos profissionais:<\/p>\n\n\n\n<ul class=\"wp-block-list\">\n<li>Realizar servi\u00e7o de policiamento ostensivo, incluindo montado, motorizado, embarcado e a p\u00e9;<\/li>\n\n\n\n<li>Executar opera\u00e7\u00f5es policiais in loco, em todos os tipos de terreno, incluindo terra, ar e \u00e1gua com a utiliza\u00e7\u00e3o de equipamentos militares, incluindo \u00e1reas de risco e de dif\u00edcil acesso;<\/li>\n\n\n\n<li>Executar o policiamento ostensivo, reservado e velado;<\/li>\n\n\n\n<li>Exercer fun\u00e7\u00f5es nos diversos setores das Unidades Operacionais e Administrativas da SEPM cujas atividades se referem \u00e0 execu\u00e7\u00e3o de a\u00e7\u00f5es e Opera\u00e7\u00f5es, sob supervis\u00e3o de Oficial PM;<\/li>\n\n\n\n<li>Pautar suas a\u00e7\u00f5es em preceitos \u00e9ticos, t\u00e9cnicos e legais;<\/li>\n\n\n\n<li>Auxiliar o Oficial PM nos assuntos relacionados \u00e0 sua \u00e1rea espec\u00edfica;<\/li>\n\n\n\n<li>Auxiliar na organiza\u00e7\u00e3o dos recursos materiais e log\u00edsticos;<\/li>\n\n\n\n<li>Desenvolver processos e procedimentos administrativos;<\/li>\n\n\n\n<li>Atentar para o cumprimento de legisla\u00e7\u00f5es, normas, regimentos internos e externos \u00e0 Corpora\u00e7\u00e3o, incluindo as legisla\u00e7\u00f5es aplicadas \u00e0s pol\u00edcias militares;<\/li>\n\n\n\n<li>Executar as legisla\u00e7\u00f5es, normas, regimentos internos e externos aplicados \u00e0 gradua\u00e7\u00e3o de Soldado Policial Militar; e<\/li>\n\n\n\n<li>Executar as demais atribui\u00e7\u00f5es dos regimentos internos e protocolos da Organiza\u00e7\u00e3o Policial Militar da SEPM, em subordina\u00e7\u00e3o ao Comando da Unidade.<\/li>\n<\/ul>\n\n\n\n<h2 class=\"wp-block-heading\">Concurso PMERJ em andamento<\/h2>\n\n\n\n<p>Atualmente, a PMERJ segue em processo de forma\u00e7\u00e3o dos aprovados do \u00faltimo concurso, convocando grupos de 500 candidatos por etapa para ingresso no Centro de Forma\u00e7\u00e3o. A primeira turma, composta por 529 aprovados, iniciou o curso em mar\u00e7o deste ano. <\/p>\n\n\n\n<p>Outros <strong>1.500 candidatos <\/strong>devem ingressar ao longo de 2025, distribu\u00eddos em turmas previstas para maio, agosto e outubro. Com esse cronograma, aproximadamente 4 mil novos policiais militares ser\u00e3o incorporados \u00e0 corpora\u00e7\u00e3o at\u00e9 o fim de 2025.<\/p>\n\n\n\n<h2 class=\"wp-block-heading\">Como foi o \u00faltimo concurso PMERJ?<\/h2>\n\n\n\n<p>O concurso <a href=\"https:\/\/sepm.rj.gov.br\/\" target=\"_blank\" rel=\"noreferrer noopener\">PMERJ <\/a>mais recente ocorreu em <strong>2023<\/strong> e foi marcado por mudan\u00e7as relevantes ao longo de sua execu\u00e7\u00e3o. A sele\u00e7\u00e3o, inicialmente prevista para <strong>2 mil vagas<\/strong>, teve sua oferta ampliada para <strong>4 mil oportunidades<\/strong> para o cargo de Soldado.<\/p>\n\n\n\n<p> A organiza\u00e7\u00e3o come\u00e7ou sob responsabilidade do Ibade, por\u00e9m den\u00fancias de irregularidades na aplica\u00e7\u00e3o das provas levaram ao <strong>cancelamento do certame<\/strong>. O processo foi retomado posteriormente com uma nova banca organizadora, a Funda\u00e7\u00e3o Get\u00falio Vargas (FGV), que assumiu a condu\u00e7\u00e3o das etapas seguintes.<\/p>\n\n\n\n<h3 class=\"wp-block-heading\">Etapas de sele\u00e7\u00e3o<\/h3>\n\n\n\n<p>O \u00faltimo concurso PMERJ foi estruturado pelas seguintes etapas:<\/p>\n\n\n\n<ul class=\"wp-block-list\">\n<li>Prova escrita objetiva, de car\u00e1ter eliminat\u00f3rio e classificat\u00f3rio;<\/li>\n\n\n\n<li>Prova escrita discursiva (reda\u00e7\u00e3o), de car\u00e1ter eliminat\u00f3rio e classificat\u00f3rio;<\/li>\n\n\n\n<li>Preenchimento do FIC e verifica\u00e7\u00e3o dos requisitos para inscri\u00e7\u00e3o no Concurso P\u00fablico, de car\u00e1ter eliminat\u00f3rio;<\/li>\n\n\n\n<li>Exame antropom\u00e9trico, de car\u00e1ter eliminat\u00f3rio;<\/li>\n\n\n\n<li>Teste de aptid\u00e3o f\u00edsica, de car\u00e1ter eliminat\u00f3rio;<\/li>\n\n\n\n<li>Exame psicol\u00f3gico, de car\u00e1ter eliminat\u00f3rio;<\/li>\n\n\n\n<li>Exame de sa\u00fade, de car\u00e1ter eliminat\u00f3rio;<\/li>\n\n\n\n<li>Exame social e toxicol\u00f3gico, de car\u00e1ter eliminat\u00f3rio;<\/li>\n\n\n\n<li>Avalia\u00e7\u00e3o documental, de car\u00e1ter eliminat\u00f3rio.<\/li>\n<\/ul>\n\n\n\n<h4 class=\"wp-block-heading\">Prova objetiva<\/h4>\n\n\n\n<p>A prova objetiva contou com <strong>50 quest\u00f5es<\/strong> de m\u00faltipla escolha, cada uma com cinco alternativas, distribu\u00eddas da seguinte forma:<\/p>\n\n\n\n<ul class=\"wp-block-list\">\n<li>L\u00edngua Portuguesa (10)<\/li>\n\n\n\n<li>Matem\u00e1tica B\u00e1sica (10)<\/li>\n\n\n\n<li>No\u00e7\u00f5es de Direitos Humanos (10)<\/li>\n\n\n\n<li>No\u00e7\u00f5es de Direito Administrativo e Legisla\u00e7\u00e3o Aplicada \u00e0 PMERJ (10)<\/li>\n\n\n\n<li>No\u00e7\u00f5es de Direito Penal e Processual Penal (10)<\/li>\n<\/ul>\n\n\n\n<p>Para ser aprovado na prova objetiva do concurso PMERJ, o candidato precisou alcan\u00e7ar, no m\u00ednimo, 60% da pontua\u00e7\u00e3o total e n\u00e3o obter nota zero em nenhuma das disciplinas.<\/p>\n\n\n\n<h5 class=\"wp-block-heading\">Somos a melhor Op\u00e7\u00e3o<\/h5>\n\n\n\n<p>Quer conquistar uma vaga no concurso PM RJ? Somos a melhore Op\u00e7\u00e3o! N\u00f3s preparamos diversos materiais realmente focados conforme o edital que te ajudar\u00e3o a conquistar o cargo dos sonhos. N\u00e3o perca mais tempo e comece a se preparar ainda hoje!<\/p>\n\n\n\n<ul class=\"wp-block-list\">\n<li><strong>Confira:&nbsp;<\/strong><a href=\"https:\/\/www.apostilasopcao.com.br\/concurso\/pmerj-policia-militar-do-rio-de-janeiro\">Apostilas PM RJ<\/a><strong>!<\/strong><\/li>\n<\/ul>\n\n\n\n<h4 class=\"wp-block-heading\">Prova discursiva<\/h4>\n\n\n\n<p>A avalia\u00e7\u00e3o discursiva teve como objetivo verificar a capacidade do candidato de elaborar um texto coerente com o tema e o g\u00eanero solicitados, demonstrando dom\u00ednio da norma culta da l\u00edngua portuguesa e adequado uso de coes\u00e3o e coer\u00eancia. <\/p>\n\n\n\n<p>Os participantes tiveram de produzir uma reda\u00e7\u00e3o dissertativa entre 25 e 30 linhas, sendo eliminados aqueles que n\u00e3o atenderam ao tema ou \u00e0 estrutura exigida. A prova foi avaliada em 100 pontos, e foram considerados aprovados os candidatos que obtiveram <strong>nota igual ou superior a 50 pontos<\/strong>.<\/p>\n\n\n\n<h4 class=\"wp-block-heading\">Teste de Aptid\u00e3o F\u00edsica (TAF)<\/h4>\n\n\n\n<p>O Teste de Aptid\u00e3o F\u00edsica avaliou os n\u00edveis m\u00ednimos de condicionamento necess\u00e1rios ao exerc\u00edcio das atividades do cargo. Para ser considerado apto, o candidato precisava atingir o desempenho m\u00ednimo estabelecido em cada exerc\u00edcio. Confira, abaixo, quais foram os testes aplicados:<\/p>\n\n\n\n<p><strong>Feminino<\/strong><\/p>\n\n\n\n<ul class=\"wp-block-list\">\n<li>Flex\u00e3o abdominal: 26 repeti\u00e7\u00f5es em at\u00e9 60 segundos; e<\/li>\n\n\n\n<li>Isometria na barra fixa com os cotovelos flexionados: perman\u00eancia m\u00ednima em suspens\u00e3o de 08 segundos; e<\/li>\n\n\n\n<li>Corrida de 2.400m: em at\u00e9 14min.<\/li>\n<\/ul>\n\n\n\n<p><strong>Masculino<\/strong><\/p>\n\n\n\n<ul class=\"wp-block-list\">\n<li>Flex\u00e3o abdominal: 36 repeti\u00e7\u00f5es em at\u00e9 60 segundos; e<\/li>\n\n\n\n<li>Flex\u00e3o com barra fixa: 03 repeti\u00e7\u00f5es; e<\/li>\n\n\n\n<li>Corrida de 2.400m: em at\u00e9 12min.<\/li>\n<\/ul>\n\n\n\n<p>Ap\u00f3s a realiza\u00e7\u00e3o dos exerc\u00edcios, os candidatos foram considerados \u201captos\u201d ou \u201cinaptos\u201d para a investidura na carreira<\/p>\n\n\n\n<h4 class=\"wp-block-heading\">Exame psicol\u00f3gico<\/h4>\n\n\n\n<p>Esta etapa do concurso PMERJ avaliou a capacidade dos candidatos quanto ao racioc\u00ednio, \u00e0s habilidades espec\u00edficas e \u00e0s caracter\u00edsticas de personalidade necess\u00e1rias ao desempenho das fun\u00e7\u00f5es policiais, considerando aspectos como multiplicidade de tarefas, situa\u00e7\u00f5es de risco e intera\u00e7\u00e3o social. <\/p>\n\n\n\n<p>O objetivo foi identificar candidatos com perfil compat\u00edvel com as exig\u00eancias do cargo e eliminar do concurso PMERJ, aqueles cujas caracter\u00edsticas psicol\u00f3gicas fossem consideradas inadequadas. Confira, a seguir, os atributos analisados para aprova\u00e7\u00e3o do candidato:<\/p>\n\n\n\n<ul class=\"wp-block-list\">\n<li>Capacidade de concentra\u00e7\u00e3o e aten\u00e7\u00e3o;<\/li>\n\n\n\n<li>Tipos de racioc\u00ednio;<\/li>\n\n\n\n<li>Caracter\u00edsticas de personalidade como:\n<ul class=\"wp-block-list\">\n<li>Controle emocional;<\/li>\n\n\n\n<li>Relacionamento interpessoal<\/li>\n\n\n\n<li>Comprometimento;<\/li>\n\n\n\n<li>Energia;<\/li>\n\n\n\n<li>Organiza\u00e7\u00e3o;<\/li>\n\n\n\n<li>Adaptabilidade<\/li>\n\n\n\n<li>Resili\u00eancia;<\/li>\n\n\n\n<li>Disposi\u00e7\u00e3o para realiza\u00e7\u00e3o;<\/li>\n\n\n\n<li>Conformidade social;<\/li>\n\n\n\n<li>Controle da exibi\u00e7\u00e3o;<\/li>\n\n\n\n<li>Comunica\u00e7\u00e3o;<\/li>\n\n\n\n<li>Empatia;<\/li>\n\n\n\n<li>Lideran\u00e7a;<\/li>\n\n\n\n<li>entre outras.<\/li>\n<\/ul>\n<\/li>\n<\/ul>\n\n\n\n<h4 class=\"wp-block-heading\">Exame de Sa\u00fade<\/h4>\n\n\n\n<p>Esta etapa do concurso PMERJ verificou se o candidato possu\u00eda boa sa\u00fade f\u00edsica para desempenhar as atribui\u00e7\u00f5es t\u00edpicas da fun\u00e7\u00e3o.<\/p>\n\n\n\n<p>Confira os exames que foram cobrados:<\/p>\n\n\n\n<ul class=\"wp-block-list\">\n<li>Complementares;<\/li>\n\n\n\n<li>Hemograma Completo, Grupo sangu\u00edneo e Fator Rh, Glicemia de jejum, Ur\u00e9ia, Creatinina e \u00c1cido \u00darico, entre outros;<\/li>\n\n\n\n<li>Cart\u00e3o de Vacina\u00e7\u00e3o;<\/li>\n\n\n\n<li>Exame m\u00e9dico cl\u00ednico;<\/li>\n\n\n\n<li>Exame m\u00e9dico cir\u00fargico;<\/li>\n\n\n\n<li>Exame m\u00e9dico ortop\u00e9dico;<\/li>\n\n\n\n<li>Exame Otorrinolaringol\u00f3gico;<\/li>\n\n\n\n<li>Exame Oftalmol\u00f3gico;<\/li>\n\n\n\n<li>Exame Odontol\u00f3gico; e<\/li>\n\n\n\n<li>Exame Ginecol\u00f3gico.<\/li>\n<\/ul>\n\n\n\n<p>Ap\u00f3s a realiza\u00e7\u00e3o dos exames, os candidatos foram considerados&nbsp;<strong>\u201captos\u201d ou \u201cinaptos\u201d<\/strong>&nbsp;para a carreira do concurso PMERJ.<\/p>\n\n\n\n<h4 class=\"wp-block-heading\">Exame Social e Toxicol\u00f3gico<\/h4>\n\n\n\n<p>Esta etapa do concurso PMERJ visou acusar o uso de subst\u00e2ncias entorpecentes il\u00edcitas causadoras de depend\u00eancia qu\u00edmica ou ps\u00edquica de qualquer natureza, sendo que os resultados tiveram que ser apresentados para um per\u00edodo m\u00ednimo de 90 dias.<\/p>\n\n\n\n<p>Foi considerado&nbsp;<strong>\u201cinapto\u201d,&nbsp;<\/strong>&nbsp;o candidato do concurso PMERJ que apresentasse resultado do exame toxicol\u00f3gico positivo ou com resultado de material insuficiente para a an\u00e1lise.<\/p>\n\n\n\n<h4 class=\"wp-block-heading\">Avalia\u00e7\u00e3o Documental<\/h4>\n\n\n\n<p>Esta \u00faltima etapa do concurso PMERJ avaliou os documentos necess\u00e1rios para o ingresso, sendo eles:<\/p>\n\n\n\n<ul class=\"wp-block-list\">\n<li>Identidade civil (original e c\u00f3pia);<\/li>\n\n\n\n<li>CPF (original e c\u00f3pia);<\/li>\n\n\n\n<li>Certid\u00e3o de Nascimento ou Casamento (original e c\u00f3pia);<\/li>\n\n\n\n<li>T\u00edtulo Eleitoral;<\/li>\n\n\n\n<li>Certid\u00e3o de Quita\u00e7\u00e3o Eleitoral;<\/li>\n\n\n\n<li>Certificado de Reservista ou CDI (original) \u2013 Sexo masculino;<\/li>\n\n\n\n<li>01 foto modelo 3X4 (atual, de frente e descoberto);<\/li>\n\n\n\n<li>Original do Diploma de conclus\u00e3o em forma\u00e7\u00e3o em n\u00edvel m\u00e9dio ou Certid\u00e3o de conclus\u00e3o acompanhada do hist\u00f3rico escolar, expedidos por institui\u00e7\u00e3o cujo curso seja devidamente reconhecido pelo MEC;<\/li>\n\n\n\n<li>O titular de cargo, emprego ou fun\u00e7\u00e3o p\u00fablica, civil ou militar, da Uni\u00e3o, Estado, Distrito Federal ou Munic\u00edpio dever\u00e1 apresentar c\u00f3pia da publica\u00e7\u00e3o em Di\u00e1rio Oficial respectivo ou documento, certid\u00e3o ou publica\u00e7\u00e3o que comprove sua efetiva desvincula\u00e7\u00e3o\/exonera\u00e7\u00e3o de cargo p\u00fablico ocorrida em data anterior \u00e0 Etapa de Valida\u00e7\u00e3o Documental; e<\/li>\n\n\n\n<li>Original da Carteira Nacional de Habilita\u00e7\u00e3o (CNH), exceto somente Categoria \u201cA\u201d.<\/li>\n<\/ul>\n\n\n\n<p>Ap\u00f3s a analise dos documentos, os candidatos foram considerados&nbsp;<strong>\u201captos\u201d ou \u201cinaptos\u201d<\/strong>&nbsp;para serem nomeados no concurso PMERJ.<\/p>\n\n\n\n<p><strong>Quer ficar por dentro de tudo sobre o universo de concursos?&nbsp;<a href=\"https:\/\/www.apostilasopcao.com.br\/blog\/noticias\/\">Confira as nossas not\u00edcias!<\/a><\/strong><\/p>\n\n\n\n<p><\/p>\n","protected":false},"excerpt":{"rendered":"<p>O concurso PMERJ tem edital previsto para 2026, com oferta de 2.000 vagas para Soldado, sal\u00e1rio inicial de R$ 5,2 mil, aux\u00edlio-alimenta\u00e7\u00e3o reajustado e preparativos j\u00e1 avan\u00e7ados. Confira!<\/p>\n","protected":false},"author":12,"featured_media":7183,"comment_status":"closed","ping_status":"closed","sticky":false,"template":"","format":"standard","meta":{"_acf_changed":false,"breadcrumbs_single_post":"","page_title_panel":"","breadcrumbs_single_page":"","single_page_alignment":"","single_page_margin":"","page_structure_type":"","content_style_source":"","content_style":"","blog_post_streched_ed":"","blog_page_streched_ed":"","has_transparent_header":"","disable_transparent_header":"","vertical_spacing_source":"","content_area_spacing":"","single_post_content_background":"","single_page_content_background":"","single_post_boxed_content_spacing":"","single_page_boxed_content_spacing":"","single_post_content_boxed_radius":"","single_page_content_boxed_radius":"","disable_featured_image":"","disable_post_tags":"","disable_author_box":"","disable_posts_navigation":"","disable_comments":"","disable_related_posts":"","disable_header":"","disable_footer":"","footnotes":""},"categories":[4,24],"tags":[577],"class_list":["post-7177","post","type-post","status-publish","format-standard","has-post-thumbnail","hentry","category-noticias","category-rj","tag-concurso-pmerj","rishi-post"],"acf":{"data_prova":null,"status":"previsto"},"_links":{"self":[{"href":"https:\/\/www.apostilasopcao.com.br\/blog\/wp-json\/wp\/v2\/posts\/7177","targetHints":{"allow":["GET"]}}],"collection":[{"href":"https:\/\/www.apostilasopcao.com.br\/blog\/wp-json\/wp\/v2\/posts"}],"about":[{"href":"https:\/\/www.apostilasopcao.com.br\/blog\/wp-json\/wp\/v2\/types\/post"}],"author":[{"embeddable":true,"href":"https:\/\/www.apostilasopcao.com.br\/blog\/wp-json\/wp\/v2\/users\/12"}],"replies":[{"embeddable":true,"href":"https:\/\/www.apostilasopcao.com.br\/blog\/wp-json\/wp\/v2\/comments?post=7177"}],"version-history":[{"count":16,"href":"https:\/\/www.apostilasopcao.com.br\/blog\/wp-json\/wp\/v2\/posts\/7177\/revisions"}],"predecessor-version":[{"id":7210,"href":"https:\/\/www.apostilasopcao.com.br\/blog\/wp-json\/wp\/v2\/posts\/7177\/revisions\/7210"}],"wp:featuredmedia":[{"embeddable":true,"href":"https:\/\/www.apostilasopcao.com.br\/blog\/wp-json\/wp\/v2\/media\/7183"}],"wp:attachment":[{"href":"https:\/\/www.apostilasopcao.com.br\/blog\/wp-json\/wp\/v2\/media?parent=7177"}],"wp:term":[{"taxonomy":"category","embeddable":true,"href":"https:\/\/www.apostilasopcao.com.br\/blog\/wp-json\/wp\/v2\/categories?post=7177"},{"taxonomy":"post_tag","embeddable":true,"href":"https:\/\/www.apostilasopcao.com.br\/blog\/wp-json\/wp\/v2\/tags?post=7177"}],"curies":[{"name":"wp","href":"https:\/\/api.w.org\/{rel}","templated":true}]}}