{"id":722,"date":"2025-04-24T12:42:56","date_gmt":"2025-04-24T15:42:56","guid":{"rendered":"https:\/\/www.apostilasopcao.com.br\/blog\/?p=722"},"modified":"2025-04-24T12:50:46","modified_gmt":"2025-04-24T15:50:46","slug":"cref-16","status":"publish","type":"post","link":"https:\/\/www.apostilasopcao.com.br\/blog\/cref-16\/","title":{"rendered":"Concurso CREF 16: Edital publicado! Vagas em Natal e Mossor\u00f3!"},"content":{"rendered":"<p>Est\u00e1 em busca de uma oportunidade no servi\u00e7o p\u00fablico? Ent\u00e3o, n\u00e3o perca essa chance! O concurso CREF 16 <a href=\"https:\/\/www.apostilasopcao.com.br\/concurso\/cref-rn-conselho-regional-de-educacao-fisica-da-16-regiao\">(Conselho Regional de Educa\u00e7\u00e3o F\u00edsica da 16\u00aa Regi\u00e3o)<\/a> publicou seu edital com vagas para os cargos de <strong>Auxiliar Administrativo<\/strong> e <strong>Agente de Fiscaliza\u00e7\u00e3o<\/strong>. S\u00e3o oferecidas <strong>4 vagas<\/strong> imediatas para cargos de n\u00edveis m\u00e9dio e superior, al\u00e9m de forma\u00e7\u00e3o de cadastro de reserva. Confira todos os detalhes e como se inscrever!<\/p>\n<h2 class=\"wp-block-heading\">Resumo do edital<\/h2>\n<ul class=\"wp-block-list\">\n<li><strong>Vagas:<\/strong> 4 + CR<\/li>\n<li><strong>Inscri\u00e7\u00f5es:<\/strong> 28\/04\/2025 a 21\/05\/2025<\/li>\n<li><strong>Prova: 22<\/strong>\/06\/2025<\/li>\n<li><strong>Banca:\u00a0<\/strong>Comperve<\/li>\n<li><a href=\"https:\/\/www.apostilasopcao.com.br\/blog\/wp-content\/uploads\/2025\/04\/edital-cref-16.pdf\">Baixe o edital<\/a><\/li>\n<\/ul>\n<h2>Inscri\u00e7\u00f5es para o concurso CREF 16<\/h2>\n<p>As inscri\u00e7\u00f5es para o concurso CREF 16 estar\u00e3o abertas a partir das 8h do dia <strong>28 de abril<\/strong> at\u00e9 \u00e0s 23h59min do dia <strong>21 de maio de 2025<\/strong>. Os interessados em participar dever\u00e3o acessar o site da organizadora <a href=\"https:\/\/comperve.ufrn.br\/conteudo\/concursos.php\" target=\"_blank\" rel=\"noopener\">Comperve<\/a> para efetuar a inscri\u00e7\u00e3o.<\/p>\n<ul>\n<li><a href=\"https:\/\/www.apostilasopcao.com.br\/apostila\/cref-rn-auxiliar-administrativo\">Auxiliar Administrativo<\/a> (n\u00edvel m\u00e9dio): <strong>R$120,00<\/strong><\/li>\n<li><a href=\"https:\/\/www.apostilasopcao.com.br\/apostila\/cref-16-agente-fiscalizacao\">Agente de Fiscaliza\u00e7\u00e3o<\/a> (n\u00edvel superior): <strong>R$150,00<\/strong><\/li>\n<\/ul>\n<p>O prazo para o pagamento da taxa de inscri\u00e7\u00e3o ser\u00e1 at\u00e9 o dia <strong>22 de maio<\/strong>. Os candidatos que est\u00e3o inscritos no Cad\u00danico ou que s\u00e3o doadores de medula \u00f3ssea poder\u00e3o solicitar a isen\u00e7\u00e3o da taxa at\u00e9 o dia <strong>7 de maio de 2025<\/strong>.<\/p>\n<h2>Cargos e vagas do concurso CREF 16<\/h2>\n<p>O concurso CREF 16 oferece 4 vagas imediatas e forma\u00e7\u00e3o de cadastro de reserva. Confira a distribui\u00e7\u00e3o das oportunidades e suas remunera\u00e7\u00f5es:<\/p>\n<p><strong>Auxiliar Administrativo (N\u00edvel M\u00e9dio)<\/strong><\/p>\n<ul>\n<li><strong>Vagas:<\/strong> 4 + Cadastro Reserva (Natal e Mossor\u00f3)<\/li>\n<li><strong>Sal\u00e1rio:<\/strong> R$ 1.800,00<\/li>\n<li><strong>Benef\u00edcios:<\/strong> Aux\u00edlio-alimenta\u00e7\u00e3o (R$ 59,09\/dia) e aux\u00edlio-transporte<\/li>\n<li><strong>Jornada:<\/strong> 40h semanais<\/li>\n<\/ul>\n<p><strong>Agente de Fiscaliza\u00e7\u00e3o (N\u00edvel Superior)<\/strong><\/p>\n<ul>\n<li><strong>Vagas:<\/strong> Cadastro Reserva (Natal e Mossor\u00f3)<\/li>\n<li><strong>Sal\u00e1rio:<\/strong> R$ 3.058,78<\/li>\n<li><strong>Benef\u00edcios:<\/strong> Aux\u00edlio-alimenta\u00e7\u00e3o (R$ 59,09\/dia) e aux\u00edlio-transporte<\/li>\n<li><strong>Requisitos:<\/strong> Curso superior em Educa\u00e7\u00e3o F\u00edsica, registro no Conselho e CNH categoria \u201cB\u201d<\/li>\n<\/ul>\n<p>Confira abaixo a distribui\u00e7\u00e3o de vagas e lota\u00e7\u00e3o dos aprovados no concurso CREF RN:<\/p>\n<p><img loading=\"lazy\" decoding=\"async\" class=\"wp-image-724 size-full aligncenter\" src=\"https:\/\/www.apostilasopcao.com.br\/blog\/wp-content\/uploads\/2025\/04\/vagas-cref-16.webp\" alt=\"Lota\u00e7\u00e3o dos aprovados no concurso CREF 16.\" width=\"677\" height=\"175\" srcset=\"https:\/\/www.apostilasopcao.com.br\/blog\/wp-content\/uploads\/2025\/04\/vagas-cref-16.webp 677w, https:\/\/www.apostilasopcao.com.br\/blog\/wp-content\/uploads\/2025\/04\/vagas-cref-16-300x78.webp 300w\" sizes=\"auto, (max-width: 677px) 100vw, 677px\" \/><\/p>\n<h2 class=\"\" data-start=\"150\" data-end=\"195\">Atribui\u00e7\u00f5es dos cargos no concurso CREF 16<\/h2>\n<p class=\"\" data-start=\"197\" data-end=\"377\">O concurso CREF 16\u00ba regi\u00e3o oferece oportunidades para diferentes fun\u00e7\u00f5es, cada uma com responsabilidades espec\u00edficas. A seguir, est\u00e3o as principais atribui\u00e7\u00f5es para os cargos ofertados:<\/p>\n<h3 class=\"\" data-start=\"379\" data-end=\"406\">Auxiliar Administrativo<\/h3>\n<p class=\"\" data-start=\"408\" data-end=\"980\">Entre as responsabilidades do auxiliar administrativo est\u00e3o o atendimento ao p\u00fablico de forma cordial e eficiente, seja presencialmente, por telefone ou por meios digitais. O profissional dever\u00e1 realizar triagens, encaminhar pessoas ao setor adequado e garantir que correspond\u00eancias e documentos sejam entregues aos destinat\u00e1rios corretos. Tamb\u00e9m ser\u00e1 respons\u00e1vel pelo registro e controle de protocolos no sistema interno, recebimento e organiza\u00e7\u00e3o de malotes, al\u00e9m de atividades relacionadas \u00e0 entrega de documentos como c\u00e9dulas de identidade profissional e certificados.<\/p>\n<p class=\"\" data-start=\"982\" data-end=\"1268\">O cargo exige aten\u00e7\u00e3o aos processos internos do conselho, desde o atendimento inicial at\u00e9 a organiza\u00e7\u00e3o de documentos, digitaliza\u00e7\u00e3o, c\u00f3pias e arquivamento. Tamb\u00e9m faz parte das fun\u00e7\u00f5es atender chamadas telef\u00f4nicas, filtrar demandas e dar os devidos encaminhamentos conforme necess\u00e1rio.<\/p>\n<h3 class=\"\" data-start=\"1270\" data-end=\"1296\">Agente de Fiscaliza\u00e7\u00e3o<\/h3>\n<p class=\"\" data-start=\"1298\" data-end=\"1771\">O agente de fiscaliza\u00e7\u00e3o ter\u00e1 a miss\u00e3o de orientar e fiscalizar o exerc\u00edcio da profiss\u00e3o de educa\u00e7\u00e3o f\u00edsica em todo o estado do Rio Grande do Norte. Isso inclui verificar as atividades de profissionais e institui\u00e7\u00f5es, em locais p\u00fablicos e privados, bem como no ambiente digital. O profissional ser\u00e1 respons\u00e1vel por elaborar e executar planos de a\u00e7\u00e3o, atender den\u00fancias, acompanhar investiga\u00e7\u00f5es, autuar e notificar irregularidades, al\u00e9m de apresentar respostas \u00e0 ouvidoria.<\/p>\n<p class=\"\" data-start=\"1773\" data-end=\"2088\">O cargo tamb\u00e9m exige organiza\u00e7\u00e3o e alimenta\u00e7\u00e3o constante dos sistemas de fiscaliza\u00e7\u00e3o, elabora\u00e7\u00e3o de relat\u00f3rios com dados estat\u00edsticos, participa\u00e7\u00e3o nos processos administrativos relacionados ao setor e suporte t\u00e9cnico \u00e0 diretoria da \u00e1rea. O uso de ferramentas digitais e tecnol\u00f3gicas \u00e9 parte fundamental da rotina.<\/p>\n<h2 class=\"\" data-start=\"2095\" data-end=\"2146\">Requisitos para participa\u00e7\u00e3o<\/h2>\n<p class=\"\" data-start=\"2148\" data-end=\"2239\">Para assumir uma das vagas oferecidas no concurso CREF RN, os candidatos devem atender aos seguintes crit\u00e9rios:<\/p>\n<ul data-start=\"2241\" data-end=\"2974\">\n<li class=\"\" data-start=\"2241\" data-end=\"2374\">\n<p class=\"\" data-start=\"2243\" data-end=\"2374\">Ter nacionalidade brasileira ou portuguesa, com reconhecimento de direitos pol\u00edticos nos termos previstos na Constitui\u00e7\u00e3o Federal<\/p>\n<\/li>\n<li class=\"\" data-start=\"2375\" data-end=\"2420\">\n<p class=\"\" data-start=\"2377\" data-end=\"2420\">Estar em dia com as obriga\u00e7\u00f5es eleitorais<\/p>\n<\/li>\n<li class=\"\" data-start=\"2421\" data-end=\"2481\">\n<p class=\"\" data-start=\"2423\" data-end=\"2481\">Estar em dia com o servi\u00e7o militar, se do sexo masculino<\/p>\n<\/li>\n<li class=\"\" data-start=\"2482\" data-end=\"2580\">\n<p class=\"\" data-start=\"2484\" data-end=\"2580\">Possuir a escolaridade exigida e, quando aplic\u00e1vel, registro no \u00f3rg\u00e3o de classe correspondente<\/p>\n<\/li>\n<li class=\"\" data-start=\"2581\" data-end=\"2634\">\n<p class=\"\" data-start=\"2583\" data-end=\"2634\">Ter pelo menos 18 anos completos na data da posse<\/p>\n<\/li>\n<li class=\"\" data-start=\"2635\" data-end=\"2728\">\n<p class=\"\" data-start=\"2637\" data-end=\"2728\">Apresentar aptid\u00e3o f\u00edsica e mental para o exerc\u00edcio do cargo, confirmada por laudo m\u00e9dico<\/p>\n<\/li>\n<li class=\"\" data-start=\"2729\" data-end=\"2974\">\n<p class=\"\" data-start=\"2731\" data-end=\"2974\">No caso de pessoas com defici\u00eancia, apresentar atestado que informe o tipo de defici\u00eancia com c\u00f3digo da CID e declare sua compatibilidade com as atribui\u00e7\u00f5es do cargo. A confirma\u00e7\u00e3o ser\u00e1 feita por per\u00edcia m\u00e9dica, conforme os crit\u00e9rios do edital<\/p>\n<\/li>\n<\/ul>\n<h2>Etapas de Sele\u00e7\u00e3o<\/h2>\n<p>Os candidatos ao<strong> concurso CREF 16<\/strong> passar\u00e3o por duas etapas de sele\u00e7\u00e3o: prova objetiva e prova de reda\u00e7\u00e3o. A Prova Objetiva, com car\u00e1ter eliminat\u00f3rio e classificat\u00f3rio, est\u00e1 prevista para o dia <strong>22 de junho de 2025,<\/strong> em hor\u00e1rios e locais que ainda ser\u00e3o divulgados.<\/p>\n<h3>Prova objetiva<\/h3>\n<p>A prova objetiva ser\u00e1 composta por quest\u00f5es de conhecimentos espec\u00edficos e gerais, sendo:<\/p>\n<p class=\"wp-block-heading\"><strong>Para Auxiliar Administrativo:<\/strong><\/p>\n<ul>\n<li>20 quest\u00f5es de Conhecimentos Gerais (L\u00edngua portuguesa, matem\u00e1tica e racioc\u00ednio l\u00f3gico, no\u00e7\u00f5es de \u00c9tica no Servi\u00e7o P\u00fablico, Regimento Interno do CREF16\/RN)<\/li>\n<li>40 quest\u00f5es de Conhecimentos Espec\u00edficos (No\u00e7\u00f5es de direito constitucional, no\u00e7\u00f5es de direito administrativo, no\u00e7\u00f5es de administra\u00e7\u00e3o, no\u00e7\u00f5es de arquivologia e legisla\u00e7\u00e3o espec\u00edfica)<\/li>\n<\/ul>\n<p class=\"wp-block-heading\"><strong>Para Agente de Fiscaliza\u00e7\u00e3o:<\/strong><\/p>\n<ul>\n<li>20 quest\u00f5es de Conhecimentos Gerais (L\u00edngua portuguesa, racioc\u00ednio l\u00f3gico, no\u00e7\u00f5es de \u00c9tica no Servi\u00e7o P\u00fablico, Regimento Interno do CREF16\/RN)<\/li>\n<li>40 quest\u00f5es de Conhecimentos Espec\u00edficos (No\u00e7\u00f5es de direito constitucional, no\u00e7\u00f5es de direito administrativo, no\u00e7\u00f5es de administra\u00e7\u00e3o e legisla\u00e7\u00e3o espec\u00edfica)<\/li>\n<\/ul>\n<p>Cada quest\u00e3o tem peso igual. Para ser habilitado, \u00e9 necess\u00e1rio acertar:<\/p>\n<ul>\n<li>No m\u00ednimo 60% do total da prova<\/li>\n<li>No m\u00ednimo 50% em cada bloco de disciplinas<\/li>\n<\/ul>\n<h3>Prova de Reda\u00e7\u00e3o<\/h3>\n<p class=\"\" data-start=\"158\" data-end=\"424\">A prova de reda\u00e7\u00e3o do concurso CREF 16 tem como objetivo avaliar a habilidade do candidato em elaborar um texto dissertativo-argumentativo, conforme os crit\u00e9rios estabelecidos pela banca. A pontua\u00e7\u00e3o m\u00e1xima ser\u00e1 de 10 pontos, divididos entre quatro aspectos:<\/p>\n<ul data-start=\"426\" data-end=\"958\">\n<li class=\"\" data-start=\"426\" data-end=\"539\">\n<p class=\"\" data-start=\"428\" data-end=\"539\"><strong data-start=\"428\" data-end=\"444\">Argumenta\u00e7\u00e3o<\/strong>: avalia o dom\u00ednio da estrutura argumentativa e o desenvolvimento das ideias (at\u00e9 4,0 pontos)<\/p>\n<\/li>\n<li class=\"\" data-start=\"540\" data-end=\"653\">\n<p class=\"\" data-start=\"542\" data-end=\"653\"><strong data-start=\"542\" data-end=\"552\">Coes\u00e3o<\/strong>: considera o uso adequado de conectores e elementos que garantem fluidez ao texto (at\u00e9 2,0 pontos)<\/p>\n<\/li>\n<li class=\"\" data-start=\"654\" data-end=\"763\">\n<p class=\"\" data-start=\"656\" data-end=\"763\"><strong data-start=\"656\" data-end=\"669\">Coer\u00eancia<\/strong>: observa a adequa\u00e7\u00e3o ao tema, ao g\u00eanero proposto e \u00e0 situa\u00e7\u00e3o comunicativa (at\u00e9 2,0 pontos)<\/p>\n<\/li>\n<li class=\"\" data-start=\"764\" data-end=\"958\">\n<p class=\"\" data-start=\"766\" data-end=\"958\"><strong data-start=\"766\" data-end=\"795\">Modalidade escrita padr\u00e3o<\/strong>: analisa o uso correto da norma culta da l\u00edngua portuguesa, incluindo aspectos ortogr\u00e1ficos, morfol\u00f3gicos, sint\u00e1ticos, sem\u00e2nticos e pragm\u00e1ticos (at\u00e9 2,0 pontos)<\/p>\n<\/li>\n<\/ul>\n<p class=\"\" data-start=\"960\" data-end=\"1110\">A corre\u00e7\u00e3o ser\u00e1 feita por, no m\u00ednimo, dois avaliadores. A nota final da reda\u00e7\u00e3o ser\u00e1 a m\u00e9dia das notas atribu\u00eddas por ambos, podendo variar de 0 a 10.<\/p>\n<p class=\"\" data-start=\"1112\" data-end=\"1194\">Ser\u00e1 atribu\u00edda nota <strong data-start=\"1132\" data-end=\"1140\">zero<\/strong> \u00e0 reda\u00e7\u00e3o que apresentar uma das seguintes situa\u00e7\u00f5es:<\/p>\n<ul data-start=\"1196\" data-end=\"1598\">\n<li class=\"\" data-start=\"1196\" data-end=\"1217\">\n<p class=\"\" data-start=\"1198\" data-end=\"1217\">Estiver em branco<\/p>\n<\/li>\n<li class=\"\" data-start=\"1218\" data-end=\"1275\">\n<p class=\"\" data-start=\"1220\" data-end=\"1275\">Estiver fora do espa\u00e7o reservado na Folha de Resposta<\/p>\n<\/li>\n<li class=\"\" data-start=\"1276\" data-end=\"1307\">\n<p class=\"\" data-start=\"1278\" data-end=\"1307\">Apresentar escrita ileg\u00edvel<\/p>\n<\/li>\n<li class=\"\" data-start=\"1308\" data-end=\"1383\">\n<p class=\"\" data-start=\"1310\" data-end=\"1383\">For redigida com material n\u00e3o permitido, conforme orienta\u00e7\u00f5es do edital<\/p>\n<\/li>\n<li class=\"\" data-start=\"1384\" data-end=\"1435\">\n<p class=\"\" data-start=\"1386\" data-end=\"1435\">Tiver n\u00famero de linhas abaixo do m\u00ednimo exigido<\/p>\n<\/li>\n<li class=\"\" data-start=\"1436\" data-end=\"1474\">\n<p class=\"\" data-start=\"1438\" data-end=\"1474\">Estiver escrita em forma de versos<\/p>\n<\/li>\n<li class=\"\" data-start=\"1475\" data-end=\"1515\">\n<p class=\"\" data-start=\"1477\" data-end=\"1515\">Fugir completamente ao tema proposto<\/p>\n<\/li>\n<li class=\"\" data-start=\"1516\" data-end=\"1598\">\n<p class=\"\" data-start=\"1518\" data-end=\"1598\">Contiver qualquer forma de identifica\u00e7\u00e3o do candidato fora do campo apropriado<\/p>\n<\/li>\n<\/ul>\n<h2>Dica Op\u00e7\u00e3o<\/h2>\n<p>O concurso CREF 16 \u00e9 uma excelente oportunidade para quem busca ingressar no servi\u00e7o p\u00fablico e conquistar uma carreira s\u00f3lida. Este \u00e9 o momento de se preparar e garantir uma das vagas oferecidas. Se voc\u00ea deseja ser aprovado, mas n\u00e3o sabe como estudar, preparamos materiais ideais para voc\u00ea!<\/p>\n<p>Confira: <a href=\"https:\/\/www.apostilasopcao.com.br\/apostila\/cref-rn-auxiliar-administrativo\">Apostila CREF-16 2025 &#8211; Auxiliar Administrativo<\/a><\/p>\n<p>&nbsp;<\/p>\n","protected":false},"excerpt":{"rendered":"<p>O Concurso CREF 16 tem edital publicado! S\u00e3o 4 vagas dispon\u00edveis para cargos de n\u00edvel m\u00e9dio e superior, com sal\u00e1rios que chegam a R$ 3.058,78. Confira todos os detalhes e prazos!<\/p>\n","protected":false},"author":5,"featured_media":720,"comment_status":"closed","ping_status":"closed","sticky":false,"template":"","format":"standard","meta":{"_acf_changed":false,"breadcrumbs_single_post":"","page_title_panel":"","breadcrumbs_single_page":"","single_page_alignment":"","single_page_margin":"","page_structure_type":"","content_style_source":"","content_style":"","blog_post_streched_ed":"","blog_page_streched_ed":"","has_transparent_header":"","disable_transparent_header":"","vertical_spacing_source":"","content_area_spacing":"","single_post_content_background":"","single_page_content_background":"","single_post_boxed_content_spacing":"","single_page_boxed_content_spacing":"","single_post_content_boxed_radius":"","single_page_content_boxed_radius":"","disable_featured_image":"","disable_post_tags":"","disable_author_box":"","disable_posts_navigation":"","disable_comments":"","disable_related_posts":"","disable_header":"","disable_footer":"","footnotes":""},"categories":[25,4],"tags":[127],"class_list":["post-722","post","type-post","status-publish","format-standard","has-post-thumbnail","hentry","category-rn","category-noticias","tag-concurso-cref-16","rishi-post"],"acf":{"data_prova":"20250622","status":false},"_links":{"self":[{"href":"https:\/\/www.apostilasopcao.com.br\/blog\/wp-json\/wp\/v2\/posts\/722","targetHints":{"allow":["GET"]}}],"collection":[{"href":"https:\/\/www.apostilasopcao.com.br\/blog\/wp-json\/wp\/v2\/posts"}],"about":[{"href":"https:\/\/www.apostilasopcao.com.br\/blog\/wp-json\/wp\/v2\/types\/post"}],"author":[{"embeddable":true,"href":"https:\/\/www.apostilasopcao.com.br\/blog\/wp-json\/wp\/v2\/users\/5"}],"replies":[{"embeddable":true,"href":"https:\/\/www.apostilasopcao.com.br\/blog\/wp-json\/wp\/v2\/comments?post=722"}],"version-history":[{"count":6,"href":"https:\/\/www.apostilasopcao.com.br\/blog\/wp-json\/wp\/v2\/posts\/722\/revisions"}],"predecessor-version":[{"id":734,"href":"https:\/\/www.apostilasopcao.com.br\/blog\/wp-json\/wp\/v2\/posts\/722\/revisions\/734"}],"wp:featuredmedia":[{"embeddable":true,"href":"https:\/\/www.apostilasopcao.com.br\/blog\/wp-json\/wp\/v2\/media\/720"}],"wp:attachment":[{"href":"https:\/\/www.apostilasopcao.com.br\/blog\/wp-json\/wp\/v2\/media?parent=722"}],"wp:term":[{"taxonomy":"category","embeddable":true,"href":"https:\/\/www.apostilasopcao.com.br\/blog\/wp-json\/wp\/v2\/categories?post=722"},{"taxonomy":"post_tag","embeddable":true,"href":"https:\/\/www.apostilasopcao.com.br\/blog\/wp-json\/wp\/v2\/tags?post=722"}],"curies":[{"name":"wp","href":"https:\/\/api.w.org\/{rel}","templated":true}]}}