{"id":7392,"date":"2025-12-11T11:28:21","date_gmt":"2025-12-11T14:28:21","guid":{"rendered":"https:\/\/www.apostilasopcao.com.br\/blog\/?p=7392"},"modified":"2025-12-18T10:47:08","modified_gmt":"2025-12-18T13:47:08","slug":"crc-ce","status":"publish","type":"post","link":"https:\/\/www.apostilasopcao.com.br\/blog\/crc-ce\/","title":{"rendered":"Concurso CRC CE: Edital publicado! Iniciais de R$5 mil!"},"content":{"rendered":"\n<p>Aten\u00e7\u00e3o concurseiros! O edital do concurso CRC CE (Conselho Regional de Contabilidade do Cear\u00e1) j\u00e1 foi publicado. Ao todo, s\u00e3o oferecidas <strong>146 vagas<\/strong>, sendo <strong>6 para provimento imediato e 140 destinadas ao cadastro reserva<\/strong>, abrangendo cargos de <strong>n\u00edveis m\u00e9dio e superior<\/strong>. As remunera\u00e7\u00f5es iniciais variam entre <strong>R$ 2.824,81 e R$ 5.762,31<\/strong>. O per\u00edodo de inscri\u00e7\u00f5es j\u00e1 est\u00e1 aberto e segue at\u00e9 <strong>8 de janeiro de 2026<\/strong>, enquanto a aplica\u00e7\u00e3o das provas objetivas est\u00e1 prevista para <strong>1\u00ba de mar\u00e7o de 2026<\/strong>. Para se preparar, confira a\u00a0<a href=\"https:\/\/www.apostilasopcao.com.br\/concurso\/crp-ce-conselho-regional-de-psicologia-do-ceara\">apostila CRC CE<\/a>\u00a0com conte\u00fado completo e atualizado conforme o edital!<\/p>\n\n\n\n<h2 class=\"wp-block-heading\">Resumo do edital<\/h2>\n\n\n\n<ul class=\"wp-block-list\">\n<li><strong>Vagas<\/strong>: 6 imediatas + 140 CR<\/li>\n\n\n\n<li><strong>Per\u00edodo de inscri\u00e7\u00f5es<\/strong>: 10\/12\/2025 a 08\/01\/2026<\/li>\n\n\n\n<li><strong>Taxas de inscri\u00e7\u00e3o<\/strong>: R$53,00 a R$ 54,00<\/li>\n\n\n\n<li><strong>Prova<\/strong>: 01\/03\/2026<\/li>\n\n\n\n<li><strong>Banca<\/strong>: Instituto Consulplan<\/li>\n\n\n\n<li><a href=\"https:\/\/www.apostilasopcao.com.br\/blog\/wp-content\/uploads\/2025\/12\/edital-crc-ce.pdf\">Baixe aqui o edital do concurso CRC CE<\/a><\/li>\n<\/ul>\n\n\n\n<h2 class=\"wp-block-heading\">Concurso CRC CE: Inscri\u00e7\u00f5es abertas!<\/h2>\n\n\n\n<p>As inscri\u00e7\u00f5es para o concurso CRC CE j\u00e1 est\u00e3o abertas e devem ser realizadas exclusivamente pela internet, no site do <a href=\"https:\/\/institutoconsulplan.org.br\/getConc.aspx?key=SB1AFUzp96c=\" target=\"_blank\" rel=\"noreferrer noopener\">Instituto Consulplan<\/a>, at\u00e9 as <strong>16h do dia 8 de janeiro de 2026<\/strong>, hor\u00e1rio de Bras\u00edlia.<\/p>\n\n\n\n<p>O procedimento \u00e9 totalmente digital: o candidato deve acessar a p\u00e1gina da banca, preencher o formul\u00e1rio eletr\u00f4nico, selecionar o cargo pretendido e gerar o boleto para pagamento da taxa de inscri\u00e7\u00e3o.<\/p>\n\n\n\n<p>As taxas variam de acordo com o n\u00edvel de escolaridade do cargo:<\/p>\n\n\n\n<ul class=\"wp-block-list\">\n<li><strong>R$53,00<\/strong>, para cargos de n\u00edvel m\u00e9dio.<\/li>\n\n\n\n<li><strong>R$54,00<\/strong>, para cargos de n\u00edvel superior<\/li>\n<\/ul>\n\n\n\n<p>O pagamento da taxa dever\u00e1 ser realizado at\u00e9 <strong>9 de janeiro de 2026<\/strong>, exclusivamente por meio do boleto gerado no sistema de inscri\u00e7\u00f5es.<\/p>\n\n\n\n<p>O edital tamb\u00e9m autoriza a inscri\u00e7\u00e3o em at\u00e9<strong> dois cargos<\/strong>, desde que as provas correspondentes sejam aplicadas em turnos distintos.<\/p>\n\n\n\n<h3 class=\"wp-block-heading\">Isen\u00e7\u00e3o da taxa<\/h3>\n\n\n\n<p>A solicita\u00e7\u00e3o de isen\u00e7\u00e3o da taxa de inscri\u00e7\u00e3o pode ser feita at\u00e9 <strong>\u00e0s 16h do dia 12 de dezembro de 2025<\/strong>, diretamente no site da Consulplan, mediante envio eletr\u00f4nico da documenta\u00e7\u00e3o comprobat\u00f3ria.<\/p>\n\n\n\n<p>T\u00eam direito \u00e0 isen\u00e7\u00e3o:<\/p>\n\n\n\n<ul class=\"wp-block-list\">\n<li>candidatos inscritos no Cad\u00danico, conforme Decreto n\u00ba 6.593\/2008;<\/li>\n\n\n\n<li>doadores de medula \u00f3ssea, conforme Lei n\u00ba 13.656\/2018.<\/li>\n<\/ul>\n\n\n\n<h2 class=\"wp-block-heading\">Concurso CRC CE: Cargos, vagas e sal\u00e1rios<\/h2>\n\n\n\n<p>O concurso CRC CE disponibiliza <strong>6 vagas imediatas<\/strong> e <strong>140 vagas para cadastro de reserva<\/strong>, distribu\u00eddas entre cargos de n\u00edveis m\u00e9dio e superior. As remunera\u00e7\u00f5es iniciais variam de <strong>R$ 2.824,81 a R$ 5.762,31<\/strong>, acrescidas de benef\u00edcios previstos em ato normativo pr\u00f3prio do Conselho.<\/p>\n\n\n\n<p>A lota\u00e7\u00e3o dos aprovados ser\u00e1 na sede do CRC CE, em Fortaleza, de acordo com as necessidades administrativas.<\/p>\n\n\n\n<p>A seguir, confira a distribui\u00e7\u00e3o das oportunidades:<\/p>\n\n\n\n<p><strong>N\u00edvel m\u00e9dio<\/strong><\/p>\n\n\n\n<ul class=\"wp-block-list\">\n<li>Auxiliar Administrativo: 5 vagas + 80 CR<br>R$ 2.824,81<\/li>\n<\/ul>\n\n\n\n<p><strong>N\u00edvel superior<\/strong><\/p>\n\n\n\n<ul class=\"wp-block-list\">\n<li>Contador: 1 vaga + 30 CR<br>R$ 5.762,31<\/li>\n\n\n\n<li>Fiscal Contador: 30 CR<br>R$ 5.762,31<\/li>\n<\/ul>\n\n\n\n<h3 class=\"wp-block-heading\">Benef\u00edcios<\/h3>\n\n\n\n<p>Al\u00e9m do sal\u00e1rio base os aprovados no concurso CRC CE ter\u00e3o direitos aos seguintes benef\u00edcios previstos em lei:<\/p>\n\n\n\n<ul class=\"wp-block-list\">\n<li>incentivo instrucional;<\/li>\n\n\n\n<li>plano de sa\u00fade;<\/li>\n\n\n\n<li>vale-alimenta\u00e7\u00e3o;<\/li>\n\n\n\n<li>abono anual por capacita\u00e7\u00e3o.<\/li>\n<\/ul>\n\n\n\n<p><strong>Para quem vai iniciar a prepara\u00e7\u00e3o, as\u00a0apostilas CRC CE\u00a0j\u00e1 est\u00e3o dispon\u00edveis com conte\u00fado completo e atualizado conforme o edital! Confira<\/strong><\/p>\n\n\n\n<ul class=\"wp-block-list\">\n<li><strong><a href=\"https:\/\/www.apostilasopcao.com.br\/apostila\/crc-ce-auxiliar-administrativo\">Apostila CRC-CE 2026 &#8211; Auxiliar Administrativo<\/a><\/strong><\/li>\n<\/ul>\n\n\n\n<h2 class=\"wp-block-heading\">Concurso CRC CE: Requisitos b\u00e1sicos<\/h2>\n\n\n\n<p>Para tomar posse dos cargos no concurso CRC CE \u00e9 necess\u00e1rio que os candidatos atendam aos seguintes requisitos b\u00e1sicos:<\/p>\n\n\n\n<ul class=\"wp-block-list\">\n<li>ser aprovado em todas as fases do concurso p\u00fablico;<\/li>\n\n\n\n<li>ter a nacionalidade brasileira ou portuguesa e, no caso de nacionalidade portuguesa, estar amparado pelo Estatuto de Igualdade entre Brasileiros e Portugueses, com reconhecimento do gozo dos direitos pol\u00edticos, nos termos do \u00a7 1\u00ba do art. 12 da Constitui\u00e7\u00e3o Federal;<\/li>\n\n\n\n<li>estar em gozo dos direitos pol\u00edticos;<\/li>\n\n\n\n<li>estar quite com as obriga\u00e7\u00f5es militares, em caso de candidato do sexo masculino;<\/li>\n\n\n\n<li>estar quite com as obriga\u00e7\u00f5es eleitorais;<\/li>\n\n\n\n<li>possuir os requisitos exigidos para o exerc\u00edcio do emprego;<\/li>\n\n\n\n<li>ter idade m\u00ednima de 18 anos completos na data da contrata\u00e7\u00e3o;<\/li>\n\n\n\n<li>apresentar atestado de pr\u00e9via aprova\u00e7\u00e3o de aptid\u00e3o f\u00edsica e mental para o exerc\u00edcio das atribui\u00e7\u00f5es do emprego;<\/li>\n\n\n\n<li>apresentar declara\u00e7\u00e3o de que n\u00e3o acumula cargo ou fun\u00e7\u00e3o p\u00fablica, ou proventos de inatividade, ressalvadas as possibilidades de acumula\u00e7\u00e3o l\u00edcita previstas no Inciso XVI do art. 37 da Constitui\u00e7\u00e3o Federal;<\/li>\n\n\n\n<li>n\u00e3o estar cumprindo san\u00e7\u00e3o por inidoneidade, aplicada por qualquer \u00f3rg\u00e3o p\u00fablico ou entidade das esferas federal, estadual, municipal ou do Distrito Federal, mediante apresenta\u00e7\u00e3o de certid\u00e3o do Tribunal de Contas da Uni\u00e3o e declara\u00e7\u00e3o firmada de pr\u00f3prio punho.<\/li>\n<\/ul>\n\n\n\n<h2 class=\"wp-block-heading\">Concurso CRC CE: Atribui\u00e7\u00f5es dos cargos<\/h2>\n\n\n\n<p>As atribui\u00e7\u00f5es dos cargos previstos no concurso CRC CE s\u00e3o as seguintes:<\/p>\n\n\n\n<h3 class=\"wp-block-heading\">Contador<\/h3>\n\n\n\n<p>O Contador \u00e9 respons\u00e1vel pela gest\u00e3o cont\u00e1bil e financeira do CRC CE. Entre suas principais atividades est\u00e3o:<\/p>\n\n\n\n<ul class=\"wp-block-list\">\n<li>elaborar balancetes, demonstra\u00e7\u00f5es cont\u00e1beis e concilia\u00e7\u00f5es banc\u00e1rias;<\/li>\n\n\n\n<li>realizar escritura\u00e7\u00e3o fiscal e garantir o cumprimento das obriga\u00e7\u00f5es acess\u00f3rias;<\/li>\n\n\n\n<li>analisar informa\u00e7\u00f5es cont\u00e1beis e elaborar relat\u00f3rios para subsidiar decis\u00f5es;<\/li>\n\n\n\n<li>orientar setores internos quanto \u00e0 legisla\u00e7\u00e3o cont\u00e1bil aplic\u00e1vel;<\/li>\n\n\n\n<li>acompanhar auditorias externas e prestar esclarecimentos;<\/li>\n\n\n\n<li>coordenar or\u00e7amento, presta\u00e7\u00e3o de contas e processos de abertura de cr\u00e9ditos;<\/li>\n\n\n\n<li>monitorar registros cont\u00e1beis nos sistemas de TI;<\/li>\n\n\n\n<li>participar do planejamento das atividades da \u00e1rea e auxiliar a C\u00e2mara de Controle Interno;<\/li>\n\n\n\n<li>zelar por documentos, equipamentos e sistemas;<\/li>\n\n\n\n<li>executar outras atividades relacionadas \u00e0 \u00e1rea cont\u00e1bil.<\/li>\n<\/ul>\n\n\n\n<h3 class=\"wp-block-heading\">Fiscal Contador<\/h3>\n\n\n\n<p>O Fiscal Contador atua diretamente na fiscaliza\u00e7\u00e3o do exerc\u00edcio profissional. Suas atribui\u00e7\u00f5es incluem:<\/p>\n\n\n\n<ul class=\"wp-block-list\">\n<li>fiscalizar profissionais e organiza\u00e7\u00f5es cont\u00e1beis quanto ao cumprimento da legisla\u00e7\u00e3o;<\/li>\n\n\n\n<li>emitir notifica\u00e7\u00f5es e autos de infra\u00e7\u00e3o;<\/li>\n\n\n\n<li>elaborar relat\u00f3rios, pareceres t\u00e9cnicos e documentos fiscais;<\/li>\n\n\n\n<li>participar do Plano Anual de Fiscaliza\u00e7\u00e3o e realizar dilig\u00eancias;<\/li>\n\n\n\n<li>manter atualizado o Sistema de Fiscaliza\u00e7\u00e3o;<\/li>\n\n\n\n<li>orientar profissionais registrados quanto \u00e0s normas cont\u00e1beis;<\/li>\n\n\n\n<li>participar de eventos quando solicitado;<\/li>\n\n\n\n<li>manter CNH categoria B v\u00e1lida;<\/li>\n\n\n\n<li>zelar pelos recursos e atualizar informa\u00e7\u00f5es nos sistemas de TI;<\/li>\n\n\n\n<li>assessorar reuni\u00f5es das c\u00e2maras de fiscaliza\u00e7\u00e3o e \u00e9tica;<\/li>\n\n\n\n<li>desempenhar atividades correlatas conforme demanda da chefia.<\/li>\n<\/ul>\n\n\n\n<h3 class=\"wp-block-heading\">Auxiliar Administrativo<\/h3>\n\n\n\n<p>O Auxiliar Administrativo oferece suporte \u00e0s atividades internas do Conselho. Suas atribui\u00e7\u00f5es s\u00e3o:<\/p>\n\n\n\n<ul class=\"wp-block-list\">\n<li>organizar documentos, correspond\u00eancias e arquivos;<\/li>\n\n\n\n<li>formular processos administrativos e apoiar rotinas do setor;<\/li>\n\n\n\n<li>preparar e despachar malotes;<\/li>\n\n\n\n<li>atender ao p\u00fablico e prestar informa\u00e7\u00f5es;<\/li>\n\n\n\n<li>zelar por equipamentos e solicitar manuten\u00e7\u00e3o quando necess\u00e1rio;<\/li>\n\n\n\n<li>emitir e responder of\u00edcios;<\/li>\n\n\n\n<li>auxiliar coordenadores conforme a \u00e1rea de lota\u00e7\u00e3o;<\/li>\n\n\n\n<li>executar outras tarefas administrativas determinadas pelo superior imediato.<\/li>\n<\/ul>\n\n\n\n<h2 class=\"wp-block-heading\">Concurso CRC CE: Etapas de sele\u00e7\u00e3o<\/h2>\n\n\n\n<p>O concurso CRC CE ser\u00e1 composto por duas etapas: <strong>prova objetiva<\/strong> e <strong>prova discursiva<\/strong>, ambas de car\u00e1ter eliminat\u00f3rio e classificat\u00f3rio.<\/p>\n\n\n\n<p>As avalia\u00e7\u00f5es ser\u00e3o aplicadas no mesmo dia, <strong>1\u00ba de mar\u00e7o de 2026 (domingo)<\/strong>, na cidade de Fortaleza\/CE, com dura\u00e7\u00e3o total de <strong>4 horas<\/strong>.<\/p>\n\n\n\n<h3 class=\"wp-block-heading\">Prova objetiva<\/h3>\n\n\n\n<p>A prova objetiva ser\u00e1 aplicada a todos os candidatos e ter\u00e1 <strong>50 quest\u00f5es de m\u00faltipla escolha<\/strong>, cada uma com quatro alternativas (A a D) e apenas uma resposta correta. A etapa, de car\u00e1ter eliminat\u00f3rio e classificat\u00f3rio, avaliar\u00e1 conhecimentos gerais e espec\u00edficos conforme o cargo escolhido.<\/p>\n\n\n\n<p>Abaixo, confira a distribui\u00e7\u00e3o das quest\u00f5es:<\/p>\n\n\n\n<p><strong>Contador e Fiscal Contador<\/strong><\/p>\n\n\n\n<ul class=\"wp-block-list\">\n<li>L\u00edngua Portuguesa: 10 quest\u00f5es<\/li>\n\n\n\n<li>Racioc\u00ednio L\u00f3gico-Matem\u00e1tico: 5 quest\u00f5es<\/li>\n\n\n\n<li>Legisla\u00e7\u00e3o do CRC-CE: 10 quest\u00f5es<\/li>\n\n\n\n<li>Conhecimentos do Emprego: 25 quest\u00f5es<\/li>\n<\/ul>\n\n\n\n<p><strong>Auxiliar Administrativo<\/strong><\/p>\n\n\n\n<ul class=\"wp-block-list\">\n<li>L\u00edngua Portuguesa: 10 quest\u00f5es<\/li>\n\n\n\n<li>Racioc\u00ednio L\u00f3gico-Matem\u00e1tico: 5 quest\u00f5es<\/li>\n\n\n\n<li>Administra\u00e7\u00e3o P\u00fablica e Legisla\u00e7\u00e3o Correlata: 5 quest\u00f5es<\/li>\n\n\n\n<li>Legisla\u00e7\u00e3o do CRC-CE: 10 quest\u00f5es<\/li>\n\n\n\n<li>Conhecimentos Espec\u00edficos: 20 quest\u00f5es<\/li>\n<\/ul>\n\n\n\n<p>Ser\u00e1 considerado aprovado o candidato que obtiver, no m\u00ednimo, <strong>60% da pontua\u00e7\u00e3o total<\/strong> da prova.<\/p>\n\n\n\n<h3 class=\"wp-block-heading\">Somos a melhor Op\u00e7\u00e3o<\/h3>\n\n\n\n<p>Quer conquistar uma vaga no concurso CRC CE? Somos a melhore Op\u00e7\u00e3o! N\u00f3s preparamos diversos materiais realmente focados conforme o edital que te ajudar\u00e3o a conquistar o cargo dos sonhos. N\u00e3o perca mais tempo e comece a se preparar ainda hoje!<\/p>\n\n\n\n<p><strong>Confira:\u00a0<a href=\"https:\/\/www.apostilasopcao.com.br\/concurso\/crp-ce-conselho-regional-de-psicologia-do-ceara\">Apostilas CRC CE<\/a>!<\/strong><\/p>\n\n\n\n<h3 class=\"wp-block-heading\">Prova discursiva<\/h3>\n\n\n\n<p>A prova discursiva ser\u00e1 <strong>aplicada no mesmo dia e turno da prova objetiva<\/strong> e consistir\u00e1 na elabora\u00e7\u00e3o de uma disserta\u00e7\u00e3o sobre tema de atualidade, com valor m\u00e1ximo de <strong>30 pontos<\/strong>. A etapa ter\u00e1 car\u00e1ter eliminat\u00f3rio e classificat\u00f3rio.<\/p>\n\n\n\n<p>O texto dever\u00e1 obedecer rigorosamente aos limites definidos em edital: <strong>m\u00ednimo de 20 linhas e m\u00e1ximo de 30 linhas<\/strong>, sendo desconsiderado qualquer conte\u00fado escrito fora do espa\u00e7o delimitado.<\/p>\n\n\n\n<p>A banca avaliar\u00e1 a reda\u00e7\u00e3o com base em crit\u00e9rios t\u00e9cnicos, tais como:<\/p>\n\n\n\n<figure class=\"wp-block-image size-full\"><img loading=\"lazy\" decoding=\"async\" width=\"901\" height=\"163\" src=\"https:\/\/www.apostilasopcao.com.br\/blog\/wp-content\/uploads\/2025\/12\/image-32.png\" alt=\"Crit\u00e9rios de corre\u00e7\u00e3o da prova discursiva do concurso CRC CE\" class=\"wp-image-7397\" srcset=\"https:\/\/www.apostilasopcao.com.br\/blog\/wp-content\/uploads\/2025\/12\/image-32.png 901w, https:\/\/www.apostilasopcao.com.br\/blog\/wp-content\/uploads\/2025\/12\/image-32-300x54.png 300w, https:\/\/www.apostilasopcao.com.br\/blog\/wp-content\/uploads\/2025\/12\/image-32-768x139.png 768w\" sizes=\"auto, (max-width: 901px) 100vw, 901px\" \/><\/figure>\n\n\n\n<p>O desempenho do candidato ser\u00e1 avaliado em uma escala de <strong>0 a 30 pontos<\/strong>. De acordo com as regras do edital, ser\u00e1 eliminado o participante que obtiver <strong>menos de 60% de aproveitamento<\/strong> ou seja, pontua\u00e7\u00e3o <strong>inferior a 18 pontos<\/strong> independentemente do resultado nas demais etapas.<\/p>\n\n\n\n<p><strong>Quer ficar por dentro de tudo sobre o universo de concursos?&nbsp;<a href=\"https:\/\/www.apostilasopcao.com.br\/blog\/noticias\/\">Confira as nossas not\u00edcias!<\/a><\/strong><\/p>\n","protected":false},"excerpt":{"rendered":"<p>Concurso CRC CE oferece vagas para n\u00edveis m\u00e9dio e superior, sal\u00e1rios iniciais de at\u00e9 R$ 5,7 mil, inscri\u00e7\u00f5es abertas at\u00e9 janeiro de 2026 e provas em mar\u00e7o. Saiba mais!<\/p>\n","protected":false},"author":12,"featured_media":7404,"comment_status":"closed","ping_status":"closed","sticky":false,"template":"","format":"standard","meta":{"_acf_changed":false,"breadcrumbs_single_post":"","page_title_panel":"","breadcrumbs_single_page":"","single_page_alignment":"","single_page_margin":"","page_structure_type":"","content_style_source":"","content_style":"","blog_post_streched_ed":"","blog_page_streched_ed":"","has_transparent_header":"","disable_transparent_header":"","vertical_spacing_source":"","content_area_spacing":"","single_post_content_background":"","single_page_content_background":"","single_post_boxed_content_spacing":"","single_page_boxed_content_spacing":"","single_post_content_boxed_radius":"","single_page_content_boxed_radius":"","disable_featured_image":"","disable_post_tags":"","disable_author_box":"","disable_posts_navigation":"","disable_comments":"","disable_related_posts":"","disable_header":"","disable_footer":"","footnotes":""},"categories":[4,11],"tags":[582],"class_list":["post-7392","post","type-post","status-publish","format-standard","has-post-thumbnail","hentry","category-noticias","category-ce","tag-concurso-crc-ce","rishi-post"],"acf":{"data_prova":"20260301","status":"aberto"},"_links":{"self":[{"href":"https:\/\/www.apostilasopcao.com.br\/blog\/wp-json\/wp\/v2\/posts\/7392","targetHints":{"allow":["GET"]}}],"collection":[{"href":"https:\/\/www.apostilasopcao.com.br\/blog\/wp-json\/wp\/v2\/posts"}],"about":[{"href":"https:\/\/www.apostilasopcao.com.br\/blog\/wp-json\/wp\/v2\/types\/post"}],"author":[{"embeddable":true,"href":"https:\/\/www.apostilasopcao.com.br\/blog\/wp-json\/wp\/v2\/users\/12"}],"replies":[{"embeddable":true,"href":"https:\/\/www.apostilasopcao.com.br\/blog\/wp-json\/wp\/v2\/comments?post=7392"}],"version-history":[{"count":15,"href":"https:\/\/www.apostilasopcao.com.br\/blog\/wp-json\/wp\/v2\/posts\/7392\/revisions"}],"predecessor-version":[{"id":7886,"href":"https:\/\/www.apostilasopcao.com.br\/blog\/wp-json\/wp\/v2\/posts\/7392\/revisions\/7886"}],"wp:featuredmedia":[{"embeddable":true,"href":"https:\/\/www.apostilasopcao.com.br\/blog\/wp-json\/wp\/v2\/media\/7404"}],"wp:attachment":[{"href":"https:\/\/www.apostilasopcao.com.br\/blog\/wp-json\/wp\/v2\/media?parent=7392"}],"wp:term":[{"taxonomy":"category","embeddable":true,"href":"https:\/\/www.apostilasopcao.com.br\/blog\/wp-json\/wp\/v2\/categories?post=7392"},{"taxonomy":"post_tag","embeddable":true,"href":"https:\/\/www.apostilasopcao.com.br\/blog\/wp-json\/wp\/v2\/tags?post=7392"}],"curies":[{"name":"wp","href":"https:\/\/api.w.org\/{rel}","templated":true}]}}