{"id":9036,"date":"2026-01-20T11:40:55","date_gmt":"2026-01-20T14:40:55","guid":{"rendered":"https:\/\/www.apostilasopcao.com.br\/blog\/?p=9036"},"modified":"2026-01-20T11:40:57","modified_gmt":"2026-01-20T14:40:57","slug":"emgepron","status":"publish","type":"post","link":"https:\/\/www.apostilasopcao.com.br\/blog\/emgepron\/","title":{"rendered":"Concurso Emgepron: Edital publicado! 14 vagas e at\u00e9 R$12 mil!"},"content":{"rendered":"\n<p>Boas not\u00edcias concurseiros! Est\u00e1 publicado o edital do concurso Emgepron, com <strong>14 vagas imediatas<\/strong> e forma\u00e7\u00e3o de cadastro reserva para cargos de <strong>n\u00edveis m\u00e9dio\/t\u00e9cnico e superior<\/strong>, com remunera\u00e7\u00f5es iniciais que variam de <strong>R$ 2.244,00 a R$ 12.302,00<\/strong>, e inscri\u00e7\u00f5es abertas at\u00e9 o dia <strong>23 de fevereiro de 2026<\/strong>, enquanto as provas objetivas est\u00e3o previstas para o dia <strong>29 de mar\u00e7o de 2026<\/strong>. Para se preparar, confira a&nbsp;<a href=\"https:\/\/www.apostilasopcao.com.br\/concurso\/emgepron-empresa-gerencial-de-projetos-navais\">Apostila Emgepron<\/a>&nbsp;com conte\u00fado completo e atualizado conforme o edital!<\/p>\n\n\n\n<h2 class=\"wp-block-heading\">Resumo do edital<\/h2>\n\n\n\n<ul class=\"wp-block-list\">\n<li>Vagas: 14 + CR<\/li>\n\n\n\n<li>Inscri\u00e7\u00f5es: 19\/01\/2026 a 23\/02\/2026<\/li>\n\n\n\n<li>Taxa de Inscri\u00e7\u00e3o: R$ 60,00 a R$80,00<\/li>\n\n\n\n<li>Prova: 29\/03\/2026<\/li>\n\n\n\n<li>Banca: Selecon<\/li>\n\n\n\n<li><a href=\"https:\/\/www.apostilasopcao.com.br\/blog\/wp-content\/uploads\/2026\/01\/edital-emgepron-2026.pdf\">Baixe aqui o edital do concurso Emgepron<\/a><\/li>\n<\/ul>\n\n\n\n<h2 class=\"wp-block-heading\">Concurso Emgepron: Inscri\u00e7\u00f5es abertas!<\/h2>\n\n\n\n<p>As inscri\u00e7\u00f5es para o concurso Emgepron j\u00e1 est\u00e3o abertas e devem ser realizadas exclusivamente pela internet, no site do <a href=\"https:\/\/selecon.selecao.net.br\/informacoes\/65\/\" target=\"_blank\" rel=\"noreferrer noopener\">Instituto Selecon<\/a>, no per\u00edodo de <strong>19 de janeiro at\u00e9 o dia 23 de fevereiro de 2026<\/strong>.<\/p>\n\n\n\n<p>Para se inscrever, o candidato deve:<\/p>\n\n\n\n<ul class=\"wp-block-list\">\n<li>preencher o formul\u00e1rio eletr\u00f4nico no portal da banca;<\/li>\n\n\n\n<li>gerar o boleto\/PIX de cobran\u00e7a ap\u00f3s concluir a inscri\u00e7\u00e3o;<\/li>\n\n\n\n<li>pagar a taxa dentro do prazo para que a inscri\u00e7\u00e3o seja efetivada.<\/li>\n<\/ul>\n\n\n\n<p>O valor da taxa de inscri\u00e7\u00e3o varia conforme o n\u00edvel de escolaridade pretendido, sendo:<\/p>\n\n\n\n<ul class=\"wp-block-list\">\n<li><strong>R$60,00<\/strong>\u00a0para cargos de n\u00edvel m\u00e9dio\/m\u00e9dio t\u00e9cnico;<\/li>\n\n\n\n<li><strong>R$80,00<\/strong>\u00a0para cargos de n\u00edvel superior.<\/li>\n<\/ul>\n\n\n\n<p>O pagamento do boleto pode ser feito em qualquer banco, e tamb\u00e9m \u00e9 aceita Cobran\u00e7a PIX. O prazo para pagamento vai at\u00e9 o dia&nbsp;<strong>24 de fevereiro de 2026<\/strong>.<\/p>\n\n\n\n<h3 class=\"wp-block-heading\">Isen\u00e7\u00e3o da taxa de inscri\u00e7\u00e3o<\/h3>\n\n\n\n<p>O edital do concurso Emgepron prev\u00ea a solicita\u00e7\u00e3o de isen\u00e7\u00e3o da taxa de inscri\u00e7\u00e3o entre os dias <strong>19 e 21 de janeiro de 2026<\/strong>, para candidatos que se enquadrem nos crit\u00e9rios estabelecidos, como:<\/p>\n\n\n\n<ul class=\"wp-block-list\">\n<li>doadores de medula \u00f3ssea;<\/li>\n\n\n\n<li>inscritos no Cad\u00danico (Cadastro \u00danico para Programas Sociais).<\/li>\n<\/ul>\n\n\n\n<p>A solicita\u00e7\u00e3o \u00e9 feita no site do Instituto Selecon, seguindo as orienta\u00e7\u00f5es e a comprova\u00e7\u00e3o exigida no edital do concurso Emgepron.<\/p>\n\n\n\n<h2 class=\"wp-block-heading\">Concurso Emgepron: Cargos, vagas e sal\u00e1rios<\/h2>\n\n\n\n<p>O concurso Emgepron oferta <strong>14 vagas imediatas<\/strong>, al\u00e9m de <strong>cadastro reserva<\/strong>, para a Empresa Gerencial de Projetos Navais, com contrata\u00e7\u00f5es pelo <strong>regime CLT<\/strong> e provimento inicial previsto para o <strong>Estado do Rio de Janeiro<\/strong>.<\/p>\n\n\n\n<p>A jornada padr\u00e3o \u00e9 de <strong>40 horas semanais<\/strong>, correspondente a 8 horas di\u00e1rias, com exce\u00e7\u00f5es previstas no edital para <strong>m\u00e9dicos<\/strong>, com carga de <strong>20 horas<\/strong>, e <strong>fisioterapeutas<\/strong>, com <strong>30 horas semanais<\/strong>.<\/p>\n\n\n\n<p>A seguir, confira a distribui\u00e7\u00e3o das oportunidades:<\/p>\n\n\n\n<p><strong>N\u00edvel m\u00e9dio\/t\u00e9cnico<\/strong><\/p>\n\n\n\n<p><em>T\u00e9cnico de Projetos Navais<\/em><\/p>\n\n\n\n<ul class=\"wp-block-list\">\n<li>Almoxarife: CR<br>R$ 2.392,00<\/li>\n\n\n\n<li>Assistente Administrativo (Administra\u00e7\u00e3o): 2 vagas<br>R$ 2.392,00<\/li>\n\n\n\n<li>Assistente Administrativo (Licita\u00e7\u00f5es): 1 vaga<br>R$ 2.392,00<\/li>\n\n\n\n<li>Assistente Administrativo (Material): CR<br>R$ 2.392,00<\/li>\n\n\n\n<li>Supervisor de Seguran\u00e7a: CR<br>R$ 2.244,00<\/li>\n\n\n\n<li>T\u00e9cnico Comissionamento: CR<br>R$ 3.126,00<\/li>\n\n\n\n<li>T\u00e9cnico Contabilidade: CR<br>R$ 2.244,00<\/li>\n\n\n\n<li>T\u00e9cnico de Eletrot\u00e9cnica: 1 vaga<br>R$ 3.126,00<\/li>\n\n\n\n<li>T\u00e9cnico Eletricidade: 1 vaga<br>R$ 3.126,00<\/li>\n\n\n\n<li>T\u00e9cnico Eletr\u00f4nica: CR<br>R$ 3.126,00<\/li>\n\n\n\n<li>T\u00e9cnico Enfermagem: CR<br>R$ 2.244,00<\/li>\n\n\n\n<li>T\u00e9cnico Farm\u00e1cia: CR<br>R$ 2.392,00<\/li>\n\n\n\n<li>T\u00e9cnico Industrial \u2013 Estruturas: CR<br>R$ 3.126,00<\/li>\n\n\n\n<li>T\u00e9cnico Inform\u00e1tica: CR<br>R$ 2.392,00<\/li>\n\n\n\n<li>T\u00e9cnico Instrumenta\u00e7\u00e3o: CR<br>R$ 2.244,00<\/li>\n\n\n\n<li>T\u00e9cnico Laborat\u00f3rio: CR<br>R$ 2.392,00<\/li>\n\n\n\n<li>T\u00e9cnico Mec\u00e2nica: 1 vaga<br>R$ 3.126,00<\/li>\n\n\n\n<li>T\u00e9cnico An\u00e1lises Cl\u00ednicas: CR<br>R$ 3.126,00<\/li>\n\n\n\n<li>T\u00e9cnico Projetista Mec\u00e2nico: CR<br>R$ 3.126,00<\/li>\n\n\n\n<li>T\u00e9cnico Qualidade: CR<br>R$ 2.244,00<\/li>\n\n\n\n<li>T\u00e9cnico Qu\u00edmica: CR<br>R$ 2.392,00<\/li>\n\n\n\n<li>T\u00e9cnico Radiologia: CR<br>R$ 2.392,00<\/li>\n\n\n\n<li>T\u00e9cnico Secretariado: CR<br>R$ 2.244,00<\/li>\n\n\n\n<li>T\u00e9cnico Seguran\u00e7a do Trabalho: CR<br>R$ 2.392,00<\/li>\n\n\n\n<li>T\u00e9cnico Tubula\u00e7\u00f5es: CR<br>R$ 3.126,00<\/li>\n<\/ul>\n\n\n\n<p><strong>N\u00edvel superior<\/strong><\/p>\n\n\n\n<p><em>Analista de Projetos Navais<\/em><\/p>\n\n\n\n<ul class=\"wp-block-list\">\n<li>Advogado: CR<br>R$ 3.748,00<\/li>\n\n\n\n<li>Agente de Manobras: CR<br>R$ 3.468,00<\/li>\n\n\n\n<li>Analista de Administra\u00e7\u00e3o: CR<br>R$ 3.468,00<\/li>\n\n\n\n<li>Analista de Recursos Humanos: CR<br>R$ 3.468,00<\/li>\n\n\n\n<li>Analista de Recursos Humanos (Assistente Social): CR<br>R$ 3.468,00<\/li>\n\n\n\n<li>Analista de Recursos Humanos (Folha de Pagamento): CR<br>R$ 3.468,00<\/li>\n\n\n\n<li>Analista de Sistemas (Desenvolvimento de Sistemas): CR<br>R$ 3.468,00<\/li>\n\n\n\n<li>Analista T\u00e9cnico (Arquivista): CR<br>R$ 3.468,00<\/li>\n\n\n\n<li>Analista T\u00e9cnico (Finan\u00e7as): CR<br>R$ 3.468,00<\/li>\n\n\n\n<li>Analista T\u00e9cnico (Gerenciamento de Portf\u00f3lio): CR<br>R$ 3.468,00<\/li>\n\n\n\n<li>Analista T\u00e9cnico (Gest\u00e3o do Conhecimento): CR<br>R$ 3.468,00<\/li>\n\n\n\n<li>Analista T\u00e9cnico (Gest\u00e3o): CR<br>R$ 3.468,00<\/li>\n\n\n\n<li>Analista T\u00e9cnico (Licita\u00e7\u00f5es e Contratos): 1 vaga<br>R$ 3.468,00<\/li>\n\n\n\n<li>Analista T\u00e9cnico (Nuclear): CR<br>R$ 3.468,00<\/li>\n\n\n\n<li>Analista T\u00e9cnico (Rede de Computadores\/Suporte T\u00e9cnico): CR<br>R$ 3.468,00<\/li>\n\n\n\n<li>Analista T\u00e9cnico (Seguran\u00e7a da Informa\u00e7\u00e3o): CR<br>R$ 3.468,00<\/li>\n\n\n\n<li>Arquiteto: CR<br>R$ 12.302,00<\/li>\n\n\n\n<li>Bi\u00f3logo: CR<br>R$ 3.468,00<\/li>\n\n\n\n<li>Contador: CR<br>R$ 3.748,00<\/li>\n\n\n\n<li>Contador (Tributos): 1 vaga<br>R$ 3.748,00<\/li>\n\n\n\n<li>Enfermeiro: CR<br>R$ 3.468,00<\/li>\n\n\n\n<li>Engenheiro de Controle e Automa\u00e7\u00e3o: CR<br>R$ 12.302,00<\/li>\n\n\n\n<li>Engenheiro (Planejamento e Controle): CR<br>R$ 12.302,00<\/li>\n\n\n\n<li>Engenheiro Civil: CR<br>R$ 12.302,00<\/li>\n\n\n\n<li>Engenheiro de Seguran\u00e7a do Trabalho: 1 vaga<br>R$ 12.302,00<\/li>\n\n\n\n<li>Engenheiro Eletricista: 1 vaga<br>R$ 12.302,00<\/li>\n\n\n\n<li>Engenheiro Eletr\u00f4nico: CR<br>R$ 12.302,00<\/li>\n\n\n\n<li>Engenheiro Mec\u00e2nico: 1 vaga<br>R$ 12.302,00<\/li>\n\n\n\n<li>Engenheiro Mecatr\u00f4nica: 1 vaga<br>R$ 12.302,00<\/li>\n\n\n\n<li>Engenheiro Naval: 1 vaga<br>R$ 12.302,00<\/li>\n\n\n\n<li>Engenheiro Produ\u00e7\u00e3o: 1 vaga<br>R$ 12.302,00<\/li>\n\n\n\n<li>Engenheiro Qu\u00edmico: CR<br>R$ 12.302,00<\/li>\n\n\n\n<li>Farmac\u00eautico: CR<br>R$ 3.748,00<\/li>\n\n\n\n<li>F\u00edsico M\u00e9dico: CR<br>R$ 5.480,00<\/li>\n\n\n\n<li>Fisioterapeuta: CR<br>R$ 3.468,00<\/li>\n\n\n\n<li>M\u00e9dico Anestesiologista: CR<br>R$ 5.480,00<\/li>\n\n\n\n<li>M\u00e9dico Dermatopatologista: CR<br>R$ 5.480,00<\/li>\n\n\n\n<li>M\u00e9dico do Trabalho: CR<br>R$ 5.480,00<\/li>\n\n\n\n<li>M\u00e9dico Fisiatra: CR<br>R$ 5.480,00<\/li>\n\n\n\n<li>M\u00e9dico Gastroenterologista: CR<br>R$ 5.480,00<\/li>\n\n\n\n<li>M\u00e9dico Hematologista: CR<br>R$ 5.480,00<\/li>\n\n\n\n<li>M\u00e9dico Nefrologista: CR<br>R$ 5.480,00<\/li>\n\n\n\n<li>M\u00e9dico Oncologista: CR<br>R$ 5.480,00<\/li>\n\n\n\n<li>M\u00e9dico Radiologista Intervencionista: CR<br>R$ 5.480,00<\/li>\n\n\n\n<li>M\u00e9dico Radioterapeuta: CR<br>R$ 5.480,00<\/li>\n\n\n\n<li>Nutricionista: CR<br>R$ 3.468,00<\/li>\n\n\n\n<li>Ocean\u00f3grafo: CR<br>R$ 3.468,00<\/li>\n\n\n\n<li>Qu\u00edmico (Fabril Farmac\u00eautico): CR<br>R$ 12.302,00<\/li>\n<\/ul>\n\n\n\n<h3 class=\"wp-block-heading\">Benef\u00edcios<\/h3>\n\n\n\n<p>Al\u00e9m da remunera\u00e7\u00e3o mensal, os aprovados no concurso Emgepron tamb\u00e9m ter\u00e3o direito a benef\u00edcios previstos em norma interna da empresa, entre eles:<\/p>\n\n\n\n<ul class=\"wp-block-list\">\n<li>Alimenta\u00e7\u00e3o no local de trabalho (contribut\u00e1ria);<\/li>\n\n\n\n<li>Cesta-alimenta\u00e7\u00e3o;<\/li>\n\n\n\n<li>Vale-transporte;<\/li>\n\n\n\n<li>Seguro de vida em grupo (contribut\u00e1rio);<\/li>\n\n\n\n<li>Conv\u00eanios assistenciais e educacionais.<\/li>\n<\/ul>\n\n\n\n<p>As contrata\u00e7\u00f5es do concurso Emgepron ocorrem pelo regime CLT (Consolida\u00e7\u00e3o das Leis do Trabalho), e o provimento inicial est\u00e1 previsto para o Estado do Rio de Janeiro, conforme estabelece o edital.<\/p>\n\n\n\n<p><strong>Para se preparar, confira a\u00a0<a href=\"https:\/\/www.apostilasopcao.com.br\/concurso\/emgepron-empresa-gerencial-de-projetos-navais\">Apostila Emgepron<\/a>\u00a0com conte\u00fado completo e atualizado conforme o edital!<\/strong><\/p>\n\n\n\n<h2 class=\"wp-block-heading\">Concurso Emgepron: Requisitos b\u00e1sicos<\/h2>\n\n\n\n<p>Para a investidura nos cargos do concurso Emgepron, \u00e9 necess\u00e1rio que os candidatos atendam aos seguintes requisitos b\u00e1sicos:<\/p>\n\n\n\n<ul class=\"wp-block-list\">\n<li>Ter sido aprovado no concurso p\u00fablico<\/li>\n\n\n\n<li>Ser brasileiro nato ou naturalizado, ou gozar das prerrogativas dos Decretos n\u00ba 70.391\/72 e n\u00ba 70.436\/72 e do Art. 12, \u00a7 1\u00ba da Constitui\u00e7\u00e3o Federal<\/li>\n\n\n\n<li>Quando solicitado, apresentar os documentos (original e c\u00f3pia) listados a seguir:\n<ul class=\"wp-block-list\">\n<li>Carteira de Trabalho do MTE (original) e 3 (tr\u00eas) fotos 3\u00d74 coloridas<\/li>\n\n\n\n<li>T\u00edtulo de eleitor (original e c\u00f3pia simples) e comprova\u00e7\u00e3o de quita\u00e7\u00e3o eleitoral, mediante apresenta\u00e7\u00e3o do \u00faltimo comprovante de vota\u00e7\u00e3o ou certid\u00e3o negativa da Justi\u00e7a Eleitoral (original)<\/li>\n\n\n\n<li>Comprova\u00e7\u00e3o de quita\u00e7\u00e3o com as obriga\u00e7\u00f5es militares, para candidatos do sexo masculino (original e c\u00f3pia simples)<\/li>\n\n\n\n<li>Comprova\u00e7\u00e3o de todos os pr\u00e9-requisitos exigidos, mediante documenta\u00e7\u00e3o original e c\u00f3pia simples<\/li>\n\n\n\n<li>Ser considerado apto na Avalia\u00e7\u00e3o M\u00e9dica Admissional<\/li>\n\n\n\n<li>Documento de identidade (original e c\u00f3pia simples)<\/li>\n\n\n\n<li>Cadastro de Pessoa F\u00edsica (CPF) (original e c\u00f3pia simples)<\/li>\n\n\n\n<li>Certid\u00e3o de nascimento (se solteiro) ou certid\u00e3o de casamento (original e c\u00f3pia simples)<\/li>\n\n\n\n<li>Certid\u00e3o de nascimento dos filhos menores de 21 anos (original e c\u00f3pia simples)<\/li>\n\n\n\n<li>PIS\/PASEP (original e c\u00f3pia simples)<\/li>\n\n\n\n<li>Possuir idade m\u00ednima de 18 (dezoito) anos completos na data da contrata\u00e7\u00e3o<\/li>\n\n\n\n<li>Comprovante de resid\u00eancia emitido nos \u00faltimos 3 (tr\u00eas) meses (conta de luz, telefone, \u00e1gua ou g\u00e1s)<\/li>\n\n\n\n<li>Carteira de vacina\u00e7\u00e3o atualizada dos filhos menores de 5 (cinco) anos<\/li>\n\n\n\n<li>Estar em gozo dos direitos pol\u00edticos<\/li>\n\n\n\n<li>Certid\u00e3o negativa de antecedentes criminais (original) e n\u00e3o possuir antecedentes criminais transitados em julgado, ou, havendo, comprovar o cumprimento integral das penas aplicadas<\/li>\n\n\n\n<li>Registro no Conselho Profissional, quando exigido para forma\u00e7\u00e3o superior ou t\u00e9cnica (original e c\u00f3pia simples)<\/li>\n\n\n\n<li>Comprovante de pagamento da anuidade do Conselho Profissional dentro do per\u00edodo do exerc\u00edcio, quando aplic\u00e1vel (original e c\u00f3pia simples)<\/li>\n\n\n\n<li>Aptid\u00e3o f\u00edsica e mental para o pleno exerc\u00edcio das atribui\u00e7\u00f5es do emprego p\u00fablico, comprovada por Exame M\u00e9dico Admissional<\/li>\n\n\n\n<li>Estar qualificado para o emprego p\u00fablico pretendido<\/li>\n\n\n\n<li>Certid\u00e3o negativa da Justi\u00e7a Federal (original)<\/li>\n\n\n\n<li>Certificado ou diploma de escolaridade (original e c\u00f3pia simples), observando que:\n<ul class=\"wp-block-list\">\n<li>Para empregos de n\u00edvel superior, ser\u00e3o aceitos apenas documentos emitidos por Institui\u00e7\u00f5es de Ensino Superior reconhecidas pelo MEC, conforme as normas de validade aplic\u00e1veis, incluindo registro quando exigido<\/li>\n\n\n\n<li>Para cursos conclu\u00eddos no exterior, ser\u00e1 aceito apenas diploma revalidado por Institui\u00e7\u00e3o de Ensino Superior no Brasil<\/li>\n<\/ul>\n<\/li>\n<\/ul>\n<\/li>\n\n\n\n<li>N\u00e3o ter sido demitido do servi\u00e7o p\u00fablico, conforme Art. 137 da Lei Federal n\u00ba 8.112\/90 ou Art. 482 da CLT<\/li>\n\n\n\n<li>O candidato aprovado e convocado para assumir o emprego somente poder\u00e1 ingressar ap\u00f3s solicitar desligamento do emprego que estiver ocupando<\/li>\n\n\n\n<li>N\u00e3o ser aposentado por invalidez em qualquer regime de previd\u00eancia<\/li>\n\n\n\n<li>As contrata\u00e7\u00f5es observar\u00e3o as normas legais e constitucionais aplic\u00e1veis, especialmente o Art. 37, inciso XVII, e \u00a7\u00a7 10 e 14 da Constitui\u00e7\u00e3o Federal de 1988 (CF\/88)<\/li>\n<\/ul>\n\n\n\n<h2 class=\"wp-block-heading\">Concurso Emgepron: Etapas de sele\u00e7\u00e3o<\/h2>\n\n\n\n<p>Os candidatos do concurso Emgepron ser\u00e3o avaliados por meio das seguintes etapas:<\/p>\n\n\n\n<ul class=\"wp-block-list\">\n<li>Provas Objetivas e Reda\u00e7\u00e3o, de car\u00e1ter eliminat\u00f3rio e classificat\u00f3rio;<\/li>\n\n\n\n<li>Avalia\u00e7\u00e3o de T\u00edtulos, de car\u00e1ter classificat\u00f3rio;<\/li>\n\n\n\n<li>Procedimentos de verifica\u00e7\u00e3o da condi\u00e7\u00e3o declarada para concorrer \u00e0s vagas reservadas a Pessoas Negras (PN), Pessoas Ind\u00edgenas (PI) e Pessoas Quilombolas (PQ), de car\u00e1ter eliminat\u00f3rio;<\/li>\n\n\n\n<li>Procedimentos pr\u00e9-admissionais, incluindo Exame M\u00e9dico Admissional, de car\u00e1ter eliminat\u00f3rio.<\/li>\n<\/ul>\n\n\n\n<p>As provas do certame est\u00e3o previstas para&nbsp;<strong>29 de mar\u00e7o de 2026<\/strong>, na cidade do Rio de Janeiro. Os candidatos aos cargos de n\u00edvel superior realizam as avalia\u00e7\u00f5es no&nbsp;<strong>turno da manh\u00e3<\/strong>, com dura\u00e7\u00e3o total de 4 horas. J\u00e1 os candidatos aos cargos de&nbsp;<strong>n\u00edvel m\u00e9dio e t\u00e9cnico<\/strong>&nbsp;fazem as provas no turno da tarde, com dura\u00e7\u00e3o de 3 horas.<\/p>\n\n\n\n<h3 class=\"wp-block-heading\">Prova Objetiva<\/h3>\n\n\n\n<p>A prova objetiva do concurso Emgepron ser\u00e1 composta por quest\u00f5es de m\u00faltipla escolha, com 4 alternativas, identificadas pelas letras A, B, C e D, e apenas uma resposta correta. O n\u00famero total de quest\u00f5es e a distribui\u00e7\u00e3o por disciplinas variam conforme o n\u00edvel de escolaridade do cargo.<\/p>\n\n\n\n<p>Confira a seguir a distribui\u00e7\u00e3o das quest\u00f5es:<\/p>\n\n\n\n<p><strong>N\u00edvel m\u00e9dio\/m\u00e9dio t\u00e9cnico<\/strong><\/p>\n\n\n\n<ul class=\"wp-block-list\">\n<li>L\u00edngua Portuguesa: 10 quest\u00f5es<\/li>\n\n\n\n<li>Matem\u00e1tica: 5 quest\u00f5es<\/li>\n\n\n\n<li>Inform\u00e1tica: 10 quest\u00f5es<\/li>\n\n\n\n<li>Conhecimentos Espec\u00edficos: 25 quest\u00f5es<\/li>\n<\/ul>\n\n\n\n<p><strong>N\u00edvel superior (Grupo 1)<\/strong><br>(Engenheiros, Arquitetos, Qu\u00edmicos e \u00e1reas correlatas)<\/p>\n\n\n\n<ul class=\"wp-block-list\">\n<li>L\u00edngua Portuguesa: 10 quest\u00f5es<\/li>\n\n\n\n<li>Racioc\u00ednio L\u00f3gico: 5 quest\u00f5es<\/li>\n\n\n\n<li>L\u00edngua Estrangeira (Ingl\u00eas): 5 quest\u00f5es<\/li>\n\n\n\n<li>Conhecimentos Espec\u00edficos: 30 quest\u00f5es<\/li>\n<\/ul>\n\n\n\n<p><strong>N\u00edvel superior (Grupo 2)<\/strong><br>(Advogado, M\u00e9dicos, Analistas e outras fun\u00e7\u00f5es previstas)<\/p>\n\n\n\n<ul class=\"wp-block-list\">\n<li>L\u00edngua Portuguesa: 10 quest\u00f5es<\/li>\n\n\n\n<li>Racioc\u00ednio L\u00f3gico: 10 quest\u00f5es<\/li>\n\n\n\n<li>Conhecimentos Espec\u00edficos: 30 quest\u00f5es<\/li>\n<\/ul>\n\n\n\n<p>Para ser considerado habilitado no concurso Emgepron, o candidato precisa cumprir os seguintes crit\u00e9rios:<\/p>\n\n\n\n<ul class=\"wp-block-list\">\n<li>alcan\u00e7ar 40 pontos, no caso dos cargos de n\u00edvel m\u00e9dio e t\u00e9cnico;<\/li>\n\n\n\n<li>alcan\u00e7ar 32 pontos, no caso dos cargos de n\u00edvel superior;<\/li>\n\n\n\n<li>n\u00e3o obter nota zero em nenhuma disciplina da prova.<\/li>\n<\/ul>\n\n\n\n<h4 class=\"wp-block-heading\">Somos a melhor Op\u00e7\u00e3o<\/h4>\n\n\n\n<p>Voc\u00ea ir\u00e1 participar do concurso Emgepron? Somos a melhor Op\u00e7\u00e3o! N\u00f3s contamos com diversos materiais preparat\u00f3rios alinhados e elaborados conforme o edital. Com mais de tr\u00eas d\u00e9cadas de candidatos aprovados, ajudaremos voc\u00ea tamb\u00e9m nesta longa jornada. N\u00e3o perca mais tempo e comece a estudar ainda hoje para o cargo que ir\u00e1 mudar a sua vida!<\/p>\n\n\n\n<ul class=\"wp-block-list\">\n<li><strong>Confira:\u00a0<\/strong><a href=\"https:\/\/www.apostilasopcao.com.br\/concurso\/emgepron-empresa-gerencial-de-projetos-navais\">Apostila Emgepron<\/a>!<\/li>\n<\/ul>\n\n\n\n<h3 class=\"wp-block-heading\">Prova de reda\u00e7\u00e3o<\/h3>\n\n\n\n<p>A prova de reda\u00e7\u00e3o ser\u00e1 aplicada exclusivamente para os cargos de <strong>n\u00edvel superior<\/strong>, no mesmo dia da prova objetiva, no turno da manh\u00e3, dentro do tempo total de 4 horas. O texto dever\u00e1 ser do tipo <strong>dissertativo-argumentativo<\/strong>, respeitando o limite m\u00ednimo de <strong>20 linhas e m\u00e1ximo de 30 linhas<\/strong>.<\/p>\n\n\n\n<p>A reda\u00e7\u00e3o ser\u00e1 avaliada de 0 a 35 pontos, sendo considerado habilitado o candidato que obtiver, no <strong>m\u00ednimo 14 pontos<\/strong>. A corre\u00e7\u00e3o levar\u00e1 em conta os seguintes crit\u00e9rios:<\/p>\n\n\n\n<ul class=\"wp-block-list\">\n<li>Tipologia textual (5 pontos)<\/li>\n\n\n\n<li>Desenvolvimento e abordagem do tema (10 pontos)<\/li>\n\n\n\n<li>Coer\u00eancia e coes\u00e3o (10 pontos)<\/li>\n\n\n\n<li>Morfossintaxe (5 pontos)<\/li>\n\n\n\n<li>Ortografia e acentua\u00e7\u00e3o (5 pontos)<\/li>\n<\/ul>\n\n\n\n<h3 class=\"wp-block-heading\">Avalia\u00e7\u00e3o de t\u00edtulos<\/h3>\n\n\n\n<p>A avalia\u00e7\u00e3o de t\u00edtulos do concurso Emgepron \u00e9 uma etapa de <strong>car\u00e1ter classificat\u00f3rio<\/strong>, destinada aos candidatos aos cargos de <strong>n\u00edvel superior<\/strong>. Confira quais t\u00edtulos ser\u00e3o avaliados no concurso Emgepron:<\/p>\n\n\n\n<figure class=\"wp-block-image size-full\"><img loading=\"lazy\" decoding=\"async\" width=\"768\" height=\"480\" src=\"https:\/\/www.apostilasopcao.com.br\/blog\/wp-content\/uploads\/2026\/01\/image-48.png\" alt=\"t\u00edtulos que ser\u00e3o avaliados no concurso Emgepron\" class=\"wp-image-9052\" srcset=\"https:\/\/www.apostilasopcao.com.br\/blog\/wp-content\/uploads\/2026\/01\/image-48.png 768w, https:\/\/www.apostilasopcao.com.br\/blog\/wp-content\/uploads\/2026\/01\/image-48-300x188.png 300w\" sizes=\"auto, (max-width: 768px) 100vw, 768px\" \/><\/figure>\n\n\n\n<p><strong>Quer ficar por dentro de tudo sobre o universo de concursos?&nbsp;<a href=\"https:\/\/www.apostilasopcao.com.br\/blog\/noticias\/\">Confira as nossas not\u00edcias!<\/a><\/strong><\/p>\n","protected":false},"excerpt":{"rendered":"<p>O concurso Emgepron est\u00e1 com edital publicado e oferta 14 vagas imediatas, al\u00e9m de cadastro reserva, para cargos de n\u00edveis m\u00e9dio\/t\u00e9cnico e superior, com sal\u00e1rios de at\u00e9 R$ 12.302,00 e inscri\u00e7\u00f5es abertas, provas marcadas para o dia 29 de mar\u00e7o. Saiba mais!<\/p>\n","protected":false},"author":12,"featured_media":9057,"comment_status":"closed","ping_status":"closed","sticky":false,"template":"","format":"standard","meta":{"_acf_changed":false,"breadcrumbs_single_post":"","page_title_panel":"","breadcrumbs_single_page":"","single_page_alignment":"","single_page_margin":"","page_structure_type":"","content_style_source":"","content_style":"","blog_post_streched_ed":"","blog_page_streched_ed":"","has_transparent_header":"","disable_transparent_header":"","vertical_spacing_source":"","content_area_spacing":"","single_post_content_background":"","single_page_content_background":"","single_post_boxed_content_spacing":"","single_page_boxed_content_spacing":"","single_post_content_boxed_radius":"","single_page_content_boxed_radius":"","disable_featured_image":"","disable_post_tags":"","disable_author_box":"","disable_posts_navigation":"","disable_comments":"","disable_related_posts":"","disable_header":"","disable_footer":"","footnotes":""},"categories":[4,154],"tags":[646],"class_list":["post-9036","post","type-post","status-publish","format-standard","has-post-thumbnail","hentry","category-noticias","category-nacional","tag-concurso-emgepron","rishi-post"],"acf":{"data_prova":"20260329","status":"aberto"},"_links":{"self":[{"href":"https:\/\/www.apostilasopcao.com.br\/blog\/wp-json\/wp\/v2\/posts\/9036","targetHints":{"allow":["GET"]}}],"collection":[{"href":"https:\/\/www.apostilasopcao.com.br\/blog\/wp-json\/wp\/v2\/posts"}],"about":[{"href":"https:\/\/www.apostilasopcao.com.br\/blog\/wp-json\/wp\/v2\/types\/post"}],"author":[{"embeddable":true,"href":"https:\/\/www.apostilasopcao.com.br\/blog\/wp-json\/wp\/v2\/users\/12"}],"replies":[{"embeddable":true,"href":"https:\/\/www.apostilasopcao.com.br\/blog\/wp-json\/wp\/v2\/comments?post=9036"}],"version-history":[{"count":9,"href":"https:\/\/www.apostilasopcao.com.br\/blog\/wp-json\/wp\/v2\/posts\/9036\/revisions"}],"predecessor-version":[{"id":9058,"href":"https:\/\/www.apostilasopcao.com.br\/blog\/wp-json\/wp\/v2\/posts\/9036\/revisions\/9058"}],"wp:featuredmedia":[{"embeddable":true,"href":"https:\/\/www.apostilasopcao.com.br\/blog\/wp-json\/wp\/v2\/media\/9057"}],"wp:attachment":[{"href":"https:\/\/www.apostilasopcao.com.br\/blog\/wp-json\/wp\/v2\/media?parent=9036"}],"wp:term":[{"taxonomy":"category","embeddable":true,"href":"https:\/\/www.apostilasopcao.com.br\/blog\/wp-json\/wp\/v2\/categories?post=9036"},{"taxonomy":"post_tag","embeddable":true,"href":"https:\/\/www.apostilasopcao.com.br\/blog\/wp-json\/wp\/v2\/tags?post=9036"}],"curies":[{"name":"wp","href":"https:\/\/api.w.org\/{rel}","templated":true}]}}