{"id":9059,"date":"2026-01-20T12:50:07","date_gmt":"2026-01-20T15:50:07","guid":{"rendered":"https:\/\/www.apostilasopcao.com.br\/blog\/?p=9059"},"modified":"2026-01-20T12:50:09","modified_gmt":"2026-01-20T15:50:09","slug":"rede-sarah","status":"publish","type":"post","link":"https:\/\/www.apostilasopcao.com.br\/blog\/rede-sarah\/","title":{"rendered":"Concurso Rede Sarah: Sa\u00edram os editais! Iniciais at\u00e9 R$14 mil!"},"content":{"rendered":"\n<p>Boas not\u00edcias concurseiros! Foram publicados <strong>3 editais<\/strong> do concurso Rede Sarah, que oferta <strong>11 vagas imediatas<\/strong>, para <strong>n\u00edveis m\u00e9dio, t\u00e9cnico e superior<\/strong>, com sal\u00e1rios iniciais de at\u00e9 <strong>R$14 mil<\/strong>. As inscri\u00e7\u00f5es estar\u00e3o abertas a partir do dia <strong>26 de janeiro at\u00e9 o dia 26 de fevereiro<\/strong>, com taxas de inscri\u00e7\u00e3o que variam de <strong>R$60,00 a R$120,00<\/strong>. As provas est\u00e3o marcadas para o dia <strong>12 de abril de 2026<\/strong>. Para se preparar, confira a\u00a0<a href=\"https:\/\/www.apostilasopcao.com.br\/concurso\/rede-sarah-de-hospitais-de-reabilitacao\">Apostila Rede Sarah<\/a>\u00a0com conte\u00fado completo e atualizado conforme o edital!<\/p>\n\n\n\n<h2 class=\"wp-block-heading\">Resumo do edital<\/h2>\n\n\n\n<ul class=\"wp-block-list\">\n<li>Vagas: 11<\/li>\n\n\n\n<li>Inscri\u00e7\u00f5es: 26\/01\/2026 a 26\/02\/2026<\/li>\n\n\n\n<li>Taxa de Inscri\u00e7\u00e3o: R$ 60,00 a R$120,00<\/li>\n\n\n\n<li>Prova: 12\/04\/2026<\/li>\n\n\n\n<li>Banca: Rede Sarah<\/li>\n\n\n\n<li><a href=\"https:\/\/www.apostilasopcao.com.br\/blog\/wp-content\/uploads\/2026\/01\/Edital-Rede-Sarah-01-2026.pdf\">Baixe aqui o edital 01 do concurso Rede Sarah<\/a><\/li>\n\n\n\n<li><a href=\"https:\/\/www.apostilasopcao.com.br\/blog\/wp-content\/uploads\/2026\/01\/Edital-Rede-Sarah-02-2026.pdf\">Baixe aqui o edital 02 do concurso Rede Sarah<\/a><\/li>\n\n\n\n<li><a href=\"https:\/\/www.apostilasopcao.com.br\/blog\/wp-content\/uploads\/2026\/01\/Edital-Rede-Sarah-03-2026.pdf\">Baixe aqui o edital 03 do concurso Rede Sarah<\/a><\/li>\n<\/ul>\n\n\n\n<h2 class=\"wp-block-heading\">Como se inscrever no concurso Rede Sarah?<\/h2>\n\n\n\n<p>As inscri\u00e7\u00f5es do concurso Rede Sarah estar\u00e3o abertas de <strong>26 de janeiro a 26 de fevereiro de 2026<\/strong> e dever\u00e3o ser realizadas exclusivamente on-line, por meio do site oficial da <a href=\"https:\/\/www.sarah.br\/trabalheconosco\/\" target=\"_blank\" rel=\"noreferrer noopener\">Rede Sarah<\/a>. <\/p>\n\n\n\n<p>Com o objetivo de ampliar o acesso ao concurso, a Associa\u00e7\u00e3o das Pioneiras Sociais (APS) informou que candidatos sem acesso \u00e0 internet poder\u00e3o utilizar computadores disponibilizados em unidades localizadas em <strong>Bel\u00e9m, Belo Horizonte, Bras\u00edlia, Fortaleza, Macap\u00e1, Rio de Janeiro, Salvador e S\u00e3o Lu\u00eds<\/strong>. O atendimento ocorrer\u00e1 <strong>de segunda a sexta-feira<\/strong>, das <strong>8h \u00e0s 18h<\/strong>, conforme o hor\u00e1rio de Bras\u00edlia.<\/p>\n\n\n\n<p>No momento do cadastro, ser\u00e1 permitido ao participante <strong>optar por apenas um processo seletivo<\/strong>, devendo escolher a \u00e1rea de atua\u00e7\u00e3o e a unidade de lota\u00e7\u00e3o pretendida. A medida visa organizar a sele\u00e7\u00e3o, evitar incompatibilidades de datas entre etapas e manter a padroniza\u00e7\u00e3o das condi\u00e7\u00f5es entre os candidatos.<\/p>\n\n\n\n<p>Ap\u00f3s o preenchimento do formul\u00e1rio, a inscri\u00e7\u00e3o somente ser\u00e1 confirmada mediante o pagamento da taxa, que dever\u00e1 ser realizado por boleto banc\u00e1rio dentro do prazo estabelecido, <strong>at\u00e9 o primeiro dia \u00fatil ap\u00f3s o encerramento das inscri\u00e7\u00f5es<\/strong>.<\/p>\n\n\n\n<p>De acordo com o edital, os valores variam conforme o cargo e, at\u00e9 o momento, n\u00e3o h\u00e1 previs\u00e3o de isen\u00e7\u00e3o ou desconto. Confira, a seguir, as taxas informadas para cada edital do concurso Rede Sarah:<\/p>\n\n\n\n<ul class=\"wp-block-list\">\n<li>Desenhista Projetista (Edital 1): R$ 60,00;<\/li>\n\n\n\n<li>Engenheiro de Projetos (Edital 2): R$ 120,00;<\/li>\n\n\n\n<li>T\u00e9cnico de Enfermagem (Edital 3): R$ 60,00.<\/li>\n<\/ul>\n\n\n\n<p>Os candidatos que necessitarem de <strong>atendimento especial<\/strong> no dia da prova, incluindo candidatas lactantes, dever\u00e3o solicitar a condi\u00e7\u00e3o ainda durante o per\u00edodo de inscri\u00e7\u00e3o e encaminhar a documenta\u00e7\u00e3o exigida (como requerimento e laudo m\u00e9dico) nos dias <strong>27 e 28 de fevereiro de 2026<\/strong>, conforme as orienta\u00e7\u00f5es previstas em edital.<\/p>\n\n\n\n<p>Para o cargo de <strong>T\u00e9cnico de Enfermagem<\/strong>, o edital tamb\u00e9m estabelece reserva de vagas para pessoas com defici\u00eancia (PcD). Nesse caso, o candidato dever\u00e1 informar a condi\u00e7\u00e3o <strong>no ato da inscri\u00e7\u00e3o<\/strong> e comprovar a situa\u00e7\u00e3o mediante o envio do laudo m\u00e9dico, respeitando o mesmo prazo definido para o encaminhamento da documenta\u00e7\u00e3o complementar.<\/p>\n\n\n\n<h2 class=\"wp-block-heading\">Cargos, vagas e sal\u00e1rios<\/h2>\n\n\n\n<p>A Rede SARAH de Hospitais de Reabilita\u00e7\u00e3o publicou <strong>tr\u00eas editais<\/strong> do concurso Rede Sarah, com <strong>11 vagas imediatas<\/strong> destinadas a candidatos de n\u00edvel m\u00e9dio\/t\u00e9cnico e <strong>n\u00edvel superior<\/strong>. As oportunidades s\u00e3o para atua\u00e7\u00e3o nas unidades de Bras\u00edlia (DF) e Belo Horizonte (MG), contemplando cargos nas \u00e1reas de <strong>projetos, engenharia, arquitetura e enfermagem<\/strong>.<\/p>\n\n\n\n<p>Conforme os documentos divulgados, o concurso Rede Sarah est\u00e1 organizado em <strong>editais distintos<\/strong>, cada um voltado a \u00e1reas espec\u00edficas, com distribui\u00e7\u00e3o de vagas por especialidade e unidade de lota\u00e7\u00e3o. Confira, a seguir, como ficou a oferta:<\/p>\n\n\n\n<p><strong>Desenhista Projetista (Edital 1\/2026)<\/strong>\u00a0\u2013 lota\u00e7\u00e3o em\u00a0<strong>Bras\u00edlia (DF)<\/strong><\/p>\n\n\n\n<p>Arquitetura: 1 vaga;<\/p>\n\n\n\n<p>Instala\u00e7\u00f5es El\u00e9tricas e Hidrossanit\u00e1rias: 1 vaga;<\/p>\n\n\n\n<p>Mec\u00e2nica: 1 vaga.<\/p>\n\n\n\n<p><strong>Engenheiro de Projetos (Edital 2\/2026)<\/strong>&nbsp;\u2013 lota\u00e7\u00e3o em&nbsp;<strong>Bras\u00edlia (DF)<\/strong><\/p>\n\n\n\n<ul class=\"wp-block-list\">\n<li>Engenharia Civil: 1 vaga;<\/li>\n\n\n\n<li>Engenharia El\u00e9trica: 1 vaga;<\/li>\n\n\n\n<li>Mec\u00e2nica \u2013 AVAC: 1 vaga;<\/li>\n\n\n\n<li>Mec\u00e2nica \u2013 Mobili\u00e1rio e Equipamentos: 1 vaga.<\/li>\n<\/ul>\n\n\n\n<p><strong>T\u00e9cnico de Enfermagem (Edital 3\/2026)<\/strong>&nbsp;\u2013 lota\u00e7\u00e3o em&nbsp;<strong>Belo Horizonte (MG)<\/strong><\/p>\n\n\n\n<p>4 vagas, sendo 1 reservada para Pessoa com Defici\u00eancia (PcD).<a href=\"https:\/\/aprovacao.novaconcursos.com.br\/assinatura\/aula-1\" target=\"_blank\" rel=\"noreferrer noopener\"><\/a><\/p>\n\n\n\n<p><strong>Para se preparar, confira a\u00a0<a href=\"https:\/\/www.apostilasopcao.com.br\/concurso\/rede-sarah-de-hospitais-de-reabilitacao\">Apostila Rede Sarah<\/a>\u00a0com conte\u00fado completo e atualizado conforme o edital!<\/strong><\/p>\n\n\n\n<h3 class=\"wp-block-heading\">Sal\u00e1rios<\/h3>\n\n\n\n<p>Um dos pontos que mais gera d\u00favidas no concurso Rede Sarah \u00e9 a forma de pagamento prevista em edital. Isso ocorre porque a remunera\u00e7\u00e3o <strong>n\u00e3o \u00e9 iniciada diretamente com o sal\u00e1rio integral do cargo<\/strong>: o processo seletivo estabelece <strong>duas etapas distintas<\/strong>, com valores diferentes conforme a fase em que o candidato se encontra.<\/p>\n\n\n\n<p>Ap\u00f3s ser aprovado em todas as etapas e concluir o treinamento obrigat\u00f3rio, o profissional passa a ser contratado pelo regime CLT, com <strong>jornada de 44 horas semanais<\/strong>. Nesse momento, o candidato assume oficialmente o posto de trabalho e passa a receber a remunera\u00e7\u00e3o bruta inicial, definida conforme o cargo e sem varia\u00e7\u00e3o por especialidade.<\/p>\n\n\n\n<p>Confira, a seguir, os sal\u00e1rios iniciais ap\u00f3s a contrata\u00e7\u00e3o no concurso Rede Sarah:<\/p>\n\n\n\n<ul class=\"wp-block-list\">\n<li>Engenheiro de Projetos: R$ 14.700,93;<\/li>\n\n\n\n<li>Desenhista Projetista: R$ 6.148,89;<\/li>\n\n\n\n<li>T\u00e9cnico de Enfermagem: R$ 6.148,89.<\/li>\n<\/ul>\n\n\n\n<p>Vale destacar que esses valores passam a ser pagos&nbsp;<strong>somente ap\u00f3s a efetiva\u00e7\u00e3o do contrato de trabalho<\/strong>. Antes disso, o candidato participa de um per\u00edodo obrigat\u00f3rio de forma\u00e7\u00e3o, que conta com outro tipo de pagamento.<\/p>\n\n\n\n<h3 class=\"wp-block-heading\">Remunera\u00e7\u00e3o durante o treinamento<\/h3>\n\n\n\n<p>Os candidatos classificados no concurso Rede Sarah ser\u00e3o convocados para uma etapa de treinamento pr\u00e1tico e formativo, cuja dura\u00e7\u00e3o pode chegar a <strong>4 ou 6 meses<\/strong>, conforme o cargo. Durante esse per\u00edodo, o edital destaca que <strong>n\u00e3o haver\u00e1 v\u00ednculo empregat\u00edcio<\/strong>, ou seja, o participante ainda n\u00e3o ser\u00e1 contratado pelo regime CLT.<\/p>\n\n\n\n<p>Mesmo sem a formaliza\u00e7\u00e3o do contrato, a Rede Sarah prev\u00ea o pagamento de uma <strong>bolsa mensal tribut\u00e1vel<\/strong>, destinada a auxiliar o candidato durante a fase de prepara\u00e7\u00e3o. Confira, a seguir, os valores definidos para o per\u00edodo de treinamento:<\/p>\n\n\n\n<ul class=\"wp-block-list\">\n<li>Engenheiro de Projetos: R$ 7.701,08;<\/li>\n\n\n\n<li>Desenhista Projetista: R$ 3.996,78;<\/li>\n\n\n\n<li>T\u00e9cnico de Enfermagem: R$ 3.996,78.<\/li>\n<\/ul>\n\n\n\n<p>De acordo com as regras do edital, a <strong>bolsa paga durante o treinamento<\/strong> n\u00e3o deve ser confundida com o sal\u00e1rio do cargo, j\u00e1 que se trata de um valor tempor\u00e1rio, com car\u00e1ter formativo e vinculado exclusivamente ao per\u00edodo de prepara\u00e7\u00e3o.<\/p>\n\n\n\n<p>A remunera\u00e7\u00e3o integral somente ser\u00e1 aplicada ap\u00f3s a contrata\u00e7\u00e3o efetiva, quando o candidato passa a atuar oficialmente como empregado da institui\u00e7\u00e3o.<\/p>\n\n\n\n<h2 class=\"wp-block-heading\">Concurso Rede Sarah: Requisitos b\u00e1sicos<\/h2>\n\n\n\n<p>Os requisitos do concurso Rede Sarah variam conforme o cargo e a especialidade escolhida. De forma geral, os editais exigem <strong>escolaridade compat\u00edvel com a fun\u00e7\u00e3o<\/strong>, <strong>registro ativo no conselho profissional<\/strong> (quando aplic\u00e1vel) e experi\u00eancia m\u00ednima comprovada, normalmente considerando um per\u00edodo recente de atua\u00e7\u00e3o na \u00e1rea.<\/p>\n\n\n\n<p>A seguir, confira as exig\u00eancias detalhadas por fun\u00e7\u00e3o, conforme cada edital do concurso Rede Sarah:<\/p>\n\n\n\n<h3 class=\"wp-block-heading\">Desenhista Projetista (Edital 1\/2026)<\/h3>\n\n\n\n<p>Para concorrer ao cargo de Desenhista Projetista, o candidato dever\u00e1 apresentar:<\/p>\n\n\n\n<ul class=\"wp-block-list\">\n<li>Ensino m\u00e9dio completo;<\/li>\n\n\n\n<li>Experi\u00eancia profissional m\u00ednima de 6 meses como desenhista projetista;<\/li>\n\n\n\n<li>Atua\u00e7\u00e3o comprovada nos \u00faltimos 5 anos, com dom\u00ednio de softwares CAD e\/ou BIM, conforme exig\u00eancia do edital.<\/li>\n<\/ul>\n\n\n\n<p>Al\u00e9m disso, cada especialidade possui requisitos espec\u00edficos:<\/p>\n\n\n\n<h3 class=\"wp-block-heading\">\u00c1rea de Arquitetura<\/h3>\n\n\n\n<ul class=\"wp-block-list\">\n<li>Curso t\u00e9cnico em Edifica\u00e7\u00f5es, Constru\u00e7\u00e3o Civil ou Desenho de Constru\u00e7\u00e3o Civil;<\/li>\n\n\n\n<li>Registro no CRT (Conselho\/Conselho Regional dos T\u00e9cnicos Industriais, conforme aplic\u00e1vel);<\/li>\n\n\n\n<li>Viv\u00eancia pr\u00e1tica com desenvolvimento de desenhos arquitet\u00f4nicos.<\/li>\n<\/ul>\n\n\n\n<h3 class=\"wp-block-heading\">\u00c1rea de Instala\u00e7\u00f5es El\u00e9tricas e Hidrossanit\u00e1rias<\/h3>\n\n\n\n<ul class=\"wp-block-list\">\n<li>Curso t\u00e9cnico em Edifica\u00e7\u00f5es, Constru\u00e7\u00e3o Civil ou Desenho de Constru\u00e7\u00e3o Civil;<\/li>\n\n\n\n<li>Registro no CRT;<\/li>\n\n\n\n<li>Experi\u00eancia na elabora\u00e7\u00e3o de projetos e desenhos voltados a instala\u00e7\u00f5es el\u00e9tricas e hidr\u00e1ulicas\/hidrossanit\u00e1rias.<\/li>\n<\/ul>\n\n\n\n<h3 class=\"wp-block-heading\">\u00c1rea de Mec\u00e2nica<\/h3>\n\n\n\n<ul class=\"wp-block-list\">\n<li>Curso t\u00e9cnico em uma das forma\u00e7\u00f5es aceitas no edital, como: Mec\u00e2nica, M\u00e1quinas e Motores, Manuten\u00e7\u00e3o Mec\u00e2nica, Fabrica\u00e7\u00e3o Mec\u00e2nica, Projetos Mec\u00e2nicos, Mec\u00e2nica de Precis\u00e3o ou Eletromec\u00e2nica;<\/li>\n\n\n\n<li>Registro no CRT;<\/li>\n\n\n\n<li>Experi\u00eancia comprovada na \u00e1rea de desenhos e projetos mec\u00e2nicos.<\/li>\n<\/ul>\n\n\n\n<h3 class=\"wp-block-heading\">Engenheiro de Projetos (Edital 2\/2026)<\/h3>\n\n\n\n<p>No caso do cargo de Engenheiro de Projetos, o edital do concurso Rede Sarah exige:<\/p>\n\n\n\n<ul class=\"wp-block-list\">\n<li>Gradua\u00e7\u00e3o completa na engenharia correspondente \u00e0 \u00e1rea de atua\u00e7\u00e3o;<\/li>\n\n\n\n<li>Registro ativo no CREA;<\/li>\n\n\n\n<li>Experi\u00eancia m\u00ednima de 6 meses na \u00e1rea, com comprova\u00e7\u00e3o referente aos \u00faltimos 5 anos.<\/li>\n<\/ul>\n\n\n\n<p>Veja as exig\u00eancias por especialidade:<\/p>\n\n\n\n<h3 class=\"wp-block-heading\">Engenharia Civil<\/h3>\n\n\n\n<ul class=\"wp-block-list\">\n<li>Forma\u00e7\u00e3o em Engenharia Civil ou Engenharia de Produ\u00e7\u00e3o Civil;<\/li>\n\n\n\n<li>Experi\u00eancia com planejamento e elabora\u00e7\u00e3o de projetos prediais, obras de constru\u00e7\u00e3o civil e\/ou reformas.<\/li>\n<\/ul>\n\n\n\n<h3 class=\"wp-block-heading\">Engenharia El\u00e9trica<\/h3>\n\n\n\n<ul class=\"wp-block-list\">\n<li>Forma\u00e7\u00e3o em Engenharia El\u00e9trica;<\/li>\n\n\n\n<li>Experi\u00eancia na elabora\u00e7\u00e3o de projetos el\u00e9tricos, conforme o padr\u00e3o exigido para instala\u00e7\u00f5es prediais.<\/li>\n<\/ul>\n\n\n\n<h3 class=\"wp-block-heading\">Engenharia Mec\u00e2nica (AVAC \u2013 Aquecimento, Ventila\u00e7\u00e3o e Ar-Condicionado)<\/h3>\n\n\n\n<ul class=\"wp-block-list\">\n<li>Forma\u00e7\u00e3o em Engenharia Mec\u00e2nica;<\/li>\n\n\n\n<li>Experi\u00eancia na elabora\u00e7\u00e3o de projetos de sistemas t\u00e9rmicos hospitalares, incluindo climatiza\u00e7\u00e3o e infraestrutura relacionada.<\/li>\n<\/ul>\n\n\n\n<h3 class=\"wp-block-heading\">Engenharia Mec\u00e2nica (Mobili\u00e1rio e Equipamentos)<\/h3>\n\n\n\n<ul class=\"wp-block-list\">\n<li>Forma\u00e7\u00e3o em Engenharia Mec\u00e2nica;<\/li>\n\n\n\n<li>Experi\u00eancia no desenvolvimento de projetos mec\u00e2nicos voltados a m\u00e1quinas, equipamentos e solu\u00e7\u00f5es t\u00e9cnicas em geral, incluindo estrutura e componentes.<\/li>\n<\/ul>\n\n\n\n<h3 class=\"wp-block-heading\">T\u00e9cnico de Enfermagem (Edital 3\/2026)<\/h3>\n\n\n\n<p>Para o cargo de T\u00e9cnico de Enfermagem, o concurso Rede Sarah apresenta crit\u00e9rios ligados \u00e0 forma\u00e7\u00e3o t\u00e9cnica e rotina hospitalar. S\u00e3o exigidos:<\/p>\n\n\n\n<ul class=\"wp-block-list\">\n<li>Ensino m\u00e9dio completo;<\/li>\n\n\n\n<li>Conclus\u00e3o do curso t\u00e9cnico em Enfermagem;<\/li>\n\n\n\n<li>Registro profissional ativo no COREN, na categoria de T\u00e9cnico de Enfermagem;<\/li>\n\n\n\n<li>Experi\u00eancia m\u00ednima de 6 meses como T\u00e9cnico de Enfermagem, com atua\u00e7\u00e3o exclusivamente em ambiente hospitalar, comprovada nos \u00faltimos 5 anos.<\/li>\n<\/ul>\n\n\n\n<h2 class=\"wp-block-heading\">Concurso Rede Sarah: Etapas de sele\u00e7\u00e3o<\/h2>\n\n\n\n<p>As etapas do concurso Rede Sarah seguem um formato pr\u00f3prio e foram estruturadas para avaliar n\u00e3o apenas o dom\u00ednio te\u00f3rico do candidato, mas tamb\u00e9m a capacidade de apresentar respostas t\u00e9cnicas em situa\u00e7\u00f5es da \u00e1rea e o desempenho na <strong>rotina profissional<\/strong>. <\/p>\n\n\n\n<p>Conforme previsto nos editais, o concurso Rede Sarah \u00e9 composto por <strong>tr\u00eas fases<\/strong>. As duas primeiras correspondem a provas escritas aplicadas no mesmo dia, enquanto a etapa final consiste em um per\u00edodo de treinamento, utilizado como parte da avalia\u00e7\u00e3o definitiva dos classificados.<\/p>\n\n\n\n<h3 class=\"wp-block-heading\">Prova Objetiva<\/h3>\n\n\n\n<p>A Prova Objetiva ser\u00e1 a primeira etapa do concurso Rede Sarah e ter\u00e1 car\u00e1ter <strong>eliminat\u00f3rio e classificat\u00f3rio<\/strong>. A avalia\u00e7\u00e3o est\u00e1 prevista para o dia <strong>12 de abril de 2026<\/strong>, com aplica\u00e7\u00e3o no <strong>turno da manh\u00e3<\/strong>, dura\u00e7\u00e3o de <strong>4 horas<\/strong> e pontua\u00e7\u00e3o total de <strong>100 pontos<\/strong>.<\/p>\n\n\n\n<p>A quantidade de quest\u00f5es e a distribui\u00e7\u00e3o das disciplinas variam conforme o cargo. Confira, a seguir, a estrutura prevista:<\/p>\n\n\n\n<h4 class=\"wp-block-heading\">Engenheiro de Projetos<\/h4>\n\n\n\n<ul class=\"wp-block-list\">\n<li>60 quest\u00f5es de m\u00faltipla escolha;<\/li>\n\n\n\n<li>Disciplinas cobradas:\n<ul class=\"wp-block-list\">\n<li>L\u00edngua Portuguesa;<\/li>\n\n\n\n<li>Matem\u00e1tica\/Racioc\u00ednio L\u00f3gico;<\/li>\n\n\n\n<li>Conhecimentos Espec\u00edficos.<\/li>\n<\/ul>\n<\/li>\n<\/ul>\n\n\n\n<h4 class=\"wp-block-heading\">Desenhista Projetista<\/h4>\n\n\n\n<ul class=\"wp-block-list\">\n<li>50 quest\u00f5es de m\u00faltipla escolha;<\/li>\n\n\n\n<li>Disciplinas cobradas:\n<ul class=\"wp-block-list\">\n<li>L\u00edngua Portuguesa;<\/li>\n\n\n\n<li>Matem\u00e1tica\/Racioc\u00ednio L\u00f3gico;<\/li>\n\n\n\n<li>Conhecimentos Espec\u00edficos.<\/li>\n<\/ul>\n<\/li>\n<\/ul>\n\n\n\n<h4 class=\"wp-block-heading\">T\u00e9cnico de Enfermagem<\/h4>\n\n\n\n<ul class=\"wp-block-list\">\n<li>50 quest\u00f5es de m\u00faltipla escolha;<\/li>\n\n\n\n<li>Disciplinas cobradas:\n<ul class=\"wp-block-list\">\n<li>L\u00edngua Portuguesa;<\/li>\n\n\n\n<li>Conhecimentos Espec\u00edficos.<\/li>\n<\/ul>\n<\/li>\n\n\n\n<li>N\u00e3o h\u00e1 cobran\u00e7a de Matem\u00e1tica\/Racioc\u00ednio L\u00f3gico, segundo o edital.<\/li>\n<\/ul>\n\n\n\n<p>Os locais de aplica\u00e7\u00e3o tamb\u00e9m mudam conforme o cargo. De acordo com os editais do concurso Rede Sarah, a prova ser\u00e1 realizada nas seguintes cidades:<\/p>\n\n\n\n<ul class=\"wp-block-list\">\n<li><strong>Desenhista Projetista:<\/strong>\u00a0Bras\u00edlia (DF);<\/li>\n\n\n\n<li><strong>Engenheiro de Projetos:<\/strong>\u00a0Belo Horizonte (MG), Bras\u00edlia (DF), Fortaleza (CE), Rio de Janeiro (RJ), Salvador (BA), S\u00e3o Lu\u00eds (MA) ou S\u00e3o Paulo (SP);<\/li>\n\n\n\n<li><strong>T\u00e9cnico de Enfermagem:<\/strong>\u00a0Belo Horizonte (MG).<\/li>\n<\/ul>\n\n\n\n<h4 class=\"wp-block-heading\">Somos a melhor Op\u00e7\u00e3o<\/h4>\n\n\n\n<p>Voc\u00ea ir\u00e1 participar do concurso Rede Sarah? Somos a melhor Op\u00e7\u00e3o! N\u00f3s contamos com diversos materiais preparat\u00f3rios alinhados e elaborados conforme o edital. Com mais de tr\u00eas d\u00e9cadas de candidatos aprovados, ajudaremos voc\u00ea tamb\u00e9m nesta longa jornada. N\u00e3o perca mais tempo e comece a estudar ainda hoje para o cargo que ir\u00e1 mudar a sua vida!<\/p>\n\n\n\n<ul class=\"wp-block-list\">\n<li><strong>Confira:\u00a0<\/strong><a href=\"https:\/\/www.apostilasopcao.com.br\/concurso\/rede-sarah-de-hospitais-de-reabilitacao\">Apostila Rede Sarah<\/a>!<\/li>\n<\/ul>\n\n\n\n<h3 class=\"wp-block-heading\">Provas Discursiva<\/h3>\n\n\n\n<p>No mesmo dia da Prova Objetiva, o candidato tamb\u00e9m realizar\u00e1 a Prova Discursiva do concurso Rede Sarah, etapa igualmente <strong>eliminat\u00f3ria e classificat\u00f3ria<\/strong>. A avalia\u00e7\u00e3o ter\u00e1 pontua\u00e7\u00e3o<strong> m\u00e1xima de 50 pontos<\/strong> e ser\u00e1 composta por uma quest\u00e3o discursiva, relacionada aos conhecimentos espec\u00edficos do cargo escolhido.<\/p>\n\n\n\n<p>A resposta dever\u00e1 ser elaborada com limite de <strong>at\u00e9 30 linhas<\/strong>, conforme o padr\u00e3o definido em edital. Nessa etapa, a banca avalia principalmente:<\/p>\n\n\n\n<ul class=\"wp-block-list\">\n<li>a capacidade do candidato de aplicar conhecimento t\u00e9cnico ao tema proposto;<\/li>\n\n\n\n<li>a organiza\u00e7\u00e3o das ideias e coer\u00eancia da resposta;<\/li>\n\n\n\n<li>o dom\u00ednio da norma padr\u00e3o da l\u00edngua escrita.<\/li>\n<\/ul>\n\n\n\n<p>Um ponto importante \u00e9 que, conforme regra prevista em edital, nem todas as provas discursivas ser\u00e3o corrigidas. Somente ter\u00e3o essa etapa avaliada os candidatos que <strong>atingirem a pontua\u00e7\u00e3o m\u00ednima exigida (ponto de corte)<\/strong> na Prova Objetiva, de acordo com os crit\u00e9rios estabelecidos pela Rede Sarah.<\/p>\n\n\n\n<h3 class=\"wp-block-heading\">Treinamento<\/h3>\n\n\n\n<p>Depois da aprova\u00e7\u00e3o nas avalia\u00e7\u00f5es escritas, os candidatos classificados dentro do quantitativo previsto seguem para a etapa de Treinamento, que \u00e9 a terceira fase do concurso Rede Sarah e possui car\u00e1ter eliminat\u00f3rio.<\/p>\n\n\n\n<p>Essa fase funciona como uma avalia\u00e7\u00e3o pr\u00e1tica em ambiente real de trabalho dentro da institui\u00e7\u00e3o. O edital destaca que o treinamento&nbsp;<strong>n\u00e3o gera v\u00ednculo empregat\u00edcio<\/strong>, sendo uma etapa preparat\u00f3ria antes da contrata\u00e7\u00e3o formal.<\/p>\n\n\n\n<p>A dura\u00e7\u00e3o m\u00e1xima do treinamento varia conforme o cargo:<\/p>\n\n\n\n<ul class=\"wp-block-list\">\n<li><strong>Engenheiro de Projetos:<\/strong>\u00a0at\u00e9 6 meses;<\/li>\n\n\n\n<li><strong>Desenhista Projetista:<\/strong>\u00a0at\u00e9 4 meses;<\/li>\n\n\n\n<li><strong>T\u00e9cnico de Enfermagem:<\/strong>\u00a0at\u00e9 4 meses.<\/li>\n<\/ul>\n\n\n\n<p>Durante esse per\u00edodo, o participante poder\u00e1 passar por avalia\u00e7\u00f5es peri\u00f3dicas e ser\u00e1 considerado apto apenas se apresentar desempenho satisfat\u00f3rio, seguindo crit\u00e9rios estabelecidos pela pr\u00f3pria Rede Sarah. Ainda conforme o edital, o candidato pode ser eliminado em situa\u00e7\u00f5es como:<\/p>\n\n\n\n<ul class=\"wp-block-list\">\n<li>rendimento insuficiente nas atividades propostas;<\/li>\n\n\n\n<li>faltas n\u00e3o justificadas;<\/li>\n\n\n\n<li>inaptid\u00e3o f\u00edsica ou mental para desempenhar as fun\u00e7\u00f5es do cargo.<\/li>\n<\/ul>\n\n\n\n<p><strong>Quer ficar por dentro de tudo sobre o universo de concursos?&nbsp;<a href=\"https:\/\/www.apostilasopcao.com.br\/blog\/noticias\/\">Confira as nossas not\u00edcias!<\/a><\/strong><\/p>\n","protected":false},"excerpt":{"rendered":"<p>Editais do concurso Rede Sarah foram publicados com 11 vagas para n\u00edveis m\u00e9dio\/t\u00e9cnico e superior e sal\u00e1rios iniciais de at\u00e9 R$14 mil. Provas marcadas para 12 de abril de 2026. Saiba mais!<\/p>\n","protected":false},"author":12,"featured_media":9064,"comment_status":"closed","ping_status":"closed","sticky":false,"template":"","format":"standard","meta":{"_acf_changed":false,"breadcrumbs_single_post":"","page_title_panel":"","breadcrumbs_single_page":"","single_page_alignment":"","single_page_margin":"","page_structure_type":"","content_style_source":"","content_style":"","blog_post_streched_ed":"","blog_page_streched_ed":"","has_transparent_header":"","disable_transparent_header":"","vertical_spacing_source":"","content_area_spacing":"","single_post_content_background":"","single_page_content_background":"","single_post_boxed_content_spacing":"","single_page_boxed_content_spacing":"","single_post_content_boxed_radius":"","single_page_content_boxed_radius":"","disable_featured_image":"","disable_post_tags":"","disable_author_box":"","disable_posts_navigation":"","disable_comments":"","disable_related_posts":"","disable_header":"","disable_footer":"","footnotes":""},"categories":[4,154],"tags":[647],"class_list":["post-9059","post","type-post","status-publish","format-standard","has-post-thumbnail","hentry","category-noticias","category-nacional","tag-concurso-rede-sarah","rishi-post"],"acf":{"data_prova":"20260412","status":"aberto"},"_links":{"self":[{"href":"https:\/\/www.apostilasopcao.com.br\/blog\/wp-json\/wp\/v2\/posts\/9059","targetHints":{"allow":["GET"]}}],"collection":[{"href":"https:\/\/www.apostilasopcao.com.br\/blog\/wp-json\/wp\/v2\/posts"}],"about":[{"href":"https:\/\/www.apostilasopcao.com.br\/blog\/wp-json\/wp\/v2\/types\/post"}],"author":[{"embeddable":true,"href":"https:\/\/www.apostilasopcao.com.br\/blog\/wp-json\/wp\/v2\/users\/12"}],"replies":[{"embeddable":true,"href":"https:\/\/www.apostilasopcao.com.br\/blog\/wp-json\/wp\/v2\/comments?post=9059"}],"version-history":[{"count":10,"href":"https:\/\/www.apostilasopcao.com.br\/blog\/wp-json\/wp\/v2\/posts\/9059\/revisions"}],"predecessor-version":[{"id":9073,"href":"https:\/\/www.apostilasopcao.com.br\/blog\/wp-json\/wp\/v2\/posts\/9059\/revisions\/9073"}],"wp:featuredmedia":[{"embeddable":true,"href":"https:\/\/www.apostilasopcao.com.br\/blog\/wp-json\/wp\/v2\/media\/9064"}],"wp:attachment":[{"href":"https:\/\/www.apostilasopcao.com.br\/blog\/wp-json\/wp\/v2\/media?parent=9059"}],"wp:term":[{"taxonomy":"category","embeddable":true,"href":"https:\/\/www.apostilasopcao.com.br\/blog\/wp-json\/wp\/v2\/categories?post=9059"},{"taxonomy":"post_tag","embeddable":true,"href":"https:\/\/www.apostilasopcao.com.br\/blog\/wp-json\/wp\/v2\/tags?post=9059"}],"curies":[{"name":"wp","href":"https:\/\/api.w.org\/{rel}","templated":true}]}}