{"id":9074,"date":"2026-01-20T13:22:43","date_gmt":"2026-01-20T16:22:43","guid":{"rendered":"https:\/\/www.apostilasopcao.com.br\/blog\/?p=9074"},"modified":"2026-01-20T13:22:46","modified_gmt":"2026-01-20T16:22:46","slug":"camara-de-francisco-morato-sp","status":"publish","type":"post","link":"https:\/\/www.apostilasopcao.com.br\/blog\/camara-de-francisco-morato-sp\/","title":{"rendered":"Concurso C\u00e2mara de Francisco Morato: Inscri\u00e7\u00f5es abertas!"},"content":{"rendered":"\n<p>Boas not\u00edcias concurseiros! Est\u00e3o abertas as inscri\u00e7\u00f5es do concurso C\u00e2mara de Francisco Morato, que oferece <strong>8 vagas imediatas<\/strong>, al\u00e9m de oportunidades de forma\u00e7\u00e3o de <strong>cadastro reserva<\/strong>, para cargos de <strong>n\u00edveis fundamental, m\u00e9dio e superior<\/strong>, com remunera\u00e7\u00f5es iniciais de at\u00e9 <strong>R$4,7 mil<\/strong>. As inscri\u00e7\u00f5es est\u00e3o abertas e encerram no dia <strong>26 de janeiro<\/strong>, com os valores da taxa de inscri\u00e7\u00e3o que variam de <strong>R$55,00 a R$87,00<\/strong> conforme o n\u00edvel de escolaridade pretendido. As provas est\u00e3o marcadas para ocorrer no dia <strong>1\u00ba de mar\u00e7o de 2026<\/strong>. Para se preparar, confira a\u00a0<a href=\"https:\/\/www.apostilasopcao.com.br\/concurso\/camara-de-francisco-morato-sp\">Apostila C\u00e2mara de Francisco Morato<\/a>\u00a0com conte\u00fado completo e atualizado conforme o edital!<\/p>\n\n\n\n<h2 class=\"wp-block-heading\">Resumo do edital<\/h2>\n\n\n\n<ul class=\"wp-block-list\">\n<li>Vagas: 8 + CR<\/li>\n\n\n\n<li>Inscri\u00e7\u00f5es: 23\/12\/2025 a 26\/01\/2026<\/li>\n\n\n\n<li>Taxa de Inscri\u00e7\u00e3o: R$ 55,00 a R$87,00<\/li>\n\n\n\n<li>Prova: 01\/03\/2026<\/li>\n\n\n\n<li>Banca: Avan\u00e7a SP<\/li>\n\n\n\n<li><a href=\"https:\/\/www.apostilasopcao.com.br\/blog\/wp-content\/uploads\/2026\/01\/edital-cm-francisco-morato.pdf\">Baixe aqui o edital do concurso C\u00e2mara de Francisco Morato<\/a><\/li>\n<\/ul>\n\n\n\n<h2 class=\"wp-block-heading\">Concurso C\u00e2mara de Francisco Morato: Inscri\u00e7\u00f5es abertas!<\/h2>\n\n\n\n<p>As inscri\u00e7\u00f5es do concurso C\u00e2mara de Francisco Morato j\u00e1 est\u00e3o abertas e devem ser realizadas exclusivamente pela internet, no site da banca organizadora <a href=\"https:\/\/www.avancasp.org.br\/informacoes\/234\/\" target=\"_blank\" rel=\"noreferrer noopener\">Avan\u00e7a SP<\/a>, at\u00e9 o dia <strong>26 de janeiro de 2026<\/strong>.<\/p>\n\n\n\n<p>Os valores variam conforme o n\u00edvel de escolaridade do cargo escolhido:<\/p>\n\n\n\n<ul class=\"wp-block-list\">\n<li><strong>R$55,00<\/strong>\u00a0para os cargos de n\u00edvel fundamental;<\/li>\n\n\n\n<li><strong>R$75,00<\/strong>\u00a0para os cargos de n\u00edvel m\u00e9dio;<\/li>\n\n\n\n<li><strong>R$87,00<\/strong>\u00a0para os cargos de n\u00edvel superior.<\/li>\n<\/ul>\n\n\n\n<p>O pagamento pode ser realizado por boleto banc\u00e1rio ou PIX via QR Code, at\u00e9 o dia&nbsp;<strong>27 de janeiro de 2026.<\/strong><\/p>\n\n\n\n<h3 class=\"wp-block-heading\">Isen\u00e7\u00e3o da taxa de inscri\u00e7\u00e3o<\/h3>\n\n\n\n<p>O edital previa isen\u00e7\u00e3o do pagamento da taxa do concurso C\u00e2mara de Francisco Morato para candidatos que se enquadrem em crit\u00e9rios espec\u00edficos, como:<\/p>\n\n\n\n<ul class=\"wp-block-list\">\n<li>doadores de sangue, conforme a Lei Municipal n\u00ba 3.392\/2023 (com pelo menos 3 doa\u00e7\u00f5es nos \u00faltimos 12 meses);<\/li>\n\n\n\n<li>candidatos inscritos no Cad\u00danico, conforme regras do Governo Federal.<\/li>\n<\/ul>\n\n\n\n<p>O pedido de isen\u00e7\u00e3o deveria ser feito no momento da inscri\u00e7\u00e3o, com envio de documentos por upload no sistema, entre os dias 23 a 26 de dezembro de 2025.<\/p>\n\n\n\n<h2 class=\"wp-block-heading\">Cargos, vagas e sal\u00e1rios<\/h2>\n\n\n\n<p>O concurso C\u00e2mara de Francisco Morato oferece oportunidades para diferentes n\u00edveis de escolaridade, com <strong>8 vagas imediatas<\/strong>, al\u00e9m de <strong>cadastro reserva (CR)<\/strong>, e prev\u00ea sal\u00e1rios atrativos e benef\u00edcios fixos.<\/p>\n\n\n\n<p>Confira, a seguir, as oportunidades ofertadas:<\/p>\n\n\n\n<p><strong>N\u00edvel fundamental<\/strong><\/p>\n\n\n\n<ul class=\"wp-block-list\">\n<li>Agente de Manuten\u00e7\u00e3o Predial: 1 vaga + CR<br>R$ 2.232,14<\/li>\n<\/ul>\n\n\n\n<p><strong>N\u00edvel m\u00e9dio<\/strong><\/p>\n\n\n\n<ul class=\"wp-block-list\">\n<li>Oficial Administrativo: 2 vagas + CR<br>R$ 2.682,40<\/li>\n\n\n\n<li>Oficial de Estoque e Patrim\u00f4nio: 1 vaga + CR<br>R$ 2.682,40<\/li>\n<\/ul>\n\n\n\n<p><strong>N\u00edvel superior<\/strong><\/p>\n\n\n\n<ul class=\"wp-block-list\">\n<li>Assessor de Comunica\u00e7\u00e3o Social: 1 vaga + CR<br>R$ 4.789,98<\/li>\n\n\n\n<li>Controlador Interno: 1 vaga + CR<br>R$ 4.789,98<\/li>\n\n\n\n<li>T\u00e9cnico em Inform\u00e1tica: 1 vaga + CR<br>R$ 4.789,98<\/li>\n\n\n\n<li>T\u00e9cnico Legislativo: CR<br>R$ 4.789,98<\/li>\n\n\n\n<li>Tesoureiro: 1 vaga + CR<br>R$ 4.789,98<\/li>\n<\/ul>\n\n\n\n<p>Os aprovados tamb\u00e9m ter\u00e3o direito aos seguintes benef\u00edcios:<\/p>\n\n\n\n<ul class=\"wp-block-list\">\n<li>Aux\u00edlio Alimenta\u00e7\u00e3o de R$400,00;<\/li>\n\n\n\n<li>Aux\u00edlio Refei\u00e7\u00e3o de R$30,00 por dia;<\/li>\n\n\n\n<li>Aux\u00edlio Transporte de R$250,00.<\/li>\n<\/ul>\n\n\n\n<p><strong>Para se preparar, confira a\u00a0<a href=\"https:\/\/www.apostilasopcao.com.br\/concurso\/camara-de-francisco-morato-sp\">Apostila C\u00e2mara de Francisco Morato<\/a>\u00a0com conte\u00fado completo e atualizado conforme o edital!<\/strong><\/p>\n\n\n\n<h2 class=\"wp-block-heading\">Requisitos b\u00e1sicos<\/h2>\n\n\n\n<p>Para tomar posse em um dos cargos do concurso C\u00e2mara de Francisco Morato, o candidato dever\u00e1 cumprir os seguintes requisitos previstos no edital:<\/p>\n\n\n\n<ul class=\"wp-block-list\">\n<li>ter sido aprovado e classificado no Concurso P\u00fablico na forma estabelecida neste Edital, em seus anexos e eventuais retifica\u00e7\u00f5es;<\/li>\n\n\n\n<li>ter nacionalidade brasileira; no caso de nacionalidade portuguesa, estar amparado pelo estatuto de igualdade entre brasileiros e portugueses, com reconhecimento do gozo dos direitos pol\u00edticos, nos termos do \u00a71\u00ba do art. 12 da Constitui\u00e7\u00e3o da Rep\u00fablica Federativa do Brasil e na forma do disposto no art. 13 do Decreto Federal n\u00ba 70.436, de 18 de abril de 1972;<\/li>\n\n\n\n<li>ter idade m\u00ednima de 18 (dezoito) anos completos ou emancipado na data de nomea\u00e7\u00e3o e n\u00e3o ter completado 75 (setenta e cinco) anos, idade esta da aposentadoria compuls\u00f3ria dos servidores p\u00fablicos;<\/li>\n\n\n\n<li>estar em pleno gozo dos direitos pol\u00edticos;<\/li>\n\n\n\n<li>estar quite com as obriga\u00e7\u00f5es eleitorais;<\/li>\n\n\n\n<li>estar quite com os deveres do Servi\u00e7o Militar, se do sexo masculino;<\/li>\n\n\n\n<li>ter aptid\u00e3o f\u00edsica e mental para o exerc\u00edcio do cargo, bem como n\u00e3o apresentar defici\u00eancia que o incapacite para o exerc\u00edcio das fun\u00e7\u00f5es do cargo, conforme exame admissional a ser realizado pela C\u00c2MARA MUNICIPAL DE FRANCISCO MORATO;<\/li>\n\n\n\n<li>n\u00e3o ter sido condenado \u00e0 pena privativa de liberdade transitada em julgado ou qualquer outra condena\u00e7\u00e3o incompat\u00edvel com o cargo;<\/li>\n\n\n\n<li>estar inscrito regularmente no Cadastro de Pessoas F\u00edsicas \u2013 CPF;<\/li>\n\n\n\n<li>comprovar o atendimento dos requisitos m\u00ednimos exigidos para o cargo, quando for o caso, na data da nomea\u00e7\u00e3o e posse;<\/li>\n\n\n\n<li>n\u00e3o ter sido demitido por justa causa ou a bem do servi\u00e7o p\u00fablico nos \u00e2mbitos federal, estadual e municipal;<\/li>\n\n\n\n<li>n\u00e3o estar aposentado pelo servi\u00e7o de qualquer dos entes federativos ou ser detentor de cargo, emprego ou fun\u00e7\u00e3o p\u00fablica, exceto as ressalvas das letras \u201ca\u201d, \u201cb\u201d e \u201cc\u201d do inciso XVI do artigo 37 da Constitui\u00e7\u00e3o Federal de 1988.<\/li>\n<\/ul>\n\n\n\n<h2 class=\"wp-block-heading\">Etapas de sele\u00e7\u00e3o<\/h2>\n\n\n\n<p>Os candidatos do concurso C\u00e2mara de Francisco Morato ser\u00e3o avaliados em etapa \u00fanica, composta por:<\/p>\n\n\n\n<ul class=\"wp-block-list\">\n<li>Prova objetiva, de car\u00e1ter eliminat\u00f3rio e classificat\u00f3rio.<\/li>\n<\/ul>\n\n\n\n<h3 class=\"wp-block-heading\">Prova objetiva<\/h3>\n\n\n\n<p>A avalia\u00e7\u00e3o est\u00e1 prevista para o dia&nbsp;<strong>1\u00ba de mar\u00e7o de 2026<\/strong>, no munic\u00edpio de Francisco Morato\/SP, e ser\u00e1 aplicada em dois per\u00edodos:<\/p>\n\n\n\n<ul class=\"wp-block-list\">\n<li>manh\u00e3 (9h): para alguns cargos;<\/li>\n\n\n\n<li>tarde (14h): para outros cargos.<\/li>\n<\/ul>\n\n\n\n<p>A prova objetiva ter\u00e1 dura\u00e7\u00e3o de 3 horas e ser\u00e1 composta por 40 ou 50 quest\u00f5es de m\u00faltipla escolha, com cinco alternativas e apenas uma correta.<\/p>\n\n\n\n<p>A seguir, confira a distribui\u00e7\u00e3o das quest\u00f5es conforme o cargo:<\/p>\n\n\n\n<p><strong>Agente de Manuten\u00e7\u00e3o Predial<\/strong><\/p>\n\n\n\n<ul class=\"wp-block-list\">\n<li>L\u00edngua Portuguesa: 10 quest\u00f5es<\/li>\n\n\n\n<li>Matem\u00e1tica e Racioc\u00ednio L\u00f3gico: 10 quest\u00f5es<\/li>\n\n\n\n<li>Conhecimentos Espec\u00edficos: 20 quest\u00f5es<\/li>\n<\/ul>\n\n\n\n<p><strong>Oficial Administrativo e Oficial de Estoque e Patrim\u00f4nio<\/strong><\/p>\n\n\n\n<ul class=\"wp-block-list\">\n<li>L\u00edngua Portuguesa: 10 quest\u00f5es<\/li>\n\n\n\n<li>Matem\u00e1tica e Racioc\u00ednio L\u00f3gico: 5 quest\u00f5es<\/li>\n\n\n\n<li>No\u00e7\u00f5es de Inform\u00e1tica: 5 quest\u00f5es<\/li>\n\n\n\n<li>Conhecimentos Espec\u00edficos: 20 quest\u00f5es<\/li>\n<\/ul>\n\n\n\n<p><strong>Assessor de Comunica\u00e7\u00e3o Social, Controlador Interno, T\u00e9cnico Legislativo e Tesoureiro<\/strong><\/p>\n\n\n\n<ul class=\"wp-block-list\">\n<li>L\u00edngua Portuguesa: 10 quest\u00f5es<\/li>\n\n\n\n<li>No\u00e7\u00f5es de Inform\u00e1tica: 5 quest\u00f5es<\/li>\n\n\n\n<li>Legisla\u00e7\u00e3o Municipal: 10 quest\u00f5es<\/li>\n\n\n\n<li>Conhecimentos Espec\u00edficos: 25 quest\u00f5es<\/li>\n<\/ul>\n\n\n\n<p><strong>T\u00e9cnico em Inform\u00e1tica<\/strong><\/p>\n\n\n\n<ul class=\"wp-block-list\">\n<li>L\u00edngua Portuguesa: 10 quest\u00f5es<\/li>\n\n\n\n<li>Matem\u00e1tica e Racioc\u00ednio L\u00f3gico: 10 quest\u00f5es<\/li>\n\n\n\n<li>Conhecimentos Espec\u00edficos: 30 quest\u00f5es<\/li>\n<\/ul>\n\n\n\n<p>A banca organiza a pontua\u00e7\u00e3o em escala de 0 a 100 pontos, e ser\u00e1 considerado habilitado o candidato que obtiver pontua\u00e7\u00e3o igual ou superior a 50 pontos.<\/p>\n\n\n\n<h4 class=\"wp-block-heading\">Somos a melhor Op\u00e7\u00e3o<\/h4>\n\n\n\n<p>Voc\u00ea ir\u00e1 participar do concurso C\u00e2mara de Francisco Morato? Somos a melhor Op\u00e7\u00e3o! N\u00f3s contamos com diversos materiais preparat\u00f3rios alinhados e elaborados conforme o edital. Com mais de tr\u00eas d\u00e9cadas de candidatos aprovados, ajudaremos voc\u00ea tamb\u00e9m nesta longa jornada. N\u00e3o perca mais tempo e comece a estudar ainda hoje para o cargo que ir\u00e1 mudar a sua vida!<\/p>\n\n\n\n<ul class=\"wp-block-list\">\n<li><strong>Confira:\u00a0<\/strong><a href=\"https:\/\/www.apostilasopcao.com.br\/concurso\/camara-de-francisco-morato-sp\">Apostila C\u00e2mara de Francisco Morato<\/a>!<\/li>\n<\/ul>\n\n\n\n<h2 class=\"wp-block-heading\">Como foi o \u00faltimo concurso C\u00e2mara de Francisco Morato?<\/h2>\n\n\n\n<p>O \u00faltimo concurso C\u00e2mara de Francisco Morato ocorreu em 2022 e foram ofertadas 6 vagas tempor\u00e1rias para candidatos de todos os n\u00edveis escolares, distribu\u00eddas entre os seguintes cargos:<\/p>\n\n\n\n<ul class=\"wp-block-list\">\n<li><strong>N\u00edvel fundamental:<\/strong>\n<ul class=\"wp-block-list\">\n<li>Auxiliar de servi\u00e7os gerais \u2013 feminino (1);<\/li>\n\n\n\n<li>Motorista (1);<\/li>\n\n\n\n<li>Seguran\u00e7a Patrimonial (1).<\/li>\n<\/ul>\n<\/li>\n\n\n\n<li><strong>N\u00edvel m\u00e9dio:<\/strong>\n<ul class=\"wp-block-list\">\n<li>Oficial Administrativo (1).<\/li>\n<\/ul>\n<\/li>\n\n\n\n<li><strong>N\u00edvel superior:<\/strong>\n<ul class=\"wp-block-list\">\n<li>Advogado (1);<\/li>\n\n\n\n<li>Contador (1).<\/li>\n<\/ul>\n<\/li>\n<\/ul>\n\n\n\n<p>A remunera\u00e7\u00e3o inicial variava, dependendo da escolaridade do cargo, podendo ser de R$1.593,50 a R$5.040,67.<\/p>\n\n\n\n<h3 class=\"wp-block-heading\" id=\"provas\">Etapas de sele\u00e7\u00e3o<\/h3>\n\n\n\n<p>A prova objetiva do concurso C\u00e2mara de Francisco Morato foi composta pelas seguintes disciplinas:<\/p>\n\n\n\n<ul class=\"wp-block-list\">\n<li>L\u00edngua Portuguesa<\/li>\n\n\n\n<li>No\u00e7\u00f5es de Inform\u00e1tica<\/li>\n\n\n\n<li>Conhecimentos B\u00e1sicos de Legisla\u00e7\u00e3o Municipal<\/li>\n\n\n\n<li>Conhecimentos Espec\u00edficos<\/li>\n<\/ul>\n\n\n\n<p>Al\u00e9m disso, houve Prova Dissertativa, de car\u00e1ter eliminat\u00f3rio e classificat\u00f3rio, para os candidatos ao cargo de Advogado.<\/p>\n\n\n\n<p>Por fim, houve tamb\u00e9m Prova Pr\u00e1tica, de car\u00e1ter eliminat\u00f3rio, aos candidatos que disputavam vaga para o cargo de Motorista.<\/p>\n\n\n\n<p><strong>Quer ficar por dentro de tudo sobre o universo de concursos?&nbsp;<a href=\"https:\/\/www.apostilasopcao.com.br\/blog\/noticias\/\">Confira as nossas not\u00edcias!<\/a><\/strong><\/p>\n","protected":false},"excerpt":{"rendered":"<p>O concurso C\u00e2mara de Francisco Morato est\u00e1 com inscri\u00e7\u00f5es abertas e oferece 8 vagas imediatas, al\u00e9m de cadastro reserva, para cargos de n\u00edveis fundamental, m\u00e9dio e superior, com sal\u00e1rios de at\u00e9 R$4,7 mil. Confira!<\/p>\n","protected":false},"author":12,"featured_media":9080,"comment_status":"closed","ping_status":"closed","sticky":false,"template":"","format":"standard","meta":{"_acf_changed":false,"breadcrumbs_single_post":"","page_title_panel":"","breadcrumbs_single_page":"","single_page_alignment":"","single_page_margin":"","page_structure_type":"","content_style_source":"","content_style":"","blog_post_streched_ed":"","blog_page_streched_ed":"","has_transparent_header":"","disable_transparent_header":"","vertical_spacing_source":"","content_area_spacing":"","single_post_content_background":"","single_page_content_background":"","single_post_boxed_content_spacing":"","single_page_boxed_content_spacing":"","single_post_content_boxed_radius":"","single_page_content_boxed_radius":"","disable_featured_image":"","disable_post_tags":"","disable_author_box":"","disable_posts_navigation":"","disable_comments":"","disable_related_posts":"","disable_header":"","disable_footer":"","footnotes":""},"categories":[4,6],"tags":[648],"class_list":["post-9074","post","type-post","status-publish","format-standard","has-post-thumbnail","hentry","category-noticias","category-sp","tag-concurso-camara-de-francisco-morato","rishi-post"],"acf":{"data_prova":"20260301","status":"aberto"},"_links":{"self":[{"href":"https:\/\/www.apostilasopcao.com.br\/blog\/wp-json\/wp\/v2\/posts\/9074","targetHints":{"allow":["GET"]}}],"collection":[{"href":"https:\/\/www.apostilasopcao.com.br\/blog\/wp-json\/wp\/v2\/posts"}],"about":[{"href":"https:\/\/www.apostilasopcao.com.br\/blog\/wp-json\/wp\/v2\/types\/post"}],"author":[{"embeddable":true,"href":"https:\/\/www.apostilasopcao.com.br\/blog\/wp-json\/wp\/v2\/users\/12"}],"replies":[{"embeddable":true,"href":"https:\/\/www.apostilasopcao.com.br\/blog\/wp-json\/wp\/v2\/comments?post=9074"}],"version-history":[{"count":8,"href":"https:\/\/www.apostilasopcao.com.br\/blog\/wp-json\/wp\/v2\/posts\/9074\/revisions"}],"predecessor-version":[{"id":9084,"href":"https:\/\/www.apostilasopcao.com.br\/blog\/wp-json\/wp\/v2\/posts\/9074\/revisions\/9084"}],"wp:featuredmedia":[{"embeddable":true,"href":"https:\/\/www.apostilasopcao.com.br\/blog\/wp-json\/wp\/v2\/media\/9080"}],"wp:attachment":[{"href":"https:\/\/www.apostilasopcao.com.br\/blog\/wp-json\/wp\/v2\/media?parent=9074"}],"wp:term":[{"taxonomy":"category","embeddable":true,"href":"https:\/\/www.apostilasopcao.com.br\/blog\/wp-json\/wp\/v2\/categories?post=9074"},{"taxonomy":"post_tag","embeddable":true,"href":"https:\/\/www.apostilasopcao.com.br\/blog\/wp-json\/wp\/v2\/tags?post=9074"}],"curies":[{"name":"wp","href":"https:\/\/api.w.org\/{rel}","templated":true}]}}