{"id":9153,"date":"2026-01-26T08:59:09","date_gmt":"2026-01-26T11:59:09","guid":{"rendered":"https:\/\/www.apostilasopcao.com.br\/blog\/?p=9153"},"modified":"2026-01-26T08:59:11","modified_gmt":"2026-01-26T11:59:11","slug":"sefa-pa","status":"publish","type":"post","link":"https:\/\/www.apostilasopcao.com.br\/blog\/sefa-pa\/","title":{"rendered":"Concurso Sefa PA: Inscri\u00e7\u00f5es abertas! 642 vagas!"},"content":{"rendered":"\n<p>Aten\u00e7\u00e3o concurseiros! O edital do concurso Sefa PA foi publicado com <strong>642 vagas<\/strong> para cargos de <strong>n\u00edvel superior<\/strong>, sendo <strong>286 imediatas<\/strong> e <strong>356 para cadastro reserva<\/strong>, com oportunidades para <strong>Auditor Fiscal<\/strong>, <strong>Fiscal de Receitas<\/strong>, <strong>Analista Fazend\u00e1rio<\/strong> e <strong>Analista do Tesouro<\/strong>, e sal\u00e1rios iniciais de at\u00e9 <strong>R$ 16.659,63<\/strong>, al\u00e9m disso, as inscri\u00e7\u00f5es j\u00e1 est\u00e3o abertas e seguem at\u00e9 o dia <strong>13 de fevereiro de 2026<\/strong>, enquanto as provas est\u00e3o previstas para os dias <strong>22 e 29 de mar\u00e7o de 2026<\/strong>. Para se preparar, confira a\u00a0<a href=\"https:\/\/www.apostilasopcao.com.br\/concurso\/secretaria-de-estado-da-fazenda-do-para-sefa-pa\">apostila Sefa PA<\/a>\u00a0com conte\u00fado completo e atualizado conforme o \u00faltimo edital.<\/p>\n\n\n\n<h2 class=\"wp-block-heading\">Resumo do edital<\/h2>\n\n\n\n<ul class=\"wp-block-list\">\n<li>Vagas: 286 imediatas + 356 CR<\/li>\n\n\n\n<li>Inscri\u00e7\u00f5es: 13\/01\/2026 a 13\/02\/2026<\/li>\n\n\n\n<li>Taxa de Inscri\u00e7\u00e3o: R$104,19 a R$114,19<\/li>\n\n\n\n<li>Prova: \n<ul class=\"wp-block-list\">\n<li>22\/03\/2026<\/li>\n\n\n\n<li>29\/03\/2026<\/li>\n<\/ul>\n<\/li>\n\n\n\n<li>Banca: FADESP<\/li>\n\n\n\n<li><a href=\"https:\/\/www.apostilasopcao.com.br\/blog\/wp-content\/uploads\/2026\/01\/edital-concurso-sefa-pa.pdf\">Baixe aqui o edital do concurso SEFA PA<\/a><\/li>\n<\/ul>\n\n\n\n<h2 class=\"wp-block-heading\">Concurso Sefa PA: Inscri\u00e7\u00f5es abertas!<\/h2>\n\n\n\n<p>As inscri\u00e7\u00f5es para o concurso Sefa PA j\u00e1 est\u00e3o abertas e devem ser realizadas exclusivamente pela internet, no site da <a href=\"https:\/\/portalfadesp.org.br\/?page_id=704\" target=\"_blank\" rel=\"noreferrer noopener\">FADESP<\/a>, banca organizadora do certame, no per\u00edodo de<strong> 13 de janeiro a 13 de fevereiro de 2026<\/strong>.<\/p>\n\n\n\n<p>Para se inscrever, o candidato deve preencher o formul\u00e1rio eletr\u00f4nico com seus dados pessoais, escolher o cargo desejado e indicar o munic\u00edpio onde realizar\u00e1 as provas.<\/p>\n\n\n\n<p>Vale destacar que o edital prev\u00ea <strong>inscri\u00e7\u00e3o \u00fanica por candidato<\/strong>, ou seja, n\u00e3o ser\u00e1 permitido concorrer a mais de um cargo no concurso Sefa PA.<\/p>\n\n\n\n<p>Para confirmar a participa\u00e7\u00e3o, ser\u00e1 obrigat\u00f3rio pagar a taxa dentro do prazo, conforme o grupo do cargo escolhido:<\/p>\n\n\n\n<ul class=\"wp-block-list\">\n<li>Cargos da \u00e1rea meio: <strong>R$ 104,19<\/strong><\/li>\n\n\n\n<li>Cargos da \u00e1rea fim: <strong>R$ 114,19<\/strong><\/li>\n<\/ul>\n\n\n\n<p>O pagamento da taxa de inscri\u00e7\u00e3o dever\u00e1 ser realizado at\u00e9 o dia <strong>13 de fevereiro de 2026<\/strong>.<\/p>\n\n\n\n<h3 class=\"wp-block-heading\">Isen\u00e7\u00e3o da taxa de inscri\u00e7\u00e3o<\/h3>\n\n\n\n<p>O pedido de isen\u00e7\u00e3o da taxa do concurso Sefa PA p\u00f4de ser realizado entre os dias <strong>13 e 16 de janeiro de 2026<\/strong>, diretamente no site da banca organizadora.<\/p>\n\n\n\n<p>Tiveram direito de solicitar a isen\u00e7\u00e3o os candidatos que se enquadravam em uma das condi\u00e7\u00f5es abaixo:<\/p>\n\n\n\n<ul class=\"wp-block-list\">\n<li>Inscritos no Cad\u00danico, com renda familiar per capita de at\u00e9 meio sal\u00e1rio m\u00ednimo ou renda familiar total de at\u00e9 tr\u00eas sal\u00e1rios m\u00ednimos;<\/li>\n\n\n\n<li>Pessoas com defici\u00eancia (PcD), com envio de laudo m\u00e9dico conforme as exig\u00eancias do edital;<\/li>\n\n\n\n<li>Mulheres v\u00edtimas de viol\u00eancia dom\u00e9stica, mediante comprova\u00e7\u00e3o de vulnerabilidade econ\u00f4mica e apresenta\u00e7\u00e3o de documenta\u00e7\u00e3o, como Boletim de Ocorr\u00eancia ou Medida Protetiva.<\/li>\n<\/ul>\n\n\n\n<h2 class=\"wp-block-heading\">Cargos, vagas e sal\u00e1rios<\/h2>\n\n\n\n<p>O edital do concurso Sefa PA prev\u00ea oportunidades para carreiras estrat\u00e9gicas da administra\u00e7\u00e3o estadual, com atua\u00e7\u00e3o nas \u00e1reas <strong>tribut\u00e1ria<\/strong>, <strong>fazend\u00e1ria<\/strong> e <strong>financeira<\/strong>.<\/p>\n\n\n\n<p>Ao todo, s\u00e3o <strong>642 vagas<\/strong>, sendo <strong>286 imediatas<\/strong> e <strong>356 em cadastro reserva<\/strong>, distribu\u00eddas entre cargos de <strong>\u00e1rea fim<\/strong> e <strong>\u00e1rea meio<\/strong>, todos com exig\u00eancia de <strong>n\u00edvel superior<\/strong>.<\/p>\n\n\n\n<p>A seguir, veja a distribui\u00e7\u00e3o completa do concurso Sefa PA:<\/p>\n\n\n\n<p><strong>Carreira de Administra\u00e7\u00e3o Tribut\u00e1ria \u2013 \u00c1rea Fim<\/strong><\/p>\n\n\n\n<ul class=\"wp-block-list\">\n<li>Auditor Fiscal de Receitas Estaduais (AFRE)\n<ul class=\"wp-block-list\">\n<li>50 vagas imediatas<\/li>\n\n\n\n<li>100 vagas em cadastro reserva<\/li>\n<\/ul>\n<\/li>\n\n\n\n<li>Fiscal de Receitas Estaduais (FRE)\n<ul class=\"wp-block-list\">\n<li>100 vagas imediatas<\/li>\n\n\n\n<li>50 vagas em cadastro reserva<\/li>\n<\/ul>\n<\/li>\n<\/ul>\n\n\n\n<p><strong>Carreira de Administra\u00e7\u00e3o Fazend\u00e1ria \u2013 \u00c1rea Meio<\/strong><\/p>\n\n\n\n<ul class=\"wp-block-list\">\n<li>Analista Fazend\u00e1rio\n<ul class=\"wp-block-list\">\n<li>100 vagas imediatas<\/li>\n\n\n\n<li>120 vagas em cadastro reserva<\/li>\n<\/ul>\n<\/li>\n\n\n\n<li>Analista Fazend\u00e1rio \u2013 Tecnologia da Informa\u00e7\u00e3o e Comunica\u00e7\u00e3o (TIC)\n<ul class=\"wp-block-list\">\n<li>10 vagas imediatas<\/li>\n\n\n\n<li>20 vagas em cadastro reserva<\/li>\n<\/ul>\n<\/li>\n\n\n\n<li>Analista Fazend\u00e1rio \u2013 Infraestrutura\n<ul class=\"wp-block-list\">\n<li>Arquitetura e Urbanismo: 1 vaga imediata + 4 CR<\/li>\n\n\n\n<li>Engenharia Civil: 1 vaga imediata + 4 CR<\/li>\n\n\n\n<li>Engenharia El\u00e9trica: 1 vaga imediata + 4 CR<\/li>\n\n\n\n<li>Engenharia Mec\u00e2nica: 1 vaga imediata + 4 CR<\/li>\n<\/ul>\n<\/li>\n\n\n\n<li>Analista Fazend\u00e1rio \u2013 Sa\u00fade Ocupacional\n<ul class=\"wp-block-list\">\n<li>Psicologia: 1 vaga imediata + 4 CR<\/li>\n\n\n\n<li>Servi\u00e7o Social: 1 vaga imediata + 4 CR<\/li>\n<\/ul>\n<\/li>\n<\/ul>\n\n\n\n<p><strong>Carreira de Administra\u00e7\u00e3o Financeira \u2013 \u00c1rea Meio<\/strong><\/p>\n\n\n\n<ul class=\"wp-block-list\">\n<li>Analista Cont\u00e1bil da Administra\u00e7\u00e3o Estadual\n<ul class=\"wp-block-list\">\n<li>14 vagas imediatas<\/li>\n\n\n\n<li>28 vagas em cadastro reserva<\/li>\n<\/ul>\n<\/li>\n\n\n\n<li>Analista do Tesouro Estadual \u2013 Administra\u00e7\u00e3o\n<ul class=\"wp-block-list\">\n<li>2 vagas imediatas<\/li>\n\n\n\n<li>6 vagas em cadastro reserva<\/li>\n<\/ul>\n<\/li>\n\n\n\n<li>Analista do Tesouro Estadual \u2013 Ci\u00eancias Econ\u00f4micas\n<ul class=\"wp-block-list\">\n<li>4 vagas imediatas<\/li>\n\n\n\n<li>8 vagas em cadastro reserva<\/li>\n<\/ul>\n<\/li>\n<\/ul>\n\n\n\n<p><strong>Para se preparar, confira a\u00a0<a href=\"https:\/\/www.apostilasopcao.com.br\/concurso\/secretaria-de-estado-da-fazenda-do-para-sefa-pa\">apostila Sefa PA<\/a>\u00a0com conte\u00fado completo e atualizado conforme o \u00faltimo edital.<\/strong><\/p>\n\n\n\n<h3 class=\"wp-block-heading\">Sal\u00e1rios<\/h3>\n\n\n\n<p>As remunera\u00e7\u00f5es iniciais do concurso Sefa PA variam conforme o cargo e a carreira, com os maiores sal\u00e1rios concentrados na <strong>\u00e1rea fim<\/strong>. Confira os valores previstos no edital:<\/p>\n\n\n\n<ul class=\"wp-block-list\">\n<li>Auditor Fiscal de Receitas Estaduais: <strong>R$ 16.659,63<\/strong><\/li>\n\n\n\n<li>Fiscal de Receitas Estaduais: <strong>R$ 13.161,11<\/strong><\/li>\n\n\n\n<li>Analistas (\u00e1reas fazend\u00e1ria e financeira): <strong>R$ 3.104,35<\/strong><\/li>\n<\/ul>\n\n\n\n<p>Al\u00e9m do vencimento b\u00e1sico, o edital informa que os servidores ter\u00e3o direito a <strong>vantagens legais<\/strong>, como <strong>gratifica\u00e7\u00f5es e adicionais<\/strong>, conforme a legisla\u00e7\u00e3o estadual aplic\u00e1vel.<\/p>\n\n\n\n<h2 class=\"wp-block-heading\">Requisitos b\u00e1sicos<\/h2>\n\n\n\n<p>Para tomar posse no concurso Sefa PA, o candidato dever\u00e1 cumprir os seguintes requisitos b\u00e1sicos:<\/p>\n\n\n\n<ul class=\"wp-block-list\">\n<li>Ter sido aprovado e classificado no concurso p\u00fablico, dentro do n\u00famero de vagas<\/li>\n\n\n\n<li>Ser brasileiro nato ou naturalizado, ou possuir os direitos previstos no artigo 12, \u00a71\u00ba, da Constitui\u00e7\u00e3o Federal<\/li>\n\n\n\n<li>No caso de nacionalidade portuguesa, estar amparado pelo estatuto de igualdade entre brasileiros e portugueses, com reconhecimento do gozo dos direitos pol\u00edticos, nos termos do \u00a71\u00ba do artigo 12 da Constitui\u00e7\u00e3o da Rep\u00fablica Federativa do Brasil e do artigo 13 do Decreto Federal n\u00ba 70.436, de 18 de abril de 1972<\/li>\n\n\n\n<li>Ter idade m\u00ednima de 18 anos completos na data da posse<\/li>\n\n\n\n<li>Comprovar o cumprimento das obriga\u00e7\u00f5es eleitorais e, quando do sexo masculino, das obriga\u00e7\u00f5es militares<\/li>\n\n\n\n<li>Estar em pleno exerc\u00edcio dos direitos pol\u00edticos<\/li>\n\n\n\n<li>Possuir a escolaridade m\u00ednima exigida para o cargo, conforme Anexo IV do edital, com diploma de n\u00edvel superior em curso de gradua\u00e7\u00e3o reconhecido pelo Minist\u00e9rio da Educa\u00e7\u00e3o (MEC) ou expedido por institui\u00e7\u00e3o de ensino superior reconhecida pelos \u00f3rg\u00e3os governamentais, conforme exig\u00eancia dos cargos da \u00e1rea meio<\/li>\n\n\n\n<li>Apresentar declara\u00e7\u00e3o de bens e valores que constituem o patrim\u00f4nio, conforme o Decreto Estadual n\u00ba 1.712, de 12 de julho de 2021<\/li>\n\n\n\n<li>Apresentar, no ato da posse, declara\u00e7\u00e3o de que n\u00e3o acumula cargo, emprego ou fun\u00e7\u00e3o p\u00fablica, nem proventos de inatividade, ressalvadas as hip\u00f3teses de acumula\u00e7\u00e3o l\u00edcita previstas no inciso XVI do artigo 37 da Constitui\u00e7\u00e3o Federal<\/li>\n\n\n\n<li>Ser considerado apto f\u00edsica e mentalmente para o exerc\u00edcio do cargo, conforme exame m\u00e9dico pr\u00e9-admissional realizado pela per\u00edcia m\u00e9dica oficial, mediante apresenta\u00e7\u00e3o de exames cl\u00ednicos e laboratoriais, \u00e0s expensas do candidato<\/li>\n\n\n\n<li>N\u00e3o ter sofrido san\u00e7\u00e3o que impe\u00e7a o exerc\u00edcio de cargo p\u00fablico por qualquer \u00f3rg\u00e3o ou entidade da administra\u00e7\u00e3o p\u00fablica federal, estadual ou municipal<\/li>\n\n\n\n<li>Possuir reputa\u00e7\u00e3o ilibada<\/li>\n\n\n\n<li>N\u00e3o ter sido condenado, com tr\u00e2nsito em julgado, por crimes cometidos com viol\u00eancia dom\u00e9stica e familiar contra a mulher, conforme disposto no artigo 6\u00ba-A e par\u00e1grafo \u00fanico da Lei Estadual n\u00ba 5.810\/1994<\/li>\n\n\n\n<li>N\u00e3o possuir contra si ordem de pris\u00e3o ou medida protetiva decretada nos termos da Lei Federal n\u00ba 11.340, de 7 de agosto de 2006<\/li>\n<\/ul>\n\n\n\n<h2 class=\"wp-block-heading\">Etapas de sele\u00e7\u00e3o<\/h2>\n\n\n\n<p>Os candidatos inscritos no concurso Sefa PA ser\u00e3o avaliados <strong>exclusivamente por provas objetivas<\/strong>, de car\u00e1ter <strong>eliminat\u00f3rio e classificat\u00f3rio<\/strong>, aplicadas em duas etapas, conforme o cargo escolhido.<\/p>\n\n\n\n<p>As avalia\u00e7\u00f5es ocorrer\u00e3o em datas diferentes para os cargos da <strong>\u00e1rea fim<\/strong> e da <strong>\u00e1rea meio<\/strong>, seguindo o cronograma oficial estabelecido no edital.<\/p>\n\n\n\n<p>As provas objetivas do concurso Sefa PA ser\u00e3o aplicadas nos seguintes munic\u00edpios do Par\u00e1:<\/p>\n\n\n\n<ul class=\"wp-block-list\">\n<li>Bel\u00e9m<\/li>\n\n\n\n<li>Altamira<\/li>\n\n\n\n<li>Itaituba<\/li>\n\n\n\n<li>Marab\u00e1<\/li>\n\n\n\n<li>Reden\u00e7\u00e3o<\/li>\n\n\n\n<li>Santar\u00e9m<\/li>\n<\/ul>\n\n\n\n<p>A cidade de realiza\u00e7\u00e3o dever\u00e1 ser escolhida pelo candidato no momento da inscri\u00e7\u00e3o. J\u00e1 as provas do concurso Sefa PA est\u00e3o previstas para as seguintes datas:<\/p>\n\n\n\n<ul class=\"wp-block-list\">\n<li><strong>\u00c1rea Fim \u2013 Auditor Fiscal e Fiscal de Receitas<\/strong>\n<ul class=\"wp-block-list\">\n<li>Prova de Conhecimentos Gerais: 22 de mar\u00e7o de 2026<\/li>\n\n\n\n<li>Prova de Conhecimentos Espec\u00edficos: 29 de mar\u00e7o de 2026<\/li>\n<\/ul>\n<\/li>\n\n\n\n<li><strong>\u00c1rea Meio \u2013 Analistas Fazend\u00e1rios e Analistas do Tesouro<\/strong>\n<ul class=\"wp-block-list\">\n<li>29 de mar\u00e7o de 2026<\/li>\n<\/ul>\n<\/li>\n<\/ul>\n\n\n\n<p>Confira abaixo os hor\u00e1rios previstos para aplica\u00e7\u00e3o das provas do concurso Sefa PA:<\/p>\n\n\n\n<ul class=\"wp-block-list\">\n<li>Abertura dos port\u00f5es: 7h<\/li>\n\n\n\n<li>Fechamento dos port\u00f5es: 8h<\/li>\n\n\n\n<li>In\u00edcio das provas: 8h30<\/li>\n\n\n\n<li>Encerramento das provas: 13h30<\/li>\n\n\n\n<li>Dura\u00e7\u00e3o total: 5 horas<\/li>\n<\/ul>\n\n\n\n<h3 class=\"wp-block-heading\">Prova Objetiva<\/h3>\n\n\n\n<p>As provas do concurso Sefa PA ser\u00e3o compostas por quest\u00f5es de m\u00faltipla escolha, com cinco alternativas (A, B, C, D e E) e apenas uma correta. A avalia\u00e7\u00e3o ser\u00e1 aplicada em duas partes:<\/p>\n\n\n\n<ul class=\"wp-block-list\">\n<li>Prova 1: Conhecimentos Gerais<\/li>\n\n\n\n<li>Prova 2: Conhecimentos Espec\u00edficos<\/li>\n<\/ul>\n\n\n\n<p>Confira a distribui\u00e7\u00e3o das quest\u00f5es:<\/p>\n\n\n\n<p><strong>Auditor Fiscal de Receitas Estaduais (AFRE)<\/strong><\/p>\n\n\n\n<p>Prova 1 \u2013 Conhecimentos Gerais (100 quest\u00f5es)<\/p>\n\n\n\n<ul class=\"wp-block-list\">\n<li>L\u00edngua Portuguesa: 15 quest\u00f5es<\/li>\n\n\n\n<li>Matem\u00e1tica Financeira e Estat\u00edstica: 15 quest\u00f5es<\/li>\n\n\n\n<li>Administra\u00e7\u00e3o P\u00fablica e \u00c9tica: 10 quest\u00f5es<\/li>\n\n\n\n<li>Direito Administrativo, Civil, Empresarial e Penal: 25 quest\u00f5es<\/li>\n\n\n\n<li>Direito Constitucional: 15 quest\u00f5es<\/li>\n\n\n\n<li>Flu\u00eancia em Dados: 20 quest\u00f5es<\/li>\n<\/ul>\n\n\n\n<p>Prova 2 \u2013 Conhecimentos Espec\u00edficos (100 quest\u00f5es)<\/p>\n\n\n\n<ul class=\"wp-block-list\">\n<li>Direito Tribut\u00e1rio: 30 quest\u00f5es<\/li>\n\n\n\n<li>Legisla\u00e7\u00e3o Tribut\u00e1ria do Estado do Par\u00e1: 25 quest\u00f5es<\/li>\n\n\n\n<li>Contabilidade Geral, Avan\u00e7ada e de Custos: 20 quest\u00f5es<\/li>\n\n\n\n<li>Auditoria: 15 quest\u00f5es<\/li>\n<\/ul>\n\n\n\n<p><strong>Fiscal de Receitas Estaduais (FRE)<\/strong><\/p>\n\n\n\n<p>Prova 1 \u2013 Conhecimentos Gerais (85 quest\u00f5es)<\/p>\n\n\n\n<ul class=\"wp-block-list\">\n<li>L\u00edngua Portuguesa: 15 quest\u00f5es<\/li>\n\n\n\n<li>Matem\u00e1tica Financeira e Estat\u00edstica: 15 quest\u00f5es<\/li>\n\n\n\n<li>Administra\u00e7\u00e3o P\u00fablica e \u00c9tica: 10 quest\u00f5es<\/li>\n\n\n\n<li>Direito Administrativo, Civil, Empresarial e Penal: 20 quest\u00f5es<\/li>\n\n\n\n<li>Flu\u00eancia em Dados: 25 quest\u00f5es<\/li>\n<\/ul>\n\n\n\n<p>Prova 2 \u2013 Conhecimentos Espec\u00edficos (100 quest\u00f5es)<\/p>\n\n\n\n<ul class=\"wp-block-list\">\n<li>Direito Tribut\u00e1rio: 30 quest\u00f5es<\/li>\n\n\n\n<li>Legisla\u00e7\u00e3o Tribut\u00e1ria do Estado do Par\u00e1: 25 quest\u00f5es<\/li>\n\n\n\n<li>Contabilidade Geral: 20 quest\u00f5es<\/li>\n\n\n\n<li>Direito Constitucional: 15 quest\u00f5es<\/li>\n\n\n\n<li>Economia Regional: 10 quest\u00f5es<\/li>\n<\/ul>\n\n\n\n<p><strong>Cargos de \u00c1rea Meio \u2013 Analistas<\/strong><\/p>\n\n\n\n<p>Prova 1 \u2013 Conhecimentos Gerais (50 quest\u00f5es)<\/p>\n\n\n\n<ul class=\"wp-block-list\">\n<li>L\u00edngua Portuguesa: 15 quest\u00f5es<\/li>\n\n\n\n<li>Matem\u00e1tica ou Racioc\u00ednio L\u00f3gico: 5 quest\u00f5es<\/li>\n\n\n\n<li>Administra\u00e7\u00e3o P\u00fablica e \u00c9tica: 5 quest\u00f5es<\/li>\n\n\n\n<li>Direito Administrativo: 5 quest\u00f5es<\/li>\n\n\n\n<li>No\u00e7\u00f5es de Tecnologia da Informa\u00e7\u00e3o: 5 quest\u00f5es<\/li>\n\n\n\n<li>Direito Constitucional: 5 quest\u00f5es<\/li>\n\n\n\n<li>Direito Tribut\u00e1rio Geral: 5 quest\u00f5es<\/li>\n\n\n\n<li>Contabilidade Geral: 5 quest\u00f5es<\/li>\n<\/ul>\n\n\n\n<p>Prova 2 \u2013 Conhecimentos Espec\u00edficos (50 quest\u00f5es)<\/p>\n\n\n\n<ul class=\"wp-block-list\">\n<li>Conte\u00fados espec\u00edficos conforme a especialidade do cargo<\/li>\n<\/ul>\n\n\n\n<p>Para ser considerado aprovado nas provas objetivas do concurso Sefa PA, o candidato dever\u00e1 cumprir simultaneamente os seguintes requisitos:<\/p>\n\n\n\n<ul class=\"wp-block-list\">\n<li>Alcan\u00e7ar, no m\u00ednimo, <strong>40% de aproveitamento em cada disciplina<\/strong> que comp\u00f5e as provas<\/li>\n\n\n\n<li>Obter, no m\u00ednimo, <strong>60% do total de pontos<\/strong>, considerando a soma das <strong>Provas 1 e 2<\/strong><\/li>\n<\/ul>\n\n\n\n<h3 class=\"wp-block-heading\">Somos a melhor Op\u00e7\u00e3o<\/h3>\n\n\n\n<p>Quer conquistar uma vaga no concurso Sefa PA? Somos a melhore Op\u00e7\u00e3o! N\u00f3s preparamos diversos materiais realmente focados conforme o edital que te ajudar\u00e3o a conquistar o cargo dos sonhos. N\u00e3o perca mais tempo e comece a se preparar ainda hoje!<\/p>\n\n\n\n<p><strong>Confira:\u00a0<a href=\"https:\/\/www.apostilasopcao.com.br\/concurso\/secretaria-de-estado-da-fazenda-do-para-sefa-pa\">Apostilas Sefa PA<\/a>!<\/strong><\/p>\n\n\n\n<h2 class=\"wp-block-heading\">Como foi o \u00faltimo concurso Sefa PA?<\/h2>\n\n\n\n<p>O \u00faltimo concurso Sefa PA ocorreu em 2022 e foram ofertadas 200 vagas ao todo, sendo distribu\u00eddas da seguinte forma:<\/p>\n\n\n\n<ul class=\"wp-block-list\">\n<li>Auditor Fiscal: 38 vagas imediatas + 112 de Cadastro Reserva;<\/li>\n\n\n\n<li>Fiscal de Receitas: 10 vagas imediatas + 40 de Cadastro Reserva.<\/li>\n<\/ul>\n\n\n\n<p>A remunera\u00e7\u00e3o do cargo de Auditor Fiscal era de&nbsp;<strong>R$15.076,58<\/strong>&nbsp;e do Fiscal de Receitas era de&nbsp;<strong>R$ 11.910,51<\/strong>.<\/p>\n\n\n\n<h3 class=\"wp-block-heading\" id=\"provas-sefapa\">Etapas de sele\u00e7\u00e3o<\/h3>\n\n\n\n<p>O certame foi composto por provas objetivas de car\u00e1ter eliminat\u00f3rio e classificat\u00f3rio. Os exames contaram com 180 quest\u00f5es de m\u00faltipla escolha. As disciplinas versadas na provas foram:<\/p>\n\n\n\n<p><strong>Auditor Fiscal de Receitas Estaduais<\/strong><\/p>\n\n\n\n<ul class=\"wp-block-list\">\n<li>Portugu\u00eas: 20 quest\u00f5es<\/li>\n\n\n\n<li>Matem\u00e1tica financeira e estat\u00edstica: 20 quest\u00f5es<\/li>\n\n\n\n<li>Administra\u00e7\u00e3o e \u00e9tica na gest\u00e3o p\u00fablica: 10 quest\u00f5es<\/li>\n\n\n\n<li>Direito (administrativo, civil e penal): 20 quest\u00f5es<\/li>\n\n\n\n<li>Direito constitucional: 20 quest\u00f5es<\/li>\n\n\n\n<li>Tecnologia da informa\u00e7\u00e3o: 10 quest\u00f5es<\/li>\n\n\n\n<li>Direito tribut\u00e1rio: 20 quest\u00f5es<\/li>\n\n\n\n<li>Legisla\u00e7\u00e3o tribut\u00e1ria do Estado do Par\u00e1: 20 quest\u00f5es<\/li>\n\n\n\n<li>Contabilidade geral, avan\u00e7ada e de custos: 20 quest\u00f5es<\/li>\n\n\n\n<li>Auditoria: 15 quest\u00f5es<\/li>\n\n\n\n<li>Economia: 5 quest\u00f5es<\/li>\n<\/ul>\n\n\n\n<p><strong>Fiscal de Receitas Estaduais<\/strong><\/p>\n\n\n\n<ul class=\"wp-block-list\">\n<li>Portugu\u00eas: 20 quest\u00f5es<\/li>\n\n\n\n<li>Matem\u00e1tica financeira e estat\u00edstica: 20 quest\u00f5es<\/li>\n\n\n\n<li>Administra\u00e7\u00e3o e \u00e9tica na Gest\u00e3o P\u00fablica: 20 quest\u00f5es<\/li>\n\n\n\n<li>Direito (administrativo, civil e penal): 20 quest\u00f5es<\/li>\n\n\n\n<li>Tecnologia da informa\u00e7\u00e3o: 20 quest\u00f5es<\/li>\n\n\n\n<li>Direito tribut\u00e1rio: 20 quest\u00f5es<\/li>\n\n\n\n<li>Legisla\u00e7\u00e3o tribut\u00e1ria do Estado do Par\u00e1: 20 quest\u00f5es<\/li>\n\n\n\n<li>Contabilidade geral: 20 quest\u00f5es<\/li>\n\n\n\n<li>Economia: 5 quest\u00f5es<\/li>\n\n\n\n<li>Direito Constitucional: 15 quest\u00f5es<\/li>\n<\/ul>\n\n\n\n<p><strong>Quer ficar por dentro de tudo sobre o universo de concursos?&nbsp;<a href=\"https:\/\/www.apostilasopcao.com.br\/blog\/noticias\/\">Confira as nossas not\u00edcias!<\/a><\/strong><\/p>\n","protected":false},"excerpt":{"rendered":"<p>O concurso Sefa PA est\u00e1 com inscri\u00e7\u00f5es abertas e oferta 642 vagas para cargos de n\u00edvel superior, com sal\u00e1rios iniciais de at\u00e9 R$ 16.659,63 e provas para mar\u00e7o de 2026. Saiba mais!<\/p>\n","protected":false},"author":12,"featured_media":9156,"comment_status":"closed","ping_status":"closed","sticky":false,"template":"","format":"standard","meta":{"_acf_changed":false,"breadcrumbs_single_post":"","page_title_panel":"","breadcrumbs_single_page":"","single_page_alignment":"","single_page_margin":"","page_structure_type":"","content_style_source":"","content_style":"","blog_post_streched_ed":"","blog_page_streched_ed":"","has_transparent_header":"","disable_transparent_header":"","vertical_spacing_source":"","content_area_spacing":"","single_post_content_background":"","single_page_content_background":"","single_post_boxed_content_spacing":"","single_page_boxed_content_spacing":"","single_post_content_boxed_radius":"","single_page_content_boxed_radius":"","disable_featured_image":"","disable_post_tags":"","disable_author_box":"","disable_posts_navigation":"","disable_comments":"","disable_related_posts":"","disable_header":"","disable_footer":"","footnotes":""},"categories":[4,19],"tags":[654],"class_list":["post-9153","post","type-post","status-publish","format-standard","has-post-thumbnail","hentry","category-noticias","category-pa","tag-concurso-sefa-pa","rishi-post"],"acf":{"data_prova":"20260329","status":"aberto"},"_links":{"self":[{"href":"https:\/\/www.apostilasopcao.com.br\/blog\/wp-json\/wp\/v2\/posts\/9153","targetHints":{"allow":["GET"]}}],"collection":[{"href":"https:\/\/www.apostilasopcao.com.br\/blog\/wp-json\/wp\/v2\/posts"}],"about":[{"href":"https:\/\/www.apostilasopcao.com.br\/blog\/wp-json\/wp\/v2\/types\/post"}],"author":[{"embeddable":true,"href":"https:\/\/www.apostilasopcao.com.br\/blog\/wp-json\/wp\/v2\/users\/12"}],"replies":[{"embeddable":true,"href":"https:\/\/www.apostilasopcao.com.br\/blog\/wp-json\/wp\/v2\/comments?post=9153"}],"version-history":[{"count":13,"href":"https:\/\/www.apostilasopcao.com.br\/blog\/wp-json\/wp\/v2\/posts\/9153\/revisions"}],"predecessor-version":[{"id":9344,"href":"https:\/\/www.apostilasopcao.com.br\/blog\/wp-json\/wp\/v2\/posts\/9153\/revisions\/9344"}],"wp:featuredmedia":[{"embeddable":true,"href":"https:\/\/www.apostilasopcao.com.br\/blog\/wp-json\/wp\/v2\/media\/9156"}],"wp:attachment":[{"href":"https:\/\/www.apostilasopcao.com.br\/blog\/wp-json\/wp\/v2\/media?parent=9153"}],"wp:term":[{"taxonomy":"category","embeddable":true,"href":"https:\/\/www.apostilasopcao.com.br\/blog\/wp-json\/wp\/v2\/categories?post=9153"},{"taxonomy":"post_tag","embeddable":true,"href":"https:\/\/www.apostilasopcao.com.br\/blog\/wp-json\/wp\/v2\/tags?post=9153"}],"curies":[{"name":"wp","href":"https:\/\/api.w.org\/{rel}","templated":true}]}}