{"id":9169,"date":"2026-01-26T09:10:32","date_gmt":"2026-01-26T12:10:32","guid":{"rendered":"https:\/\/www.apostilasopcao.com.br\/blog\/?p=9169"},"modified":"2026-01-26T09:10:45","modified_gmt":"2026-01-26T12:10:45","slug":"prefeitura-de-jarinu-sp","status":"publish","type":"post","link":"https:\/\/www.apostilasopcao.com.br\/blog\/prefeitura-de-jarinu-sp\/","title":{"rendered":"Concurso Guarda de Jarinu: Saiu edital com 17 vagas!"},"content":{"rendered":"\n<p>Foi publicado o edital do concurso Prefeitura de Jarinu, que oferta <strong>17 vagas imediatas<\/strong>, al\u00e9m de <strong>forma\u00e7\u00e3o de cadastro reserva<\/strong>, para o cargo de <strong>Guarda Municipal<\/strong>. A carreira exige <strong>n\u00edvel m\u00e9dio completo<\/strong> e conta com remunera\u00e7\u00e3o inicial de <strong>R$ 4.057,00<\/strong>. As <strong>inscri\u00e7\u00f5es<\/strong> poder\u00e3o ser realizadas entre <strong>22 de janeiro e 5 de mar\u00e7o de 2026<\/strong>, e as <strong>provas<\/strong> est\u00e3o previstas para o dia <strong>29 de mar\u00e7o de 2026<\/strong>. Para se preparar, confira a\u00a0<a href=\"https:\/\/www.apostilasopcao.com.br\/concurso\/prefeitura-municipal-de-jarinu-sp\">apostila Prefeitura de Jarinu<\/a>\u00a0com conte\u00fado completo e atualizado conforme o \u00faltimo edital.<\/p>\n\n\n\n<h2 class=\"wp-block-heading\">Resumo do edital<\/h2>\n\n\n\n<ul class=\"wp-block-list\">\n<li>Vagas: 17+CR<\/li>\n\n\n\n<li>Inscri\u00e7\u00f5es: 22\/01\/2026 a 05\/03\/2026<\/li>\n\n\n\n<li>Taxa de Inscri\u00e7\u00e3o: R$72,00<\/li>\n\n\n\n<li>Prova: 29\/03\/2026<\/li>\n\n\n\n<li>Banca: Instituto Mais<\/li>\n\n\n\n<li><a href=\"https:\/\/www.apostilasopcao.com.br\/blog\/wp-content\/uploads\/2026\/01\/edital-concurso-prefeitura-de-jarinu.pdf\">Baixe aqui o edital do concurso Prefeitura de Jarinu<\/a><\/li>\n<\/ul>\n\n\n\n<h2 class=\"wp-block-heading\">Como se inscrever no concurso Prefeitura de Jarinu?<\/h2>\n\n\n\n<p>As inscri\u00e7\u00f5es do concurso Prefeitura de Jarinu dever\u00e3o ser realizadas exclusivamente pela internet, no site do <a href=\"https:\/\/www.institutomais.org.br\/Concursos\/Detalhe\/10633\" target=\"_blank\" rel=\"noreferrer noopener\">Instituto Mais<\/a>, entre os dias <strong>22 de janeiro e 5 de mar\u00e7o de 2026<\/strong>.<\/p>\n\n\n\n<p>Ap\u00f3s o preenchimento do formul\u00e1rio de inscri\u00e7\u00e3o, o candidato dever\u00e1 emitir o boleto banc\u00e1rio para pagamento da taxa. Para o cargo de Guarda Municipal, o valor da inscri\u00e7\u00e3o \u00e9 de <strong>R$ 72,00<\/strong>, com pagamento permitido at\u00e9 o dia <strong>6 de mar\u00e7o de 2026<\/strong>.<\/p>\n\n\n\n<h3 class=\"wp-block-heading\">Isen\u00e7\u00e3o da taxa de inscri\u00e7\u00e3o<\/h3>\n\n\n\n<p>O edital do concurso Prefeitura de Jarinu prev\u00ea a possibilidade de isen\u00e7\u00e3o da taxa de inscri\u00e7\u00e3o somente para candidatos amparados pela <strong>Lei Federal n\u00ba 13.656\/2018<\/strong>.<\/p>\n\n\n\n<p>Poder\u00e3o solicitar isen\u00e7\u00e3o:<\/p>\n\n\n\n<ul class=\"wp-block-list\">\n<li>candidatos inscritos no Cad\u00danico, com renda familiar per capita de at\u00e9 meio sal\u00e1rio m\u00ednimo; ou<\/li>\n\n\n\n<li>doadores de medula \u00f3ssea, cadastrados no REDOME.<\/li>\n<\/ul>\n\n\n\n<p>O pedido dever\u00e1 ser feito exclusivamente no site do Instituto Mais, nos dias <strong>22 e 23 de janeiro de 2026<\/strong>, conforme as orienta\u00e7\u00f5es previstas no edital do concurso Prefeitura de Jarinu.<\/p>\n\n\n\n<h2 class=\"wp-block-heading\">Cargos, vagas e sal\u00e1rios<\/h2>\n\n\n\n<p>O edital do concurso Prefeitura de Jarinu oferta <strong>17 vagas imediatas<\/strong>, al\u00e9m de <strong>forma\u00e7\u00e3o de cadastro reserva<\/strong>, para o cargo de <strong>Guarda Municipal<\/strong>, com exig\u00eancia de <strong>ensino m\u00e9dio completo<\/strong>.<\/p>\n\n\n\n<p>Conforme indicado no documento, os aprovados do concurso Prefeitura de Jarinu ter\u00e3o sal\u00e1rio inicial de <strong>R$ 4.057,00<\/strong>. A jornada de trabalho poder\u00e1 variar conforme a necessidade da Administra\u00e7\u00e3o, podendo ser cumprida em <strong>hor\u00e1rio administrativo<\/strong> ou em <strong>escala de revezamento<\/strong>, como <strong>12\u00d736<\/strong> e <strong>12\u00d724\/12\u00d748<\/strong>, de acordo com as normas estabelecidas pela Prefeitura.<\/p>\n\n\n\n<p><strong>Para se preparar, confira a\u00a0<a href=\"https:\/\/www.apostilasopcao.com.br\/concurso\/prefeitura-municipal-de-jarinu-sp\">apostila Prefeitura de Jarinu<\/a>\u00a0com conte\u00fado completo e atualizado conforme o \u00faltimo edital.<\/strong><\/p>\n\n\n\n<h2 class=\"wp-block-heading\">Requisitos b\u00e1sicos<\/h2>\n\n\n\n<p>Para tomar posse no cargo de GCM do concurso Prefeitura de Jarinu, o candidato dever\u00e1 atender aos seguintes requisitos b\u00e1sicos:<\/p>\n\n\n\n<ul class=\"wp-block-list\">\n<li>Ter sido aprovado e classificado neste Concurso P\u00fablico;<\/li>\n\n\n\n<li>Ter nacionalidade brasileira ou portuguesa, amparada pelo Estatuto da Igualdade entre Brasileiros e Portugueses, conforme o disposto nos termos do Par\u00e1grafo 1\u00ba, Artigo 12, da Constitui\u00e7\u00e3o Federal, e do Decreto Federal n\u00ba 70.436\/72, ou ser naturalizado brasileiro conforme legisla\u00e7\u00e3o vigente no pa\u00eds at\u00e9 a data da posse;<\/li>\n\n\n\n<li>Possuir os Requisitos M\u00ednimos Exigidos para o Cargo, sendo:\n<ul class=\"wp-block-list\">\n<li>Ter conclu\u00eddo o curso de Ensino M\u00e9dio, ou equivalente, comprovado por meio de documento expedido por estabelecimento de Ensino Oficial ou Particular, devidamente reconhecido pela legisla\u00e7\u00e3o vigente;<\/li>\n\n\n\n<li>Ter idade igual ou superior a 18 (dezoito) anos, na data de in\u00edcio do curso de forma\u00e7\u00e3o;<\/li>\n\n\n\n<li>Ter estatura m\u00ednima, descal\u00e7o e descoberto, de 1,60m (um metro e sessenta cent\u00edmetros), se for do sexo masculino, e 1,55m (um metro e cinquenta e cinco cent\u00edmetros), se for do sexo feminino;<\/li>\n<\/ul>\n<\/li>\n\n\n\n<li>Ser portador de Carteira Nacional de Habilita\u00e7\u00e3o (CNH), categoria \u201cA\u201d e categoria \u201cB\u201d ou superior, no m\u00ednimo, v\u00e1lida;<\/li>\n\n\n\n<li>Encontrar-se na frui\u00e7\u00e3o dos direitos civis e pol\u00edticos;<\/li>\n\n\n\n<li>Encontrar-se em dia no cumprimento das obriga\u00e7\u00f5es militares na data da posse;<\/li>\n\n\n\n<li>Estar quite com a Justi\u00e7a Eleitoral na data da posse;<\/li>\n\n\n\n<li>N\u00e3o ter sofrido nos \u00faltimos 3 (tr\u00eas) anos, se funcion\u00e1rio p\u00fablico federal, estadual ou municipal, quando do exerc\u00edcio de cargo p\u00fablico, emprego p\u00fablico ou fun\u00e7\u00e3o p\u00fablica, a pena de expuls\u00e3o, demiss\u00e3o a bem do servi\u00e7o p\u00fablico ou por justa causa;<\/li>\n\n\n\n<li>N\u00e3o possuir antecedentes criminas nos \u00faltimos 5 (cinco) anos;<\/li>\n\n\n\n<li>Idoneidade moral comprovada por investiga\u00e7\u00e3o social e certid\u00f5es expedidas perante o Poder Judici\u00e1rio Estadual, Federal e Distrital.<\/li>\n\n\n\n<li>N\u00e3o ser aposentado por invalidez e n\u00e3o estar com idade de aposentadoria compuls\u00f3ria;<\/li>\n\n\n\n<li>N\u00e3o ter sofrido, no exerc\u00edcio do Cargo, Emprego ou Fun\u00e7\u00e3o P\u00fablica, penalidade incompat\u00edvel com nova investidura em Cargo;\n<ul class=\"wp-block-list\">\n<li>Fica vedada a nomea\u00e7\u00e3o, daquele que foi condenado, com tr\u00e2nsito em julgado, nas condi\u00e7\u00f5es previstas na Lei Federal n\u00b0 11.340, de 07 de agosto de 2006 (Lei Maria da Penha), na Lei Federal n\u00b0 10.741, de 1\u00b0 de outubro de 2003 (Estatuto do Idoso), e na Lei Federal n\u00b0 8.069, de 13 de julho de 1990 (Estatuto da Crian\u00e7a e do Adolescente).<\/li>\n<\/ul>\n<\/li>\n\n\n\n<li>N\u00e3o encontrar-se acumulando Cargo, Emprego ou Fun\u00e7\u00e3o P\u00fablica em desconformidade com as hip\u00f3teses de acumula\u00e7\u00e3o l\u00edcitas previstas em Lei, e na Constitui\u00e7\u00e3o Federal;<\/li>\n\n\n\n<li>Ter aptid\u00e3o f\u00edsica e mental e n\u00e3o ser portador de defici\u00eancia incompat\u00edvel com o exerc\u00edcio do Cargo, comprovada mediante sujei\u00e7\u00e3o a exame de sa\u00fade admissional a ser realizado pelo Servi\u00e7o de Seguran\u00e7a e Medicina do Trabalho \u2013 SESMT da PREFEITURA MUNICIPAL DE JARINU\/SP, quando da posse.<\/li>\n<\/ul>\n\n\n\n<h2 class=\"wp-block-heading\">Atribui\u00e7\u00f5es do cargo<\/h2>\n\n\n\n<p>Confira as atribui\u00e7\u00f5es do cargo de GCM no concurso Prefeitura de Jarinu:<\/p>\n\n\n\n<ul class=\"wp-block-list\">\n<li>Zelar por bens, equipamentos e pr\u00e9dios p\u00fablicos do Munic\u00edpio;<\/li>\n\n\n\n<li>Atuar na preven\u00e7\u00e3o e coibi\u00e7\u00e3o de infra\u00e7\u00f5es e atos contra servi\u00e7os e instala\u00e7\u00f5es municipais, com patrulhamento a p\u00e9 ou com viaturas;<\/li>\n\n\n\n<li>Proteger de forma preventiva a popula\u00e7\u00e3o no territ\u00f3rio municipal;<\/li>\n\n\n\n<li>Apoiar \u00f3rg\u00e3os de seguran\u00e7a p\u00fablica em a\u00e7\u00f5es integradas;<\/li>\n\n\n\n<li>Contribuir para a pacifica\u00e7\u00e3o de conflitos, respeitando direitos fundamentais;<\/li>\n\n\n\n<li>Exercer atribui\u00e7\u00f5es de tr\u00e2nsito quando autorizado por lei ou conv\u00eanio;<\/li>\n\n\n\n<li>Proteger o patrim\u00f4nio ambiental, hist\u00f3rico e cultural do Munic\u00edpio;<\/li>\n\n\n\n<li>Cooperar com a Defesa Civil e atuar em ocorr\u00eancias emergenciais;<\/li>\n\n\n\n<li>Encaminhar autor de crime \u00e0 autoridade policial em caso de flagrante, quando necess\u00e1rio;<\/li>\n\n\n\n<li>Auxiliar na seguran\u00e7a escolar, em grandes eventos e na prote\u00e7\u00e3o de autoridades;<\/li>\n\n\n\n<li>Conduzir ve\u00edculos oficiais, operar comunica\u00e7\u00e3o e executar rotinas administrativas do cargo.<\/li>\n<\/ul>\n\n\n\n<h2 class=\"wp-block-heading\">Etapas de sele\u00e7\u00e3o<\/h2>\n\n\n\n<p>O concurso Prefeitura de Jarinu ser\u00e1 composto pelas seguintes etapas:<\/p>\n\n\n\n<ul class=\"wp-block-list\">\n<li><strong>Prova Objetiva<\/strong>&nbsp;\u2013 eliminat\u00f3rio e classificat\u00f3rio<\/li>\n\n\n\n<li><strong>Prova Dissertativa (Reda\u00e7\u00e3o)<\/strong>&nbsp;\u2013 eliminat\u00f3rio e classificat\u00f3rio<\/li>\n\n\n\n<li><strong>Exame M\u00e9dico Espec\u00edfico e Toxicol\u00f3gico<\/strong>&nbsp;\u2013 eliminat\u00f3rio<\/li>\n\n\n\n<li><strong>Teste de Aptid\u00e3o F\u00edsica (TAF)<\/strong>&nbsp;\u2013 eliminat\u00f3rio<\/li>\n\n\n\n<li><strong>Avalia\u00e7\u00e3o Psicol\u00f3gica<\/strong>&nbsp;\u2013 eliminat\u00f3rio<\/li>\n\n\n\n<li><strong>Avalia\u00e7\u00e3o e Prova de T\u00edtulos<\/strong>&nbsp;\u2013 classificat\u00f3rio<\/li>\n\n\n\n<li><strong>Investiga\u00e7\u00e3o Social e Comportamental<\/strong>&nbsp;\u2013 eliminat\u00f3rio<\/li>\n\n\n\n<li><strong>Curso de Forma\u00e7\u00e3o de Guarda Municipal<\/strong>&nbsp;\u2013 eliminat\u00f3rio<\/li>\n<\/ul>\n\n\n\n<h3 class=\"wp-block-heading\">Prova objetiva<\/h3>\n\n\n\n<p>A prova objetiva do concurso Prefeitura de Jarinu est\u00e1 prevista para o dia <strong>29 de mar\u00e7o de 2026<\/strong>, no per\u00edodo da manh\u00e3, com <strong>dura\u00e7\u00e3o total de 4 horas<\/strong>.<\/p>\n\n\n\n<p>O exame ser\u00e1 composto por quest\u00f5es de m\u00faltipla escolha, com 4 alternativas e apenas uma correta, abrangendo conte\u00fados gerais e espec\u00edficos relacionados \u00e0 atua\u00e7\u00e3o da Guarda Municipal. <\/p>\n\n\n\n<p>Confira, a seguir, a distribui\u00e7\u00e3o das quest\u00f5es:<\/p>\n\n\n\n<ul class=\"wp-block-list\">\n<li>L\u00edngua Portuguesa: 10 quest\u00f5es;<\/li>\n\n\n\n<li>Racioc\u00ednio L\u00f3gico-Matem\u00e1tico: 08 quest\u00f5es;<\/li>\n\n\n\n<li>Conhecimentos B\u00e1sicos de Legisla\u00e7\u00e3o Municipal: 07 quest\u00f5es;<\/li>\n\n\n\n<li>Conhecimentos Espec\u00edficos: 25 quest\u00f5es.<\/li>\n<\/ul>\n\n\n\n<p>A pontua\u00e7\u00e3o da prova ser\u00e1 de 0 a 100 pontos, sendo considerado habilitado no concurso Prefeitura de Jarinu o candidato que atingir no <strong>m\u00ednimo 50 pontos<\/strong>.<\/p>\n\n\n\n<h3 class=\"wp-block-heading\">Somos a melhor Op\u00e7\u00e3o<\/h3>\n\n\n\n<p>Quer conquistar uma vaga no concurso Prefeitura de Jarinu? Somos a melhore Op\u00e7\u00e3o! N\u00f3s preparamos diversos materiais realmente focados conforme o edital que te ajudar\u00e3o a conquistar o cargo dos sonhos. N\u00e3o perca mais tempo e comece a se preparar ainda hoje!<\/p>\n\n\n\n<p><strong>Confira:\u00a0<a href=\"https:\/\/www.apostilasopcao.com.br\/concurso\/prefeitura-municipal-de-jarinu-sp\">Apostilas Prefeitura de Jarinu<\/a>!<\/strong><\/p>\n\n\n\n<h3 class=\"wp-block-heading\">Prova Dissertativa<\/h3>\n\n\n\n<p>A prova dissertativa do concurso Prefeitura de Jarinu ser\u00e1 aplicada no <strong>mesmo dia da<\/strong> <strong>prova objetiva<\/strong>, em 29 de mar\u00e7o de 2026, tamb\u00e9m no per\u00edodo da manh\u00e3 e dentro do tempo total de 4 horas.<\/p>\n\n\n\n<p>A etapa consistir\u00e1 em uma <strong>proposta de reda\u00e7\u00e3o<\/strong>, com produ\u00e7\u00e3o de texto entre <strong>20 e 30 linhas<\/strong>, sobre tema relacionado aos <strong>Conhecimentos Espec\u00edficos<\/strong> do cargo.<\/p>\n\n\n\n<p>Na corre\u00e7\u00e3o, a banca avaliar\u00e1:<\/p>\n\n\n\n<ul class=\"wp-block-list\">\n<li>compreens\u00e3o e dom\u00ednio do tema;<\/li>\n\n\n\n<li>desenvolvimento e adequa\u00e7\u00e3o da argumenta\u00e7\u00e3o;<\/li>\n\n\n\n<li>conex\u00e3o e pertin\u00eancia das ideias;<\/li>\n\n\n\n<li>objetividade e sequ\u00eancia l\u00f3gica;<\/li>\n\n\n\n<li>uso correto da norma-padr\u00e3o da L\u00edngua Portuguesa.<\/li>\n<\/ul>\n\n\n\n<p>A corre\u00e7\u00e3o da reda\u00e7\u00e3o ser\u00e1 feita somente para os candidatos habilitados na prova objetiva, respeitando os quantitativos estabelecidos no edital. A nota tamb\u00e9m varia de 0 a 100 pontos, sendo necess\u00e1rio obter <strong>m\u00ednimo de 50 pontos<\/strong> para ser considerado habilitado no concurso Prefeitura de Jarinu.<\/p>\n\n\n\n<h3 class=\"wp-block-heading\">Exame M\u00e9dico Espec\u00edfico e Toxicol\u00f3gico<\/h3>\n\n\n\n<p>Os candidatos aprovados na primeira fase ser\u00e3o convocados para a <strong>segunda etapa<\/strong> do concurso Prefeitura de Jarinu, composta por exames m\u00e9dicos espec\u00edficos e exame toxicol\u00f3gico, ambos de <strong>car\u00e1ter eliminat\u00f3rio<\/strong>.<\/p>\n\n\n\n<p>Essa fase tem como objetivo verificar se o candidato apresenta as <strong>condi\u00e7\u00f5es f\u00edsicas e de sa\u00fade<\/strong> necess\u00e1rias para o exerc\u00edcio das atribui\u00e7\u00f5es do cargo de Guarda Municipal, incluindo avalia\u00e7\u00e3o cl\u00ednica geral e a apresenta\u00e7\u00e3o de exames complementares.<\/p>\n\n\n\n<p>Entre os exames previstos, est\u00e3o:<\/p>\n\n\n\n<ul class=\"wp-block-list\">\n<li>teste ergom\u00e9trico de esfor\u00e7o;<\/li>\n\n\n\n<li>glicemia em jejum;<\/li>\n\n\n\n<li>raio-x da coluna lombar;<\/li>\n\n\n\n<li>exames toxicol\u00f3gicos de larga janela de detec\u00e7\u00e3o;<\/li>\n\n\n\n<li>avalia\u00e7\u00e3o oftalmol\u00f3gica;<\/li>\n\n\n\n<li>audiometria tonal e vocal.<\/li>\n<\/ul>\n\n\n\n<p>O candidato ser\u00e1 considerado APTO ou INAPTO, sendo eliminado em caso de inaptid\u00e3o, aus\u00eancia de exames exigidos ou resultado positivo no toxicol\u00f3gico, conforme crit\u00e9rios do edital.<\/p>\n\n\n\n<h3 class=\"wp-block-heading\">Teste de Aptid\u00e3o F\u00edsica<\/h3>\n\n\n\n<p>O Teste de Aptid\u00e3o F\u00edsica (TAF) do concurso Prefeitura de Jarinu \u00e9 uma etapa de <strong>car\u00e1ter eliminat\u00f3rio<\/strong> e ser\u00e1 aplicado ap\u00f3s a aprova\u00e7\u00e3o nos exames m\u00e9dicos. A fase tem como finalidade verificar se o candidato possui a condi\u00e7\u00e3o f\u00edsica m\u00ednima exigida para o desempenho das atribui\u00e7\u00f5es da Guarda Municipal, considerando as exig\u00eancias de preparo, resist\u00eancia e aptid\u00e3o compat\u00edveis com o cargo.<\/p>\n\n\n\n<p>Para participar, ser\u00e1 obrigat\u00f3rio apresentar <strong>atestado m\u00e9dico espec\u00edfico<\/strong>, emitido em at\u00e9 <strong>30 dias \u00fateis<\/strong> antes da realiza\u00e7\u00e3o do teste, declarando que o candidato est\u00e1 <strong>apto a realizar esfor\u00e7os f\u00edsicos<\/strong>. A aus\u00eancia desse documento impedir\u00e1 a participa\u00e7\u00e3o na etapa, resultando em elimina\u00e7\u00e3o.<\/p>\n\n\n\n<p>Os testes do TAF incluem:<\/p>\n\n\n\n<ul class=\"wp-block-list\">\n<li>flex\u00e3o abdominal;<\/li>\n\n\n\n<li>flex\u00e3o de bra\u00e7os;<\/li>\n\n\n\n<li>corrida de 12 minutos.<\/li>\n<\/ul>\n\n\n\n<p>Para aprova\u00e7\u00e3o, ser\u00e1 necess\u00e1rio atingir os \u00edndices m\u00ednimos estabelecidos em edital, como:<\/p>\n\n\n\n<ul class=\"wp-block-list\">\n<li>abdominal (1 minuto): 25 repeti\u00e7\u00f5es (feminino) \/ 30 repeti\u00e7\u00f5es (masculino);<\/li>\n\n\n\n<li>flex\u00e3o de bra\u00e7o (1 minuto): 20 repeti\u00e7\u00f5es (ambos);<\/li>\n\n\n\n<li>corrida (12 minutos): 1.800m (feminino) \/ 2.000m (masculino).<\/li>\n<\/ul>\n\n\n\n<h3 class=\"wp-block-heading\">Avalia\u00e7\u00e3o Psicol\u00f3gica<\/h3>\n\n\n\n<p>A Avalia\u00e7\u00e3o Psicol\u00f3gica do concurso Prefeitura de Jarinu possui car\u00e1ter eliminat\u00f3rio e ser\u00e1 aplicada aos candidatos aprovados no TAF. Essa etapa tem como finalidade analisar o perfil psicol\u00f3gico compat\u00edvel com o cargo, incluindo crit\u00e9rios relacionados ao porte e manuseio de arma de fogo, conforme legisla\u00e7\u00e3o vigente.<\/p>\n\n\n\n<p>Ser\u00e3o avaliados aspectos como:<\/p>\n\n\n\n<ul class=\"wp-block-list\">\n<li>controle emocional;<\/li>\n\n\n\n<li>resist\u00eancia \u00e0 frustra\u00e7\u00e3o;<\/li>\n\n\n\n<li>impulsividade;<\/li>\n\n\n\n<li>autoconfian\u00e7a;<\/li>\n\n\n\n<li>capacidade de cooperar e trabalhar em grupo;<\/li>\n\n\n\n<li>relacionamento interpessoal;<\/li>\n\n\n\n<li>resist\u00eancia \u00e0 fadiga psicof\u00edsica;<\/li>\n\n\n\n<li>sinais f\u00f3bicos e disr\u00edtmicos.<\/li>\n<\/ul>\n\n\n\n<p>O resultado ser\u00e1 divulgado como APTO ou INAPTO, sendo eliminados os candidatos que n\u00e3o apresentarem perfil adequado ou que n\u00e3o comparecerem na data convocada.<\/p>\n\n\n\n<h3 class=\"wp-block-heading\">Avalia\u00e7\u00e3o e Prova de T\u00edtulos<\/h3>\n\n\n\n<p>A etapa de t\u00edtulos do concurso Prefeitura de Jarinu possui car\u00e1ter exclusivamente classificat\u00f3rio e permite ao candidato somar pontos extras na classifica\u00e7\u00e3o final.<\/p>\n\n\n\n<p>A pontua\u00e7\u00e3o m\u00e1xima \u00e9 de 5 pontos, considerando t\u00edtulos como:<\/p>\n\n\n\n<figure class=\"wp-block-image size-full\"><img loading=\"lazy\" decoding=\"async\" width=\"887\" height=\"389\" src=\"https:\/\/www.apostilasopcao.com.br\/blog\/wp-content\/uploads\/2026\/01\/image-51.png\" alt=\"T\u00edtulos aceitos no concurso Prefeitura de Jarinu\" class=\"wp-image-9174\" srcset=\"https:\/\/www.apostilasopcao.com.br\/blog\/wp-content\/uploads\/2026\/01\/image-51.png 887w, https:\/\/www.apostilasopcao.com.br\/blog\/wp-content\/uploads\/2026\/01\/image-51-300x132.png 300w, https:\/\/www.apostilasopcao.com.br\/blog\/wp-content\/uploads\/2026\/01\/image-51-768x337.png 768w\" sizes=\"auto, (max-width: 887px) 100vw, 887px\" \/><\/figure>\n\n\n\n<h3 class=\"wp-block-heading\">Investiga\u00e7\u00e3o Social e Comportamental<\/h3>\n\n\n\n<p>A Investiga\u00e7\u00e3o Social do concurso Prefeitura de Jarinu \u00e9 uma fase eliminat\u00f3ria conduzida pela Corregedoria da Guarda Municipal. O objetivo \u00e9 avaliar a vida pregressa e atual do candidato, nos aspectos social, moral, profissional e escolar, assegurando que o aprovado apresente idoneidade compat\u00edvel com o cargo.<\/p>\n\n\n\n<p>Essa etapa exige entrega de documenta\u00e7\u00e3o espec\u00edfica, como certid\u00f5es criminais e eleitorais, comprovantes, fotos e formul\u00e1rios pr\u00f3prios, al\u00e9m de possibilitar dilig\u00eancias e an\u00e1lise de conduta.<\/p>\n\n\n\n<p>O candidato ser\u00e1 considerado APTO ou INAPTO, sendo eliminado em caso de reprova\u00e7\u00e3o, inconsist\u00eancias ou omiss\u00f5es nas informa\u00e7\u00f5es.<\/p>\n\n\n\n<h3 class=\"wp-block-heading\">Curso de Forma\u00e7\u00e3o de Guarda Municipal<\/h3>\n\n\n\n<p>O Curso de Forma\u00e7\u00e3o do concurso Prefeitura de Jarinu tem car\u00e1ter eliminat\u00f3rio e ser\u00e1 realizado ap\u00f3s a aprova\u00e7\u00e3o nas etapas anteriores. O curso ter\u00e1 dura\u00e7\u00e3o de 3 meses, com m\u00ednimo de 600 horas, e seguir\u00e1 a matriz curricular exigida pela SENASP, conforme o Estatuto Geral das Guardas Municipais.<\/p>\n\n\n\n<p>Durante o curso, o candidato ser\u00e1 avaliado continuamente e precisar\u00e1 obter m\u00e9dia m\u00ednima de 5,0 para aprova\u00e7\u00e3o. Ap\u00f3s concluir o curso com aproveitamento, o candidato poder\u00e1 ser efetivado como Guarda Municipal 3\u00aa Classe, conforme regras do edital.<\/p>\n\n\n\n<p><strong>Quer ficar por dentro de tudo sobre o universo de concursos?&nbsp;<a href=\"https:\/\/www.apostilasopcao.com.br\/blog\/noticias\/\">Confira as nossas not\u00edcias!<\/a><\/strong><\/p>\n","protected":false},"excerpt":{"rendered":"<p>O concurso Guarda de Jarinu teve edital publicado com 17 vagas imediatas, al\u00e9m de cadastro reserva, para o cargo de Guarda Municipal. A fun\u00e7\u00e3o exige n\u00edvel m\u00e9dio e oferece sal\u00e1rio inicial de R$ 4.057,00, com inscri\u00e7\u00f5es de 22 de janeiro a 5 de mar\u00e7o de 2026 e provas previstas para 29 de mar\u00e7o de 2026. Saiba mais!<\/p>\n","protected":false},"author":12,"featured_media":9172,"comment_status":"closed","ping_status":"closed","sticky":false,"template":"","format":"standard","meta":{"_acf_changed":false,"breadcrumbs_single_post":"","page_title_panel":"","breadcrumbs_single_page":"","single_page_alignment":"","single_page_margin":"","page_structure_type":"","content_style_source":"","content_style":"","blog_post_streched_ed":"","blog_page_streched_ed":"","has_transparent_header":"","disable_transparent_header":"","vertical_spacing_source":"","content_area_spacing":"","single_post_content_background":"","single_page_content_background":"","single_post_boxed_content_spacing":"","single_page_boxed_content_spacing":"","single_post_content_boxed_radius":"","single_page_content_boxed_radius":"","disable_featured_image":"","disable_post_tags":"","disable_author_box":"","disable_posts_navigation":"","disable_comments":"","disable_related_posts":"","disable_header":"","disable_footer":"","footnotes":""},"categories":[4,6],"tags":[655],"class_list":["post-9169","post","type-post","status-publish","format-standard","has-post-thumbnail","hentry","category-noticias","category-sp","tag-concurso-prefeitura-de-janiru","rishi-post"],"acf":{"data_prova":"20260329","status":"aberto"},"_links":{"self":[{"href":"https:\/\/www.apostilasopcao.com.br\/blog\/wp-json\/wp\/v2\/posts\/9169","targetHints":{"allow":["GET"]}}],"collection":[{"href":"https:\/\/www.apostilasopcao.com.br\/blog\/wp-json\/wp\/v2\/posts"}],"about":[{"href":"https:\/\/www.apostilasopcao.com.br\/blog\/wp-json\/wp\/v2\/types\/post"}],"author":[{"embeddable":true,"href":"https:\/\/www.apostilasopcao.com.br\/blog\/wp-json\/wp\/v2\/users\/12"}],"replies":[{"embeddable":true,"href":"https:\/\/www.apostilasopcao.com.br\/blog\/wp-json\/wp\/v2\/comments?post=9169"}],"version-history":[{"count":10,"href":"https:\/\/www.apostilasopcao.com.br\/blog\/wp-json\/wp\/v2\/posts\/9169\/revisions"}],"predecessor-version":[{"id":9347,"href":"https:\/\/www.apostilasopcao.com.br\/blog\/wp-json\/wp\/v2\/posts\/9169\/revisions\/9347"}],"wp:featuredmedia":[{"embeddable":true,"href":"https:\/\/www.apostilasopcao.com.br\/blog\/wp-json\/wp\/v2\/media\/9172"}],"wp:attachment":[{"href":"https:\/\/www.apostilasopcao.com.br\/blog\/wp-json\/wp\/v2\/media?parent=9169"}],"wp:term":[{"taxonomy":"category","embeddable":true,"href":"https:\/\/www.apostilasopcao.com.br\/blog\/wp-json\/wp\/v2\/categories?post=9169"},{"taxonomy":"post_tag","embeddable":true,"href":"https:\/\/www.apostilasopcao.com.br\/blog\/wp-json\/wp\/v2\/tags?post=9169"}],"curies":[{"name":"wp","href":"https:\/\/api.w.org\/{rel}","templated":true}]}}