{"id":9204,"date":"2026-04-15T07:47:20","date_gmt":"2026-04-15T10:47:20","guid":{"rendered":"https:\/\/www.apostilasopcao.com.br\/blog\/?p=9204"},"modified":"2026-04-15T07:47:23","modified_gmt":"2026-04-15T10:47:23","slug":"ses-df","status":"publish","type":"post","link":"https:\/\/www.apostilasopcao.com.br\/blog\/ses-df\/","title":{"rendered":"Concurso SES DF: Banca contratada! Edital \u00e9 iminente!"},"content":{"rendered":"\n<p>Boas not\u00edcias concurseiros! O concurso SES DF avan\u00e7ou mais uma etapa importante com a <strong>defini\u00e7\u00e3o da banca organizadora<\/strong>. Foi publicado no <strong>Di\u00e1rio Oficial <\/strong>do dia <strong>14 de abril<\/strong> o extrato contratual que oficializa o <strong>Instituto Avalia<\/strong> como respons\u00e1vel pela organiza\u00e7\u00e3o do certame. Com isso, cresce a expectativa pela divulga\u00e7\u00e3o do edital, que trar\u00e1 oportunidades para a \u00e1rea da sa\u00fade. Ao todo, ser\u00e3o ofertadas <strong>900 vagas<\/strong> tempor\u00e1rias para cargos da carreira de gest\u00e3o e assist\u00eancia p\u00fablica \u00e0 sa\u00fade, com oportunidades para n\u00edveis t\u00e9cnico e superior. As contrata\u00e7\u00f5es ter\u00e3o dura\u00e7\u00e3o inicial de um ano, podendo ser prorrogadas, e contar\u00e3o com remunera\u00e7\u00e3o de <strong>R$ 3.600,72<\/strong>. Para se preparar, confira a\u00a0<a href=\"https:\/\/www.apostilasopcao.com.br\/concurso\/ses-df-secretaria-de-saude-do-distrito-federal\">Apostila SES DF<\/a>\u00a0com conte\u00fado completo e atualizado conforme o edital!<\/p>\n\n\n\n<h2 class=\"wp-block-heading\">Concurso SES DF: Situa\u00e7\u00e3o atual!<\/h2>\n\n\n\n<p>A realiza\u00e7\u00e3o do concurso SES DF para a carreira de Especialista em Sa\u00fade foi reafirmada pela Secretaria de Sa\u00fade do Distrito Federal em comunicado divulgado em <strong>agosto de 2025<\/strong>, no qual o \u00f3rg\u00e3o informou que o <strong>novo certame<\/strong> segue nos planos da administra\u00e7\u00e3o e tem como objetivo recompor o quadro efetivo de profissionais.<\/p>\n\n\n\n<p>O processo seletivo simplificado do concurso SES DF encontra-se em est\u00e1gio avan\u00e7ado e j\u00e1 conta com defini\u00e7\u00e3o oficial da banca organizadora. Conforme publica\u00e7\u00e3o no <strong>Di\u00e1rio Oficial em 14 de abril<\/strong>, o <strong>Instituto Avalia <\/strong>foi contratado para conduzir o certame, o que representa um passo decisivo rumo \u00e0 publica\u00e7\u00e3o do edital, aguardada para breve.<\/p>\n\n\n\n<figure class=\"wp-block-image size-full is-resized\"><img loading=\"lazy\" decoding=\"async\" width=\"730\" height=\"537\" src=\"https:\/\/www.apostilasopcao.com.br\/blog\/wp-content\/uploads\/2026\/01\/Captura-de-tela-2026-04-15-073915-convertido-de-png.webp\" alt=\"Concurso SES DF: Situa\u00e7\u00e3o atual!\" class=\"wp-image-12083\" style=\"aspect-ratio:1.359437458057363;width:694px;height:auto\" srcset=\"https:\/\/www.apostilasopcao.com.br\/blog\/wp-content\/uploads\/2026\/01\/Captura-de-tela-2026-04-15-073915-convertido-de-png.webp 730w, https:\/\/www.apostilasopcao.com.br\/blog\/wp-content\/uploads\/2026\/01\/Captura-de-tela-2026-04-15-073915-convertido-de-png-300x221.webp 300w\" sizes=\"auto, (max-width: 730px) 100vw, 730px\" \/><\/figure>\n\n\n\n<p>A sele\u00e7\u00e3o do concurso SES DF ofertar\u00e1 <strong>900 vagas tempor\u00e1rias<\/strong>, sendo <strong>300 vagas imediatas e 600 para forma\u00e7\u00e3o de cadastro de reserva<\/strong>, destinadas a cargos da carreira de gest\u00e3o e assist\u00eancia p\u00fablica \u00e0 sa\u00fade. As oportunidades est\u00e3o distribu\u00eddas da seguinte forma:<\/p>\n\n\n\n<ul class=\"wp-block-list\">\n<li><strong>Analista em Gest\u00e3o e Assist\u00eancia P\u00fablica \u00e0 Sa\u00fade (Condutor de Ve\u00edculo de Urg\u00eancia e Emerg\u00eancia):<\/strong> 150 vagas imediatas + 300 CR<\/li>\n\n\n\n<li><strong>T\u00e9cnico em Gest\u00e3o e Assist\u00eancia P\u00fablica \u00e0 Sa\u00fade (T\u00e9cnico de Apoio Operacional \u2013 Padioleiro):<\/strong> 150 vagas imediatas + 300 CR<\/li>\n<\/ul>\n\n\n\n<p>A remunera\u00e7\u00e3o prevista varia entre <strong>R$ 3.600,72 (T\u00e9cnico)<\/strong> e <strong>R$ 3.679,26 (Analista)<\/strong>. As contrata\u00e7\u00f5es ter\u00e3o car\u00e1ter tempor\u00e1rio, com dura\u00e7\u00e3o inicial de <strong>1 ano<\/strong>, podendo ser prorrogadas por igual per\u00edodo, conforme a necessidade da administra\u00e7\u00e3o p\u00fablica.<\/p>\n\n\n\n<p>Outro ponto importante \u00e9 que o modelo de sele\u00e7\u00e3o ser\u00e1 mais simplificado em rela\u00e7\u00e3o a concursos tradicionais, n\u00e3o havendo prova objetiva. O processo ser\u00e1 composto por etapas voltadas \u00e0 an\u00e1lise de perfil e documenta\u00e7\u00e3o dos candidatos, sendo elas:<\/p>\n\n\n\n<ul class=\"wp-block-list\">\n<li><strong>Etapa I:<\/strong> An\u00e1lise curricular e documental, de car\u00e1ter eliminat\u00f3rio e classificat\u00f3rio, respons\u00e1vel pela pontua\u00e7\u00e3o e classifica\u00e7\u00e3o dos candidatos<\/li>\n\n\n\n<li><strong>Etapa II:<\/strong> Procedimento de heteroidentifica\u00e7\u00e3o, destinado aos candidatos que se autodeclararem pretos ou pardos<\/li>\n\n\n\n<li><strong>Etapa III:<\/strong> Avalia\u00e7\u00e3o biopsicossocial, voltada aos candidatos que concorrem \u00e0s vagas reservadas para pessoas com defici\u00eancia<\/li>\n<\/ul>\n\n\n\n<p>Com a banca j\u00e1 definida e o modelo de sele\u00e7\u00e3o estabelecido, o concurso SES DF se aproxima da fase de publica\u00e7\u00e3o do edital, sendo uma oportunidade relevante para quem busca ingresso r\u00e1pido na \u00e1rea da sa\u00fade p\u00fablica, especialmente pela contrata\u00e7\u00e3o \u00e1gil e pela aus\u00eancia de prova objetiva.<\/p>\n\n\n\n<h2 class=\"wp-block-heading\">Como foi o \u00faltimo concurso SES DF?<\/h2>\n\n\n\n<p>O&nbsp;concurso <a href=\"https:\/\/www.saude.df.gov.br\/\" target=\"_blank\" rel=\"noreferrer noopener\">SES DF<\/a>&nbsp;para o cargo de T\u00e9cnico em Enfermagem teve edital publicado em 2023, sob organiza\u00e7\u00e3o da banca FUNATEC. A sele\u00e7\u00e3o integrou o planejamento da Secretaria de Sa\u00fade do Distrito Federal para refor\u00e7o do quadro efetivo da \u00e1rea assistencial.<\/p>\n\n\n\n<h4 class=\"wp-block-heading\">Cargos, vagas e remunera\u00e7\u00e3o<\/h4>\n\n\n\n<p>O certame ofertou vagas imediatas e forma\u00e7\u00e3o de cadastro reserva, conforme quadro abaixo:<\/p>\n\n\n\n<ul class=\"wp-block-list\">\n<li><strong>Cargo<\/strong>: T\u00e9cnico em Enfermagem<\/li>\n\n\n\n<li><strong>Vagas<\/strong>: 200 imediatas + 1.000 em cadastro reserva<\/li>\n\n\n\n<li><strong>Remunera\u00e7\u00e3o inicial<\/strong>: R$ 1.735,50<\/li>\n<\/ul>\n\n\n\n<p>Para concorrer ao cargo, foi exigido certificado de conclus\u00e3o do ensino m\u00e9dio, curso t\u00e9cnico em Enfermagem ou habilita\u00e7\u00e3o legal equivalente, al\u00e9m de registro regular no respectivo conselho de classe.<\/p>\n\n\n\n<p><strong>Para se preparar, confira a\u00a0<a href=\"https:\/\/www.apostilasopcao.com.br\/concurso\/ses-df-secretaria-de-saude-do-distrito-federal\">Apostila SES DF<\/a>\u00a0com conte\u00fado completo e atualizado conforme o edital!<\/strong><\/p>\n\n\n\n<h3 class=\"wp-block-heading\">Etapas do concurso SES DF<\/h3>\n\n\n\n<p>O concurso SES DF para T\u00e9cnico em Enfermagem foi composto por etapa \u00fanica, consistente em&nbsp;<strong>prova objetiva<\/strong>, com car\u00e1ter eliminat\u00f3rio e classificat\u00f3rio.<\/p>\n\n\n\n<p>A avalia\u00e7\u00e3o foi formada por quest\u00f5es de m\u00faltipla escolha, cada uma com quatro alternativas e apenas uma resposta correta. Foram atribu\u00eddos zero ponto \u00e0s quest\u00f5es deixadas em branco, com marca\u00e7\u00e3o dupla ou com rasuras.<\/p>\n\n\n\n<h4 class=\"wp-block-heading\">Prova Objetiva<\/h4>\n\n\n\n<p>A prova foi distribu\u00edda entre conhecimentos b\u00e1sicos e espec\u00edficos, da seguinte forma:<\/p>\n\n\n\n<ul class=\"wp-block-list\">\n<li><strong>L\u00edngua Portuguesa<\/strong>: 10 quest\u00f5es<\/li>\n\n\n\n<li><strong>Legisla\u00e7\u00e3o Aplicada aos Servidores do Distrito Federal<\/strong>: 10 quest\u00f5es<\/li>\n\n\n\n<li><strong>Sistema \u00danico de Sa\u00fade (SUS)<\/strong>: 8 quest\u00f5es<\/li>\n\n\n\n<li><strong>Racioc\u00ednio L\u00f3gico-Matem\u00e1tico<\/strong>: 5 quest\u00f5es<\/li>\n\n\n\n<li><strong>Plano Distrital de Pol\u00edtica para as Mulheres<\/strong>: 2 quest\u00f5es<\/li>\n\n\n\n<li><strong>No\u00e7\u00f5es B\u00e1sicas de Inform\u00e1tica<\/strong>: 5 quest\u00f5es<\/li>\n\n\n\n<li><strong>Conhecimentos Espec\u00edficos do Cargo<\/strong>: 30 quest\u00f5es<\/li>\n<\/ul>\n\n\n\n<h3 class=\"wp-block-heading\">Somos a melhor Op\u00e7\u00e3o<\/h3>\n\n\n\n<p>Quer conquistar uma vaga no concurso SES DF? Somos a melhore Op\u00e7\u00e3o! N\u00f3s preparamos diversos materiais realmente focados conforme o edital que te ajudar\u00e3o a conquistar o cargo dos sonhos. N\u00e3o perca mais tempo e comece a se preparar ainda hoje!<\/p>\n\n\n\n<p><strong>Confira:&nbsp;<a href=\"https:\/\/www.apostilasopcao.com.br\/concurso\/ses-df-secretaria-de-saude-do-distrito-federal\">Apostilas SES DF<\/a>!<\/strong><\/p>\n\n\n\n<p>Para permanecer no certame, o candidato precisou atingir pontua\u00e7\u00e3o m\u00ednima obrigat\u00f3ria em \u00e1reas estrat\u00e9gicas da prova, sendo:<\/p>\n\n\n\n<ul class=\"wp-block-list\">\n<li><strong>m\u00ednimo de 30 pontos em Conhecimentos Espec\u00edficos<\/strong>;<\/li>\n\n\n\n<li><strong>m\u00ednimo de 5 pontos em L\u00edngua Portuguesa<\/strong>;<\/li>\n\n\n\n<li><strong>m\u00ednimo de 15 pontos no conjunto de Conhecimentos B\u00e1sicos<\/strong>, que engloba legisla\u00e7\u00e3o, SUS, racioc\u00ednio l\u00f3gico, pol\u00edtica para mulheres e inform\u00e1tica.<\/li>\n<\/ul>\n\n\n\n<p>O n\u00e3o atendimento a qualquer um desses crit\u00e9rios resultou na elimina\u00e7\u00e3o autom\u00e1tica do candidato.<\/p>\n\n\n\n<p><strong>Quer ficar por dentro de tudo sobre o universo de concursos?&nbsp;<a href=\"https:\/\/www.apostilasopcao.com.br\/blog\/noticias\/\">Confira as nossas not\u00edcias!<\/a><\/strong><\/p>\n","protected":false},"excerpt":{"rendered":"<p>O concurso SES DF avan\u00e7ou com a defini\u00e7\u00e3o do Instituto Avalia como banca organizadora, conforme publica\u00e7\u00e3o no Di\u00e1rio Oficial de 14 de abril. A sele\u00e7\u00e3o ofertar\u00e1 900 vagas tempor\u00e1rias para cargos da \u00e1rea da sa\u00fade, com contratos de at\u00e9 um ano, prorrog\u00e1veis, e sal\u00e1rio inicial de R$ 3.600,72. Confira!<\/p>\n","protected":false},"author":13,"featured_media":12084,"comment_status":"closed","ping_status":"closed","sticky":false,"template":"","format":"standard","meta":{"_acf_changed":false,"breadcrumbs_single_post":"","page_title_panel":"","breadcrumbs_single_page":"","single_page_alignment":"","single_page_margin":"","page_structure_type":"","content_style_source":"","content_style":"","blog_post_streched_ed":"","blog_page_streched_ed":"","has_transparent_header":"","disable_transparent_header":"","vertical_spacing_source":"","content_area_spacing":"","single_post_content_background":"","single_page_content_background":"","single_post_boxed_content_spacing":"","single_page_boxed_content_spacing":"","single_post_content_boxed_radius":"","single_page_content_boxed_radius":"","disable_featured_image":"","disable_post_tags":"","disable_author_box":"","disable_posts_navigation":"","disable_comments":"","disable_related_posts":"","disable_header":"","disable_footer":"","footnotes":""},"categories":[4,12],"tags":[657],"class_list":["post-9204","post","type-post","status-publish","format-standard","has-post-thumbnail","hentry","category-noticias","category-df","tag-concurso-ses-df","rishi-post"],"acf":{"data_prova":null,"status":"previsto"},"_links":{"self":[{"href":"https:\/\/www.apostilasopcao.com.br\/blog\/wp-json\/wp\/v2\/posts\/9204","targetHints":{"allow":["GET"]}}],"collection":[{"href":"https:\/\/www.apostilasopcao.com.br\/blog\/wp-json\/wp\/v2\/posts"}],"about":[{"href":"https:\/\/www.apostilasopcao.com.br\/blog\/wp-json\/wp\/v2\/types\/post"}],"author":[{"embeddable":true,"href":"https:\/\/www.apostilasopcao.com.br\/blog\/wp-json\/wp\/v2\/users\/13"}],"replies":[{"embeddable":true,"href":"https:\/\/www.apostilasopcao.com.br\/blog\/wp-json\/wp\/v2\/comments?post=9204"}],"version-history":[{"count":7,"href":"https:\/\/www.apostilasopcao.com.br\/blog\/wp-json\/wp\/v2\/posts\/9204\/revisions"}],"predecessor-version":[{"id":12085,"href":"https:\/\/www.apostilasopcao.com.br\/blog\/wp-json\/wp\/v2\/posts\/9204\/revisions\/12085"}],"wp:featuredmedia":[{"embeddable":true,"href":"https:\/\/www.apostilasopcao.com.br\/blog\/wp-json\/wp\/v2\/media\/12084"}],"wp:attachment":[{"href":"https:\/\/www.apostilasopcao.com.br\/blog\/wp-json\/wp\/v2\/media?parent=9204"}],"wp:term":[{"taxonomy":"category","embeddable":true,"href":"https:\/\/www.apostilasopcao.com.br\/blog\/wp-json\/wp\/v2\/categories?post=9204"},{"taxonomy":"post_tag","embeddable":true,"href":"https:\/\/www.apostilasopcao.com.br\/blog\/wp-json\/wp\/v2\/tags?post=9204"}],"curies":[{"name":"wp","href":"https:\/\/api.w.org\/{rel}","templated":true}]}}