{"id":9328,"date":"2026-01-26T08:43:29","date_gmt":"2026-01-26T11:43:29","guid":{"rendered":"https:\/\/www.apostilasopcao.com.br\/blog\/?p=9328"},"modified":"2026-01-26T08:43:31","modified_gmt":"2026-01-26T11:43:31","slug":"policia-penal-df","status":"publish","type":"post","link":"https:\/\/www.apostilasopcao.com.br\/blog\/policia-penal-df\/","title":{"rendered":"Concurso Pol\u00edcia Penal DF: Reestrutura\u00e7\u00e3o sancionada! Validade at\u00e9 2027!"},"content":{"rendered":"\n<p>O Governo do Distrito Federal sancionou uma lei que reestrutura a carreira de Policial Penal, com impacto direto para servidores e tamb\u00e9m para candidatos que aguardam novas convoca\u00e7\u00f5es, al\u00e9m disso o prazo de validade do \u00faltimo concurso Pol\u00edcia Penal DF foi prorrogado e seguir\u00e1 vigente at\u00e9 <strong>agosto de 2027<\/strong>, enquanto a Lei de Diretrizes Or\u00e7ament\u00e1rias (LDO) de 2026 prev\u00ea a possibilidade de nomea\u00e7\u00e3o de centenas de aprovados, condicionada \u00e0 disponibilidade or\u00e7ament\u00e1ria na Lei Or\u00e7ament\u00e1ria Anual (LOA). Para se preparar, confira a&nbsp;<a href=\"https:\/\/www.apostilasopcao.com.br\/concurso\/pp-df-policia-penal-do-distrito-federal\">apostila Pol\u00edcia Penal DF<\/a>&nbsp;com conte\u00fado completo e atualizado conforme o edital!<\/p>\n\n\n\n<h2 class=\"wp-block-heading\">Concurso Pol\u00edcia Penal DF tem validade estendida at\u00e9 2027!<\/h2>\n\n\n\n<p>O prazo de validade do concurso Pol\u00edcia Penal DF foi oficialmente prorrogado, garantindo que a sele\u00e7\u00e3o permane\u00e7a vigente at\u00e9 <strong>agosto de 2027<\/strong>. A decis\u00e3o foi publicada no Di\u00e1rio Oficial do Distrito Federal e amplia o per\u00edodo dispon\u00edvel para a convoca\u00e7\u00e3o dos candidatos aprovados no \u00faltimo certame.<\/p>\n\n\n\n<p>Com a prorroga\u00e7\u00e3o, o Governo do Distrito Federal mant\u00e9m aberta a possibilidade de novas nomea\u00e7\u00f5es ao longo dos pr\u00f3ximos anos, especialmente diante da demanda por refor\u00e7o no quadro da <strong>Secretaria de Administra\u00e7\u00e3o Penitenci\u00e1ria<\/strong>. A medida tamb\u00e9m sinaliza que o cadastro de aprovados continuar\u00e1 sendo utilizado durante toda a vig\u00eancia do concurso.<\/p>\n\n\n\n<p>Outro ponto de destaque \u00e9 a previs\u00e3o da Lei de Diretrizes Or\u00e7ament\u00e1rias (LDO) de 2026, que autoriza o provimento de at\u00e9 <strong>753 cargos<\/strong> de Policial Penal. No entanto, as nomea\u00e7\u00f5es dependem da exist\u00eancia de recursos financeiros e da autoriza\u00e7\u00e3o expressa na Lei Or\u00e7ament\u00e1ria Anual (LOA).<\/p>\n\n\n\n<p>At\u00e9 o momento, o concurso Pol\u00edcia Penal DF j\u00e1 resultou na nomea\u00e7\u00e3o de 272 candidatos. Al\u00e9m disso, um despacho interno encaminhado \u00e0 <strong>Diretoria de Gest\u00e3o de Pessoas<\/strong> da SEAP DF indica a expectativa de convoca\u00e7\u00e3o de mais 150 aprovados em breve, o que pode elevar de forma significativa o n\u00famero de servidores ingressando na carreira durante a validade do certame.<\/p>\n\n\n\n<h3 class=\"wp-block-heading\">Concurso Pol\u00edcia Penal DF: lei sancionada reestrutura a carreira<\/h3>\n\n\n\n<p>O concurso Pol\u00edcia Penal DF teve um avan\u00e7o relevante ap\u00f3s a san\u00e7\u00e3o da lei que reestrutura a carreira de Policial Penal da Secretaria de Administra\u00e7\u00e3o Penitenci\u00e1ria do Distrito Federal. A medida, oficializada pelo Governo do DF, estabelece mudan\u00e7as na organiza\u00e7\u00e3o funcional da categoria e tamb\u00e9m na pol\u00edtica remunerat\u00f3ria.<\/p>\n\n\n\n<p>Entre os principais pontos, est\u00e1 o reajuste salarial de 18%, concedido em parcela \u00fanica a partir de mar\u00e7o de 2024, atualizando os valores recebidos pelos servidores e definindo uma nova faixa de remunera\u00e7\u00e3o para a carreira, conforme previsto na legisla\u00e7\u00e3o. Com a atualiza\u00e7\u00e3o, a remunera\u00e7\u00e3o da carreira passa a seguir a seguinte faixa:<\/p>\n\n\n\n<ul class=\"wp-block-list\">\n<li><strong>Policial Penal \u2013 Classe Especial, Padr\u00e3o V:<\/strong>\u00a0at\u00e9 R$ 18.417,51<\/li>\n\n\n\n<li><strong>Policial Penal \u2013 Terceira Classe, Padr\u00e3o I:<\/strong>\u00a0R$ 9.428,40<\/li>\n\n\n\n<li><strong>Policial Penal \u2013 Terceira Classe, Padr\u00e3o V:<\/strong>\u00a0valores progressivos conforme padr\u00e3o<\/li>\n\n\n\n<li><strong>Policial Penal \u2013 Segunda Classe:<\/strong>\u00a0remunera\u00e7\u00e3o crescente por padr\u00e3o<\/li>\n\n\n\n<li><strong>Policial Penal \u2013 Primeira Classe:<\/strong>\u00a0valores intermedi\u00e1rios da carreira<\/li>\n<\/ul>\n\n\n\n<p>A progress\u00e3o na carreira ocorre por classes e padr\u00f5es, conforme a tabela oficial vigente. Isso garante evolu\u00e7\u00e3o salarial ao longo do tempo no concurso Pol\u00edcia Penal DF.<\/p>\n\n\n\n<p>Al\u00e9m do vencimento b\u00e1sico, os servidores podem receber a <strong>Gratifica\u00e7\u00e3o por Habilidade em Atividades Penitenci\u00e1rias (GHAP)<\/strong>. O benef\u00edcio \u00e9 concedido mediante comprova\u00e7\u00e3o de t\u00edtulos acad\u00eamicos compat\u00edveis com o cargo.<\/p>\n\n\n\n<p>Os percentuais variam conforme a titula\u00e7\u00e3o e podem chegar a <strong>35% no caso de mestrado<\/strong>. A gratifica\u00e7\u00e3o segue os crit\u00e9rios legais e n\u00e3o permite o ac\u00famulo de mais de um t\u00edtulo. A nova legisla\u00e7\u00e3o tamb\u00e9m determina que a GHAP integra os proventos de aposentadoria e pens\u00e3o. Al\u00e9m disso, h\u00e1 incid\u00eancia de desconto previdenci\u00e1rio sobre o valor.<\/p>\n\n\n\n<p>O concurso Pol\u00edcia Penal DF 2022 oferece 1.179 oportunidades para o cargo de Policial Penal. Para concorrer, \u00e9 necess\u00e1rio possuir n\u00edvel superior. Do total de vagas, <strong>400 s\u00e3o imediatas<\/strong>. As outras <strong>779 <\/strong>s\u00e3o destinadas \u00e0 forma\u00e7\u00e3o de cadastro reserva.<\/p>\n\n\n\n<h2 class=\"wp-block-heading\">Concurso Pol\u00edcia Penal DF; Cargos, vagas e sal\u00e1rios <\/h2>\n\n\n\n<p>O concurso Pol\u00edcia Penal DF 2022 ofertou <strong>1.179 oportunidades <\/strong>para o cargo de Policial Penal, que teve o n\u00edvel superior como requisito de escolaridade. Ao todo, 400 vagas foram imediatas, enquanto as outras 779 foram destinadas \u00e0 forma\u00e7\u00e3o de cadastro reserva.<\/p>\n\n\n\n<p>Nesse sentido, as oportunidades imediatas contaram com a seguinte distribui\u00e7\u00e3o:<\/p>\n\n\n\n<ul class=\"wp-block-list\">\n<li><strong>Ampla concorr\u00eancia:\u00a0<\/strong>200 vagas<\/li>\n\n\n\n<li><strong>Vagas PcD:\u00a0<\/strong>80 vagas<\/li>\n\n\n\n<li><strong>Vagas para Negros:\u00a0<\/strong>80 vagas<\/li>\n\n\n\n<li><strong>Vagas para Hipossuficientes:\u00a0<\/strong>40 vagas<\/li>\n<\/ul>\n\n\n\n<p>Por outro lado, a distribui\u00e7\u00e3o das vagas para forma\u00e7\u00e3o de<strong>&nbsp;cadastro reserva<\/strong>&nbsp;acontece da seguinte maneira:<\/p>\n\n\n\n<ul class=\"wp-block-list\">\n<li><strong>Ampla concorr\u00eancia:\u00a0<\/strong>390 vagas<\/li>\n\n\n\n<li><strong>Vagas PcD:\u00a0<\/strong>155 vagas<\/li>\n\n\n\n<li><strong>Vagas para Negros:\u00a0<\/strong>156 vagas<\/li>\n\n\n\n<li><strong>Vagas para Hipossuficientes:\u00a0<\/strong>78 vagas<\/li>\n<\/ul>\n\n\n\n<p>Al\u00e9m disso, \u00e9 importante mencionar que os aprovados no concurso p\u00fablico dever\u00e3o cumprir jornada de trabalho de 40 horas semanais, contando com remunera\u00e7\u00e3o de&nbsp;<strong>R$ 5.445<\/strong>.<\/p>\n\n\n\n<p>Ademais, os contratados ainda poder\u00e3o contar com os&nbsp;<strong>benef\u00edcios<\/strong>&nbsp;a seguir:<\/p>\n\n\n\n<ul class=\"wp-block-list\">\n<li>Adicional de Qualifica\u00e7\u00e3o: R$ 112<\/li>\n\n\n\n<li>GHAP: R$ 949<\/li>\n\n\n\n<li>Adicional de Periculosidade: R$ 949<\/li>\n\n\n\n<li>Aux\u00edlio-Alimenta\u00e7\u00e3o: R$ 394,50<\/li>\n<\/ul>\n\n\n\n<p><strong>Para se preparar, confira a\u00a0<a href=\"https:\/\/www.apostilasopcao.com.br\/concurso\/pp-df-policia-penal-do-distrito-federal\">apostila Pol\u00edcia Penal DF<\/a>\u00a0com conte\u00fado completo e atualizado conforme o edital!<\/strong><\/p>\n\n\n\n<h2 class=\"wp-block-heading\">Requisitos b\u00e1sicos<\/h2>\n\n\n\n<p>De acordo com o \u00faltimo edital do concurso Pol\u00edcia Penal DF, para que os candidatos tomassem posse, foi necess\u00e1rio que atendessem aos seguintes requisitos b\u00e1sicos:<\/p>\n\n\n\n<ul class=\"wp-block-list\">\n<li>Ser brasileiro;<\/li>\n\n\n\n<li>Estar quite com as obriga\u00e7\u00f5es eleitorais e militares;<\/li>\n\n\n\n<li>Estar em gozo dos direitos pol\u00edticos;<\/li>\n\n\n\n<li>Ter\n<ul class=\"wp-block-list\">\n<li>conduta social ilibada;<\/li>\n\n\n\n<li>capacidade f\u00edsica plena e aptid\u00e3o psicol\u00f3gica compat\u00edvel com o exerc\u00edcio do cargo de Pol\u00edcia Penal do Distrito Federal conforme estabelecido na Portaria n.\u00ba 243, de 28 de julho de 2021;<\/li>\n\n\n\n<li>idade m\u00ednima de 18 anos na data da posse;<\/li>\n<\/ul>\n<\/li>\n\n\n\n<li>Comprovar, quanto ao grau de escolaridade, a conclus\u00e3o do ensino superior, mediante apresenta\u00e7\u00e3o de diploma reconhecido pelo Minist\u00e9rio da Educa\u00e7\u00e3o;<\/li>\n\n\n\n<li>N\u00e3o ter sido condenado por crime doloso, em senten\u00e7a condenat\u00f3ria transitada em julgado;<\/li>\n\n\n\n<li>N\u00e3o ter sido isentado do servi\u00e7o militar por incapacidade f\u00edsica definitiva<\/li>\n<\/ul>\n\n\n\n<h2 class=\"wp-block-heading\">Concurso Pol\u00edcia Penal DF: Atribui\u00e7\u00f5es do cargo<\/h2>\n\n\n\n<p>Al\u00e9m disso, \u00e9 importante que os candidatos da nova sele\u00e7\u00e3o conhe\u00e7am as atribui\u00e7\u00f5es do cargo, ou seja, as principais atividades que dever\u00e3o ser desempenhadas pelos aprovados e contratados pela corpora\u00e7\u00e3o.<\/p>\n\n\n\n<p>Confira, a seguir, quais s\u00e3o elas:<\/p>\n\n\n\n<ul class=\"wp-block-list\">\n<li>Promover o atendimento, a cust\u00f3dia, a vigil\u00e2ncia e a guarda da pessoa privada de liberdade e do internado;<\/li>\n\n\n\n<li>Zelar pela disciplina e pela seguran\u00e7a da pessoa privada de liberdade e do internado;<\/li>\n\n\n\n<li>Realizar a confer\u00eancia peri\u00f3dica da pessoa privada de liberdade e do internado;<\/li>\n\n\n\n<li>Realizar rondas peri\u00f3dicas no estabelecimento penal;<\/li>\n\n\n\n<li>Verificar as condi\u00e7\u00f5es de seguran\u00e7a, limpeza e higiene das celas e dos espa\u00e7os de uso di\u00e1rio da pessoa privada de liberdade e do internado;<\/li>\n\n\n\n<li>Realizar\n<ul class=\"wp-block-list\">\n<li>a distribui\u00e7\u00e3o da alimenta\u00e7\u00e3o \u00e0 pessoa privada de liberdade e ao internado;<\/li>\n\n\n\n<li>a distribui\u00e7\u00e3o de vestu\u00e1rios e materiais de higiene pessoal destinados \u00e0 pessoa privada de liberdade e ao internado;<\/li>\n\n\n\n<li>as atividades de escoltas internas e externas;<\/li>\n<\/ul>\n<\/li>\n\n\n\n<li>Conduzir ve\u00edculos destinados ao sistema penitenci\u00e1rio;<\/li>\n\n\n\n<li>Operar equipamentos destinados ao funcionamento e \u00e0 seguran\u00e7a do estabelecimento penal;<\/li>\n\n\n\n<li>Operar os equipamentos letais e n\u00e3o letais destinados \u00e0 seguran\u00e7a e os aparelhos e os equipamentos de prote\u00e7\u00e3o individual, e zelar pelo seu uso;<\/li>\n\n\n\n<li>Zelar pela manuten\u00e7\u00e3o, pela conserva\u00e7\u00e3o e pelo uso correto das instala\u00e7\u00f5es do estabelecimento penal;<\/li>\n\n\n\n<li>Realizar a guarda e a vigil\u00e2ncia tanto interna quanto externa, incluindo as muralhas e \u00e1reas adjacentes que integram o estabelecimento penal ou um conjunto de estabelecimentos penais dispostos em uma mesma \u00e1rea f\u00edsica;<\/li>\n\n\n\n<li>Realizar o atendimento, a orienta\u00e7\u00e3o e a vigil\u00e2ncia de visitantes da pessoa presa e do internado, dos profissionais do sistema de justi\u00e7a penal, dos grupos assistenciais e da sociedade civil;<\/li>\n\n\n\n<li>Fiscalizar a entrada e a sa\u00edda de pessoas e ve\u00edculos no estabelecimento penal e nas \u00e1reas adjacentes de seguran\u00e7a tanto interna quanto externa;<\/li>\n\n\n\n<li>Conduzir a pessoa privada de liberdade e o internado para as atividades de assist\u00eancia previstas na lei de execu\u00e7\u00e3o penal (de sa\u00fade, jur\u00eddica, educacional, social e religiosa), mantendo-os sob vigil\u00e2ncia;<\/li>\n\n\n\n<li>Conduzir a pessoa privada de liberdade e o internado para as atividades de trabalho interno, mantendo-os sob vigil\u00e2ncia;<\/li>\n\n\n\n<li>Promover a fiscaliza\u00e7\u00e3o do trabalho externo, conforme condi\u00e7\u00f5es definidas pela dire\u00e7\u00e3o do estabelecimento penal;<\/li>\n\n\n\n<li>Fiscalizar o cumprimento dos deveres da pessoa presa, previstos na lei de execu\u00e7\u00e3o penal;<\/li>\n\n\n\n<li>Exercer o respeito \u00e0 integridade f\u00edsica e moral da pessoa presa e do internado;<\/li>\n\n\n\n<li>Contribuir para o cumprimento dos direitos da pessoa presa e do internado, previstos na lei de execu\u00e7\u00e3o penal;<\/li>\n\n\n\n<li>Promover diariamente os registros administrativos e de informa\u00e7\u00f5es penais, inclusive aqueles dispostos em sistemas eletr\u00f4nicos, relacionados \u00e0 pessoa presa, ao internado, ao estabelecimento penal, a ve\u00edculos e a toda esp\u00e9cie de equipamento disponibilizado;<\/li>\n\n\n\n<li>Atuar no monitoramento e na fiscaliza\u00e7\u00e3o da pessoa presa, em sa\u00edda tempor\u00e1ria, pris\u00e3o domiciliar e monitoramento eletr\u00f4nico;<\/li>\n\n\n\n<li>Fiscalizar o cumprimento de medidas cautelares diversas de pris\u00e3o e penas restritivas de direito;<\/li>\n\n\n\n<li>Observar medidas de seguran\u00e7a contra acidentes de trabalho;<\/li>\n\n\n\n<li>Frequentar cursos de forma\u00e7\u00e3o e aperfei\u00e7oamento e treinamentos inerentes \u00e0s suas atividades;<\/li>\n\n\n\n<li>Efetuar atividades de intelig\u00eancia voltadas \u00e0 seguran\u00e7a e \u00e0 repress\u00e3o da pr\u00e1tica de il\u00edcitos no interior dos estabelecimentos penais;<\/li>\n\n\n\n<li>Compor comiss\u00f5es permanentes e especiais de disciplina, mediante designa\u00e7\u00e3o ou nomea\u00e7\u00e3o para tal;<\/li>\n\n\n\n<li>Atuar na recaptura de fugitivos das unidades do Sistema Penitenci\u00e1rio do Distrito Federal;<\/li>\n\n\n\n<li>Efetuar recambiamento de presos foragidos das unidades do Sistema Penitenci\u00e1rio do Distrito Federal que se encontram em outros estados da Federa\u00e7\u00e3o; e<\/li>\n\n\n\n<li>Exercer outras atividades que lhe forem cometidas compat\u00edveis com o seu cargo.<\/li>\n<\/ul>\n\n\n\n<h2 class=\"wp-block-heading\">Como foram as provas do \u00faltimo concurso Pol\u00edcia Penal DF?<\/h2>\n\n\n\n<p>Os candidatos do concurso<a href=\"https:\/\/sindpol.org.br\/portal\/\" target=\"_blank\" rel=\"noreferrer noopener\"> Pol\u00edcia Penal DF <\/a>de 2022 foram avaliados por meio das seguintes etapas de sele\u00e7\u00e3o:<\/p>\n\n\n\n<ul class=\"wp-block-list\">\n<li>Provas Objetivas<\/li>\n\n\n\n<li>Teste de Aptid\u00e3o F\u00edsica<\/li>\n\n\n\n<li>Teste de Avalia\u00e7\u00e3o Psicol\u00f3gica<\/li>\n\n\n\n<li>Sindic\u00e2ncia da Vida Pregressa<\/li>\n\n\n\n<li>Curso de Forma\u00e7\u00e3o Profissional<\/li>\n<\/ul>\n\n\n\n<h3 class=\"wp-block-heading\">Prova Objetiva<\/h3>\n\n\n\n<p>A Prova Objetiva do concurso Pol\u00edcia Penal DF foi realizada no dia&nbsp;<strong>12 de junho de 2022<\/strong>, em Bras\u00edlia \u2013 DF, quando os inscritos deveriam responder a 150 quest\u00f5es acerca das disciplinas a seguir:<\/p>\n\n\n\n<p><strong>Conhecimentos B\u00e1sicos<\/strong><\/p>\n\n\n\n<ul class=\"wp-block-list\">\n<li>L\u00edngua Portuguesa e Reda\u00e7\u00e3o Oficial: 25 quest\u00f5es<\/li>\n\n\n\n<li>No\u00e7\u00f5es de Hist\u00f3ria e Geografia do DF: 5 quest\u00f5es<\/li>\n\n\n\n<li>Inform\u00e1tica: 10 quest\u00f5es<\/li>\n\n\n\n<li>Racioc\u00ednio L\u00f3gico: 10 quest\u00f5es<\/li>\n<\/ul>\n\n\n\n<p><strong>Conhecimentos Espec\u00edficos<\/strong><\/p>\n\n\n\n<ul class=\"wp-block-list\">\n<li>Direito Administrativo: 10 quest\u00f5es<\/li>\n\n\n\n<li>Direito Constitucional: 10 quest\u00f5es<\/li>\n\n\n\n<li>No\u00e7\u00f5es de Administra\u00e7\u00e3o Financeira e Or\u00e7ament\u00e1ria: 10 quest\u00f5es<\/li>\n\n\n\n<li>Direito Penal e Processual Penal: 20 quest\u00f5es<\/li>\n\n\n\n<li>Direito Penitenci\u00e1rio e Criminologia: 40 quest\u00f5es<\/li>\n\n\n\n<li>Direitos Humanos: 3 quest\u00f5es<\/li>\n\n\n\n<li>Legisla\u00e7\u00e3o Aplicada aos Servidores do DF: 4 quest\u00f5es<\/li>\n\n\n\n<li>Legisla\u00e7\u00e3o Especial: 3 quest\u00f5es<\/li>\n<\/ul>\n\n\n\n<h3 class=\"wp-block-heading\">Somos a melhor Op\u00e7\u00e3o<\/h3>\n\n\n\n<p>Quer conquistar uma vaga no concurso Pol\u00edcia Penal DF? Somos a melhore Op\u00e7\u00e3o! N\u00f3s preparamos diversos materiais realmente focados conforme o edital que te ajudar\u00e3o a conquistar o cargo dos sonhos. N\u00e3o perca mais tempo e comece a se preparar ainda hoje!<\/p>\n\n\n\n<p><strong>Confira:\u00a0<a href=\"https:\/\/www.apostilasopcao.com.br\/concurso\/pp-df-policia-penal-do-distrito-federal\">Apostilas Pol\u00edcia Penal DF<\/a>!<\/strong><\/p>\n\n\n\n<h3 class=\"wp-block-heading\">Teste de Aptid\u00e3o F\u00edsica<\/h3>\n\n\n\n<p>Finalmente, tamb\u00e9m \u00e9 v\u00e1lido citar que, para o TAF (Teste de Aptid\u00e3o F\u00edsica), os aprovados nas provas objetivas do \u00faltimo concurso Pol\u00edcia Penal DF deveriam realizar os seguintes\u00a0<strong>exerc\u00edcios<\/strong>:<\/p>\n\n\n\n<ul class=\"wp-block-list\">\n<li>Teste Din\u00e2mico de Barra Fixa \u2013 Masculino\/Teste Est\u00e1tico de Barra Fixa \u2013 Feminino;<\/li>\n\n\n\n<li>Impuls\u00e3o horizontal;<\/li>\n\n\n\n<li>Flex\u00e3o de Bra\u00e7o com o Apoio;<\/li>\n\n\n\n<li>Flex\u00e3o Abdominal; e<\/li>\n\n\n\n<li>Prova de Corrida de 12 minutos.<\/li>\n<\/ul>\n\n\n\n<p>Esta etapa do \u00faltimo concurso Pol\u00edcia Penal DF foi realizada entre os dias\u00a0<strong>18 e 26 de novembro de 2022<\/strong>.<\/p>\n\n\n\n<p><strong>Quer ficar por dentro de tudo sobre o universo de concursos?&nbsp;<a href=\"https:\/\/www.apostilasopcao.com.br\/blog\/noticias\/\">Confira as nossas not\u00edcias!<\/a><\/strong><\/p>\n","protected":false},"excerpt":{"rendered":"<p>Carreira foi reestruturada com reajuste salarial e o prazo de validade do concurso Pol\u00edcia Penal DF foi prorrogado, mantendo a sele\u00e7\u00e3o vigente at\u00e9 agosto de 2027.<\/p>\n","protected":false},"author":12,"featured_media":9335,"comment_status":"closed","ping_status":"closed","sticky":false,"template":"","format":"standard","meta":{"_acf_changed":false,"breadcrumbs_single_post":"","page_title_panel":"","breadcrumbs_single_page":"","single_page_alignment":"","single_page_margin":"","page_structure_type":"","content_style_source":"","content_style":"","blog_post_streched_ed":"","blog_page_streched_ed":"","has_transparent_header":"","disable_transparent_header":"","vertical_spacing_source":"","content_area_spacing":"","single_post_content_background":"","single_page_content_background":"","single_post_boxed_content_spacing":"","single_page_boxed_content_spacing":"","single_post_content_boxed_radius":"","single_page_content_boxed_radius":"","disable_featured_image":"","disable_post_tags":"","disable_author_box":"","disable_posts_navigation":"","disable_comments":"","disable_related_posts":"","disable_header":"","disable_footer":"","footnotes":""},"categories":[4,12],"tags":[666],"class_list":["post-9328","post","type-post","status-publish","format-standard","has-post-thumbnail","hentry","category-noticias","category-df","tag-concurso-policia-penal-df","rishi-post"],"acf":{"data_prova":"20270831","status":"aberto"},"_links":{"self":[{"href":"https:\/\/www.apostilasopcao.com.br\/blog\/wp-json\/wp\/v2\/posts\/9328","targetHints":{"allow":["GET"]}}],"collection":[{"href":"https:\/\/www.apostilasopcao.com.br\/blog\/wp-json\/wp\/v2\/posts"}],"about":[{"href":"https:\/\/www.apostilasopcao.com.br\/blog\/wp-json\/wp\/v2\/types\/post"}],"author":[{"embeddable":true,"href":"https:\/\/www.apostilasopcao.com.br\/blog\/wp-json\/wp\/v2\/users\/12"}],"replies":[{"embeddable":true,"href":"https:\/\/www.apostilasopcao.com.br\/blog\/wp-json\/wp\/v2\/comments?post=9328"}],"version-history":[{"count":8,"href":"https:\/\/www.apostilasopcao.com.br\/blog\/wp-json\/wp\/v2\/posts\/9328\/revisions"}],"predecessor-version":[{"id":9337,"href":"https:\/\/www.apostilasopcao.com.br\/blog\/wp-json\/wp\/v2\/posts\/9328\/revisions\/9337"}],"wp:featuredmedia":[{"embeddable":true,"href":"https:\/\/www.apostilasopcao.com.br\/blog\/wp-json\/wp\/v2\/media\/9335"}],"wp:attachment":[{"href":"https:\/\/www.apostilasopcao.com.br\/blog\/wp-json\/wp\/v2\/media?parent=9328"}],"wp:term":[{"taxonomy":"category","embeddable":true,"href":"https:\/\/www.apostilasopcao.com.br\/blog\/wp-json\/wp\/v2\/categories?post=9328"},{"taxonomy":"post_tag","embeddable":true,"href":"https:\/\/www.apostilasopcao.com.br\/blog\/wp-json\/wp\/v2\/tags?post=9328"}],"curies":[{"name":"wp","href":"https:\/\/api.w.org\/{rel}","templated":true}]}}