{"id":9338,"date":"2026-01-26T10:22:07","date_gmt":"2026-01-26T13:22:07","guid":{"rendered":"https:\/\/www.apostilasopcao.com.br\/blog\/?p=9338"},"modified":"2026-01-26T10:22:08","modified_gmt":"2026-01-26T13:22:08","slug":"camara-dos-deputados-policial","status":"publish","type":"post","link":"https:\/\/www.apostilasopcao.com.br\/blog\/camara-dos-deputados-policial\/","title":{"rendered":"Concurso C\u00e2mara dos Deputados: Edital publicado! 80 vagas para Policial!"},"content":{"rendered":"\n<p>Boas not\u00edcias concurseiros! Saiu o edital do concurso C\u00e2mara dos Deputados, ofertando <strong>80 vagas<\/strong>, sendo 40 imediatas e 40 oportunidades de forma\u00e7\u00e3o de cadastro reserva, para o cargo de Policial Legislativo que possui exig\u00eancia de <strong>n\u00edvel superior<\/strong> e <strong>CNH B<\/strong>, a remunera\u00e7\u00e3o inicial \u00e9 de <strong>R$21,3 mil<\/strong>. As inscri\u00e7\u00f5es estar\u00e3o abertas a partir do dia <strong>29 de janeiro e encerram no dia 20 de fevereiro de 2026<\/strong>, o valor da taxa de inscri\u00e7\u00e3o \u00e9 de <strong>R$150,00<\/strong>. As provas est\u00e3o marcadas para o dia <strong>26 de abril de 2026<\/strong>. Para se preparar, confira a\u00a0<a href=\"https:\/\/www.apostilasopcao.com.br\/concurso\/camara-dos-deputados\">apostila C\u00e2mara dos Deputados<\/a>\u00a0com conte\u00fado completo e atualizado conforme o edital!<\/p>\n\n\n\n<h2 class=\"wp-block-heading\">Resumo do edital<\/h2>\n\n\n\n<ul class=\"wp-block-list\">\n<li><strong>Vagas<\/strong>: 40 imediatas + 40  CR<\/li>\n\n\n\n<li><strong>Inscri\u00e7\u00f5es<\/strong>: 29\/01\/2026 a 20\/02\/2026<\/li>\n\n\n\n<li><strong>Taxa de inscri\u00e7\u00e3o<\/strong>: R$150,00<\/li>\n\n\n\n<li><strong>Prova<\/strong>: 26\/04\/2026<\/li>\n\n\n\n<li><strong>Banca<\/strong>: Cebraspe<\/li>\n\n\n\n<li><a href=\"https:\/\/www.apostilasopcao.com.br\/blog\/wp-content\/uploads\/2026\/01\/Edital-do-concurso-Camara-dos-Deputados.pdf\">Baixe aqui o edital do concurso C\u00e2mara dos Deputados<\/a><\/li>\n<\/ul>\n\n\n\n<h2 class=\"wp-block-heading\">Como se inscrever no concurso C\u00e2mara dos Deputados?<\/h2>\n\n\n\n<p>A inscri\u00e7\u00e3o dever\u00e1 ser realizada exclusivamente pela internet, por meio do site oficial do <a href=\"https:\/\/www.cebraspe.org.br\/concursos\/cd_26_pl\" target=\"_blank\" rel=\"noreferrer noopener\">Cebraspe<\/a>, a partir do dia <strong>29 de janeiro e encerram no dia 20 de fevereiro de 2026<\/strong>.<\/p>\n\n\n\n<p>O valor da taxa de inscri\u00e7\u00e3o \u00e9 de <strong>R$150,00<\/strong>, e seu pagamento dever\u00e1 ser efetuado at\u00e9 o dia <strong>12 de mar\u00e7o de 2026<\/strong>.<\/p>\n\n\n\n<h3 class=\"wp-block-heading\">Isen\u00e7\u00e3o da taxa de inscri\u00e7\u00e3o<\/h3>\n\n\n\n<p>O edital do concurso C\u00e2mara dos Deputados prev\u00ea isen\u00e7\u00e3o da taxa de inscri\u00e7\u00e3o para candidatos que se enquadrem em um dos seguintes requisitos b\u00e1sicos:<\/p>\n\n\n\n<ul class=\"wp-block-list\">\n<li>Inscritos no Cad\u00danico, conforme o Decreto Federal n\u00ba 6.593\/2008 e o Decreto Federal n\u00ba 11.016\/2022;<\/li>\n\n\n\n<li>Doadores de medula \u00f3ssea em entidades reconhecidas pelo Minist\u00e9rio da Sa\u00fade, conforme a Lei n\u00ba 13.656\/2018.<\/li>\n<\/ul>\n\n\n\n<p>O pedido dever\u00e1 ser feito exclusivamente no site do Cebraspe, no per\u00edodo das <strong>10h do dia 29 de janeiro de 2026 at\u00e9 as 18h do dia 20 de fevereiro de 2026<\/strong>.<\/p>\n\n\n\n<h2 class=\"wp-block-heading\">Quais os cargos, vagas e sal\u00e1rios ser\u00e3o ofertados no concurso C\u00e2mara dos Deputados?<\/h2>\n\n\n\n<p>O edital prev\u00ea <strong>40 vagas imediatas e 40 vagas para cadastro reserva<\/strong>, totalizando 80 oportunidades. <\/p>\n\n\n\n<p>Para o cargo de T\u00e9cnico Legislativo \u2013 Especialidade: Policial Legislativo Federal, s\u00e3o ofertadas <strong>40 vagas imediatas e 40 vagas em cadastro reserva<\/strong>, distribu\u00eddas entre ampla concorr\u00eancia, pessoas com defici\u00eancia, candidatos pretos e pardos, ind\u00edgenas e quilombolas, conforme abaixo:<\/p>\n\n\n\n<p><strong>Vagas imediatas (40)<\/strong><\/p>\n\n\n\n<ul class=\"wp-block-list\">\n<li>AC (Ampla Concorr\u00eancia): <strong>26<\/strong><\/li>\n\n\n\n<li>PCD (Pessoa com defici\u00eancia): <strong>2<\/strong><\/li>\n\n\n\n<li>PP (Pretos e Pardos): <strong>10<\/strong><\/li>\n\n\n\n<li>PI (Pessoa Ind\u00edgena): <strong>1<\/strong><\/li>\n\n\n\n<li>PQ (Pessoa Quilombola): <strong>1<\/strong><\/li>\n\n\n\n<li><strong>Total: 40<\/strong><\/li>\n<\/ul>\n\n\n\n<p><strong>Cadastro reserva (40)<\/strong><\/p>\n\n\n\n<ul class=\"wp-block-list\">\n<li>AC (Ampla Concorr\u00eancia): <strong>26<\/strong><\/li>\n\n\n\n<li>PCD (Pessoa com defici\u00eancia): <strong>2<\/strong><\/li>\n\n\n\n<li>PP (Pretos e Pardos): <strong>10<\/strong><\/li>\n\n\n\n<li>PI (Pessoa Ind\u00edgena): <strong>1<\/strong><\/li>\n\n\n\n<li>PQ (Pessoa Quilombola): <strong>1<\/strong><\/li>\n\n\n\n<li><strong>Total: 40<\/strong><\/li>\n<\/ul>\n\n\n\n<p>A carreira da C\u00e2mara dos Deputados est\u00e1 entre as mais bem remuneradas do pa\u00eds. Para o cargo de T\u00e9cnico Legislativo \u2013 Policial Legislativo Federal, o sal\u00e1rio inicial \u00e9 de <strong>R$ 21.328,08<\/strong>, j\u00e1 com <strong>adicional de periculosidade inclu\u00eddo<\/strong>. <\/p>\n\n\n\n<p>Al\u00e9m disso, o edital informa que a jornada de trabalho \u00e9 de<strong> 40 horas semanais<\/strong>, podendo ocorrer em regime de expediente ou escala de plant\u00e3o, a crit\u00e9rio da Administra\u00e7\u00e3o.<\/p>\n\n\n\n<h2 class=\"wp-block-heading\">Quais os requisitos b\u00e1sicos para participar do concurso C\u00e2mara dos Deputados?<\/h2>\n\n\n\n<p>De acordo com o edital da C\u00e2mara dos Deputados, os requisitos gerais&nbsp;para investidura nos cargos s\u00e3o:<\/p>\n\n\n\n<ul class=\"wp-block-list\">\n<li>Ser aprovado no concurso p\u00fablico;<\/li>\n\n\n\n<li>Ter a nacionalidade brasileira ou portuguesa e, no caso de nacionalidade portuguesa, estar amparado pelo Estatuto de Igualdade entre Brasileiros e Portugueses, com reconhecimento do gozo dos direitos pol\u00edticos, nos termos do \u00a7 1\u00ba do art. 12 da Constitui\u00e7\u00e3o Federal;<\/li>\n\n\n\n<li>Estar em gozo dos direitos pol\u00edticos;<\/li>\n\n\n\n<li>Estar quite com as obriga\u00e7\u00f5es militares, em caso de candidato do sexo masculino;<\/li>\n\n\n\n<li>Estar quite com as obriga\u00e7\u00f5es eleitorais;<\/li>\n\n\n\n<li>Possuir os requisitos exigidos para o exerc\u00edcio do cargo;<\/li>\n\n\n\n<li>Ter idade m\u00ednima de 18 anos completos na data da posse;<\/li>\n\n\n\n<li>Ter aptid\u00e3o f\u00edsica e mental para o exerc\u00edcio das atribui\u00e7\u00f5es do cargo;<\/li>\n\n\n\n<li>Ter Carteira Nacional de Habilita\u00e7\u00e3o (CNH) ou Permiss\u00e3o para Dirigir ve\u00edculos automotores de, no m\u00ednimo, categoria B, v\u00e1lida e sem impedimentos.<\/li>\n<\/ul>\n\n\n\n<p>Para concorrer ao cargo de <strong>T\u00e9cnico Legislativo \u2013 Especialidade: Policial Legislativo Federal<\/strong>, o candidato dever\u00e1 possuir <strong>diploma, devidamente registrado, de conclus\u00e3o de curso de gradua\u00e7\u00e3o de n\u00edvel superior<\/strong>, fornecido por institui\u00e7\u00e3o de ensino superior reconhecida pelo Minist\u00e9rio da Educa\u00e7\u00e3o (MEC).<\/p>\n\n\n\n<h2 class=\"wp-block-heading\">Quais as atribui\u00e7\u00f5es do cargo no concurso C\u00e2mara dos Deputados?<\/h2>\n\n\n\n<p>Os aprovados no concurso da C\u00e2mara dos Deputados atuar\u00e3o no Departamento de Pol\u00edcia Legislativa, com lota\u00e7\u00e3o <strong>exclusivamente em Bras\u00edlia\/DF<\/strong><\/p>\n\n\n\n<p>O cargo de <strong>T\u00e9cnico Legislativo \u2013 Especialidade: Policial Legislativo Federal<\/strong> envolve o desempenho de atividades t\u00edpicas da Pol\u00edcia Legislativa Federal da C\u00e2mara dos Deputados, que incluem a\u00e7\u00f5es de policiamento, seguran\u00e7a institucional, seguran\u00e7a pessoal, investiga\u00e7\u00e3o criminal, intelig\u00eancia e preven\u00e7\u00e3o e combate a sinistros.<\/p>\n\n\n\n<h2 class=\"wp-block-heading\">Como ser\u00e3o as etapas de sele\u00e7\u00e3o do concurso C\u00e2mara dos Deputados?<\/h2>\n\n\n\n<p>O concurso C\u00e2mara dos Deputados ser\u00e1 composto por <strong>duas etapas<\/strong>, reunindo avalia\u00e7\u00f5es de conhecimentos, habilidades e condi\u00e7\u00f5es f\u00edsicas e psicol\u00f3gicas dos candidatos. Confira, a seguir, como ser\u00e1 a estrutura do certame:<\/p>\n\n\n\n<ul class=\"wp-block-list\">\n<li><strong>Primeira etapa<\/strong>\n<ul class=\"wp-block-list\">\n<li>Prova objetiva (<strong>P1<\/strong>) \u2013 Conhecimentos gerais (<strong>90 itens<\/strong>) \u2013 <em>eliminat\u00f3rio e classificat\u00f3rio<\/em><\/li>\n\n\n\n<li>Prova objetiva (<strong>P2<\/strong>) \u2013 Conhecimentos espec\u00edficos (<strong>90 itens<\/strong>) \u2013 <em>eliminat\u00f3rio e classificat\u00f3rio<\/em><\/li>\n\n\n\n<li>Prova discursiva (<strong>P3<\/strong>) \u2013 <em>eliminat\u00f3rio e classificat\u00f3rio<\/em><\/li>\n\n\n\n<li>Teste de aptid\u00e3o f\u00edsica \u2013 <em>eliminat\u00f3rio<\/em><\/li>\n\n\n\n<li>Sindic\u00e2ncia de vida pregressa e investiga\u00e7\u00e3o social \u2013 <em>eliminat\u00f3rio<\/em><\/li>\n\n\n\n<li>Avalia\u00e7\u00e3o psicol\u00f3gica (primeiro momento) \u2013 <em>sem car\u00e1ter eliminat\u00f3rio e de presen\u00e7a obrigat\u00f3ria<\/em><\/li>\n\n\n\n<li>Avalia\u00e7\u00e3o de sa\u00fade f\u00edsica e mental \u2013 <em>eliminat\u00f3rio<\/em><\/li>\n<\/ul>\n<\/li>\n\n\n\n<li><strong>Segunda etapa<\/strong>\n<ul class=\"wp-block-list\">\n<li>Programa de forma\u00e7\u00e3o profissional \u2013 <em>eliminat\u00f3rio<\/em><\/li>\n\n\n\n<li>Avalia\u00e7\u00e3o psicol\u00f3gica (segundo momento) \u2013 <em>eliminat\u00f3rio<\/em><\/li>\n<\/ul>\n<\/li>\n<\/ul>\n\n\n\n<h3 class=\"wp-block-heading\">Prova Objetiva<\/h3>\n\n\n\n<p>A prova objetiva do concurso C\u00e2mara dos Deputados Policial ser\u00e1 aplicada no dia\u00a0<strong>26 de abril de 2026\u00a0<\/strong>e ter\u00e1 car\u00e1ter eliminat\u00f3rio e classificat\u00f3rio, valendo <strong>180 pontos<\/strong>, e seguir\u00e1 o modelo do Cebraspe, com itens de julgamento no formato Certo ou Errado.<\/p>\n\n\n\n<p>A estrutura da avalia\u00e7\u00e3o ser\u00e1 dividida em dois blocos, com 90 itens em cada:<\/p>\n\n\n\n<p><strong>Conhecimentos Gerais<\/strong><\/p>\n\n\n\n<ul class=\"wp-block-list\">\n<li>L\u00edngua Portuguesa<\/li>\n\n\n\n<li>L\u00edngua Inglesa<\/li>\n\n\n\n<li>Racioc\u00ednio L\u00f3gico e No\u00e7\u00f5es de Estat\u00edstica<\/li>\n\n\n\n<li>Direito Constitucional e Legisla\u00e7\u00e3o Interna da C\u00e2mara dos Deputados<\/li>\n\n\n\n<li>Direito Administrativo<\/li>\n\n\n\n<li>Inform\u00e1tica e Dados<\/li>\n<\/ul>\n\n\n\n<p><strong>Conhecimentos Espec\u00edficos<\/strong><\/p>\n\n\n\n<ul class=\"wp-block-list\">\n<li>Direito Penal e Processual Penal<\/li>\n\n\n\n<li>Crimonologia e No\u00e7\u00f5es de Criminal\u00edstica<\/li>\n\n\n\n<li>Direitos Humanos e Legisla\u00e7\u00e3o Correlata<\/li>\n\n\n\n<li>Atividade de Intelig\u00eancia.<\/li>\n<\/ul>\n\n\n\n<p>Ser\u00e1 eliminado o candidato que obtiver:<\/p>\n\n\n\n<ul class=\"wp-block-list\">\n<li>Nota inferior a 18 pontos em Conhecimentos Gerais<\/li>\n\n\n\n<li>Nota inferior a 27 pontos em Conhecimentos Espec\u00edficos<\/li>\n\n\n\n<li>Pontua\u00e7\u00e3o inferior a 54 pontos no somat\u00f3rio das provas objetivas.<\/li>\n<\/ul>\n\n\n\n<h3 class=\"wp-block-heading\">Somos a melhor Op\u00e7\u00e3o<\/h3>\n\n\n\n<p>Quer conquistar uma vaga no concurso C\u00e2mara dos Deputados? Somos a melhore Op\u00e7\u00e3o! N\u00f3s preparamos diversos materiais realmente focados conforme o edital que te ajudar\u00e3o a conquistar o cargo dos sonhos. N\u00e3o perca mais tempo e comece a se preparar ainda hoje!<\/p>\n\n\n\n<p><strong>Confira:&nbsp;<a href=\"https:\/\/www.apostilasopcao.com.br\/concurso\/camara-dos-deputados\">Apostilas C\u00e2mara dos Deputados<\/a>!<\/strong><\/p>\n\n\n\n<h3 class=\"wp-block-heading\">Prova discursiva<\/h3>\n\n\n\n<p>A prova discursiva do concurso C\u00e2mara dos Deputados Policial ter\u00e1 pontua\u00e7\u00e3o m\u00e1xima de 60 pontos e ser\u00e1 composta por tr\u00eas partes. O candidato dever\u00e1 responder duas quest\u00f5es discursivas, sendo:<\/p>\n\n\n\n<ul class=\"wp-block-list\">\n<li>uma sobre Atividade de Intelig\u00eancia;<\/li>\n\n\n\n<li>outra sobre Criminologia e No\u00e7\u00f5es de Criminal\u00edstica ou Direitos Humanos e Legisla\u00e7\u00e3o Correlata.<\/li>\n<\/ul>\n\n\n\n<p>Cada quest\u00e3o valer\u00e1 15 pontos e dever\u00e1 ser respondida em at\u00e9 20 linhas.<\/p>\n\n\n\n<p>Al\u00e9m disso, ser\u00e1 exigida a elabora\u00e7\u00e3o de uma pe\u00e7a de natureza t\u00e9cnica, baseada em Direito Penal e Direito Processual Penal, com limite de at\u00e9 50 linhas, valendo 30 pontos.<\/p>\n\n\n\n<p>Ser\u00e1 considerado aprovado na prova discursiva o candidato que alcan\u00e7ar nota m\u00ednima de 30 pontos.<\/p>\n\n\n\n<h3 class=\"wp-block-heading\">Teste de Aptid\u00e3o F\u00edsica (TAF)<\/h3>\n\n\n\n<p>Ser\u00e3o convocados para o Teste de Aptid\u00e3o F\u00edsica todos os candidatos aprovados na prova discursiva do concurso C\u00e2mara dos Deputados. A etapa ter\u00e1 car\u00e1ter eliminat\u00f3rio e ser\u00e1 composta pelos seguintes testes:<\/p>\n\n\n\n<ul class=\"wp-block-list\">\n<li>Flex\u00e3o de bra\u00e7o em barra fixa, sendo exigidas 5 repeti\u00e7\u00f5es para candidatos do sexo masculino ou perman\u00eancia m\u00ednima de 15 segundos em isometria para candidatas do sexo feminino;<\/li>\n\n\n\n<li>Impuls\u00e3o horizontal, com dist\u00e2ncia m\u00ednima de 2,05 metros para homens e 1,60 metro para mulheres;<\/li>\n\n\n\n<li>Teste de shuttle run (corrida de ir e vir), com tempo m\u00e1ximo de 13 segundos para homens e 15 segundos para mulheres;<\/li>\n\n\n\n<li>Nata\u00e7\u00e3o de 50 metros, com tempo m\u00e1ximo de 56 segundos para homens e 64 segundos para mulheres;<\/li>\n\n\n\n<li>Corrida de 12 minutos, com dist\u00e2ncia m\u00ednima de 2.200 metros para homens e 1.800 metros para mulheres.<\/li>\n<\/ul>\n\n\n\n<p>O candidato que n\u00e3o atingir o desempenho m\u00ednimo exigido em qualquer um dos testes ser\u00e1 considerado inapto e, consequentemente, eliminado do concurso C\u00e2mara dos Deputados Policial.<\/p>\n\n\n\n<p><strong>Quer ficar por dentro de tudo sobre o universo de concursos?&nbsp;<a href=\"https:\/\/www.apostilasopcao.com.br\/blog\/noticias\/\">Confira as nossas not\u00edcias!<\/a><\/strong><\/p>\n","protected":false},"excerpt":{"rendered":"<p>O concurso C\u00e2mara dos Deputados teve edital publicado com 80 oportunidades para Policial Legislativo Federal, sendo 40 vagas imediatas e 40 para cadastro reserva. A remunera\u00e7\u00e3o inicial \u00e9 de R$ 21.328,08, com provas em abril. Saiba mais!<\/p>\n","protected":false},"author":12,"featured_media":9340,"comment_status":"closed","ping_status":"closed","sticky":false,"template":"","format":"standard","meta":{"_acf_changed":false,"breadcrumbs_single_post":"","page_title_panel":"","breadcrumbs_single_page":"","single_page_alignment":"","single_page_margin":"","page_structure_type":"","content_style_source":"","content_style":"","blog_post_streched_ed":"","blog_page_streched_ed":"","has_transparent_header":"","disable_transparent_header":"","vertical_spacing_source":"","content_area_spacing":"","single_post_content_background":"","single_page_content_background":"","single_post_boxed_content_spacing":"","single_page_boxed_content_spacing":"","single_post_content_boxed_radius":"","single_page_content_boxed_radius":"","disable_featured_image":"","disable_post_tags":"","disable_author_box":"","disable_posts_navigation":"","disable_comments":"","disable_related_posts":"","disable_header":"","disable_footer":"","footnotes":""},"categories":[4,154],"tags":[522],"class_list":["post-9338","post","type-post","status-publish","format-standard","has-post-thumbnail","hentry","category-noticias","category-nacional","tag-concurso-camara-dos-deputados","rishi-post"],"acf":{"data_prova":"20260426","status":"aberto"},"_links":{"self":[{"href":"https:\/\/www.apostilasopcao.com.br\/blog\/wp-json\/wp\/v2\/posts\/9338","targetHints":{"allow":["GET"]}}],"collection":[{"href":"https:\/\/www.apostilasopcao.com.br\/blog\/wp-json\/wp\/v2\/posts"}],"about":[{"href":"https:\/\/www.apostilasopcao.com.br\/blog\/wp-json\/wp\/v2\/types\/post"}],"author":[{"embeddable":true,"href":"https:\/\/www.apostilasopcao.com.br\/blog\/wp-json\/wp\/v2\/users\/12"}],"replies":[{"embeddable":true,"href":"https:\/\/www.apostilasopcao.com.br\/blog\/wp-json\/wp\/v2\/comments?post=9338"}],"version-history":[{"count":13,"href":"https:\/\/www.apostilasopcao.com.br\/blog\/wp-json\/wp\/v2\/posts\/9338\/revisions"}],"predecessor-version":[{"id":9358,"href":"https:\/\/www.apostilasopcao.com.br\/blog\/wp-json\/wp\/v2\/posts\/9338\/revisions\/9358"}],"wp:featuredmedia":[{"embeddable":true,"href":"https:\/\/www.apostilasopcao.com.br\/blog\/wp-json\/wp\/v2\/media\/9340"}],"wp:attachment":[{"href":"https:\/\/www.apostilasopcao.com.br\/blog\/wp-json\/wp\/v2\/media?parent=9338"}],"wp:term":[{"taxonomy":"category","embeddable":true,"href":"https:\/\/www.apostilasopcao.com.br\/blog\/wp-json\/wp\/v2\/categories?post=9338"},{"taxonomy":"post_tag","embeddable":true,"href":"https:\/\/www.apostilasopcao.com.br\/blog\/wp-json\/wp\/v2\/tags?post=9338"}],"curies":[{"name":"wp","href":"https:\/\/api.w.org\/{rel}","templated":true}]}}