{"id":9425,"date":"2026-03-31T09:04:39","date_gmt":"2026-03-31T12:04:39","guid":{"rendered":"https:\/\/www.apostilasopcao.com.br\/blog\/?p=9425"},"modified":"2026-03-31T09:07:56","modified_gmt":"2026-03-31T12:07:56","slug":"tj-sc","status":"publish","type":"post","link":"https:\/\/www.apostilasopcao.com.br\/blog\/tj-sc\/","title":{"rendered":"Concurso TJ SC 2026: Saiu o edital com iniciais de at\u00e9 R$ 10,3mil!"},"content":{"rendered":"\n<p>Ol\u00e1, concurseiros! Foi anunciado o novo Concurso TJ SC! Oferta\u00a0<strong>2 vagas<\/strong> imediatas, mais forma\u00e7\u00e3o em <strong>cadastro de reserva<\/strong>, para cargos de n\u00edveis m\u00e9dio e superior. Os sal\u00e1rios iniciais variam de<strong>\u00a0R$ 6.034,81 a R$ 10.388,29<\/strong>. As\u00a0<strong>inscri\u00e7\u00f5es<\/strong>\u00a0estar\u00e3o abertas a partir de\u00a0<strong>1 de abril\u00a0<\/strong>e se estendem at\u00e9<strong>\u00a030 de abril de 2026<\/strong>. J\u00e1 a prova objetiva est\u00e1 prevista para o dia\u00a0<strong>28 de junho de 2026<\/strong>. O valor da taxa de inscri\u00e7\u00e3o \u00e9 de\u00a0<strong>R$ 70,00.<\/strong> Para se preparar para a sele\u00e7\u00e3o, confira a\u00a0<a href=\"https:\/\/www.apostilasopcao.com.br\/concurso\/tj-sc-tribunal-de-justica-de-santa-catarina\" target=\"_blank\" rel=\"noreferrer noopener\">Apostila TJ-SC<\/a>\u00a0com conte\u00fado completo e atualizado conforme o edital!<\/p>\n\n\n\n<h2 class=\"wp-block-heading\">Resumo do edital<\/h2>\n\n\n\n<ul class=\"wp-block-list\">\n<li><strong>Vagas:<\/strong>\u00a02+CR<\/li>\n\n\n\n<li><strong>Inscri\u00e7\u00f5es:<\/strong>\u00a001\/04\/2026 a 30\/04\/2026<\/li>\n\n\n\n<li><strong>Taxa de inscri\u00e7\u00e3o:<\/strong>\u00a0R$ 70,00<\/li>\n\n\n\n<li><strong>Prova:\u00a0<\/strong>28\/06\/2026<\/li>\n\n\n\n<li><strong>Sal\u00e1rio inicial:<\/strong>\u00a0R$ 6.034,81 a R$ 10.388,29<\/li>\n\n\n\n<li><strong>Banca:<\/strong>\u00a0FGV<\/li>\n\n\n\n<li><a href=\"https:\/\/www.apostilasopcao.com.br\/blog\/wp-content\/uploads\/2026\/03\/edital-tj-sc-2026.pdf\" data-type=\"link\" data-id=\"https:\/\/www.apostilasopcao.com.br\/blog\/wp-content\/uploads\/2026\/03\/edital-tj-sc-2026.pdf\">Baixe o edital<\/a><\/li>\n<\/ul>\n\n\n\n<h2 class=\"wp-block-heading\">Concurso TJ SC: Inscri\u00e7\u00f5es<\/h2>\n\n\n\n<p>As inscri\u00e7\u00f5es do concurso TJ SC podem ser realizadas entre os dias <strong>2 de abril e 30 de abril de 2026<\/strong>, exclusivamente pelo site da banca organizadora, a <a href=\"https:\/\/conhecimento.fgv.br\/concursos\/tjscservidor24\" target=\"_blank\" rel=\"noreferrer noopener\">Funda\u00e7\u00e3o Get\u00falio Vargas (FGV)<\/a>. O valor da taxa de inscri\u00e7\u00e3o \u00e9 de\u00a0<strong>R$ 70,00.<\/strong> <\/p>\n\n\n\n<p><strong><em>A data limite para pagamento do boleto banc\u00e1rio referente \u00e0 taxa de inscri\u00e7\u00e3o \u00e9 dia<\/em> <em>4 de maio de 2026.<\/em><\/strong><\/p>\n\n\n\n<h3 class=\"wp-block-heading\">Isen\u00e7\u00e3o da taxa<\/h3>\n\n\n\n<p>Per\u00edodo de solicita\u00e7\u00e3o da isen\u00e7\u00e3o da taxa \u00e9 de <strong>16h do dia 1\u00ba de abril de 2026 e 16h<br>do dia 06 de abril de 2026.<\/strong><\/p>\n\n\n\n<p>T\u00eam direito ao benef\u00edcio:<\/p>\n\n\n\n<ul class=\"wp-block-list\">\n<li>Cadastro \u00danico para Programas Sociais do Governo Federal (Cad\u00danico);<\/li>\n\n\n\n<li>Doadores de Sangue;<\/li>\n\n\n\n<li> Doadores de Medula;<\/li>\n\n\n\n<li>Doadores de Leite Materno;<\/li>\n\n\n\n<li>Para os candidatos cuja renda mensal n\u00e3o ultrapasse 2 (dois) sal\u00e1rios-m\u00ednimos;<\/li>\n\n\n\n<li>Para os candidatos com defici\u00eancia cuja renda mensal n\u00e3o ultrapasse 2 (dois) sal\u00e1rios-m\u00ednimos;<\/li>\n\n\n\n<li>Para os candidatos convocados e nomeados pela Justi\u00e7a Eleitoral a participar do pleitio eleitoral e jurados que atuaram no Tribunal do J\u00fari.<\/li>\n<\/ul>\n\n\n\n<h2 class=\"wp-block-heading\">Concurso TJ SC: Cargos, vagas e sal\u00e1rios<\/h2>\n\n\n\n<p>O Concurso TJ SC oferta\u00a0<strong>2 vagas<\/strong> imediatas, mais forma\u00e7\u00e3o em <strong>cadastro de reserva<\/strong>, para cargos de n\u00edveis m\u00e9dio e superior. Os sal\u00e1rios iniciais variam de<strong>\u00a0R$ 6.034,81 a R$ 10.388,29<\/strong>.<\/p>\n\n\n\n<ul class=\"wp-block-list\">\n<li><strong>T\u00e9cnico Judici\u00e1rio Auxiliar<\/strong> Vagas: Cadastro Reserva (CR) Sal\u00e1rio: R$ 6.034,81<\/li>\n\n\n\n<li><strong>Analista Administrativo<\/strong> Vagas: CR Sal\u00e1rio: R$ 10.388,29<\/li>\n\n\n\n<li><strong>Analista Jur\u00eddico<\/strong> Vagas: CR Sal\u00e1rio: R$ 10.388,29<\/li>\n\n\n\n<li><strong>Analista de Sistemas<\/strong> Vagas: CR Sal\u00e1rio: R$ 10.388,29<\/li>\n\n\n\n<li><strong>Analista Cont\u00e1bil-Econ\u00f4mico<\/strong> Vagas: 2 + CR Sal\u00e1rio: R$ 10.388,29<\/li>\n\n\n\n<li><strong>Analista \u2013 Servi\u00e7o Social<\/strong> Vagas: CR Sal\u00e1rio: R$ 10.388,29<\/li>\n\n\n\n<li><strong>Analista \u2013 Psic\u00f3logo<\/strong> Vagas: CR Sal\u00e1rio: R$ 10.388,29<\/li>\n\n\n\n<li><strong>Analista \u2013 M\u00e9dico<\/strong> Vagas: CR Sal\u00e1rio: R$ 10.388,29<\/li>\n\n\n\n<li><strong>Analista Enfermeiro<\/strong> Vagas: CR Sal\u00e1rio: R$ 10.388,29<\/li>\n\n\n\n<li><strong>Analista Arquiteto<\/strong> Vagas: CR Sal\u00e1rio: R$ 10.388,29<\/li>\n\n\n\n<li><strong>Analista Engenheiro (Civil e Eletricista)<\/strong> Vagas: CR Sal\u00e1rio: R$ 10.388,29<\/li>\n\n\n\n<li><strong>Oficial de Justi\u00e7a e Avaliador<\/strong> Vagas: CR Sal\u00e1rio: R$ 10.388,29<\/li>\n<\/ul>\n\n\n\n<p><strong>Para se preparar para a sele\u00e7\u00e3o, confira a\u00a0<a href=\"https:\/\/www.apostilasopcao.com.br\/concurso\/tj-sc-tribunal-de-justica-de-santa-catarina\" target=\"_blank\" rel=\"noreferrer noopener\">Apostila TJ-SC<\/a>\u00a0com conte\u00fado completo e atualizado conforme o edital!<\/strong><\/p>\n\n\n\n<h2 class=\"wp-block-heading\">Concurso TJ SC: Requisitos<\/h2>\n\n\n\n<p>Para tomar posse no cargo, o candidato deve atender a uma s\u00e9rie de requisitos legais e comprovar todas as condi\u00e7\u00f5es exigidas no edital do Concurso TJ SC. Para ingressar o candidato deve atender aos seguintes requisitos:<\/p>\n\n\n\n<ul class=\"wp-block-list\">\n<li>Aprova\u00e7\u00e3o no concurso p\u00fablico<\/li>\n\n\n\n<li>Nacionalidade brasileira ou portuguesa (com igualdade de direitos pol\u00edticos conforme a Constitui\u00e7\u00e3o Federal de 1988)<\/li>\n\n\n\n<li>Idade m\u00ednima de 18 anos<\/li>\n\n\n\n<li>Quita\u00e7\u00e3o com obriga\u00e7\u00f5es eleitorais<\/li>\n\n\n\n<li>Quita\u00e7\u00e3o com obriga\u00e7\u00f5es militares (se homem)<\/li>\n\n\n\n<li>Gozo dos direitos pol\u00edticos<\/li>\n\n\n\n<li>Inscri\u00e7\u00e3o regular no CPF<\/li>\n\n\n\n<li>Escolaridade exigida para o cargo (diploma reconhecido pelo Minist\u00e9rio da Educa\u00e7\u00e3o)<\/li>\n\n\n\n<li>Registro no conselho profissional, quando exigido<\/li>\n\n\n\n<li>Aptid\u00e3o em exame admissional<\/li>\n\n\n\n<li>Aptid\u00e3o f\u00edsica e mental<\/li>\n\n\n\n<li>Aus\u00eancia de defici\u00eancia incompat\u00edvel com o cargo<\/li>\n\n\n\n<li>N\u00e3o ter sofrido penalidade disciplinar grave<\/li>\n\n\n\n<li>Comprova\u00e7\u00e3o de reputa\u00e7\u00e3o ilibada<\/li>\n\n\n\n<li>Cumprimento das regras do edital<\/li>\n<\/ul>\n\n\n\n<h2 class=\"wp-block-heading\">Etapas de sele\u00e7\u00e3o<\/h2>\n\n\n\n<p>Os candidatos inscritos no concurso TJ SC ser\u00e3o avaliados em etapa \u00fanica, composta por:<\/p>\n\n\n\n<ul class=\"wp-block-list\">\n<li><strong>prova objetiva<\/strong>, de car\u00e1ter eliminat\u00f3rio e classificat\u00f3rio<\/li>\n<\/ul>\n\n\n\n<h3 class=\"wp-block-heading\">Prova Objetiva<\/h3>\n\n\n\n<p>A prova objetiva do Concurso TJ SC ser\u00e1 realizada no dia<strong> 28 de junho<\/strong>, com dura\u00e7\u00e3o total de 4 horas, sendo aplicada das <strong>8h \u00e0s 12h<\/strong> para os cargos de n\u00edvel superior e das <strong>15h \u00e0s 19h<\/strong> para os de n\u00edvel m\u00e9dio.<\/p>\n\n\n\n<p>A avalia\u00e7\u00e3o contar\u00e1 com <strong>80 quest\u00f5es<\/strong> de m\u00faltipla escolha, cada uma com cinco alternativas, das quais apenas uma ser\u00e1 correta.<\/p>\n\n\n\n<p><strong>Analista Administrativo<\/strong><\/p>\n\n\n\n<ul class=\"wp-block-list\">\n<li>L\u00edngua Portuguesa \u2013 10<\/li>\n\n\n\n<li>Legisla\u00e7\u00e3o Institucional do PJSC \u2013 6<\/li>\n\n\n\n<li>\u00c9tica e Gest\u00e3o no Servi\u00e7o P\u00fablico \u2013 4<\/li>\n\n\n\n<li>No\u00e7\u00f5es de Inform\u00e1tica e Prote\u00e7\u00e3o de Dados \u2013 5<\/li>\n\n\n\n<li>Direitos Humanos e acesso \u00e0 justi\u00e7a \u2013 5<\/li>\n\n\n\n<li>Administra\u00e7\u00e3o Geral \u2013 12<\/li>\n\n\n\n<li>Gest\u00e3o de Pessoas e Comportamento Organizacional \u2013 8<\/li>\n\n\n\n<li>Administra\u00e7\u00e3o de Materiais e Log\u00edstica \u2013 6<\/li>\n\n\n\n<li>Administra\u00e7\u00e3o P\u00fablica \u2013 10<\/li>\n\n\n\n<li>Administra\u00e7\u00e3o Financeira e Or\u00e7ament\u00e1ria \u2013 10<\/li>\n\n\n\n<li>Transpar\u00eancia e Controle na Administra\u00e7\u00e3o P\u00fablica \u2013 4<\/li>\n<\/ul>\n\n\n\n<p><strong>Analista Cont\u00e1bil-Econ\u00f4mico<\/strong><\/p>\n\n\n\n<ul class=\"wp-block-list\">\n<li>L\u00edngua Portuguesa \u2013 10<\/li>\n\n\n\n<li>Legisla\u00e7\u00e3o Institucional do PJSC \u2013 6<\/li>\n\n\n\n<li>\u00c9tica e Gest\u00e3o no Servi\u00e7o P\u00fablico \u2013 4<\/li>\n\n\n\n<li>No\u00e7\u00f5es de Inform\u00e1tica e Prote\u00e7\u00e3o de Dados \u2013 5<\/li>\n\n\n\n<li>Direitos Humanos e acesso \u00e0 justi\u00e7a \u2013 5<\/li>\n\n\n\n<li>Contabilidade Geral \u2013 17<\/li>\n\n\n\n<li>Contabilidade P\u00fablica \u2013 10<\/li>\n\n\n\n<li>Administra\u00e7\u00e3o Financeira e Or\u00e7ament\u00e1ria \u2013 8<\/li>\n\n\n\n<li>Economia \u2013 5<\/li>\n\n\n\n<li>Matem\u00e1tica Financeira e Estat\u00edstica Aplicada \u2013 5<\/li>\n\n\n\n<li>Controle, Auditoria e Governan\u00e7a \u2013 5<\/li>\n<\/ul>\n\n\n\n<p><strong>Analista Jur\u00eddico<\/strong><\/p>\n\n\n\n<ul class=\"wp-block-list\">\n<li>L\u00edngua Portuguesa \u2013 10<\/li>\n\n\n\n<li>Legisla\u00e7\u00e3o Institucional do PJSC \u2013 6<\/li>\n\n\n\n<li>\u00c9tica e Gest\u00e3o no Servi\u00e7o P\u00fablico \u2013 4<\/li>\n\n\n\n<li>No\u00e7\u00f5es de Inform\u00e1tica e Prote\u00e7\u00e3o de Dados \u2013 5<\/li>\n\n\n\n<li>Direitos Humanos e acesso \u00e0 justi\u00e7a \u2013 5<\/li>\n\n\n\n<li>Contabilidade Geral \u2013 17<\/li>\n\n\n\n<li>Contabilidade P\u00fablica \u2013 10<\/li>\n\n\n\n<li>Administra\u00e7\u00e3o Financeira e Or\u00e7ament\u00e1ria \u2013 8<\/li>\n\n\n\n<li>Economia \u2013 5<\/li>\n\n\n\n<li>Matem\u00e1tica Financeira e Estat\u00edstica Aplicada \u2013 5<\/li>\n\n\n\n<li>Controle, Auditoria e Governan\u00e7a \u2013 5<\/li>\n<\/ul>\n\n\n\n<p><strong>Analista de Sistemas<\/strong><\/p>\n\n\n\n<ul class=\"wp-block-list\">\n<li>L\u00edngua Portuguesa \u2013 10<\/li>\n\n\n\n<li>Legisla\u00e7\u00e3o Institucional do PJSC \u2013 6<\/li>\n\n\n\n<li>\u00c9tica e Gest\u00e3o no Servi\u00e7o P\u00fablico \u2013 4<\/li>\n\n\n\n<li>No\u00e7\u00f5es de Inform\u00e1tica e Prote\u00e7\u00e3o de Dados \u2013 5<\/li>\n\n\n\n<li>Direitos Humanos e acesso \u00e0 justi\u00e7a \u2013 5<\/li>\n\n\n\n<li>Engenharia de Software e Desenvolvimento \u2013 10<\/li>\n\n\n\n<li>Arquitetura de Sistemas e Integra\u00e7\u00e3o \u2013 10<\/li>\n\n\n\n<li>Banco de Dados e Engenharia de Dados \u2013 8<\/li>\n\n\n\n<li>Infraestrutura de TI e Computa\u00e7\u00e3o em Nuvem \u2013 8<\/li>\n\n\n\n<li>Seguran\u00e7a da Informa\u00e7\u00e3o e Governan\u00e7a de TI \u2013 8<\/li>\n\n\n\n<li>Governan\u00e7a Projetos e TI no Setor P\u00fablico \u2013 6<\/li>\n<\/ul>\n\n\n\n<p><strong>Arquiteto<\/strong><\/p>\n\n\n\n<ul class=\"wp-block-list\">\n<li>L\u00edngua Portuguesa \u2013 10<\/li>\n\n\n\n<li>Legisla\u00e7\u00e3o Institucional do PJSC \u2013 6<\/li>\n\n\n\n<li>\u00c9tica e Gest\u00e3o no Servi\u00e7o P\u00fablico \u2013 4<\/li>\n\n\n\n<li>No\u00e7\u00f5es de Inform\u00e1tica e Prote\u00e7\u00e3o de Dados \u2013 5<\/li>\n\n\n\n<li>Direitos Humanos e acesso \u00e0 justi\u00e7a \u2013 5<\/li>\n\n\n\n<li>Projeto Arquitet\u00f4nico, Urbanismo e Inser\u00e7\u00e3o Territorial \u2013 12<\/li>\n\n\n\n<li>Tecnologia da Constru\u00e7\u00e3o, Sistemas Prediais e Projeto de Edifica\u00e7\u00f5es \u2013 8<\/li>\n\n\n\n<li>Normas T\u00e9cnicas, Acessibilidade e Seguran\u00e7a \u2013 10<\/li>\n\n\n\n<li>Sustentabilidade, Paisagismo e Meio Ambiente \u2013 5<\/li>\n\n\n\n<li>Planejamento, Or\u00e7amento e Gest\u00e3o de Obras \u2013 7<\/li>\n\n\n\n<li>Gest\u00e3o Urbana, Pol\u00edticas P\u00fablicas e Instrumentos Urban\u00edsticos \u2013 8<\/li>\n<\/ul>\n\n\n\n<p><strong>Assistente Social<\/strong><\/p>\n\n\n\n<ul class=\"wp-block-list\">\n<li>L\u00edngua Portuguesa \u2013 10<\/li>\n\n\n\n<li>Legisla\u00e7\u00e3o Institucional do PJSC \u2013 6<\/li>\n\n\n\n<li>\u00c9tica e Gest\u00e3o no Servi\u00e7o P\u00fablico \u2013 4<\/li>\n\n\n\n<li>No\u00e7\u00f5es de Inform\u00e1tica e Prote\u00e7\u00e3o de Dados \u2013 5<\/li>\n\n\n\n<li>Direitos Humanos e acesso \u00e0 justi\u00e7a \u2013 5<\/li>\n\n\n\n<li>Servi\u00e7o Social e Teoria profissional \u2013 10<\/li>\n\n\n\n<li>Pol\u00edtica Social e Pol\u00edticas P\u00fablicas \u2013 10<\/li>\n\n\n\n<li>Direito de Fam\u00edlia, Crian\u00e7a, Adolescente e Idoso \u2013 10<\/li>\n\n\n\n<li>Diversidade, Igualdade e Interseccionalidade \u2013 8<\/li>\n\n\n\n<li>Sistema judici\u00e1rio e atua\u00e7\u00e3o sociojur\u00eddica \u2013 12<\/li>\n<\/ul>\n\n\n\n<p><strong>Enfermeiro<\/strong><\/p>\n\n\n\n<ul class=\"wp-block-list\">\n<li>L\u00edngua Portuguesa \u2013 10<\/li>\n\n\n\n<li>Legisla\u00e7\u00e3o Institucional do PJSC \u2013 6<\/li>\n\n\n\n<li>\u00c9tica e Gest\u00e3o no Servi\u00e7o P\u00fablico \u2013 4<\/li>\n\n\n\n<li>No\u00e7\u00f5es de Inform\u00e1tica e Prote\u00e7\u00e3o de Dados \u2013 5<\/li>\n\n\n\n<li>Direitos Humanos e acesso \u00e0 justi\u00e7a \u2013 5<\/li>\n\n\n\n<li>Sa\u00fade Ocupacional \u2013 10<\/li>\n\n\n\n<li>Sa\u00fade P\u00fablica \u2013 9<\/li>\n\n\n\n<li>Enfermagem Cl\u00ednica \u2013 12<\/li>\n\n\n\n<li>Urg\u00eancia e Procedimentos \u2013 6<\/li>\n\n\n\n<li>Biosseguran\u00e7a e Infec\u00e7\u00e3o \u2013 5<\/li>\n\n\n\n<li>Legisla\u00e7\u00e3o e \u00c9tica \u2013 8<\/li>\n<\/ul>\n\n\n\n<p><strong>Engenheiro Civil<\/strong><\/p>\n\n\n\n<ul class=\"wp-block-list\">\n<li>L\u00edngua Portuguesa \u2013 10<\/li>\n\n\n\n<li>Legisla\u00e7\u00e3o Institucional do PJSC \u2013 6<\/li>\n\n\n\n<li>\u00c9tica e Gest\u00e3o no Servi\u00e7o P\u00fablico \u2013 4<\/li>\n\n\n\n<li>No\u00e7\u00f5es de Inform\u00e1tica e Prote\u00e7\u00e3o de Dados \u2013 5<\/li>\n\n\n\n<li>Direitos Humanos e acesso \u00e0 justi\u00e7a \u2013 5<\/li>\n\n\n\n<li>Projetos e Estruturas \u2013 12<\/li>\n\n\n\n<li>Materiais e Processos Construtivos \u2013 8<\/li>\n\n\n\n<li>Infraestrutura e Saneamento \u2013 6<\/li>\n\n\n\n<li>Normas e Seguran\u00e7a \u2013 6<\/li>\n\n\n\n<li>Planejamento e Or\u00e7amento de Obras \u2013 10<\/li>\n\n\n\n<li>Licita\u00e7\u00f5es e Gest\u00e3o P\u00fablica \u2013 8<\/li>\n<\/ul>\n\n\n\n<p><strong>Engenheiro Eletricista<\/strong><\/p>\n\n\n\n<ul class=\"wp-block-list\">\n<li>L\u00edngua Portuguesa \u2013 10<\/li>\n\n\n\n<li>Legisla\u00e7\u00e3o Institucional do PJSC \u2013 6<\/li>\n\n\n\n<li>\u00c9tica e Gest\u00e3o no Servi\u00e7o P\u00fablico \u2013 4<\/li>\n\n\n\n<li>No\u00e7\u00f5es de Inform\u00e1tica e Prote\u00e7\u00e3o de Dados \u2013 5<\/li>\n\n\n\n<li>Direitos Humanos e acesso \u00e0 justi\u00e7a \u2013 5<\/li>\n\n\n\n<li>Instala\u00e7\u00f5es El\u00e9tricas \u2013 15<\/li>\n\n\n\n<li>Sistemas El\u00e9tricos de Pot\u00eancia \u2013 10<\/li>\n\n\n\n<li>Normas, Seguran\u00e7a e Prote\u00e7\u00e3o \u2013 10<\/li>\n\n\n\n<li>Licita\u00e7\u00f5es e Gest\u00e3o P\u00fablica \u2013 8<\/li>\n\n\n\n<li>Automa\u00e7\u00e3o e Efici\u00eancia Energ\u00e9tica \u2013 7<\/li>\n<\/ul>\n\n\n\n<p><strong>M\u00e9dico<\/strong><\/p>\n\n\n\n<ul class=\"wp-block-list\">\n<li>L\u00edngua Portuguesa \u2013 10<\/li>\n\n\n\n<li>Legisla\u00e7\u00e3o Institucional do PJSC \u2013 6<\/li>\n\n\n\n<li>\u00c9tica e Gest\u00e3o no Servi\u00e7o P\u00fablico \u2013 4<\/li>\n\n\n\n<li>No\u00e7\u00f5es de Inform\u00e1tica e Prote\u00e7\u00e3o de Dados \u2013 5<\/li>\n\n\n\n<li>Direitos Humanos e acesso \u00e0 justi\u00e7a \u2013 5<\/li>\n\n\n\n<li>Cl\u00ednica M\u00e9dica Geral \u2013 14<\/li>\n\n\n\n<li>Sa\u00fade Ocupacional \u2013 10<\/li>\n\n\n\n<li>Sa\u00fade P\u00fablica \u2013 8<\/li>\n\n\n\n<li>Medicina Legal e Per\u00edcia M\u00e9dica \u2013 8<\/li>\n\n\n\n<li>\u00c9tica M\u00e9dica e Bio\u00e9tica \u2013 5<\/li>\n\n\n\n<li>Legisla\u00e7\u00e3o do SUS e Normas Institucionais \u2013 5<\/li>\n<\/ul>\n\n\n\n<p><strong>Oficial de Justi\u00e7a e Avaliador<\/strong><\/p>\n\n\n\n<ul class=\"wp-block-list\">\n<li>L\u00edngua Portuguesa \u2013 10<\/li>\n\n\n\n<li>Legisla\u00e7\u00e3o Institucional do PJSC \u2013 6<\/li>\n\n\n\n<li>\u00c9tica e Gest\u00e3o no Servi\u00e7o P\u00fablico \u2013 4<\/li>\n\n\n\n<li>No\u00e7\u00f5es de Inform\u00e1tica e Prote\u00e7\u00e3o de Dados \u2013 5<\/li>\n\n\n\n<li>Direitos Humanos e acesso \u00e0 justi\u00e7a \u2013 5<\/li>\n\n\n\n<li>Direito Constitucional \u2013 8<\/li>\n\n\n\n<li>Direito Administrativo \u2013 6<\/li>\n\n\n\n<li>Direito Civil e Direito do Consumidor \u2013 10<\/li>\n\n\n\n<li>Direito Processual Civil \u2013 12<\/li>\n\n\n\n<li>Direito Penal \u2013 5<\/li>\n\n\n\n<li>Direito Processual Penal \u2013 5<\/li>\n\n\n\n<li>Direitos Humanos e Tutela Coletiva \u2013 4<\/li>\n<\/ul>\n\n\n\n<p><strong>Psic\u00f3logo<\/strong><\/p>\n\n\n\n<ul class=\"wp-block-list\">\n<li>L\u00edngua Portuguesa \u2013 10<\/li>\n\n\n\n<li>Legisla\u00e7\u00e3o Institucional do PJSC \u2013 6<\/li>\n\n\n\n<li>\u00c9tica e Gest\u00e3o no Servi\u00e7o P\u00fablico \u2013 4<\/li>\n\n\n\n<li>No\u00e7\u00f5es de Inform\u00e1tica e Prote\u00e7\u00e3o de Dados \u2013 5<\/li>\n\n\n\n<li>Direitos Humanos e acesso \u00e0 justi\u00e7a \u2013 5<\/li>\n\n\n\n<li>Psicologia e Desenvolvimento Humano \u2013 10<\/li>\n\n\n\n<li>Psicologia Cl\u00ednica e Avalia\u00e7\u00e3o \u2013 14<\/li>\n\n\n\n<li>Psicologia Jur\u00eddica e Pol\u00edticas P\u00fablicas \u2013 16<\/li>\n\n\n\n<li>Psicologia Educacional, Sa\u00fade Mental e \u00c9tica \u2013 10<\/li>\n<\/ul>\n\n\n\n<p><strong>T\u00e9cnico Judici\u00e1rio Auxiliar<\/strong><\/p>\n\n\n\n<ul class=\"wp-block-list\">\n<li>L\u00edngua Portuguesa \u2013 10<\/li>\n\n\n\n<li>Legisla\u00e7\u00e3o Institucional do PJSC \u2013 6<\/li>\n\n\n\n<li>\u00c9tica e Gest\u00e3o no Servi\u00e7o P\u00fablico \u2013 4<\/li>\n\n\n\n<li>No\u00e7\u00f5es de Inform\u00e1tica e Prote\u00e7\u00e3o de Dados \u2013 5<\/li>\n\n\n\n<li>Direitos Humanos e acesso \u00e0 justi\u00e7a \u2013 5<\/li>\n\n\n\n<li>No\u00e7\u00f5es de Direito Constitucional \u2013 8<\/li>\n\n\n\n<li>No\u00e7\u00f5es de Direito Administrativo \u2013 10<\/li>\n\n\n\n<li>No\u00e7\u00f5es de Direito Civil \u2013 6<\/li>\n\n\n\n<li>No\u00e7\u00f5es de Direito Processual Civil \u2013 10<\/li>\n\n\n\n<li>No\u00e7\u00f5es de Direito Penal \u2013 6<\/li>\n\n\n\n<li>No\u00e7\u00f5es de Direito Processual Penal \u2013 10<\/li>\n<\/ul>\n\n\n\n<h4 class=\"wp-block-heading\">Para todos os cargos, ser\u00e1 considerado aprovado na Prova Objetiva do Concurso TJ SC: <\/h4>\n\n\n\n<ul class=\"wp-block-list\">\n<li>O candidato que, cumulativamente:\n<ul class=\"wp-block-list\">\n<li>acertar, no m\u00ednimo, 30 quest\u00f5es de Conhecimentos Espec\u00edficos; e<\/li>\n\n\n\n<li>acertar, no m\u00ednimo, 48 quest\u00f5es do total da Prova Objetiva.<\/li>\n<\/ul>\n<\/li>\n\n\n\n<li>Para as vagas reservadas \u00e0s pessoas com de\ue02fci\u00eancia, negros (pre\ue046os e pardos), ind\u00edgenas ou quilombolas, ser\u00e3o considerados aprovados os candida\ue046os que, cumulativamente:\n<ul class=\"wp-block-list\">\n<li>acertarem, no m\u00ednimo, 24 quest\u00f5es de Conhecimentos Espec\u00edficos; e<\/li>\n\n\n\n<li>acertarem, no m\u00ednimo, 38 quest\u00f5es do total da Prova Objetiva.<\/li>\n<\/ul>\n<\/li>\n\n\n\n<li>O candidato que n\u00e3o atender aos requisitos da al\u00ednea \u201ca\u201d ou, no caso de candida\ue046os enquadrados como pessoa com defici\u00eancia, negros (pretos e pardos), ind\u00edgenas ou quilombolas, al\u00ednea \u201cb&#8221; ser\u00e1 eliminado do Concurso.<\/li>\n<\/ul>\n\n\n\n<h3 class=\"wp-block-heading\">Somos a melhor Op\u00e7\u00e3o<\/h3>\n\n\n\n<p>Quer conquistar uma vaga no Concurso TJ SC? Somos a melhore Op\u00e7\u00e3o! N\u00f3s preparamos diversos materiais realmente focados conforme o edital que te ajudar\u00e3o a conquistar o cargo dos sonhos. N\u00e3o perca mais tempo e comece a se preparar ainda hoje!<\/p>\n\n\n\n<p><strong>Confira:\u00a0<a href=\"https:\/\/www.apostilasopcao.com.br\/concurso\/tj-sc-tribunal-de-justica-de-santa-catarina\" target=\"_blank\" rel=\"noreferrer noopener\">Apostila TJ-SC!<\/a><\/strong><\/p>\n\n\n\n<h2 class=\"wp-block-heading\">Como foi o ultimo concurso TJ SC?<\/h2>\n\n\n\n<p>As inscri\u00e7\u00f5es do concurso TJ SC 2024 puderam ser realizadas entre os dias <strong>27 de mar\u00e7o e 25 de abril de 2024<\/strong>, exclusivamente pelo site da banca organizadora, a <a href=\"https:\/\/conhecimento.fgv.br\/concursos\/tjscservidor24\" target=\"_blank\" rel=\"noreferrer noopener\">Funda\u00e7\u00e3o Get\u00falio Vargas (FGV)<\/a>. Ao todo, o certame registrou <strong>53.322 inscritos<\/strong>.<\/p>\n\n\n\n<p>Para a homologa\u00e7\u00e3o da inscri\u00e7\u00e3o, foi exigido o pagamento de taxa no valor fixo de <strong>R$ 90,00<\/strong>.<\/p>\n\n\n\n<h3 class=\"wp-block-heading\" id=\"cargos\">Quantas vagas foram ofertadas no concurso TJ SC?<\/h3>\n\n\n\n<p>O concurso TJ SC ofertou vagas para forma\u00e7\u00e3o de cadastro reserva para cargos de n\u00edveis m\u00e9dio e superior de escolaridade. Confira os cargos ofertados e os sal\u00e1rios:<\/p>\n\n\n\n<p><strong>N\u00edvel m\u00e9dio<\/strong><\/p>\n\n\n\n<ul class=\"wp-block-list\">\n<li>T\u00e9cnico judici\u00e1rio auxiliar\n<ul class=\"wp-block-list\">\n<li>R$ 5.515,07<\/li>\n<\/ul>\n<\/li>\n<\/ul>\n\n\n\n<p><strong>N\u00edvel superior<\/strong><\/p>\n\n\n\n<ul class=\"wp-block-list\">\n<li>Analista administrativo<\/li>\n\n\n\n<li>Analista jur\u00eddico<\/li>\n\n\n\n<li>Assistente social<\/li>\n\n\n\n<li>Engenheiro civil<\/li>\n\n\n\n<li>Engenheiro eletricista<\/li>\n\n\n\n<li>Oficial de justi\u00e7a e avaliador<\/li>\n<\/ul>\n\n\n\n<p>Sal\u00e1rio: R$ 9.493,61<\/p>\n\n\n\n<p>A jornada de trabalho era de <strong>35 horas semanais<\/strong> para todos os cargos ofertados do concurso TJ SC.<\/p>\n\n\n\n<h2 class=\"wp-block-heading\" id=\"etapas\">Como foram as provas do concurso TJ SC 2024?<\/h2>\n\n\n\n<p>Os candidatos do concurso TJ SC foram avaliados por meio de <strong>uma \u00fanica etapa<\/strong>, a Prova Objetiva, de <strong>car\u00e1ter eliminat\u00f3rio e classificat\u00f3rio<\/strong>.<\/p>\n\n\n\n<p>A avalia\u00e7\u00e3o do concurso TJ SC foi composta por <strong>80 quest\u00f5es<\/strong> de m\u00faltipla escolha que foram versadas nas seguintes disciplinas:<\/p>\n\n\n\n<p><strong>N\u00edvel m\u00e9dio e para Analista Jur\u00eddico e Oficial de Justi\u00e7a<\/strong><\/p>\n\n\n\n<ul class=\"wp-block-list\">\n<li>L\u00edngua Portuguesa (25)<\/li>\n\n\n\n<li>Legisla\u00e7\u00e3o Interna (15)<\/li>\n\n\n\n<li>Conhecimentos Espec\u00edficos (40)<\/li>\n<\/ul>\n\n\n\n<p><strong>N\u00edvel superior (exceto para Analista Jur\u00eddico e Oficial de Justi\u00e7a)<\/strong><\/p>\n\n\n\n<ul class=\"wp-block-list\">\n<li>L\u00edngua Portuguesa (24)<\/li>\n\n\n\n<li>No\u00e7\u00f5es de Direito (10)<\/li>\n\n\n\n<li>Legisla\u00e7\u00e3o Interna (06)<\/li>\n\n\n\n<li>Conhecimentos Espec\u00edficos (40)<\/li>\n<\/ul>\n\n\n\n<p>Foi considerado aprovado na prova objetiva do concurso TJ SC o candidato que acertou o m\u00ednimo de quest\u00f5es exigidas, conforme o cargo pretendido.<\/p>\n\n\n\n<p><strong>Quer ficar por dentro de tudo sobre o universo de concursos?&nbsp;<a href=\"https:\/\/www.apostilasopcao.com.br\/blog\/noticias\/\">Confira as nossas not\u00edcias!<\/a><\/strong><\/p>\n","protected":false},"excerpt":{"rendered":"<p>Foi anunciado o novo Concurso TJ SC! Oferta\u00a02 vagas imediatas, mais forma\u00e7\u00e3o em cadastro de reserva, para cargos de n\u00edveis m\u00e9dio e superior. Os sal\u00e1rios iniciais variam de\u00a0R$ 6.034,81 a R$ 10.388,29. As\u00a0inscri\u00e7\u00f5es\u00a0estar\u00e3o abertas a partir de\u00a01 de abril\u00a0e se estendem at\u00e9\u00a030 de abril de 2026. J\u00e1 a prova objetiva est\u00e1 prevista para o dia\u00a028 de junho de 2026. O valor da taxa de inscri\u00e7\u00e3o \u00e9 de\u00a0R$ 70,00. Confira!<\/p>\n","protected":false},"author":13,"featured_media":11757,"comment_status":"closed","ping_status":"closed","sticky":false,"template":"","format":"standard","meta":{"_acf_changed":false,"breadcrumbs_single_post":"","page_title_panel":"","breadcrumbs_single_page":"","single_page_alignment":"","single_page_margin":"","page_structure_type":"","content_style_source":"","content_style":"","blog_post_streched_ed":"","blog_page_streched_ed":"","has_transparent_header":"","disable_transparent_header":"","vertical_spacing_source":"","content_area_spacing":"","single_post_content_background":"","single_page_content_background":"","single_post_boxed_content_spacing":"","single_page_boxed_content_spacing":"","single_post_content_boxed_radius":"","single_page_content_boxed_radius":"","disable_featured_image":"","disable_post_tags":"","disable_author_box":"","disable_posts_navigation":"","disable_comments":"","disable_related_posts":"","disable_header":"","disable_footer":"","footnotes":""},"categories":[4,29],"tags":[671],"class_list":["post-9425","post","type-post","status-publish","format-standard","has-post-thumbnail","hentry","category-noticias","category-sc","tag-concurso-tj-sc","rishi-post"],"acf":{"data_prova":"20260628","status":"aberto"},"_links":{"self":[{"href":"https:\/\/www.apostilasopcao.com.br\/blog\/wp-json\/wp\/v2\/posts\/9425","targetHints":{"allow":["GET"]}}],"collection":[{"href":"https:\/\/www.apostilasopcao.com.br\/blog\/wp-json\/wp\/v2\/posts"}],"about":[{"href":"https:\/\/www.apostilasopcao.com.br\/blog\/wp-json\/wp\/v2\/types\/post"}],"author":[{"embeddable":true,"href":"https:\/\/www.apostilasopcao.com.br\/blog\/wp-json\/wp\/v2\/users\/13"}],"replies":[{"embeddable":true,"href":"https:\/\/www.apostilasopcao.com.br\/blog\/wp-json\/wp\/v2\/comments?post=9425"}],"version-history":[{"count":13,"href":"https:\/\/www.apostilasopcao.com.br\/blog\/wp-json\/wp\/v2\/posts\/9425\/revisions"}],"predecessor-version":[{"id":11758,"href":"https:\/\/www.apostilasopcao.com.br\/blog\/wp-json\/wp\/v2\/posts\/9425\/revisions\/11758"}],"wp:featuredmedia":[{"embeddable":true,"href":"https:\/\/www.apostilasopcao.com.br\/blog\/wp-json\/wp\/v2\/media\/11757"}],"wp:attachment":[{"href":"https:\/\/www.apostilasopcao.com.br\/blog\/wp-json\/wp\/v2\/media?parent=9425"}],"wp:term":[{"taxonomy":"category","embeddable":true,"href":"https:\/\/www.apostilasopcao.com.br\/blog\/wp-json\/wp\/v2\/categories?post=9425"},{"taxonomy":"post_tag","embeddable":true,"href":"https:\/\/www.apostilasopcao.com.br\/blog\/wp-json\/wp\/v2\/tags?post=9425"}],"curies":[{"name":"wp","href":"https:\/\/api.w.org\/{rel}","templated":true}]}}