{"id":9448,"date":"2026-01-27T11:00:53","date_gmt":"2026-01-27T14:00:53","guid":{"rendered":"https:\/\/www.apostilasopcao.com.br\/blog\/?p=9448"},"modified":"2026-01-27T11:00:54","modified_gmt":"2026-01-27T14:00:54","slug":"pc-pe","status":"publish","type":"post","link":"https:\/\/www.apostilasopcao.com.br\/blog\/pc-pe\/","title":{"rendered":"Concurso PC PE: Comiss\u00e3o formada! Edital previsto!"},"content":{"rendered":"\n<p>Boas not\u00edcias concurseiros! Novidades importantes sobre o concurso PC PE (Pol\u00edcia Civil do Estado de Pernambuco). Os preparativos para o novo certame avan\u00e7aram com a <strong>atualiza\u00e7\u00e3o da comiss\u00e3o respons\u00e1vel<\/strong>, que passa a atuar diretamente nos tr\u00e2mites necess\u00e1rios para a <strong>publica\u00e7\u00e3o do edital<\/strong>, prevista para o primeiro <strong>semestre de 2026<\/strong>. Segundo a governadora Raquel Lyra, a sele\u00e7\u00e3o j\u00e1 se encontra na fase de <strong>defini\u00e7\u00e3o da banca organizadora<\/strong>, etapa essencial para a <strong>consolida\u00e7\u00e3o do cronograma<\/strong>, e a expectativa \u00e9 de que o concurso ofere\u00e7a boas oportunidades para ingresso na carreira policial. Para se preparar, confira a\u00a0<a href=\"https:\/\/www.apostilasopcao.com.br\/concurso\/policia-civil-de-pernambuco\">apostila PC PE<\/a>\u00a0com conte\u00fado completo e atualizado conforme o edital!<\/p>\n\n\n\n<h2 class=\"wp-block-heading\">Qual a situa\u00e7\u00e3o atual do concurso PC PE?<\/h2>\n\n\n\n<p>O concurso PC PE est\u00e1 entre os certames mais aguardados do momento e segue avan\u00e7ando nos preparativos para a publica\u00e7\u00e3o de um <strong>novo edital<\/strong>. No dia 24 de janeiro, foi publicada no Di\u00e1rio Oficial de Pernambuco a Portaria Conjunta SAD\/SDS n\u00ba 17, que atualiza a <strong>composi\u00e7\u00e3o da comiss\u00e3o<\/strong> coordenadora respons\u00e1vel pelo certame.<\/p>\n\n\n\n<p>O documento mant\u00e9m em aberto a possibilidade de atua\u00e7\u00e3o do grupo tanto no acompanhamento das convoca\u00e7\u00f5es do concurso em vigor quanto nos trabalhos de organiza\u00e7\u00e3o do <strong>novo edital<\/strong> previsto. Confira, a seguir, o documento oficial:<\/p>\n\n\n\n<figure class=\"wp-block-image size-full\"><img loading=\"lazy\" decoding=\"async\" width=\"768\" height=\"593\" src=\"https:\/\/www.apostilasopcao.com.br\/blog\/wp-content\/uploads\/2026\/01\/image-62.png\" alt=\"Documento no DOE PE. Concurso PC PE.\" class=\"wp-image-9452\" srcset=\"https:\/\/www.apostilasopcao.com.br\/blog\/wp-content\/uploads\/2026\/01\/image-62.png 768w, https:\/\/www.apostilasopcao.com.br\/blog\/wp-content\/uploads\/2026\/01\/image-62-300x232.png 300w\" sizes=\"auto, (max-width: 768px) 100vw, 768px\" \/><\/figure>\n\n\n\n<p>Vale destacar que o processo de defini\u00e7\u00e3o da banca organizadora j\u00e1 foi iniciado, conforme an\u00fancio oficial da governadora Raquel Lyra durante a formatura de novos policiais civis.<\/p>\n\n\n\n<blockquote class=\"wp-block-quote is-layout-flow wp-block-quote-is-layout-flow\">\n<p>\u201c<em>J\u00e1 estamos contratando uma nova banca para concurso p\u00fablico das mais diversas pol\u00edcias porque a gente precisa garantir recompletamento de quadros<\/em>.\u201d revelou a governadora.<\/p>\n<\/blockquote>\n\n\n\n<p>Al\u00e9m disso, o secret\u00e1rio de Defesa Social de Pernambuco, Alessandro Carvalho, afirmou que novos editais das for\u00e7as policiais do estado ser\u00e3o publicados no<strong> primeiro semestre de 2026<\/strong>, previs\u00e3o que inclui o concurso PC PE, atualmente em fase inicial de organiza\u00e7\u00e3o.<\/p>\n\n\n\n<h3 class=\"wp-block-heading\">Amplia\u00e7\u00e3o das nomea\u00e7\u00f5es<\/h3>\n\n\n\n<p>Em julho, o governo ampliou o n\u00famero de aprovados do concurso PC PE realizado no fim de 2023. O edital anterior previa&nbsp;<strong>445 vagas imediatas<\/strong>, distribu\u00eddas entre:<\/p>\n\n\n\n<ul class=\"wp-block-list\">\n<li>150 vagas para\u00a0<strong>Agente de Pol\u00edcia<\/strong><\/li>\n\n\n\n<li>150 vagas para\u00a0<strong>Escriv\u00e3o<\/strong><\/li>\n\n\n\n<li>45 vagas para\u00a0<strong>Delegado<\/strong><\/li>\n<\/ul>\n\n\n\n<p>Um aditivo posterior autorizou a convoca\u00e7\u00e3o de&nbsp;<strong>mais 445 aprovados<\/strong>, duplicando o total para&nbsp;<strong>890 nomea\u00e7\u00f5es previstas<\/strong>. Segundo o secret\u00e1rio Alessandro Carvalho, essa segunda leva de convoca\u00e7\u00f5es encerrar\u00e1 o ciclo de nomea\u00e7\u00f5es do concurso anterior.<\/p>\n\n\n\n<p>Com o encerramento das convoca\u00e7\u00f5es, o governo estadual j\u00e1 planeja refor\u00e7ar o efetivo da corpora\u00e7\u00e3o e iniciar os preparativos do novo concurso PC PE, previsto para ser <strong>lan\u00e7ado at\u00e9 junho de 2026<\/strong>.<\/p>\n\n\n\n<p>A governadora Raquel Lyra j\u00e1 havia sinalizado, desde o in\u00edcio de 2024, que pretendia ampliar o quadro da Pol\u00edcia Civil, condicionando o avan\u00e7o \u00e0 observ\u00e2ncia dos limites da Lei de Responsabilidade Fiscal (LRF).<\/p>\n\n\n\n<h2 class=\"wp-block-heading\">Remunera\u00e7\u00e3o<\/h2>\n\n\n\n<p>O \u00faltimo concurso PC PE ofertou oportunidades para candidatos com <strong>n\u00edvel superior <\/strong>completo, com exig\u00eancias espec\u00edficas conforme o cargo. Para as fun\u00e7\u00f5es de <strong>agente e escriv\u00e3o<\/strong>, foi requerido diploma de gradua\u00e7\u00e3o em qualquer \u00e1rea, al\u00e9m da Carteira Nacional de Habilita\u00e7\u00e3o CNH na categoria B.<\/p>\n\n\n\n<p>J\u00e1 para o cargo de delegado, o edital exigiu forma\u00e7\u00e3o em Direito e, no m\u00ednimo, tr\u00eas anos de pr\u00e1tica jur\u00eddica. As remunera\u00e7\u00f5es previstas tamb\u00e9m chamaram a aten\u00e7\u00e3o, com sal\u00e1rio inicial de <strong>R$4.700<\/strong> para agente e escriv\u00e3o e vencimento inicial de <strong>R$10.930,51<\/strong> para o cargo de delegado.<\/p>\n\n\n\n<p><strong>Para se preparar, confira a\u00a0<a href=\"https:\/\/www.apostilasopcao.com.br\/concurso\/policia-civil-de-pernambuco\">apostila PC PE<\/a>\u00a0com conte\u00fado completo e atualizado conforme o edital!<\/strong><\/p>\n\n\n\n<h2 class=\"wp-block-heading\" id=\"requisitos-do-concurso-pc-pe\">Requisitos do concurso PC PE<\/h2>\n\n\n\n<p>As exig\u00eancias b\u00e1sicas para investidura nos cargos s\u00e3o:<\/p>\n\n\n\n<ul class=\"wp-block-list\">\n<li>Ser aprovado no concurso p\u00fablico;<\/li>\n\n\n\n<li>Ter nacionalidade brasileira ou portuguesa, e, no caso de nacionalidade portuguesa, estar amparado pelo Estatuto de Igualdade entre Brasileiros e Portugueses, com reconhecimento do gozo dos direitos pol\u00edticos;<\/li>\n\n\n\n<li>Estar em gozo dos direitos pol\u00edticos;<\/li>\n\n\n\n<li>Estar quite com as obriga\u00e7\u00f5es militares, em caso de candidato do sexo masculino;<\/li>\n\n\n\n<li>Estar quite com as obriga\u00e7\u00f5es eleitorais;<\/li>\n\n\n\n<li>Ter idade m\u00ednima de 18 anos completos na data da posse; e<\/li>\n\n\n\n<li>Ter aptid\u00e3o f\u00edsica e mental para o exerc\u00edcio das atribui\u00e7\u00f5es correspondentes ao cargo.<\/li>\n<\/ul>\n\n\n\n<h2 class=\"wp-block-heading\" id=\"o-que-faz-um-policial-civil-de-pernambuco\">O que faz um Policial Civil de Pernambuco?<\/h2>\n\n\n\n<p>Dentre as fun\u00e7\u00f5es e responsabilidades dos cargos do concurso PC PE est\u00e3o:<\/p>\n\n\n\n<h3 class=\"wp-block-heading\">Agente<\/h3>\n\n\n\n<ul class=\"wp-block-list\">\n<li>Praticar os atos de Pol\u00edcia Judici\u00e1ria definidos na esfera de sua compet\u00eancia t\u00e9cnica e funcional pelo C\u00f3digo de Processo Penal e por outras normas que regem essa atividade, inclusive t\u00e9cnicas e \u00e9ticas, mediante determina\u00e7\u00e3o da Autoridade Policial, atendendo aos crit\u00e9rios de hierarquia e disciplina referidos no art. 1\u00ba da Lei Complementar n\u00ba 137, de 2008;<\/li>\n\n\n\n<li>Cumprir mandados judiciais e custodiar presos;<\/li>\n\n\n\n<li>Dirigir ve\u00edculos policiais automotores em atividades pertinentes aos servi\u00e7os policiais;<\/li>\n\n\n\n<li>Operar equipamentos computacionais e de comunica\u00e7\u00e3o, bem como armamentos policiais;<\/li>\n\n\n\n<li>Manter o sigilo necess\u00e1rio \u00e0 elucida\u00e7\u00e3o dos fatos e \u00e0s investiga\u00e7\u00f5es, dentre outras determinadas pelas autoridades competentes.<\/li>\n<\/ul>\n\n\n\n<h3 class=\"wp-block-heading\">Escriv\u00e3o de PC PE<\/h3>\n\n\n\n<ul class=\"wp-block-list\">\n<li>Materializar os atos de Pol\u00edcia Judici\u00e1ria definidos na esfera de sua compet\u00eancia funcional pelo C\u00f3digo de Processo Penal e por outras normas que regem essa atividade, inclusive t\u00e9cnicas e \u00e9ticas;<\/li>\n\n\n\n<li>Assessorar, executar e controlar os trabalhos relacionados \u00e0 formaliza\u00e7\u00e3o dos atos de Pol\u00edcia Judici\u00e1ria por determina\u00e7\u00e3o e orienta\u00e7\u00e3o da Autoridade Policial a que estiver subordinado nos inqu\u00e9ritos policiais, sindic\u00e2ncias e processos administrativos disciplinares;<\/li>\n\n\n\n<li>Expedir certid\u00f5es de of\u00edcio e mediante requerimento deferido pela Autoridade Policial;<\/li>\n\n\n\n<li>Executar tarefas administrativas pertinentes \u00e0s atividades cartor\u00e1rias;<\/li>\n\n\n\n<li>Responder pela guarda de bens, valores e instrumentos de crime entregues \u00e0 sua cust\u00f3dia em raz\u00e3o de sua fun\u00e7\u00e3o, dando-lhes a destina\u00e7\u00e3o legal;<\/li>\n\n\n\n<li>Proceder e manter registro atualizado das estat\u00edsticas inerentes aos trabalhos policiais do seu cargo;<\/li>\n\n\n\n<li>Receber e recolher \u00e0 reparti\u00e7\u00e3o competente as import\u00e2ncias ou valores relativos \u00e0 fian\u00e7a;<\/li>\n\n\n\n<li>Zelar pelo cumprimento dos prazos legais;<\/li>\n\n\n\n<li>Proceder a outros atos de natureza tipicamente cartor\u00e1ria;<\/li>\n\n\n\n<li>Manter o sigilo necess\u00e1rio \u00e0 elucida\u00e7\u00e3o dos fatos e \u00e0s investiga\u00e7\u00f5es, dentre outras determinadas pelas autoridades competentes.<\/li>\n<\/ul>\n\n\n\n<h3 class=\"wp-block-heading\">Delegado da PC PE<\/h3>\n\n\n\n<ul class=\"wp-block-list\">\n<li>Dirigir, supervisionar, coordenar, planejar, orientar, executar e controlar a administra\u00e7\u00e3o policial civil estadual bem como as investiga\u00e7\u00f5es e opera\u00e7\u00f5es policiais; e<\/li>\n\n\n\n<li>Instaurar e presidir procedimentos policiais.<\/li>\n<\/ul>\n\n\n\n<h2 class=\"wp-block-heading\">Como foi o \u00faltimo concurso PC PE?<\/h2>\n\n\n\n<p>O \u00faltimo concurso <a href=\"https:\/\/www2.pc.pe.gov.br\/\" target=\"_blank\" rel=\"noreferrer noopener\">PC PE<\/a> teve seu edital publicado em 2023 e foi realizado em 2024. A sele\u00e7\u00e3o ofertou\u00a0<strong>445 vagas<\/strong>\u00a0distribu\u00eddas entre os cargos baixo:<\/p>\n\n\n\n<ul class=\"wp-block-list\">\n<li>Agente de Pol\u00edcia Civil\n<ul class=\"wp-block-list\">\n<li>Ampla concorr\u00eancia: 237 vagas<\/li>\n\n\n\n<li>PcDs: 13 vagas<\/li>\n<\/ul>\n<\/li>\n\n\n\n<li>Escriv\u00e3o da Pol\u00edcia Civil\n<ul class=\"wp-block-list\">\n<li>Ampla concorr\u00eancia: 142 vagas<\/li>\n\n\n\n<li>PcDs: 08 vagas<\/li>\n<\/ul>\n<\/li>\n\n\n\n<li>Delegado\n<ul class=\"wp-block-list\">\n<li>Ampla concorr\u00eancia: 42 vagas<\/li>\n\n\n\n<li>PcDs: 03 vagas<\/li>\n<\/ul>\n<\/li>\n<\/ul>\n\n\n\n<p>Com uma jornada de trabalho de <strong>40 horas semanais<\/strong>, os cargos contam com as seguintes\u00a0remunera\u00e7\u00f5es:<\/p>\n\n\n\n<ul id=\"block-6e9f949c-f210-40f2-a194-14ca31f8e288\" class=\"wp-block-list\">\n<li>Agente e Escriv\u00e3o: R$ 4.700,00<\/li>\n\n\n\n<li>Delegado: R$ 10.930,00<\/li>\n<\/ul>\n\n\n\n<h3 class=\"wp-block-heading\">Como foram as provas do \u00faltimo concurso PC PE?<\/h3>\n\n\n\n<p>O concurso PC PE foi realizado com as seguintes etapas de sele\u00e7\u00e3o:<\/p>\n\n\n\n<p><strong>1\u00aa Etapa<\/strong><\/p>\n\n\n\n<ul class=\"wp-block-list\">\n<li>Prova Objetiva;<\/li>\n\n\n\n<li>Prova Discursiva;<\/li>\n\n\n\n<li>Prova Pr\u00e1tica de Digita\u00e7\u00e3o (apenas para Escriv\u00e3o);<\/li>\n\n\n\n<li>Exames M\u00e9dicos;<\/li>\n\n\n\n<li>Prova de Capacidade F\u00edsica;<\/li>\n\n\n\n<li>Avalia\u00e7\u00e3o Psicol\u00f3gica;<\/li>\n\n\n\n<li>Investiga\u00e7\u00e3o Social;<\/li>\n\n\n\n<li>Prova Oral; e<\/li>\n\n\n\n<li>Avalia\u00e7\u00e3o de T\u00edtulos (apenas para Delegado).<\/li>\n<\/ul>\n\n\n\n<p><strong>2\u00aa Etapa<\/strong><\/p>\n\n\n\n<ul class=\"wp-block-list\">\n<li>Curso de Forma\u00e7\u00e3o Profissional.<\/li>\n<\/ul>\n\n\n\n<p>As provas objetivas e discursivas foram aplicadas no dia 25 de fevereiro de 2024 para os cargos de Agente e Escriv\u00e3o, e no dia 03 de mar\u00e7o de 2024 para o cargo de Delegado.<\/p>\n\n\n\n<h4 class=\"wp-block-heading\">Provas Objetivas<\/h4>\n\n\n\n<p>As provas objetivas, de car\u00e1ter eliminat\u00f3rio e classificat\u00f3rio, foram compostas por&nbsp;<strong>100 quest\u00f5es<\/strong>&nbsp;para o cargo de&nbsp;<strong>Delegado<\/strong>&nbsp;e por&nbsp;<strong>60 quest\u00f5es<\/strong>&nbsp;para os cargos de&nbsp;<strong>Agente<\/strong>&nbsp;e&nbsp;<strong>Escriv\u00e3o<\/strong>, todas de m\u00faltipla escolha.<\/p>\n\n\n\n<p>As disciplinas cobradas em cada cargo foram as seguintes:<\/p>\n\n\n\n<p><strong>Agente de Pol\u00edcia<\/strong><\/p>\n\n\n\n<ul class=\"wp-block-list\">\n<li>P1: Conhecimentos b\u00e1sicos \u2013 No\u00e7\u00f5es de Direito (20)<\/li>\n\n\n\n<li>P2: Conhecimentos Espec\u00edficos (40)<\/li>\n<\/ul>\n\n\n\n<p><strong>Escriv\u00e3o de Pol\u00edcia<\/strong><\/p>\n\n\n\n<ul class=\"wp-block-list\">\n<li>P1: Conhecimentos b\u00e1sicos \u2013 No\u00e7\u00f5es de Direito (20)<\/li>\n\n\n\n<li>P2: Conhecimentos Espec\u00edficos (40)<\/li>\n<\/ul>\n\n\n\n<p><strong>Delegado de Pol\u00edcia<\/strong><\/p>\n\n\n\n<ul class=\"wp-block-list\">\n<li>Direito Constitucional (12)<\/li>\n\n\n\n<li>Direito Administrativo (12)<\/li>\n\n\n\n<li>Direito Penal (14)<\/li>\n\n\n\n<li>Direito Processual Penal (14)<\/li>\n\n\n\n<li>Legisla\u00e7\u00e3o Penal e Processual Penal Extravagante (10)<\/li>\n\n\n\n<li>Legisla\u00e7\u00e3o Estadual (05)<\/li>\n\n\n\n<li>Medicina Legal (06)<\/li>\n\n\n\n<li>Criminologia (05)<\/li>\n\n\n\n<li>Direito Civil e Empresarial (06)<\/li>\n\n\n\n<li>Direito Processual Civil (06)<\/li>\n\n\n\n<li>Direito Tribut\u00e1rio (05)<\/li>\n\n\n\n<li>Direito Ambiental (05)<\/li>\n<\/ul>\n\n\n\n<p>Cada quest\u00e3o teve valor de&nbsp;<strong>1 ponto<\/strong>&nbsp;e foram considerados aprovados os candidatos que:<\/p>\n\n\n\n<ul class=\"wp-block-list\">\n<li>Para o cargo de\u00a0<strong>Delegado<\/strong>: n\u00e3o obtiveram nota inferior a\u00a0<strong>40,00 pontos<\/strong>;<\/li>\n\n\n\n<li>Para os cargos de\u00a0<strong>Agente<\/strong>\u00a0ou\u00a0<strong>Escriv\u00e3o<\/strong>: n\u00e3o obtiveram nota inferior a\u00a0<strong>24,00 pontos<\/strong>.<\/li>\n<\/ul>\n\n\n\n<h3 class=\"wp-block-heading\">Somos a melhor Op\u00e7\u00e3o<\/h3>\n\n\n\n<p>Quer conquistar uma vaga no concurso PC PE? Somos a melhore Op\u00e7\u00e3o! N\u00f3s preparamos diversos materiais realmente focados conforme o edital que te ajudar\u00e3o a conquistar o cargo dos sonhos. N\u00e3o perca mais tempo e comece a se preparar ainda hoje!<\/p>\n\n\n\n<p><strong>Confira:\u00a0<a href=\"https:\/\/www.apostilasopcao.com.br\/concurso\/policia-civil-de-pernambuco\">Apostilas PC PE<\/a>!<\/strong><\/p>\n\n\n\n<p><strong>Quer ficar por dentro de tudo sobre o universo de concursos?&nbsp;<a href=\"https:\/\/www.apostilasopcao.com.br\/blog\/noticias\/\">Confira as nossas not\u00edcias!<\/a><\/strong><\/p>\n","protected":false},"excerpt":{"rendered":"<p>O concurso PC PE avan\u00e7a nos preparativos com comiss\u00e3o atualizada, banca organizadora em defini\u00e7\u00e3o e previs\u00e3o de publica\u00e7\u00e3o do edital no primeiro semestre de 2026. Saiba mais!<\/p>\n","protected":false},"author":12,"featured_media":9457,"comment_status":"closed","ping_status":"closed","sticky":false,"template":"","format":"standard","meta":{"_acf_changed":false,"breadcrumbs_single_post":"","page_title_panel":"","breadcrumbs_single_page":"","single_page_alignment":"","single_page_margin":"","page_structure_type":"","content_style_source":"","content_style":"","blog_post_streched_ed":"","blog_page_streched_ed":"","has_transparent_header":"","disable_transparent_header":"","vertical_spacing_source":"","content_area_spacing":"","single_post_content_background":"","single_page_content_background":"","single_post_boxed_content_spacing":"","single_page_boxed_content_spacing":"","single_post_content_boxed_radius":"","single_page_content_boxed_radius":"","disable_featured_image":"","disable_post_tags":"","disable_author_box":"","disable_posts_navigation":"","disable_comments":"","disable_related_posts":"","disable_header":"","disable_footer":"","footnotes":""},"categories":[4,21],"tags":[672],"class_list":["post-9448","post","type-post","status-publish","format-standard","has-post-thumbnail","hentry","category-noticias","category-pe","tag-concurso-pc-pe","rishi-post"],"acf":{"data_prova":"20261231","status":"previsto"},"_links":{"self":[{"href":"https:\/\/www.apostilasopcao.com.br\/blog\/wp-json\/wp\/v2\/posts\/9448","targetHints":{"allow":["GET"]}}],"collection":[{"href":"https:\/\/www.apostilasopcao.com.br\/blog\/wp-json\/wp\/v2\/posts"}],"about":[{"href":"https:\/\/www.apostilasopcao.com.br\/blog\/wp-json\/wp\/v2\/types\/post"}],"author":[{"embeddable":true,"href":"https:\/\/www.apostilasopcao.com.br\/blog\/wp-json\/wp\/v2\/users\/12"}],"replies":[{"embeddable":true,"href":"https:\/\/www.apostilasopcao.com.br\/blog\/wp-json\/wp\/v2\/comments?post=9448"}],"version-history":[{"count":10,"href":"https:\/\/www.apostilasopcao.com.br\/blog\/wp-json\/wp\/v2\/posts\/9448\/revisions"}],"predecessor-version":[{"id":9460,"href":"https:\/\/www.apostilasopcao.com.br\/blog\/wp-json\/wp\/v2\/posts\/9448\/revisions\/9460"}],"wp:featuredmedia":[{"embeddable":true,"href":"https:\/\/www.apostilasopcao.com.br\/blog\/wp-json\/wp\/v2\/media\/9457"}],"wp:attachment":[{"href":"https:\/\/www.apostilasopcao.com.br\/blog\/wp-json\/wp\/v2\/media?parent=9448"}],"wp:term":[{"taxonomy":"category","embeddable":true,"href":"https:\/\/www.apostilasopcao.com.br\/blog\/wp-json\/wp\/v2\/categories?post=9448"},{"taxonomy":"post_tag","embeddable":true,"href":"https:\/\/www.apostilasopcao.com.br\/blog\/wp-json\/wp\/v2\/tags?post=9448"}],"curies":[{"name":"wp","href":"https:\/\/api.w.org\/{rel}","templated":true}]}}