{"id":9528,"date":"2026-01-30T13:41:40","date_gmt":"2026-01-30T16:41:40","guid":{"rendered":"https:\/\/www.apostilasopcao.com.br\/blog\/?p=9528"},"modified":"2026-01-30T13:41:41","modified_gmt":"2026-01-30T16:41:41","slug":"unilab","status":"publish","type":"post","link":"https:\/\/www.apostilasopcao.com.br\/blog\/unilab\/","title":{"rendered":"Concurso Unilab 2026: Edital publicado! Sal\u00e1rios de R$6 mil!"},"content":{"rendered":"\n<p>Boas not\u00edcias concurseiros! Saiu o edital do concurso Unilab, ofertando <strong>49 vagas<\/strong> de n\u00edveis <strong>m\u00e9dio, t\u00e9cnico e superior<\/strong>, com remunera\u00e7\u00e3o inicial de at\u00e9 <strong>R$6,6 mil<\/strong>. As inscri\u00e7\u00f5es estar\u00e3o abertas at\u00e9 o dia <strong>5 de mar\u00e7o de 2026<\/strong>, as taxas de inscri\u00e7\u00e3o variam de <strong>R$100,00 a R$140,00 <\/strong>conforme o n\u00edvel de escolaridade pretendido. As provas est\u00e3o previstas para o dia <strong>19 de abril de 2026<\/strong>. Para se preparar, confira a\u00a0<a href=\"https:\/\/www.apostilasopcao.com.br\/concurso\/universidade-da-integracao-internacional-da-lusofonia-afro-brasileira\">Apostila Unilab<\/a>\u00a0com conte\u00fado completo e atualizado conforme o edital!<\/p>\n\n\n\n<h2 class=\"wp-block-heading\">Resumo do edital<\/h2>\n\n\n\n<ul class=\"wp-block-list\">\n<li><strong>Vagas<\/strong>: 49<\/li>\n\n\n\n<li><strong>Inscri\u00e7\u00f5es<\/strong>: 28\/01\/2026 a 05\/03\/2026<\/li>\n\n\n\n<li><strong>Taxas de inscri\u00e7\u00e3o<\/strong>: R$100,00 a R$140,00<\/li>\n\n\n\n<li><strong>Prova objetiva<\/strong>: 19\/04\/2026<\/li>\n\n\n\n<li><strong>Banca organizadora<\/strong>: Idecan<\/li>\n\n\n\n<li><a href=\"https:\/\/www.apostilasopcao.com.br\/blog\/wp-content\/uploads\/2026\/01\/edital-unilab-2026.pdf\">Baixe aqui o edital do concurso Unilab<\/a><\/li>\n<\/ul>\n\n\n\n<h2 class=\"wp-block-heading\">Como se inscrever no concurso Unilab?<\/h2>\n\n\n\n<p>Para se inscrever no concurso Unilab os candidatos, devem acessar o site da banca organizadora <a href=\"https:\/\/concurso.idecan.org.br\/\" target=\"_blank\" rel=\"noreferrer noopener\">Idecan<\/a>, no per\u00edodo de <strong>28 de janeiro a 5 de mar\u00e7o de 2026<\/strong>.<\/p>\n\n\n\n<p>Os valores da taxa de inscri\u00e7\u00e3o variam conforme o n\u00edvel de escolaridade:<\/p>\n\n\n\n<ul class=\"wp-block-list\">\n<li>R$100,00 para cargos de n\u00edveis m\u00e9dio e t\u00e9cnico;<\/li>\n\n\n\n<li>R$140,00 para cargos de n\u00edvel superior.<\/li>\n<\/ul>\n\n\n\n<p>O pagamento da taxa de inscri\u00e7\u00e3o deve ser realizado at\u00e9 o dia <strong>6 de mar\u00e7o de 2026<\/strong>.<\/p>\n\n\n\n<h3 class=\"wp-block-heading\">Isen\u00e7\u00e3o da taxa de inscri\u00e7\u00e3o<\/h3>\n\n\n\n<p>O edital do concurso Unilab prev\u00ea a isen\u00e7\u00e3o da taxa de inscri\u00e7\u00e3o para candidatos que se enquadrem em um dos seguintes casos:<\/p>\n\n\n\n<ul class=\"wp-block-list\">\n<li>Candidato inscrito no Cadastro \u00danico para Programas Sociais do Governo Federal;<\/li>\n\n\n\n<li>Doador de medula \u00f3ssea, conforme a Lei n\u00ba 13.656\/2018.<\/li>\n<\/ul>\n\n\n\n<p>A solicita\u00e7\u00e3o dever\u00e1 ser solicitada entre os dias <strong>28 e 29 de janeiro de 2026<\/strong>, mediante envio de documenta\u00e7\u00e3o comprobat\u00f3ria.<\/p>\n\n\n\n<h2 class=\"wp-block-heading\">Quais os cargos, vagas e sal\u00e1rios ofertados no concurso Unilab?<\/h2>\n\n\n\n<p>Todas as vagas do concurso UNILAB s\u00e3o para provimento efetivo, com 49 vagas distribu\u00eddas entre <strong>N\u00edvel D e N\u00edvel E<\/strong>, com reserva para PcD, Negros, Ind\u00edgenas e Quilombolas. Confira a distribui\u00e7\u00e3o por cargo e localidade:<\/p>\n\n\n\n<h3 class=\"wp-block-heading\">N\u00edvel D<\/h3>\n\n\n\n<ul class=\"wp-block-list\">\n<li><strong>Assistente em Administra\u00e7\u00e3o (Cear\u00e1)<\/strong><br>6 vagas<\/li>\n<\/ul>\n\n\n\n<ul class=\"wp-block-list\">\n<li><strong>Assistente em Administra\u00e7\u00e3o (Bahia)<\/strong><br>1 vaga<\/li>\n\n\n\n<li><strong>T\u00e9cnico em Contabilidade (Cear\u00e1)<\/strong><br>4 vagas<\/li>\n\n\n\n<li><strong>T\u00e9cnico em Laborat\u00f3rio \/ Qu\u00edmica (Cear\u00e1)<\/strong><br>3 vagas<\/li>\n\n\n\n<li><strong>T\u00e9cnico em Laborat\u00f3rio \/ Farm\u00e1cia (Cear\u00e1)<\/strong><br>1 vaga<\/li>\n\n\n\n<li><strong>T\u00e9cnico em Laborat\u00f3rio \/ Automa\u00e7\u00e3o Industrial (Cear\u00e1)<\/strong><br>1 vaga<\/li>\n\n\n\n<li><strong>T\u00e9cnico em Laborat\u00f3rio \/ Biot\u00e9rio (Cear\u00e1)<\/strong><br>1 vaga<\/li>\n\n\n\n<li><strong>T\u00e9cnico em Laborat\u00f3rio \/ Biologia (Cear\u00e1)<\/strong><br>1 vaga<\/li>\n\n\n\n<li><strong>T\u00e9cnico em Tecnologia da Informa\u00e7\u00e3o \/ Desenvolvimento de software \u2013 back-end (Cear\u00e1)<\/strong><br>5 vagas<\/li>\n\n\n\n<li><strong>T\u00e9cnico em Tecnologia da Informa\u00e7\u00e3o \/ Suporte em infraestrutura e rede de computadores (Cear\u00e1)<\/strong><br>3 vagas<\/li>\n<\/ul>\n\n\n\n<h3 class=\"wp-block-heading\">N\u00edvel E<\/h3>\n\n\n\n<ul class=\"wp-block-list\">\n<li><strong>Administrador (Cear\u00e1)<\/strong><br>1 vaga<\/li>\n\n\n\n<li><strong>Analista de Tecnologia da Informa\u00e7\u00e3o \/ Infraestrutura de TI e rede de computadores (Cear\u00e1)<\/strong><br>2 vagas<\/li>\n\n\n\n<li><strong>Analista de Tecnologia da Informa\u00e7\u00e3o \/ Arquitetura e Desenvolvimento de Sistema back-end (Cear\u00e1)<\/strong><br>2 vagas<\/li>\n\n\n\n<li><strong>Arquivista (Cear\u00e1)<\/strong><br>1 vaga<\/li>\n\n\n\n<li><strong>Assistente Social (Cear\u00e1)<\/strong><br>1 vaga<\/li>\n\n\n\n<li><strong>Contador (Cear\u00e1)<\/strong><br>1 vaga<\/li>\n\n\n\n<li><strong>Economista (Cear\u00e1)<\/strong><br>1 vaga<\/li>\n\n\n\n<li><strong>Enfermeiro (Cear\u00e1)<\/strong><br>1 vaga<\/li>\n\n\n\n<li><strong>Engenheiro Civil (Cear\u00e1)<\/strong><br>1 vaga<\/li>\n\n\n\n<li><strong>Engenheiro Agr\u00f4nomo (Cear\u00e1)<\/strong><br>1 vaga<\/li>\n\n\n\n<li><strong>Engenheiro de Seguran\u00e7a do Trabalho (Cear\u00e1)<\/strong><br>3 vagas<\/li>\n\n\n\n<li><strong>Farmac\u00eautico (Cear\u00e1)<\/strong><br>2 vagas<\/li>\n\n\n\n<li><strong>M\u00e9dico do Trabalho (Cear\u00e1)<\/strong><br>1 vaga<\/li>\n\n\n\n<li><strong>M\u00e9dico Veterin\u00e1rio \/ Ci\u00eancias de Animais de Laborat\u00f3rio (CAL) (Cear\u00e1)<\/strong><br>1 vaga<\/li>\n\n\n\n<li><strong>M\u00e9dico Veterin\u00e1rio \/ Cl\u00ednica M\u00e9dica e Cirurgia de grandes animais (Cear\u00e1)<\/strong><br>1 vaga<\/li>\n\n\n\n<li><strong>Nutricionista (Cear\u00e1)<\/strong><br>1 vaga<\/li>\n\n\n\n<li><strong>Odont\u00f3logo (Cear\u00e1)<\/strong><br>1 vaga<\/li>\n\n\n\n<li><strong>T\u00e9cnico em Assuntos Educacionais (Cear\u00e1)<\/strong><br>1 vaga<\/li>\n<\/ul>\n\n\n\n<p><strong>Para se preparar, confira a\u00a0<a href=\"https:\/\/www.apostilasopcao.com.br\/concurso\/universidade-da-integracao-internacional-da-lusofonia-afro-brasileira\">Apostila Unilab<\/a>\u00a0com conte\u00fado completo e atualizado conforme o edital!<\/strong><\/p>\n\n\n\n<h3 class=\"wp-block-heading\">Sal\u00e1rios e benef\u00edcios<\/h3>\n\n\n\n<p>No concurso UNILAB, as remunera\u00e7\u00f5es variam conforme o <strong>n\u00edvel do cargo (D ou E)<\/strong> e a jornada de trabalho.<\/p>\n\n\n\n<p>Para os cargos de <strong>N\u00edvel D<\/strong>, o vencimento b\u00e1sico inicial \u00e9 de <strong>R$ 3.029,90<\/strong>. J\u00e1 para os cargos de <strong>N\u00edvel E<\/strong>, o vencimento b\u00e1sico inicial \u00e9 de <strong>R$ 4.967,04<\/strong>.<\/p>\n\n\n\n<p>Al\u00e9m do sal\u00e1rio, os aprovados tamb\u00e9m ter\u00e3o direito aos benef\u00edcios previstos para os servidores t\u00e9cnico-administrativas em educa\u00e7\u00e3o, como <strong>aux\u00edlio-alimenta\u00e7\u00e3o<\/strong>, <strong>aux\u00edlio transporte<\/strong> e <strong>assist\u00eancia \u00e0 sa\u00fade suplementar<\/strong>, conforme regulamenta\u00e7\u00e3o vigente.<\/p>\n\n\n\n<h2 class=\"wp-block-heading\">Requisitos b\u00e1sicos<\/h2>\n\n\n\n<p>Para tomar posse dos cargos no concurso Unilab \u00e9 necess\u00e1rio que os candidatos atendam aos seguintes requisitos b\u00e1sicos:<\/p>\n\n\n\n<ul class=\"wp-block-list\">\n<li>Ter sido aprovado no concurso p\u00fablico, dentro do n\u00famero de vagas e condi\u00e7\u00f5es previstas;<\/li>\n\n\n\n<li>Ter nacionalidade brasileira ou portuguesa (nos termos do Estatuto de Igualdade entre brasileiros e portugueses);<\/li>\n\n\n\n<li>Estar em gozo dos direitos pol\u00edticos;<\/li>\n\n\n\n<li>Estar quite com as obriga\u00e7\u00f5es eleitorais;<\/li>\n\n\n\n<li>Estar quite com as obriga\u00e7\u00f5es militares (para candidatos do sexo masculino);<\/li>\n\n\n\n<li>Ter idade m\u00ednima de 18 anos completos na data da posse;<\/li>\n\n\n\n<li>Possuir a escolaridade e demais requisitos exigidos para o cargo, conforme especificado no edital;<\/li>\n\n\n\n<li>Apresentar aptid\u00e3o f\u00edsica e mental para o exerc\u00edcio das atribui\u00e7\u00f5es do cargo;<\/li>\n\n\n\n<li>N\u00e3o ter sofrido penalidade incompat\u00edvel com o exerc\u00edcio de cargo p\u00fablico, conforme legisla\u00e7\u00e3o vigente;<\/li>\n\n\n\n<li>Apresentar a documenta\u00e7\u00e3o exigida para posse, dentro do prazo estabelecido pela UNILAB.<\/li>\n<\/ul>\n\n\n\n<h3 class=\"wp-block-heading\">Requisitos espec\u00edficos<\/h3>\n\n\n\n<p>Al\u00e9m dos requisitos b\u00e1sicos, o candidato dever\u00e1 comprovar a <strong>forma\u00e7\u00e3o exigida para o cargo pretendido<\/strong>, conforme o n\u00edvel de escolaridade e a \u00e1rea de atua\u00e7\u00e3o prevista no edital do concurso Unilab.<\/p>\n\n\n\n<p>Confira os requisitos espec\u00edficos:<\/p>\n\n\n\n<ul class=\"wp-block-list\">\n<li><strong>Assistente em Administra\u00e7\u00e3o (N\u00edvel D):<\/strong> ensino m\u00e9dio profissionalizante ou ensino m\u00e9dio completo;<\/li>\n\n\n\n<li><strong>T\u00e9cnico em Contabilidade (N\u00edvel D):<\/strong> curso t\u00e9cnico em Contabilidade;<\/li>\n\n\n\n<li><strong>T\u00e9cnico em Laborat\u00f3rio \/ Qu\u00edmica (N\u00edvel D):<\/strong> curso t\u00e9cnico na \u00e1rea de Qu\u00edmica;<\/li>\n\n\n\n<li><strong>T\u00e9cnico em Laborat\u00f3rio \/ Farm\u00e1cia (N\u00edvel D):<\/strong> curso t\u00e9cnico na \u00e1rea de Farm\u00e1cia;<\/li>\n\n\n\n<li><strong>T\u00e9cnico em Laborat\u00f3rio \/ Automa\u00e7\u00e3o Industrial (N\u00edvel D):<\/strong> curso t\u00e9cnico na \u00e1rea de Automa\u00e7\u00e3o Industrial;<\/li>\n\n\n\n<li><strong>T\u00e9cnico em Laborat\u00f3rio \/ Biot\u00e9rio (N\u00edvel D):<\/strong> curso t\u00e9cnico compat\u00edvel com a \u00e1rea de Biot\u00e9rio;<\/li>\n\n\n\n<li><strong>T\u00e9cnico em Laborat\u00f3rio \/ Biologia (N\u00edvel D):<\/strong> curso t\u00e9cnico na \u00e1rea de Biologia;<\/li>\n\n\n\n<li><strong>T\u00e9cnico em Tecnologia da Informa\u00e7\u00e3o \/ Desenvolvimento de software \u2013 back-end (N\u00edvel D):<\/strong> curso t\u00e9cnico na \u00e1rea de Tecnologia da Informa\u00e7\u00e3o ou equivalente;<\/li>\n\n\n\n<li><strong>T\u00e9cnico em Tecnologia da Informa\u00e7\u00e3o \/ Suporte em infraestrutura e rede de computadores (N\u00edvel D):<\/strong> curso t\u00e9cnico na \u00e1rea de Tecnologia da Informa\u00e7\u00e3o ou equivalente;<\/li>\n\n\n\n<li><strong>Administrador (N\u00edvel E):<\/strong> gradua\u00e7\u00e3o em Administra\u00e7\u00e3o;<\/li>\n\n\n\n<li><strong>Analista de Tecnologia da Informa\u00e7\u00e3o \/ Infraestrutura de TI e rede de computadores (N\u00edvel E):<\/strong> gradua\u00e7\u00e3o na \u00e1rea de Tecnologia da Informa\u00e7\u00e3o ou correlata;<\/li>\n\n\n\n<li><strong>Analista de Tecnologia da Informa\u00e7\u00e3o \/ Arquitetura e Desenvolvimento de Sistema back-end (N\u00edvel E):<\/strong> gradua\u00e7\u00e3o na \u00e1rea de Tecnologia da Informa\u00e7\u00e3o ou correlata;<\/li>\n\n\n\n<li><strong>Arquivista (N\u00edvel E):<\/strong> gradua\u00e7\u00e3o em Arquivologia;<\/li>\n\n\n\n<li><strong>Assistente Social (N\u00edvel E):<\/strong> gradua\u00e7\u00e3o em Servi\u00e7o Social e registro no conselho competente;<\/li>\n\n\n\n<li><strong>Contador (N\u00edvel E):<\/strong> gradua\u00e7\u00e3o em Ci\u00eancias Cont\u00e1beis e registro no CRC;<\/li>\n\n\n\n<li><strong>Economista (N\u00edvel E):<\/strong> gradua\u00e7\u00e3o em Ci\u00eancias Econ\u00f4micas e registro no CORECON;<\/li>\n\n\n\n<li><strong>Enfermeiro (N\u00edvel E):<\/strong> gradua\u00e7\u00e3o em Enfermagem e registro no COREN;<\/li>\n\n\n\n<li><strong>Engenheiro Civil (N\u00edvel E):<\/strong> gradua\u00e7\u00e3o em Engenharia Civil e registro no CREA;<\/li>\n\n\n\n<li><strong>Engenheiro Agr\u00f4nomo (N\u00edvel E):<\/strong> gradua\u00e7\u00e3o em Engenharia Agron\u00f4mica\/Agronomia e registro no CREA;<\/li>\n\n\n\n<li><strong>Engenheiro de Seguran\u00e7a do Trabalho (N\u00edvel E):<\/strong> gradua\u00e7\u00e3o em Engenharia + especializa\u00e7\u00e3o em Seguran\u00e7a do Trabalho e registro no CREA;<\/li>\n\n\n\n<li><strong>Farmac\u00eautico (N\u00edvel E):<\/strong> gradua\u00e7\u00e3o em Farm\u00e1cia e registro no CRF;<\/li>\n\n\n\n<li><strong>M\u00e9dico do Trabalho (N\u00edvel E):<\/strong> gradua\u00e7\u00e3o em Medicina + especializa\u00e7\u00e3o em Medicina do Trabalho e registro no CRM;<\/li>\n\n\n\n<li><strong>M\u00e9dico Veterin\u00e1rio \/ Ci\u00eancias de Animais de Laborat\u00f3rio (CAL) (N\u00edvel E):<\/strong> gradua\u00e7\u00e3o em Medicina Veterin\u00e1ria e registro no CRMV;<\/li>\n\n\n\n<li><strong>M\u00e9dico Veterin\u00e1rio \/ Cl\u00ednica M\u00e9dica e Cirurgia de grandes animais (N\u00edvel E):<\/strong> gradua\u00e7\u00e3o em Medicina Veterin\u00e1ria e registro no CRMV;<\/li>\n\n\n\n<li><strong>Nutricionista (N\u00edvel E):<\/strong> gradua\u00e7\u00e3o em Nutri\u00e7\u00e3o e registro no CRN;<\/li>\n\n\n\n<li><strong>Odont\u00f3logo (N\u00edvel E):<\/strong> gradua\u00e7\u00e3o em Odontologia e registro no CRO;<\/li>\n\n\n\n<li><strong>T\u00e9cnico em Assuntos Educacionais (N\u00edvel E):<\/strong> gradua\u00e7\u00e3o em Pedagogia ou \u00e1reas correlatas (conforme exig\u00eancia do edital).<\/li>\n<\/ul>\n\n\n\n<h2 class=\"wp-block-heading\">Quais as etapas de sele\u00e7\u00e3o do concurso Unilab?<\/h2>\n\n\n\n<p>Os candidatos do concurso UNILAB ser\u00e3o avaliados por meio de:<\/p>\n\n\n\n<ul class=\"wp-block-list\">\n<li><strong>Prova Objetiva<\/strong>, com quest\u00f5es de m\u00faltipla escolha, para todos os cargos (car\u00e1ter eliminat\u00f3rio e classificat\u00f3rio);<\/li>\n\n\n\n<li><strong>Prova de T\u00edtulos<\/strong>, apenas para os cargos de n\u00edvel superior (car\u00e1ter exclusivamente classificat\u00f3rio).<\/li>\n<\/ul>\n\n\n\n<h3 class=\"wp-block-heading\">Prova Objetiva<\/h3>\n\n\n\n<p>A prova objetiva do concurso UNILAB ter\u00e1 <strong>car\u00e1ter eliminat\u00f3rio e classificat\u00f3rio<\/strong> e ser\u00e1 aplicada no dia <strong>19 de abril de 2026<\/strong>. A avalia\u00e7\u00e3o ocorrer\u00e1 nas cidades de <strong>Fortaleza, Acarape e Reden\u00e7\u00e3o (CE)<\/strong>, al\u00e9m de <strong>Salvador e S\u00e3o Francisco do Conde (BA)<\/strong>, com dura\u00e7\u00e3o total de <strong>4 horas<\/strong>.<\/p>\n\n\n\n<p>A composi\u00e7\u00e3o da avalia\u00e7\u00e3o muda conforme o cargo:<\/p>\n\n\n\n<p><strong>Para todos os cargos (exceto T\u00e9cnico em TI e Analista de TI)<\/strong><\/p>\n\n\n\n<p>A prova ser\u00e1 composta por <strong>60 quest\u00f5es<\/strong>, totalizando <strong>85 pontos<\/strong>, distribu\u00eddas da seguinte forma:<\/p>\n\n\n\n<p><strong>Conhecimentos Gerais<\/strong><\/p>\n\n\n\n<ul class=\"wp-block-list\">\n<li>L\u00edngua Portuguesa: <strong>10 quest\u00f5es<\/strong><\/li>\n\n\n\n<li>Racioc\u00ednio L\u00f3gico: <strong>10 quest\u00f5es<\/strong><\/li>\n\n\n\n<li>No\u00e7\u00f5es de Inform\u00e1tica: <strong>5 quest\u00f5es<\/strong><\/li>\n\n\n\n<li>Legisla\u00e7\u00e3o Espec\u00edfica: <strong>10 quest\u00f5es<\/strong><\/li>\n<\/ul>\n\n\n\n<p><strong>Conhecimentos Espec\u00edficos<\/strong><\/p>\n\n\n\n<ul class=\"wp-block-list\">\n<li>Conhecimentos espec\u00edficos do cargo: <strong>25 quest\u00f5es<\/strong><\/li>\n<\/ul>\n\n\n\n<p><strong>Para os cargos de T\u00e9cnico em Tecnologia da Informa\u00e7\u00e3o e Analista de Tecnologia da Informa\u00e7\u00e3o<\/strong><\/p>\n\n\n\n<ul class=\"wp-block-list\">\n<li>L\u00edngua Portuguesa:&nbsp;<strong>12 quest\u00f5es<\/strong><\/li>\n\n\n\n<li>Racioc\u00ednio L\u00f3gico:&nbsp;<strong>11 quest\u00f5es<\/strong><\/li>\n\n\n\n<li>Legisla\u00e7\u00e3o Espec\u00edfica:&nbsp;<strong>12 quest\u00f5es<\/strong><\/li>\n\n\n\n<li>Conhecimentos Espec\u00edficos:&nbsp;<strong>25 quest\u00f5es<\/strong><\/li>\n<\/ul>\n\n\n\n<p>De acordo com o edital do concurso UNILAB, ser\u00e1 considerado aprovado na prova objetiva o candidato que cumprir simultaneamente os seguintes crit\u00e9rios:<\/p>\n\n\n\n<ul class=\"wp-block-list\">\n<li>Obter, no m\u00ednimo, <strong>18 quest\u00f5es<\/strong> na \u00e1rea de <strong>Conhecimentos Gerais<\/strong> <strong>e<\/strong> fazer <strong>1,00 ponto em cada disciplina<\/strong> dessa \u00e1rea; <\/li>\n\n\n\n<li>Obter, no m\u00ednimo, <strong>13 quest\u00f5es<\/strong> na \u00e1rea de <strong>Conhecimentos Espec\u00edficos<\/strong>. <\/li>\n<\/ul>\n\n\n\n<h3 class=\"wp-block-heading\">Somos a melhor Op\u00e7\u00e3o<\/h3>\n\n\n\n<p>Quer conquistar uma vaga no concurso Prefeitura de Serraria? Somos a melhore Op\u00e7\u00e3o! N\u00f3s preparamos diversos materiais realmente focados conforme o edital que te ajudar\u00e3o a conquistar o cargo dos sonhos. N\u00e3o perca mais tempo e comece a se preparar ainda hoje!<\/p>\n\n\n\n<p><strong>Confira:\u00a0<a href=\"https:\/\/www.apostilasopcao.com.br\/concurso\/universidade-da-integracao-internacional-da-lusofonia-afro-brasileira\">Apostilas Prefeitura de Serraria<\/a>!<\/strong><\/p>\n\n\n\n<h3 class=\"wp-block-heading\">Avalia\u00e7\u00e3o de T\u00edtulos<\/h3>\n\n\n\n<p>A Avalia\u00e7\u00e3o de T\u00edtulos \u00e9 uma etapa de <strong>car\u00e1ter exclusivamente classificat\u00f3rio<\/strong>, aplicada somente aos candidatos inscritos para <strong>cargos de n\u00edvel superior<\/strong> que forem aprovados na prova objetiva, conforme previsto no edital.<\/p>\n\n\n\n<p>Confira, a seguir, os t\u00edtulos aceitos:<\/p>\n\n\n\n<figure class=\"wp-block-image size-large\"><img loading=\"lazy\" decoding=\"async\" width=\"1024\" height=\"98\" src=\"https:\/\/www.apostilasopcao.com.br\/blog\/wp-content\/uploads\/2026\/01\/image-65-1024x98.png\" alt=\"T\u00edtulos aceitos no concurso Unilab\" class=\"wp-image-9536\" srcset=\"https:\/\/www.apostilasopcao.com.br\/blog\/wp-content\/uploads\/2026\/01\/image-65-1024x98.png 1024w, https:\/\/www.apostilasopcao.com.br\/blog\/wp-content\/uploads\/2026\/01\/image-65-300x29.png 300w, https:\/\/www.apostilasopcao.com.br\/blog\/wp-content\/uploads\/2026\/01\/image-65-768x74.png 768w, https:\/\/www.apostilasopcao.com.br\/blog\/wp-content\/uploads\/2026\/01\/image-65.png 1188w\" sizes=\"auto, (max-width: 1024px) 100vw, 1024px\" \/><\/figure>\n\n\n\n<p><strong>Quer ficar por dentro de tudo sobre o universo de concursos?&nbsp;<a href=\"https:\/\/www.apostilasopcao.com.br\/blog\/noticias\/\">Confira as nossas not\u00edcias!<\/a><\/strong><\/p>\n","protected":false},"excerpt":{"rendered":"<p>O concurso Unilab teve edital publicado com 49 vagas para n\u00edveis m\u00e9dio, t\u00e9cnico e superior, com provas em abril e remunera\u00e7\u00e3o de at\u00e9 R$ 6 mil. Saiba mais!<\/p>\n","protected":false},"author":12,"featured_media":9541,"comment_status":"closed","ping_status":"closed","sticky":false,"template":"","format":"standard","meta":{"_acf_changed":false,"breadcrumbs_single_post":"","page_title_panel":"","breadcrumbs_single_page":"","single_page_alignment":"","single_page_margin":"","page_structure_type":"","content_style_source":"","content_style":"","blog_post_streched_ed":"","blog_page_streched_ed":"","has_transparent_header":"","disable_transparent_header":"","vertical_spacing_source":"","content_area_spacing":"","single_post_content_background":"","single_page_content_background":"","single_post_boxed_content_spacing":"","single_page_boxed_content_spacing":"","single_post_content_boxed_radius":"","single_page_content_boxed_radius":"","disable_featured_image":"","disable_post_tags":"","disable_author_box":"","disable_posts_navigation":"","disable_comments":"","disable_related_posts":"","disable_header":"","disable_footer":"","footnotes":""},"categories":[4,10,11],"tags":[676],"class_list":["post-9528","post","type-post","status-publish","format-standard","has-post-thumbnail","hentry","category-noticias","category-ba","category-ce","tag-concurso-unilab","rishi-post"],"acf":{"data_prova":"20260419","status":"aberto"},"_links":{"self":[{"href":"https:\/\/www.apostilasopcao.com.br\/blog\/wp-json\/wp\/v2\/posts\/9528","targetHints":{"allow":["GET"]}}],"collection":[{"href":"https:\/\/www.apostilasopcao.com.br\/blog\/wp-json\/wp\/v2\/posts"}],"about":[{"href":"https:\/\/www.apostilasopcao.com.br\/blog\/wp-json\/wp\/v2\/types\/post"}],"author":[{"embeddable":true,"href":"https:\/\/www.apostilasopcao.com.br\/blog\/wp-json\/wp\/v2\/users\/12"}],"replies":[{"embeddable":true,"href":"https:\/\/www.apostilasopcao.com.br\/blog\/wp-json\/wp\/v2\/comments?post=9528"}],"version-history":[{"count":15,"href":"https:\/\/www.apostilasopcao.com.br\/blog\/wp-json\/wp\/v2\/posts\/9528\/revisions"}],"predecessor-version":[{"id":9722,"href":"https:\/\/www.apostilasopcao.com.br\/blog\/wp-json\/wp\/v2\/posts\/9528\/revisions\/9722"}],"wp:featuredmedia":[{"embeddable":true,"href":"https:\/\/www.apostilasopcao.com.br\/blog\/wp-json\/wp\/v2\/media\/9541"}],"wp:attachment":[{"href":"https:\/\/www.apostilasopcao.com.br\/blog\/wp-json\/wp\/v2\/media?parent=9528"}],"wp:term":[{"taxonomy":"category","embeddable":true,"href":"https:\/\/www.apostilasopcao.com.br\/blog\/wp-json\/wp\/v2\/categories?post=9528"},{"taxonomy":"post_tag","embeddable":true,"href":"https:\/\/www.apostilasopcao.com.br\/blog\/wp-json\/wp\/v2\/tags?post=9528"}],"curies":[{"name":"wp","href":"https:\/\/api.w.org\/{rel}","templated":true}]}}