{"id":953,"date":"2025-05-05T09:12:25","date_gmt":"2025-05-05T12:12:25","guid":{"rendered":"https:\/\/www.apostilasopcao.com.br\/blog\/?p=953"},"modified":"2025-05-07T12:45:35","modified_gmt":"2025-05-07T15:45:35","slug":"prefeitura-de-picarra-pa","status":"publish","type":"post","link":"https:\/\/www.apostilasopcao.com.br\/blog\/prefeitura-de-picarra-pa\/","title":{"rendered":"Concurso Prefeitura de Pi\u00e7arra: Inscri\u00e7\u00f5es abertas! 270 vagas!"},"content":{"rendered":"\n<p>Aten\u00e7\u00e3o, concurseiros! Est\u00e3o abertas as inscri\u00e7\u00f5es para o <a href=\"https:\/\/www.apostilasopcao.com.br\/concurso\/prefeitura-municipal-de-picarra-parana\">Concurso Prefeitura de Pi\u00e7arra,<\/a> no Par\u00e1. S\u00e3o ofertadas <strong>270 vagas<\/strong> para diversos cargos e n\u00edveis de escolaridade, com sal\u00e1rios de at\u00e9 <strong>R$4.750,00<\/strong>. As jornadas de trabalho variam de 20 a 40 horas semanais. Ficou interessado? Confira mais detalhes e prepare-se!<\/p>\n\n\n\n<h2 class=\"wp-block-heading\">Resumo do edital<\/h2>\n\n\n\n<ul class=\"wp-block-list\">\n<li><strong>Vagas:<\/strong> 270<\/li>\n\n\n\n<li><strong>Inscri\u00e7\u00f5es:<\/strong> 02\/05\/2025 a 02\/06\/2025<\/li>\n\n\n\n<li><strong>Taxa de inscri\u00e7\u00e3o: <\/strong>R$70 a R$90<\/li>\n\n\n\n<li><strong>Prova: <\/strong>27\/07\/2025<\/li>\n\n\n\n<li><strong>Banca:<\/strong> Instituto \u00c1gata<\/li>\n\n\n\n<li><a href=\"https:\/\/www.apostilasopcao.com.br\/blog\/wp-content\/uploads\/2025\/05\/edital-prefeitura-picarra.pdf\" target=\"_blank\" rel=\"noreferrer noopener\">Baixe o edital<\/a><\/li>\n<\/ul>\n\n\n\n<h2 class=\"wp-block-heading\">Inscri\u00e7\u00e3o no concurso Prefeitura de Pi\u00e7arra<\/h2>\n\n\n\n<p>Os candidatos interessados no concurso Prefeitura de Pi\u00e7arra devem realizar as inscri\u00e7\u00f5es via internet, at\u00e9 o dia <strong>2 de junho<\/strong>, diretamente no site do <a href=\"https:\/\/agata.selecao.net.br\/termo\/78\/\" target=\"_blank\" rel=\"noopener\">Instituto \u00c1gata.<\/a><\/p>\n\n\n\n<p>A taxa de inscri\u00e7\u00e3o varia de acordo com a escolaridade, sendo:<\/p>\n\n\n\n<ul class=\"wp-block-list\">\n<li><strong>R$70,00 <\/strong>para cargos de n\u00edveis fundamental incompleto e completo;<\/li>\n\n\n\n<li><strong>R$90,00<\/strong> para cargos de niveis m\u00e9dio e t\u00e9cnico;<\/li>\n\n\n\n<li><strong>R$100,00<\/strong> para cargos de n\u00edvel superior.<\/li>\n<\/ul>\n\n\n\n<p>O pagamento do boleto banc\u00e1rio \u00e9 essencial para a efetiva\u00e7\u00e3o da participa\u00e7\u00e3o no concurso, e deve ser realizado at\u00e9 o \u00faltimo dia de inscri\u00e7\u00f5es.<\/p>\n\n\n\n<p>O per\u00edodo para solicita\u00e7\u00e3o de isen\u00e7\u00e3o da taxa de inscri\u00e7\u00e3o do concurso Prefeitura de Pi\u00e7arra j\u00e1 foi encerrado.<\/p>\n\n\n\n<h2 class=\"wp-block-heading\">Cargos, vagas e sal\u00e1rios<\/h2>\n\n\n\n<p>O concurso Prefeitura de Pi\u00e7arra oferece oportunidades para candidatos de n\u00edveis fundamental, m\u00e9dio, t\u00e9cnico e superior. Confira abaixo a distribui\u00e7\u00e3o de cargos, vagas e sal\u00e1rios:<\/p>\n\n\n\n<h3 class=\"wp-block-heading\">N\u00edvel fundamental incompleto e completo<\/h3>\n\n\n\n<figure class=\"wp-block-table aligncenter\" style=\"font-size:15px\"><table class=\"has-fixed-layout\"><thead><tr><th>Cargo<\/th><th>Vagas<\/th><th>Sal\u00e1rio<\/th><\/tr><\/thead><tbody><tr><td>Auxiliar de limpeza p\u00fablica<\/td><td>05<\/td><td>R$ 1.518,00<\/td><\/tr><tr><td>Auxiliar de obras e instala\u00e7\u00f5es<\/td><td>06<\/td><td>R$ 1.518,00<\/td><\/tr><tr><td>Auxiliar de servi\u00e7os gerais<\/td><td>41<\/td><td>R$ 1.518,00<\/td><\/tr><tr><td>Auxiliar de vigil\u00e2ncia<\/td><td>20<\/td><td>R$ 1.518,00<\/td><\/tr><tr><td>Pedreiro<\/td><td>01<\/td><td>R$ 1.518,00<\/td><\/tr><tr><td>Pintor<\/td><td>01<\/td><td>R$ 1.518,00<\/td><\/tr><tr><td>Tratorista<\/td><td>01<\/td><td>R$ 1.600,00<\/td><\/tr><tr><td>Eletricista<\/td><td>01<\/td><td>R$ 1.980,00<\/td><\/tr><tr><td>Eletricista veicular<\/td><td>01<\/td><td>R$ 1.980,00<\/td><\/tr><tr><td>Lanterneiro<\/td><td>01<\/td><td>R$ 1.980,00<\/td><\/tr><tr><td>Mec\u00e2nico<\/td><td>01<\/td><td>R$ 1.980,00<\/td><\/tr><tr><td><a href=\"https:\/\/www.apostilasopcao.com.br\/apostila\/prefeitura-picarra-pa-motorista-operador-maquinas-pesadas\">Motorista \u2013 categoria AB<\/a><\/td><td>10<\/td><td>R$ 1.980,00<\/td><\/tr><tr><td>Motorista \u2013 categoria D<\/td><td>05<\/td><td>R$ 1.980,00<\/td><\/tr><tr><td>Operador de m\u00e1quinas pesadas<\/td><td>04<\/td><td>R$ 1.980,00<\/td><\/tr><\/tbody><\/table><\/figure>\n\n\n\n<h3 class=\"wp-block-heading\">N\u00edvel m\u00e9dio<\/h3>\n\n\n\n<figure class=\"wp-block-table aligncenter\" style=\"font-size:15px\"><table class=\"has-fixed-layout\"><thead><tr><th>Cargo<\/th><th>Vagas<\/th><th>Sal\u00e1rio<\/th><\/tr><\/thead><tbody><tr><td>Agente Administrativo<\/td><td>35<\/td><td>R$ 1.980,00<\/td><\/tr><tr><td>Agente de Fiscaliza\u00e7\u00e3o de Meio Ambiente<\/td><td>1<\/td><td>R$ 1.980,00<\/td><\/tr><tr><td>Analista de Log\u00edstica<\/td><td>1<\/td><td>R$ 1.980,00<\/td><\/tr><tr><td>Auxiliar de Vigil\u00e2ncia Sanit\u00e1ria<\/td><td>1<\/td><td>R$ 2.400,00<\/td><\/tr><tr><td>Fiscal de Tributos<\/td><td>2<\/td><td>R$ 1.980,00<\/td><\/tr><tr><td>Monitor de Transporte Escolar<\/td><td>4<\/td><td>R$ 1.980,00<\/td><\/tr><\/tbody><\/table><\/figure>\n\n\n\n<h3 class=\"wp-block-heading\">N\u00edvel t\u00e9cnico<\/h3>\n\n\n\n<figure class=\"wp-block-table aligncenter\" style=\"font-size:15px\"><table class=\"has-fixed-layout\"><thead><tr><th>Cargo<\/th><th>Vagas<\/th><th>Sal\u00e1rio<\/th><\/tr><\/thead><tbody><tr><td>T\u00e9cnico agropecu\u00e1rio<\/td><td>02<\/td><td>R$ 1.980,00<\/td><\/tr><tr><td>T\u00e9cnico de enfermagem<\/td><td>12<\/td><td>R$ 3.325,00<\/td><\/tr><tr><td>T\u00e9cnico em an\u00e1lises clin\u00edcas<\/td><td>01<\/td><td>R$ 1.980,00<\/td><\/tr><tr><td>T\u00e9cnico em radiologia<\/td><td>01<\/td><td>R$ 2.640,00<\/td><\/tr><tr><td>T\u00e9cnico em sa\u00fade bucal<\/td><td>01<\/td><td>R$ 1.980,00<\/td><\/tr><tr><td>T\u00e9cnico em seguran\u00e7a do trabalho<\/td><td>01<\/td><td>R$ 1.980,00<\/td><\/tr><\/tbody><\/table><\/figure>\n\n\n\n<h3 class=\"wp-block-heading\">N\u00edvel superior<\/h3>\n\n\n\n<figure class=\"wp-block-table aligncenter\" style=\"font-size:15px\"><table class=\"has-fixed-layout\"><thead><tr><th>Cargo<\/th><th>Total de Vagas<\/th><th>Sal\u00e1rio<\/th><\/tr><\/thead><tbody><tr><td>Agente de Contrata\u00e7\u00e3o<\/td><td>1<\/td><td>R$ 2.800,00<\/td><\/tr><tr><td>Assistente Social<\/td><td>2<\/td><td>R$ 2.800,00<\/td><\/tr><tr><td>Bi\u00f3logo<\/td><td>1<\/td><td>R$ 2.800,00<\/td><\/tr><tr><td>Bioqu\u00edmico<\/td><td>1<\/td><td>R$ 2.800,00<\/td><\/tr><tr><td>Coordenador Pedag\u00f3gico<\/td><td>2<\/td><td>R$ 2.298,00<\/td><\/tr><tr><td>Enfermeiro<\/td><td>4<\/td><td>R$ 4.750,00<\/td><\/tr><tr><td>Engenheiro Agr\u00f4nomo<\/td><td>1<\/td><td>R$ 2.800,00<\/td><\/tr><tr><td>Engenheiro Ambiental<\/td><td>1<\/td><td>R$ 2.800,00<\/td><\/tr><tr><td>Engenheiro Civil<\/td><td>2<\/td><td>R$ 2.800,00<\/td><\/tr><tr><td>Engenheiro de Minas<\/td><td>1<\/td><td>R$ 2.800,00<\/td><\/tr><tr><td>Engenheiro Eletricista<\/td><td>1<\/td><td>R$ 2.800,00<\/td><\/tr><tr><td>Engenheiro Florestal<\/td><td>1<\/td><td>R$ 2.800,00<\/td><\/tr><tr><td>Farmac\u00eautico<\/td><td>1<\/td><td>R$ 2.800,00<\/td><\/tr><tr><td>Fisioterapeuta<\/td><td>1<\/td><td>R$ 2.800,00<\/td><\/tr><tr><td>Fonoaudi\u00f3logo<\/td><td>1<\/td><td>R$ 2.800,00<\/td><\/tr><tr><td>Ge\u00f3logo<\/td><td>1<\/td><td>R$ 2.800,00<\/td><\/tr><tr><td>M\u00e9dico Veterin\u00e1rio<\/td><td>2<\/td><td>R$ 2.800,00<\/td><\/tr><tr><td>Nutricionista<\/td><td>2<\/td><td>R$ 2.800,00<\/td><\/tr><tr><td>Odont\u00f3logo<\/td><td>2<\/td><td>R$ 2.800,00<\/td><\/tr><tr><td>Pregoeiro<\/td><td>1<\/td><td>R$ 2.800,00<\/td><\/tr><tr><td>Procurador Municipal<\/td><td>1<\/td><td>R$ 2.800,00<\/td><\/tr><tr><td>Professor de Apoio<\/td><td>6<\/td><td>R$ 2.433,88<\/td><\/tr><tr><td>Professor de Artes<\/td><td>2<\/td><td>R$ 2.433,88<\/td><\/tr><tr><td>Professor de Educa\u00e7\u00e3o F\u00edsica<\/td><td>3<\/td><td>R$ 2.433,88<\/td><\/tr><tr><td>Professor de Geografia<\/td><td>2<\/td><td>R$ 2.433,88<\/td><\/tr><tr><td>Professor de Hist\u00f3ria<\/td><td>3<\/td><td>R$ 2.433,88<\/td><\/tr><tr><td>Professor de Inform\u00e1tica<\/td><td>3<\/td><td>R$ 2.433,88<\/td><\/tr><tr><td>Professor de L\u00edngua Inglesa<\/td><td>3<\/td><td>R$ 2.433,88<\/td><\/tr><tr><td>Professor de L\u00edngua Portuguesa<\/td><td>2<\/td><td>R$ 2.433,88<\/td><\/tr><tr><td>Professor de Matem\u00e1tica<\/td><td>1<\/td><td>R$ 2.433,88<\/td><\/tr><tr><td>Professor em Educa\u00e7\u00e3o no Campo<\/td><td>3<\/td><td>R$ 2.433,88<\/td><\/tr><tr><td>Professor Pedagogo<\/td><td>47<\/td><td>R$ 2.433,88<\/td><\/tr><tr><td>Psic\u00f3logo<\/td><td>4<\/td><td>R$ 2.800,00<\/td><\/tr><\/tbody><\/table><\/figure>\n\n\n\n<p>Os aprovados no concurso Prefeitura de Pi\u00e7arra ter\u00e3o jornadas de trabalho de 20, 30 e 40 horas semanais.<\/p>\n\n\n\n<h2 class=\"wp-block-heading\">Requisitos do concurso Prefeitura de Pi\u00e7arra<\/h2>\n\n\n\n<p>Al\u00e9m dos requisitos acad\u00eamicos, \u00e9 necess\u00e1rios que os aprovados no concurso Prefeitura de Pi\u00e7arra, atendam esses requisitos para investidura dos cargos:<\/p>\n\n\n\n<ul class=\"wp-block-list\">\n<li>Apresenta\u00e7\u00e3o de documenta\u00e7\u00e3o comprobat\u00f3ria da escolaridade, da habilita\u00e7\u00e3o e\/ou da especializa\u00e7\u00e3o exigidas para o cargo, em original ou c\u00f3pia autenticada por Cart\u00f3rio, conforme especificado nos quadros do subitem 3.1, deste Edital;<\/li>\n\n\n\n<li>Apresenta\u00e7\u00e3o de c\u00f3pia autenticada em cart\u00f3rio ou acompanhada dos originais, dos documentos abaixo:\n<ul class=\"wp-block-list\">\n<li>Certid\u00e3o de Registro Civil ou de Casamento;<\/li>\n\n\n\n<li>CTPS com as informa\u00e7\u00f5es sociais;<\/li>\n\n\n\n<li>Documento de Identifica\u00e7\u00e3o (RG, CNH, Conselho de \u00d3rg\u00e3o de Classe);<\/li>\n\n\n\n<li>CPF, caso n\u00e3o esteja no documento de identifica\u00e7\u00e3o;<\/li>\n\n\n\n<li>Certificado Militar ou Reservista (candidatos do sexo masculino com 18 a 45 anos completos);<\/li>\n\n\n\n<li>T\u00edtulo de Eleitor e comprova\u00e7\u00e3o de quita\u00e7\u00e3o eleitoral;<\/li>\n\n\n\n<li>Certid\u00e3o de Nascimento do (s) filho (s) at\u00e9 18 anos;<\/li>\n\n\n\n<li>Comprova\u00e7\u00e3o de Vacina\u00e7\u00e3o das duas doses (m\u00ednimo) da Vacina contra o Covid-19;<\/li>\n\n\n\n<li>Comprovante de resid\u00eancia no nome do candidato ou parente em 1\u00ba grau, se estiver em nome de terceiros dever\u00e1 estar acompanhada com declara\u00e7\u00e3o de endere\u00e7o do propriet\u00e1rio do im\u00f3vel ou da pessoa em que consta o nome na comprova\u00e7\u00e3o apresentada;<\/li>\n<\/ul>\n<\/li>\n\n\n\n<li>Ser considerado apto para o exerc\u00edcio da fun\u00e7\u00e3o p\u00fablica, por meio de exame m\u00e9dico procedido pela Prefeitura Municipal de Pi\u00e7arra, que atestar\u00e1 as condi\u00e7\u00f5es f\u00edsicas, ps\u00edquicas e mentais do candidato, devendo o mesmo apresentar os exames complementares caso sejam solicitados no Edital de Convoca\u00e7\u00e3o;<\/li>\n\n\n\n<li>Assinatura de declara\u00e7\u00e3o relativa a n\u00e3o acumula\u00e7\u00e3o de cargos, ou fun\u00e7\u00f5es p\u00fablicas, exceto os previstos em lei, em modelo fornecido pela Prefeitura Municipal de Pi\u00e7arra;<\/li>\n\n\n\n<li>Apresenta\u00e7\u00e3o de Declara\u00e7\u00e3o de Bens, em modelo fornecido pela Prefeitura Municipal de Pi\u00e7arra;<\/li>\n\n\n\n<li>N\u00e3o ter sofrido, no exerc\u00edcio da fun\u00e7\u00e3o p\u00fablica, penalidade incompat\u00edvel com nova investidura na fun\u00e7\u00e3o p\u00fablica, comprovado por simples declara\u00e7\u00e3o;<\/li>\n\n\n\n<li>N\u00e3o ter sido condenado em processo criminal, por senten\u00e7a transitada em julgado, pela pr\u00e1tica de crimes contra a Administra\u00e7\u00e3o P\u00fablica capitulados no T\u00edtulo XI da Parte Especial no C\u00f3digo Penal Brasileiro, na Lei n\u00ba 7.492, de 16 de junho de 1985 e na Lei n\u00ba 8.429, de 2 de junho de 1992, comprovado com a Certid\u00e3o de Antecedentes Criminais.<\/li>\n\n\n\n<li>O Candidato Aprovado e Classificado neste Concurso P\u00fablico e que n\u00e3o atender aos requisitos estabelecidos nas al\u00edneas do subitem 14.1 deste Edital, ou que n\u00e3o comparecer ao exame M\u00e9dico de que trata a al\u00ednea \u201cc\u201d do mesmo subitem ou ainda, n\u00e3o comparecer ao Ato de Convoca\u00e7\u00e3o, perder\u00e1 o direito \u00e0 vaga conquistada, permitindo a Prefeitura Municipal de Pi\u00e7arra convocar outro candidato aprovado para o mesmo cargo, obedecendo rigorosamente \u00e0 ordem de classifica\u00e7\u00e3o.<\/li>\n<\/ul>\n\n\n\n<h2 class=\"wp-block-heading\">Etapas de sele\u00e7\u00e3o do concurso Prefeitura de Pi\u00e7arra<\/h2>\n\n\n\n<p>Os candidatos ao concurso Prefeitura de Pi\u00e7arra passar\u00e3o por diversas etapas:<\/p>\n\n\n\n<ul class=\"wp-block-list\">\n<li><strong>Prova objetiva<\/strong>, para todos os cargos, de car\u00e1ter eliminat\u00f3rio e classificat\u00f3rio.<\/li>\n\n\n\n<li><strong>Prova subjetiva<\/strong>, exclusiva para o cargo de Procurador Municipal.<\/li>\n\n\n\n<li><strong>Prova de t\u00edtulos<\/strong>, para cargos de n\u00edvel superior.<\/li>\n<\/ul>\n\n\n\n<h3 class=\"wp-block-heading\">Prova objetiva<\/h3>\n\n\n\n<p>A prova objetiva do concurso Prefeitura de Pi\u00e7arra ser\u00e1 aplicada no dia <strong>27 de julho de 2025<\/strong> e contar\u00e1 com 30 quest\u00f5es de diferentes disciplinas de acordo com o n\u00edvel de escolaridade do cargo. Confira:<\/p>\n\n\n\n<p><strong>Cargos de n\u00edvel fundamental<\/strong><\/p>\n\n\n\n<ul class=\"wp-block-list\">\n<li>L\u00edngua Portuguesa: 10 quest\u00f5es<\/li>\n\n\n\n<li>Matem\u00e1tica: 10 quest\u00f5es<\/li>\n\n\n\n<li>Conhecimentos Gerais: 10 quest\u00f5es<\/li>\n<\/ul>\n\n\n\n<p><strong>Cargos de n\u00edvel m\u00e9dio e t\u00e9cnico<\/strong><\/p>\n\n\n\n<ul class=\"wp-block-list\">\n<li>L\u00edngua Portuguesa: 10 quest\u00f5es<\/li>\n\n\n\n<li>Matem\u00e1tica: 5 quest\u00f5es<\/li>\n\n\n\n<li>Inform\u00e1tica: 5 quest\u00f5es<\/li>\n\n\n\n<li>Conhecimentos Espec\u00edficos: 10 quest\u00f5es<\/li>\n<\/ul>\n\n\n\n<p><strong>Cargos de n\u00edvel superior<\/strong><\/p>\n\n\n\n<ul class=\"wp-block-list\">\n<li>L\u00edngua Portuguesa: 10 quest\u00f5es<\/li>\n\n\n\n<li>Inform\u00e1tica: 5 quest\u00f5es<\/li>\n\n\n\n<li>Legisla\u00e7\u00e3o: 5 quest\u00f5es<\/li>\n\n\n\n<li>Conhecimentos Espec\u00edficos: 10 quest\u00f5es<\/li>\n<\/ul>\n\n\n\n<p><strong>Procurador municipal<\/strong><\/p>\n\n\n\n<ul class=\"wp-block-list\">\n<li>Direito Constitucional: 5 quest\u00f5es<\/li>\n\n\n\n<li>Direito Administrativo: 5 quest\u00f5es<\/li>\n\n\n\n<li>Direito Civil: 5 quest\u00f5es<\/li>\n\n\n\n<li>Direito Processual Civil: 5 quest\u00f5es<\/li>\n\n\n\n<li>Direito Penal: 5 quest\u00f5es<\/li>\n\n\n\n<li>Legisla\u00e7\u00e3o Espec\u00edfica: 5 quest\u00f5es<\/li>\n<\/ul>\n\n\n\n<p>Ser\u00e1 considerado aprovado, na prova objetiva de m\u00faltipla escolha, o candidato que obtiver rendimento igual ou superior a 40% dos pontos na prova.<\/p>\n\n\n\n<h3 class=\"wp-block-heading\">Prova subjetiva<\/h3>\n\n\n\n<p>A prova subjetiva do concurso Prefeitura de Pi\u00e7arra ser\u00e1 aplicada exclusivamente para o cargo de procurador municipal e ser\u00e1 realizada no mesmo local, data e hor\u00e1rio da prova objetiva.<\/p>\n\n\n\n<p><strong>Estrutura da Prova (nota total de 0 a 100 pontos):<\/strong><\/p>\n\n\n\n<ul class=\"wp-block-list\">\n<li><strong>Parte I:<\/strong> Duas quest\u00f5es discursivas, em forma de situa\u00e7\u00f5es-problema, com abordagem interdisciplinar (quando poss\u00edvel), valendo at\u00e9 25 pontos cada.<\/li>\n\n\n\n<li><strong>Parte II:<\/strong> Elabora\u00e7\u00e3o de uma pe\u00e7a pr\u00e1tica (processual ou parecer jur\u00eddico), sobre tema jur\u00eddico, tamb\u00e9m com poss\u00edvel abordagem interdisciplinar, valendo at\u00e9 50 pontos.<\/li>\n<\/ul>\n\n\n\n<p>A prova subjetiva tem car\u00e1ter eliminat\u00f3rio e classificat\u00f3rio, sendo destinada a avaliar compet\u00eancias como compreens\u00e3o, an\u00e1lise, s\u00edntese, aplica\u00e7\u00e3o e avalia\u00e7\u00e3o, com foco no racioc\u00ednio do candidato.<\/p>\n\n\n\n<p>Ser\u00e1 considerado habilitado o candidato que:<\/p>\n\n\n\n<ul class=\"wp-block-list\">\n<li>Obter m\u00ednimo de 25 pontos nas quest\u00f5es discursivas (Parte I);<\/li>\n\n\n\n<li>Obter m\u00ednimo de 25 pontos na pe\u00e7a pr\u00e1tica (Parte II).<\/li>\n<\/ul>\n\n\n\n<h3 class=\"wp-block-heading\">Prova de t\u00edtulos<\/h3>\n\n\n\n<p>Confira quais t\u00edtulos ser\u00e3o avaliados no concurso Prefeitura de Pi\u00e7arra:<\/p>\n\n\n<div class=\"wp-block-image\">\n<figure class=\"aligncenter size-full\"><img loading=\"lazy\" decoding=\"async\" width=\"524\" height=\"395\" src=\"https:\/\/www.apostilasopcao.com.br\/blog\/wp-content\/uploads\/2025\/05\/titulos-picarra-1.webp\" alt=\"Tabela de t\u00edtulos do concurso Prefeitura de Pi\u00e7arra\" class=\"wp-image-955\" srcset=\"https:\/\/www.apostilasopcao.com.br\/blog\/wp-content\/uploads\/2025\/05\/titulos-picarra-1.webp 524w, https:\/\/www.apostilasopcao.com.br\/blog\/wp-content\/uploads\/2025\/05\/titulos-picarra-1-300x226.webp 300w\" sizes=\"auto, (max-width: 524px) 100vw, 524px\" \/><figcaption class=\"wp-element-caption\">Tabela de t\u00edtulos do concurso Prefeitura de Pi\u00e7arra!<\/figcaption><\/figure>\n<\/div>\n\n\n<h2 class=\"wp-block-heading\">Dica Op\u00e7\u00e3o<\/h2>\n\n\n\n<p>Se voc\u00ea quer ser aprovado no concurso Prefeitura de Pi\u00e7arra, essa \u00e9 a sua oportunidade para o sucesso! Conte com materiais de qualidade para te ajudarem em sua prepara\u00e7\u00e3o e comece hoje a se preparar para o cargo que ir\u00e1 mudar a sua vida!<\/p>\n\n\n\n<p>Confira: <a href=\"https:\/\/www.apostilasopcao.com.br\/apostila\/prefeitura-picarra-pa-motorista-operador-maquinas-pesadas\">Apostila Prefeitura de Pi\u00e7arra &#8211; PA 2025 &#8211; Motorista &#8211; Categoria \u201cAB\u201d, Motorista &#8211; Categoria \u201cD\u201d e Operador de M\u00e1quinas Pesadas<\/a><\/p>\n","protected":false},"excerpt":{"rendered":"<p>Aten\u00e7\u00e3o, concurseiros! Est\u00e3o abertas as inscri\u00e7\u00f5es para o Concurso Prefeitura de Pi\u00e7arra, no Par\u00e1. S\u00e3o ofertadas 270 vagas para diversos cargos e n\u00edveis de escolaridade, com sal\u00e1rios de at\u00e9 R$4.750,00. [&hellip;]<\/p>\n","protected":false},"author":5,"featured_media":956,"comment_status":"closed","ping_status":"closed","sticky":false,"template":"","format":"standard","meta":{"_acf_changed":false,"breadcrumbs_single_post":"","page_title_panel":"","breadcrumbs_single_page":"","single_page_alignment":"","single_page_margin":"","page_structure_type":"","content_style_source":"","content_style":"","blog_post_streched_ed":"","blog_page_streched_ed":"","has_transparent_header":"","disable_transparent_header":"","vertical_spacing_source":"","content_area_spacing":"","single_post_content_background":"","single_page_content_background":"","single_post_boxed_content_spacing":"","single_page_boxed_content_spacing":"","single_post_content_boxed_radius":"","single_page_content_boxed_radius":"","disable_featured_image":"","disable_post_tags":"","disable_author_box":"","disable_posts_navigation":"","disable_comments":"","disable_related_posts":"","disable_header":"","disable_footer":"","footnotes":""},"categories":[4,19],"tags":[149],"class_list":["post-953","post","type-post","status-publish","format-standard","has-post-thumbnail","hentry","category-noticias","category-pa","tag-concurso-prefeitura-de-picarra","rishi-post"],"acf":{"data_prova":"20250727","status":false},"_links":{"self":[{"href":"https:\/\/www.apostilasopcao.com.br\/blog\/wp-json\/wp\/v2\/posts\/953","targetHints":{"allow":["GET"]}}],"collection":[{"href":"https:\/\/www.apostilasopcao.com.br\/blog\/wp-json\/wp\/v2\/posts"}],"about":[{"href":"https:\/\/www.apostilasopcao.com.br\/blog\/wp-json\/wp\/v2\/types\/post"}],"author":[{"embeddable":true,"href":"https:\/\/www.apostilasopcao.com.br\/blog\/wp-json\/wp\/v2\/users\/5"}],"replies":[{"embeddable":true,"href":"https:\/\/www.apostilasopcao.com.br\/blog\/wp-json\/wp\/v2\/comments?post=953"}],"version-history":[{"count":2,"href":"https:\/\/www.apostilasopcao.com.br\/blog\/wp-json\/wp\/v2\/posts\/953\/revisions"}],"predecessor-version":[{"id":1055,"href":"https:\/\/www.apostilasopcao.com.br\/blog\/wp-json\/wp\/v2\/posts\/953\/revisions\/1055"}],"wp:featuredmedia":[{"embeddable":true,"href":"https:\/\/www.apostilasopcao.com.br\/blog\/wp-json\/wp\/v2\/media\/956"}],"wp:attachment":[{"href":"https:\/\/www.apostilasopcao.com.br\/blog\/wp-json\/wp\/v2\/media?parent=953"}],"wp:term":[{"taxonomy":"category","embeddable":true,"href":"https:\/\/www.apostilasopcao.com.br\/blog\/wp-json\/wp\/v2\/categories?post=953"},{"taxonomy":"post_tag","embeddable":true,"href":"https:\/\/www.apostilasopcao.com.br\/blog\/wp-json\/wp\/v2\/tags?post=953"}],"curies":[{"name":"wp","href":"https:\/\/api.w.org\/{rel}","templated":true}]}}