{"id":9614,"date":"2026-01-29T11:39:47","date_gmt":"2026-01-29T14:39:47","guid":{"rendered":"https:\/\/www.apostilasopcao.com.br\/blog\/?p=9614"},"modified":"2026-01-29T11:39:49","modified_gmt":"2026-01-29T14:39:49","slug":"camara-de-carapicuiba-sp","status":"publish","type":"post","link":"https:\/\/www.apostilasopcao.com.br\/blog\/camara-de-carapicuiba-sp\/","title":{"rendered":"Concurso C\u00e2mara de Carapicu\u00edba: Edital publicado! Iniciais de R$5 mil!"},"content":{"rendered":"\n<p>Aten\u00e7\u00e3o concurseiros! O concurso C\u00e2mara de Carapicu\u00edba oferta <strong>3 vagas imediatas<\/strong> para cargos de <strong>n\u00edveis fundamental e m\u00e9dio<\/strong>, com remunera\u00e7\u00e3o inicial de at\u00e9 <strong>R$ 5.100,75<\/strong>. As inscri\u00e7\u00f5es j\u00e1 est\u00e3o abertas e seguem at\u00e9 o dia <strong>22 de janeiro<\/strong>, enquanto a prova objetiva est\u00e1 prevista para o dia <strong>22 de mar\u00e7o de 2026<\/strong>. Para se preparar, confira a\u00a0<a href=\"https:\/\/www.apostilasopcao.com.br\/concurso\/camara-municipal-de-carapicuiba-sp\">Apostila C\u00e2mara de Carapicu\u00edba<\/a>\u00a0com conte\u00fado completo e atualizado conforme o edital!<\/p>\n\n\n\n<h2 class=\"wp-block-heading\">Resumo do edital<\/h2>\n\n\n\n<ul class=\"wp-block-list\">\n<li><strong>Vagas<\/strong>: 3<\/li>\n\n\n\n<li><strong>Inscri\u00e7\u00f5es<\/strong>: 21\/01\/2026 a 22\/02\/2026<\/li>\n\n\n\n<li><strong>Taxa de inscri\u00e7\u00e3o:<\/strong>\u00a0R$90,00 a R$110,00<\/li>\n\n\n\n<li><strong>Prova<\/strong>: 29\/03\/2026<\/li>\n\n\n\n<li><strong>Banca<\/strong>: Instituto Omni<\/li>\n\n\n\n<li><a href=\"https:\/\/www.apostilasopcao.com.br\/blog\/wp-content\/uploads\/2026\/01\/edital-carapicuiba.pdf\">Baixe aqui o edital do concurso C\u00e2mara de Carapicu\u00edba<\/a><\/li>\n<\/ul>\n\n\n\n<h2 class=\"wp-block-heading\">Concurso C\u00e2mara de Carapicu\u00edba: Inscri\u00e7\u00f5es abertas!<\/h2>\n\n\n\n<p>Quem deseja participar do concurso C\u00e2mara de Carapicu\u00edba j\u00e1 pode se inscrever! O per\u00edodo de inscri\u00e7\u00f5es j\u00e1 est\u00e1 aberto, entre os dias <strong>21 de janeiro at\u00e9 o dia<\/strong> <strong>22 de fevereiro de 2026<\/strong>. Todo o procedimento deve ser feito exclusivamente pela internet, por meio do site do\u00a0<a href=\"https:\/\/www.omniinstituto.org.br\/informacoes\/27\/\" target=\"_blank\" rel=\"noreferrer noopener\">Instituto Omni,<\/a>\u00a0a banca organizadora respons\u00e1vel pelo certame.<\/p>\n\n\n\n<p>O valor da taxa varia de acordo com o n\u00edvel de escolaridade exigido para o cargo, sendo:<\/p>\n\n\n\n<ul class=\"wp-block-list\">\n<li><strong>R$20,00\u00a0<\/strong>para cargo de n\u00edvel fundamental;<\/li>\n\n\n\n<li><strong>R$25,00<\/strong>\u00a0para cargos de n\u00edvel m\u00e9dio.<\/li>\n<\/ul>\n\n\n\n<p>O edital tamb\u00e9m previu a possibilidade de isen\u00e7\u00e3o da taxa, por\u00e9m o per\u00edodo para solicita\u00e7\u00e3o j\u00e1 foi encerrado. Os pedidos puderam ser realizados entre os dias 22 e 25 de janeiro de 2026, exclusivamente pelo site do Instituto Omni, conforme crit\u00e9rios e documenta\u00e7\u00e3o exigidos no edital de abertura<\/p>\n\n\n\n<h2 class=\"wp-block-heading\">Quais cargos, vagas e sal\u00e1rios est\u00e3o sendo ofertados no concurso C\u00e2mara de Carapicu\u00edba?<\/h2>\n\n\n\n<p>O concurso C\u00e2mara de Carapicu\u00edba oferta&nbsp;<strong>3 vagas imediatas<\/strong>, distribu\u00eddas entre cargos de&nbsp;<strong>n\u00edveis fundamental e m\u00e9dio<\/strong>. A jornada de trabalho para todas as fun\u00e7\u00f5es ser\u00e1 de 40 horas semanais.<\/p>\n\n\n\n<p>Confira a distribui\u00e7\u00e3o das oportunidades:<\/p>\n\n\n\n<p><strong>N\u00edvel fundamental<\/strong><\/p>\n\n\n\n<ul class=\"wp-block-list\">\n<li>Ajudante de Servi\u00e7os Gerais: 1 vaga\n<ul class=\"wp-block-list\">\n<li>R$ 1.645,00<\/li>\n<\/ul>\n<\/li>\n<\/ul>\n\n\n\n<p><strong>N\u00edvel m\u00e9dio<\/strong><\/p>\n\n\n\n<ul class=\"wp-block-list\">\n<li>Agente Administrativo: 1 vaga\n<ul class=\"wp-block-list\">\n<li>R$ 5.100,75<\/li>\n<\/ul>\n<\/li>\n\n\n\n<li>Oficial de Manuten\u00e7\u00e3o: 1 vaga\n<ul class=\"wp-block-list\">\n<li>R$ 1.645,00<\/li>\n<\/ul>\n<\/li>\n<\/ul>\n\n\n\n<p><strong>Para se preparar, confira a\u00a0<a href=\"https:\/\/www.apostilasopcao.com.br\/concurso\/camara-municipal-de-carapicuiba-sp\">Apostila C\u00e2mara de Carapicu\u00edba<\/a>\u00a0com conte\u00fado completo e atualizado conforme o edital!<\/strong><\/p>\n\n\n\n<h2 class=\"wp-block-heading\">Quais os requisitos b\u00e1sicos do concurso C\u00e2mara de Carapicu\u00edba?<\/h2>\n\n\n\n<p>Para investidura dos cargos do concurso C\u00e2mara de Carapicu\u00edba, \u00e9 necess\u00e1rio que os candidatos atendam aos seguintes requisitos b\u00e1sicos:<\/p>\n\n\n\n<ul class=\"wp-block-list\">\n<li>Ser brasileiro ou gozar das prerrogativas do Decreto Federal 70.436\/72.<\/li>\n\n\n\n<li>Ser aprovado neste Concurso P\u00fablico;<\/li>\n\n\n\n<li>Ter idade m\u00ednima de 18 (dezoito) anos completos<\/li>\n\n\n\n<li>Ter aptid\u00f5es f\u00edsicas e mentais para o exerc\u00edcio das atribui\u00e7\u00f5es do Cargo mediante confirma\u00e7\u00e3o de exame m\u00e9dico admissional;<\/li>\n\n\n\n<li>Estar quite com o Servi\u00e7o Militar, se do sexo masculino;<\/li>\n\n\n\n<li>Estar no gozo dos direitos civis e pol\u00edticos;<\/li>\n\n\n\n<li>Atender as condi\u00e7\u00f5es de escolaridade e requisitos do cargo;<\/li>\n\n\n\n<li>Possuir habilita\u00e7\u00e3o profissional para o exerc\u00edcio dos cargos, quando for o caso;<\/li>\n\n\n\n<li>Atender as condi\u00e7\u00f5es especiais, prescritas em lei ou decreto, para determinados cargos;<\/li>\n\n\n\n<li>N\u00e3o ter sido demitido por ato de improbidade ou exonerado \u201ca bem do servi\u00e7o p\u00fablico\u201d, mediante decis\u00e3o transitada em julgado em qualquer esfera governamental;<\/li>\n\n\n\n<li>N\u00e3o possuir v\u00ednculo com qualquer \u00f3rg\u00e3o ou entidade da Administra\u00e7\u00e3o P\u00fablica que impossibilite acumula\u00e7\u00e3o de cargos, empregos e fun\u00e7\u00f5es, ressalvados os casos contidos nas al\u00edneas \u201ca\u201d, \u201cb\u201d e \u201cc\u201d, inc. XVI, do art. 37, da Constitui\u00e7\u00e3o Federal, inclusive no que concerne \u00e0 compatibilidade de hor\u00e1rios.<\/li>\n\n\n\n<li>N\u00e3o ser aposentado por invalidez ou ter aposentadoria especial para o mesmo cargo, empregos e CARGOS, e nem estar em idade de aposentadoria compuls\u00f3ria.<\/li>\n\n\n\n<li>N\u00e3o ter sofrido, no exerc\u00edcio da fun\u00e7\u00e3o p\u00fablica, penalidade incompat\u00edvel com nova investidura em cargo p\u00fablico.<\/li>\n<\/ul>\n\n\n\n<h2 class=\"wp-block-heading\">Quais as atribui\u00e7\u00f5es dos cargos do concurso C\u00e2mara de Carapicu\u00edba?<\/h2>\n\n\n\n<p>Confira as atribui\u00e7\u00f5es dos cargos do concurso C\u00e2mara de Carapicu\u00edba:<\/p>\n\n\n\n<p>O&nbsp;<strong>Agente Administrativo<\/strong>&nbsp;executa atividades de apoio administrativo, como organiza\u00e7\u00e3o, arquivamento e controle de documentos, digita\u00e7\u00e3o, reda\u00e7\u00e3o de correspond\u00eancias, atendimento ao p\u00fablico e ao telefone, al\u00e9m do uso de aplicativos de texto e planilhas. Tamb\u00e9m pode requisitar materiais de escrit\u00f3rio, zelar pelos itens utilizados e realizar outras tarefas t\u00edpicas da fun\u00e7\u00e3o.<\/p>\n\n\n\n<p>O&nbsp;<strong>Ajudante de Servi\u00e7os Gerais<\/strong>&nbsp;atua na limpeza e conserva\u00e7\u00e3o dos espa\u00e7os, realizando servi\u00e7os como varri\u00e7\u00e3o, capina, recolhimento de folhas e materiais, al\u00e9m de zelar pelo patrim\u00f4nio da C\u00e2mara e executar atividades correlatas.<\/p>\n\n\n\n<p>J\u00e1 o&nbsp;<strong>Oficial de Manuten\u00e7\u00e3o<\/strong>&nbsp;\u00e9 respons\u00e1vel pela conserva\u00e7\u00e3o do pr\u00e9dio e dos equipamentos, executando pequenos reparos e servi\u00e7os como el\u00e9trica, hidr\u00e1ulica, pintura, troca de l\u00e2mpadas, marcenaria e consertos diversos. Tamb\u00e9m acompanha equipes terceirizadas, comunica avarias \u00e0 Diretoria, zela por extintores de inc\u00eandio, hasteia e arria bandeiras e realiza outras tarefas determinadas pelas chefias.<\/p>\n\n\n\n<h2 class=\"wp-block-heading\">Quais as etapas de sele\u00e7\u00e3o do concurso C\u00e2mara de Carapicu\u00edba?<\/h2>\n\n\n\n<p>Os candidatos do concurso C\u00e2mara de Carapicu\u00edba ser\u00e3o avaliados em etapa \u00fanica, composta por&nbsp;<strong>Prova Objetiva<\/strong>, de car\u00e1ter eliminat\u00f3rio e classificat\u00f3rio, com dura\u00e7\u00e3o de 3 horas.<\/p>\n\n\n\n<h3 class=\"wp-block-heading\">Prova objetiva<\/h3>\n\n\n\n<p>A prova objetiva ser\u00e1 aplicada no dia&nbsp;<strong>29 de mar\u00e7o de 2026&nbsp;<\/strong>e ser\u00e1 formada por 40 a 50 quest\u00f5es de m\u00faltipla escolha, com cinco alternativas (A, B, C, D e E) e apenas uma resposta correta.<\/p>\n\n\n\n<p>Confira a distribui\u00e7\u00e3o das quest\u00f5es:<\/p>\n\n\n\n<p><strong>Ajudante de Servi\u00e7os Gerais<\/strong><\/p>\n\n\n\n<ul class=\"wp-block-list\">\n<li>L\u00edngua Portuguesa: 20 quest\u00f5es<\/li>\n\n\n\n<li>Matem\u00e1tica: 10 quest\u00f5es<\/li>\n\n\n\n<li>Conhecimentos Gerais: 10 quest\u00f5es<\/li>\n<\/ul>\n\n\n\n<p><strong>Agente Administrativo e Oficial de Manuten\u00e7\u00e3o<\/strong><\/p>\n\n\n\n<ul class=\"wp-block-list\">\n<li>L\u00edngua Portuguesa: 20 quest\u00f5es<\/li>\n\n\n\n<li>Matem\u00e1tica: 15 quest\u00f5es<\/li>\n\n\n\n<li>Conhecimentos Gerais: 15 quest\u00f5es<\/li>\n<\/ul>\n\n\n\n<p>Ser\u00e1 considerado habilitado o candidato que obtiver nota igual ou superior a 50 pontos.<\/p>\n\n\n\n<h3 class=\"wp-block-heading\">Somos a melhor Op\u00e7\u00e3o<\/h3>\n\n\n\n<p>Quer conquistar uma vaga no concurso C\u00e2mara de Carapicu\u00edba? Somos a melhore Op\u00e7\u00e3o! N\u00f3s preparamos diversos materiais realmente focados conforme o edital que te ajudar\u00e3o a conquistar o cargo dos sonhos. N\u00e3o perca mais tempo e comece a se preparar ainda hoje!<\/p>\n\n\n\n<p><strong>Confira:\u00a0<a href=\"https:\/\/www.apostilasopcao.com.br\/concurso\/camara-municipal-de-carapicuiba-sp\">Apostilas C\u00e2mara de Carapicu\u00edba<\/a>!<\/strong><\/p>\n\n\n\n<p><strong>Quer ficar por dentro de tudo sobre o universo de concursos?&nbsp;<a href=\"https:\/\/www.apostilasopcao.com.br\/blog\/noticias\/\">Confira as nossas not\u00edcias!<\/a><\/strong><\/p>\n","protected":false},"excerpt":{"rendered":"<p>O concurso C\u00e2mara de Carapicu\u00edba est\u00e1 com edital publicado e oferta 3 vagas imediatas para n\u00edveis fundamental e m\u00e9dio, com remunera\u00e7\u00e3o inicial de at\u00e9 R$ 5.100,75. As inscri\u00e7\u00f5es seguem abertas at\u00e9 22 de janeiro e a prova objetiva est\u00e1 prevista para 22 de mar\u00e7o de 2026. Saiba mais!<\/p>\n","protected":false},"author":12,"featured_media":9621,"comment_status":"closed","ping_status":"closed","sticky":false,"template":"","format":"standard","meta":{"_acf_changed":false,"breadcrumbs_single_post":"","page_title_panel":"","breadcrumbs_single_page":"","single_page_alignment":"","single_page_margin":"","page_structure_type":"","content_style_source":"","content_style":"","blog_post_streched_ed":"","blog_page_streched_ed":"","has_transparent_header":"","disable_transparent_header":"","vertical_spacing_source":"","content_area_spacing":"","single_post_content_background":"","single_page_content_background":"","single_post_boxed_content_spacing":"","single_page_boxed_content_spacing":"","single_post_content_boxed_radius":"","single_page_content_boxed_radius":"","disable_featured_image":"","disable_post_tags":"","disable_author_box":"","disable_posts_navigation":"","disable_comments":"","disable_related_posts":"","disable_header":"","disable_footer":"","footnotes":""},"categories":[4,6],"tags":[681],"class_list":["post-9614","post","type-post","status-publish","format-standard","has-post-thumbnail","hentry","category-noticias","category-sp","tag-concurso-camara-de-carapicuiba","rishi-post"],"acf":{"data_prova":"20260322","status":"aberto"},"_links":{"self":[{"href":"https:\/\/www.apostilasopcao.com.br\/blog\/wp-json\/wp\/v2\/posts\/9614","targetHints":{"allow":["GET"]}}],"collection":[{"href":"https:\/\/www.apostilasopcao.com.br\/blog\/wp-json\/wp\/v2\/posts"}],"about":[{"href":"https:\/\/www.apostilasopcao.com.br\/blog\/wp-json\/wp\/v2\/types\/post"}],"author":[{"embeddable":true,"href":"https:\/\/www.apostilasopcao.com.br\/blog\/wp-json\/wp\/v2\/users\/12"}],"replies":[{"embeddable":true,"href":"https:\/\/www.apostilasopcao.com.br\/blog\/wp-json\/wp\/v2\/comments?post=9614"}],"version-history":[{"count":8,"href":"https:\/\/www.apostilasopcao.com.br\/blog\/wp-json\/wp\/v2\/posts\/9614\/revisions"}],"predecessor-version":[{"id":9624,"href":"https:\/\/www.apostilasopcao.com.br\/blog\/wp-json\/wp\/v2\/posts\/9614\/revisions\/9624"}],"wp:featuredmedia":[{"embeddable":true,"href":"https:\/\/www.apostilasopcao.com.br\/blog\/wp-json\/wp\/v2\/media\/9621"}],"wp:attachment":[{"href":"https:\/\/www.apostilasopcao.com.br\/blog\/wp-json\/wp\/v2\/media?parent=9614"}],"wp:term":[{"taxonomy":"category","embeddable":true,"href":"https:\/\/www.apostilasopcao.com.br\/blog\/wp-json\/wp\/v2\/categories?post=9614"},{"taxonomy":"post_tag","embeddable":true,"href":"https:\/\/www.apostilasopcao.com.br\/blog\/wp-json\/wp\/v2\/tags?post=9614"}],"curies":[{"name":"wp","href":"https:\/\/api.w.org\/{rel}","templated":true}]}}