{"id":9642,"date":"2026-02-11T13:27:58","date_gmt":"2026-02-11T16:27:58","guid":{"rendered":"https:\/\/www.apostilasopcao.com.br\/blog\/?p=9642"},"modified":"2026-02-11T13:28:02","modified_gmt":"2026-02-11T16:28:02","slug":"udesc","status":"publish","type":"post","link":"https:\/\/www.apostilasopcao.com.br\/blog\/udesc\/","title":{"rendered":"Concurso Udesc: Inscri\u00e7\u00f5es abertas! Iniciais de R$6,8 mil!"},"content":{"rendered":"\n<p>Boas not\u00edcias concurseiros! Est\u00e3o abertas as inscri\u00e7\u00f5es do concurso Udesc que est\u00e1 ofertando <strong>40 vagas imediatas<\/strong>, al\u00e9m de oportunidades de forma\u00e7\u00e3o de <strong>cadastro reserva<\/strong>, para os cargos de <strong>T\u00e9cnico Universit\u00e1rio de Desenvolvimento<\/strong> e para <strong>T\u00e9cnico Universit\u00e1rio de Suporte<\/strong>, de n\u00edveis <strong>m\u00e9dio, t\u00e9cnico e superior<\/strong>, com remunera\u00e7\u00f5es iniciais de at\u00e9 <strong>R$6,8 mil<\/strong>. As inscri\u00e7\u00f5es est\u00e3o abertas e encerram no dia <strong>13 de fevereiro de 2026<\/strong>, os valores da taxa de inscri\u00e7\u00e3o variam de <strong>R$80,00 <\/strong>a <strong>R$110,00<\/strong>. As provas est\u00e3o marcadas para o dia <strong>29 de mar\u00e7o de 2026<\/strong>. Para se preparar para a sele\u00e7\u00e3o, confira a\u00a0<a href=\"https:\/\/www.apostilasopcao.com.br\/concurso\/universidade-estadual-de-santa-catarina\">Apostila Udesc<\/a>\u00a0com conte\u00fado completo e atualizado conforme o edital!<\/p>\n\n\n\n<ul class=\"wp-block-list\">\n<li><strong>Vagas<\/strong>: 40 imediatas +CR<\/li>\n\n\n\n<li><strong>Inscri\u00e7\u00f5es<\/strong>: 14\/01\/2026 a 13\/02\/2026<\/li>\n\n\n\n<li><strong>Taxas de inscri\u00e7\u00e3o<\/strong>: R$80,00 a R$110,00<\/li>\n\n\n\n<li><strong>Provas<\/strong>: 29\/03\/2026<\/li>\n\n\n\n<li><strong>Banca organizadora<\/strong>: Cebraspe<\/li>\n\n\n\n<li><a href=\"https:\/\/www.apostilasopcao.com.br\/blog\/wp-content\/uploads\/2026\/01\/udesc-edital.pdf\">Baixe o edital do concurso Udesc<\/a><\/li>\n<\/ul>\n\n\n\n<h2 class=\"wp-block-heading\">Como se inscrever no concurso Udesc?<\/h2>\n\n\n\n<p>As inscri\u00e7\u00f5es no concurso Udesc est\u00e3o abertos e devem ser realizadas exclusivamente no site da banca organizadora, <a href=\"https:\/\/www.cebraspe.org.br\/concursos\/udesc_26\" target=\"_blank\" rel=\"noreferrer noopener\">Cebraspe<\/a>, no per\u00edodo de <strong>14 de janeiro at\u00e9 o dia 13 de fevereiro de 2026<\/strong>.<\/p>\n\n\n\n<p>Os valores da taxa de inscri\u00e7\u00e3o variam de acordo com o n\u00edvel de escolaridade:<\/p>\n\n\n\n<ul class=\"wp-block-list\">\n<li>R$80,00 n\u00edvel M\u00e9dio;<\/li>\n\n\n\n<li>R$110,00 n\u00edvel Superior.<\/li>\n<\/ul>\n\n\n\n<p>O pagamento deve ser efetuado at\u00e9 o dia <strong>20 de fevereiro de 2026<\/strong>.<\/p>\n\n\n\n<h3 class=\"wp-block-heading\">Isen\u00e7\u00e3o da taxa de inscri\u00e7\u00e3o<\/h3>\n\n\n\n<p>O edital do concurso Udesc previu a isen\u00e7\u00e3o da taxa de inscri\u00e7\u00e3o para candidatos que se enquadrassem em um dos seguintes casos:<\/p>\n\n\n\n<ul class=\"wp-block-list\">\n<li>Doadores de sangue, conforme a Lei n\u00ba 10.567\/1997, e suas altera\u00e7\u00f5es;<\/li>\n\n\n\n<li>Doadores de medula \u00f3ssea, conforme a Lei n\u00ba 10.567\/1997, e suas altera\u00e7\u00f5es;<\/li>\n\n\n\n<li>Doadores de leite humano, conforme a Lei n\u00ba 10.567\/1997, e suas altera\u00e7\u00f5es;<\/li>\n\n\n\n<li>Candidatos cuja renda n\u00e3o ultrapasse a dois sal\u00e1rios-m\u00ednimos, conforme a Lei n\u00ba 11.289\/1999;<\/li>\n\n\n\n<li>Pessoas com defici\u00eancia cuja renda n\u00e3o ultrapasse a dois sal\u00e1rios-m\u00ednimos, conforme a Lei n\u00ba 17.480\/2018;<\/li>\n\n\n\n<li>Voluntariados da Justi\u00e7a Eleitoral, no \u00e2mbito do Estado de Santa Catarina, conforme a Lei n\u00ba 17.998\/2020;<\/li>\n\n\n\n<li>Jurados que atuaram no Tribunal do J\u00fari, no \u00e2mbito do Estado de Santa Catarina, conforme a Lei n\u00ba 17.998\/2020.<\/li>\n<\/ul>\n\n\n\n<p>A solicita\u00e7\u00e3o da isen\u00e7\u00e3o da taxa de inscri\u00e7\u00e3o esteve dispon\u00edvel entre os dias <strong>14 a 28 de janeiro de 2026<\/strong>.<\/p>\n\n\n\n<h2 class=\"wp-block-heading\">Cargos, vagas e sal\u00e1rios<\/h2>\n\n\n\n<p>O concurso Udesc ofertando 40 vagas imediatas, al\u00e9m de <strong>forma\u00e7\u00e3o de cadastro de reserva<\/strong>, para cargos de n\u00edveis <strong>m\u00e9dio<\/strong> e <strong>superior<\/strong>. A jornada de trabalho para todas as fun\u00e7\u00f5es foi de <strong>40 horas semanais<\/strong>.<\/p>\n\n\n\n<p>Confira a distribui\u00e7\u00e3o das oportunidades:<\/p>\n\n\n\n<p><strong>N\u00edvel m\u00e9dio<\/strong><\/p>\n\n\n\n<ul class=\"wp-block-list\">\n<li>T\u00e9cnico Universit\u00e1rio de Suporte \u2013 Fun\u00e7\u00e3o: Assistente Administrativo (Balne\u00e1rio Cambori\u00fa): CR<br>R$ 4.921,46<\/li>\n\n\n\n<li>T\u00e9cnico Universit\u00e1rio de Suporte \u2013 Fun\u00e7\u00e3o: Assistente Administrativo (Ca\u00e7ador): 1 vaga<br>R$ 4.921,46<\/li>\n\n\n\n<li>T\u00e9cnico Universit\u00e1rio de Suporte \u2013 Fun\u00e7\u00e3o: Assistente Administrativo (Chapec\u00f3): 1 vaga<br>R$ 4.921,46<\/li>\n\n\n\n<li>T\u00e9cnico Universit\u00e1rio de Suporte \u2013 Fun\u00e7\u00e3o: Assistente Administrativo (Florian\u00f3polis): 8 vagas<br>R$ 4.921,46<\/li>\n\n\n\n<li>T\u00e9cnico Universit\u00e1rio de Suporte \u2013 Fun\u00e7\u00e3o: Assistente Administrativo (Ibirama): CR<br>R$ 4.921,46<\/li>\n\n\n\n<li>T\u00e9cnico Universit\u00e1rio de Suporte \u2013 Fun\u00e7\u00e3o: Assistente Administrativo (Joinville): 2 vagas<br>R$ 4.921,46<\/li>\n\n\n\n<li>T\u00e9cnico Universit\u00e1rio de Suporte \u2013 Fun\u00e7\u00e3o: Assistente Administrativo (Lages): 4 vagas<br>R$ 4.921,46<\/li>\n\n\n\n<li>T\u00e9cnico Universit\u00e1rio de Suporte \u2013 Fun\u00e7\u00e3o: Assistente Administrativo (Laguna): 2 vagas<br>R$ 4.921,46<\/li>\n\n\n\n<li>T\u00e9cnico Universit\u00e1rio de Suporte \u2013 Fun\u00e7\u00e3o: Assistente Administrativo (S\u00e3o Bento do Sul): 1 vaga<br>R$ 4.921,46<\/li>\n\n\n\n<li>T\u00e9cnico Universit\u00e1rio de Suporte \u2013 Fun\u00e7\u00e3o: T\u00e9cnico de Seguran\u00e7a do Trabalho (Florian\u00f3polis): 1 vaga<br>R$ 4.921,46<\/li>\n<\/ul>\n\n\n\n<p><strong>N\u00edvel superior<\/strong><\/p>\n\n\n\n<ul class=\"wp-block-list\">\n<li>T\u00e9cnico Universit\u00e1rio de Desenvolvimento \u2013 Fun\u00e7\u00e3o: Administrador (Florian\u00f3polis): 4 vagas<br>R$ 6.858,78<\/li>\n\n\n\n<li>T\u00e9cnico Universit\u00e1rio de Desenvolvimento \u2013 Fun\u00e7\u00e3o: Administrador (Joinville): CR<br>R$ 6.858,78<\/li>\n\n\n\n<li>T\u00e9cnico Universit\u00e1rio de Desenvolvimento \u2013 Fun\u00e7\u00e3o: Analista de Suporte (Ca\u00e7ador): CR<br>R$ 6.858,78<\/li>\n\n\n\n<li>T\u00e9cnico Universit\u00e1rio de Desenvolvimento \u2013 Fun\u00e7\u00e3o: Analista de Suporte (Chapec\u00f3): 1 vaga<br>R$ 6.858,78<\/li>\n\n\n\n<li>T\u00e9cnico Universit\u00e1rio de Desenvolvimento \u2013 Fun\u00e7\u00e3o: Analista de Suporte (Florian\u00f3polis): 2 vagas<br>R$ 6.858,78<\/li>\n\n\n\n<li>T\u00e9cnico Universit\u00e1rio de Desenvolvimento \u2013 Fun\u00e7\u00e3o: Engenheiro Civil (Balne\u00e1rio Cambori\u00fa): 1 vaga<br>R$ 6.858,78<\/li>\n\n\n\n<li>T\u00e9cnico Universit\u00e1rio de Desenvolvimento \u2013 Fun\u00e7\u00e3o: Engenheiro Civil (Florian\u00f3polis): 2 vagas<br>R$ 6.858,78<\/li>\n\n\n\n<li>T\u00e9cnico Universit\u00e1rio de Desenvolvimento \u2013 Fun\u00e7\u00e3o: Engenheiro Civil (Ibirama): CR<br>R$ 6.858,78<\/li>\n\n\n\n<li>T\u00e9cnico Universit\u00e1rio de Desenvolvimento \u2013 Fun\u00e7\u00e3o: Engenheiro Eletricista (Florian\u00f3polis): 1 vaga<br>R$ 6.858,78<\/li>\n\n\n\n<li>T\u00e9cnico Universit\u00e1rio de Desenvolvimento \u2013 Fun\u00e7\u00e3o: Engenheiro Mec\u00e2nico (Florian\u00f3polis): 1 vaga<br>R$ 6.858,78<\/li>\n\n\n\n<li>T\u00e9cnico Universit\u00e1rio de Desenvolvimento \u2013 Fun\u00e7\u00e3o: Jornalista (S\u00e3o Bento do Sul): CR<br>R$ 6.858,78<\/li>\n\n\n\n<li>T\u00e9cnico Universit\u00e1rio de Desenvolvimento \u2013 Fun\u00e7\u00e3o: M\u00e9dico Veterin\u00e1rio (Guatambu): 1 vaga<br>R$ 6.858,78<\/li>\n\n\n\n<li>T\u00e9cnico Universit\u00e1rio de Desenvolvimento \u2013 Fun\u00e7\u00e3o: Pedagogo (Lages): 1 vaga<br>R$ 6.858,78<\/li>\n\n\n\n<li>T\u00e9cnico Universit\u00e1rio de Desenvolvimento \u2013 Fun\u00e7\u00e3o: Qu\u00edmico (Pinhalzinho): 1 vaga<br>R$ 6.858,78<\/li>\n\n\n\n<li>T\u00e9cnico Universit\u00e1rio de Desenvolvimento \u2013 Fun\u00e7\u00e3o: T\u00e9cnico em Educa\u00e7\u00e3o (Florian\u00f3polis): 3 vagas<br>R$ 6.858,78<\/li>\n<\/ul>\n\n\n\n<p><strong>Para se preparar para a sele\u00e7\u00e3o, confira a\u00a0<a href=\"https:\/\/www.apostilasopcao.com.br\/concurso\/universidade-estadual-de-santa-catarina\">Apostila Udesc<\/a>\u00a0com conte\u00fado completo e atualizado conforme o edital!<\/strong><\/p>\n\n\n\n<h2 class=\"wp-block-heading\">Quais os requisitos b\u00e1sicos para participar do concurso Udesc?<\/h2>\n\n\n\n<p>Para tomar posse dos cargos do concurso Udesc \u00e9 necess\u00e1rio que os candidatos atendam aos seguintes requisitos b\u00e1sicos:<\/p>\n\n\n\n<ul class=\"wp-block-list\">\n<li>Ser aprovado no concurso p\u00fablico;<\/li>\n\n\n\n<li>Ter a nacionalidade brasileira ou portuguesa e, no caso de nacionalidade portuguesa, estar amparado pelo Estatuto de igualdade entre Brasileiros e portugueses, com reconhecimento do gozo dos direitos pol\u00edticos, nos termos do \u00a7 1\u00ba do art. 12 da Constitui\u00e7\u00e3o Federal;<\/li>\n\n\n\n<li>Estar em gozo dos direitos pol\u00edticos;<\/li>\n\n\n\n<li>Estar quite com as obriga\u00e7\u00f5es militares, em caso de candidato do sexo masculino;<\/li>\n\n\n\n<li>Estar quite com as obriga\u00e7\u00f5es eleitorais;<\/li>\n\n\n\n<li>Possuir os requisitos exigidos para o exerc\u00edcio do cargo\/fun\u00e7\u00e3o;<\/li>\n\n\n\n<li>Ter idade m\u00ednima de 18 anos completos na data da posse;<\/li>\n\n\n\n<li>Ter aptid\u00e3o f\u00edsica e mental para o exerc\u00edcio das atribui\u00e7\u00f5es<br>do cargo\/fun\u00e7\u00e3o.<\/li>\n<\/ul>\n\n\n\n<h3 class=\"wp-block-heading\">Requisitos espec\u00edficos<\/h3>\n\n\n\n<p>Para concorrer \u00e0s vagas do concurso Udesc, o edital exigiu escolaridade e forma\u00e7\u00e3o espec\u00edficas conforme o cargo\/fun\u00e7\u00e3o, incluindo, em alguns casos, registro em conselho profissional.<\/p>\n\n\n\n<p>Confira os requisitos por fun\u00e7\u00e3o:<\/p>\n\n\n\n<p><strong>N\u00edvel superior \u2013 T\u00e9cnico Universit\u00e1rio de Desenvolvimento<\/strong><\/p>\n\n\n\n<ul class=\"wp-block-list\">\n<li><strong>Administrador:<\/strong> diploma de gradua\u00e7\u00e3o em Administra\u00e7\u00e3o (reconhecido pelo MEC) + registro no respectivo Conselho Regional.<\/li>\n\n\n\n<li><strong>Analista de Suporte:<\/strong> diploma de gradua\u00e7\u00e3o em Inform\u00e1tica ou curso superior equivalente (reconhecido pelo MEC) + registro no \u00f3rg\u00e3o competente, se houver. <\/li>\n\n\n\n<li><strong>Engenheiro Civil:<\/strong> diploma de gradua\u00e7\u00e3o em Engenharia Civil (reconhecido pelo MEC) + registro no respectivo Conselho Regional.<\/li>\n\n\n\n<li><strong>Engenheiro Eletricista:<\/strong> diploma de gradua\u00e7\u00e3o em Engenharia El\u00e9trica (reconhecido pelo MEC) + registro no respectivo Conselho Regional.<\/li>\n\n\n\n<li><strong>Engenheiro Mec\u00e2nico:<\/strong> diploma de gradua\u00e7\u00e3o em Engenharia Mec\u00e2nica (reconhecido pelo MEC) + registro no respectivo Conselho Regional.<\/li>\n\n\n\n<li><strong>Jornalista:<\/strong> diploma de gradua\u00e7\u00e3o em Comunica\u00e7\u00e3o ou Jornalismo (reconhecido pelo MEC).<\/li>\n\n\n\n<li><strong>M\u00e9dico Veterin\u00e1rio:<\/strong> diploma de gradua\u00e7\u00e3o em Veterin\u00e1ria\/Medicina Veterin\u00e1ria (reconhecido pelo MEC) + registro no respectivo Conselho Regional.<\/li>\n\n\n\n<li><strong>Pedagogo:<\/strong> diploma de gradua\u00e7\u00e3o em Pedagogia (reconhecido pelo MEC). <\/li>\n\n\n\n<li><strong>Qu\u00edmico:<\/strong> diploma de gradua\u00e7\u00e3o em Qu\u00edmica (reconhecido pelo MEC) + registro profissional no \u00f3rg\u00e3o competente. <\/li>\n\n\n\n<li><strong>T\u00e9cnico em Educa\u00e7\u00e3o:<\/strong> diploma de gradua\u00e7\u00e3o em Licenciatura em qualquer \u00e1rea de forma\u00e7\u00e3o (reconhecido pelo MEC). <\/li>\n<\/ul>\n\n\n\n<p><strong>N\u00edvel m\u00e9dio \u2013 T\u00e9cnico Universit\u00e1rio de Suporte<\/strong><\/p>\n\n\n\n<ul class=\"wp-block-list\">\n<li><strong>Assistente Administrativo:<\/strong> certificado de conclus\u00e3o do ensino m\u00e9dio (registrado e expedido por institui\u00e7\u00e3o reconhecida pelo \u00f3rg\u00e3o competente). <\/li>\n\n\n\n<li><strong>T\u00e9cnico de Seguran\u00e7a do Trabalho:<\/strong> certificado de conclus\u00e3o do ensino m\u00e9dio\/t\u00e9cnico em Seguran\u00e7a do Trabalho (integrado, concomitante ou subsequente) + registro no respectivo Conselho Regional.<\/li>\n<\/ul>\n\n\n\n<h2 class=\"wp-block-heading\">Atribui\u00e7\u00f5es dos cargos<\/h2>\n\n\n\n<p>O edital do concurso Udesc definiu atribui\u00e7\u00f5es gerais para os cargos de <strong>T\u00e9cnico Universit\u00e1rio de Desenvolvimento (n\u00edvel superior)<\/strong> e de <strong>T\u00e9cnico Universit\u00e1rio de Suporte (n\u00edvel m\u00e9dio)<\/strong>, relacionadas \u00e0s atividades administrativas e de apoio t\u00e9cnico desempenhadas na Universidade. <\/p>\n\n\n\n<p><strong>T\u00e9cnico Universit\u00e1rio de Desenvolvimento (n\u00edvel superior)<\/strong><\/p>\n\n\n\n<p>De acordo com o edital, o T\u00e9cnico Universit\u00e1rio de Desenvolvimento foi respons\u00e1vel por <strong>planejar, organizar, executar e controlar atividades espec\u00edficas<\/strong> da sua \u00e1rea de habilita\u00e7\u00e3o, vinculadas \u00e0 administra\u00e7\u00e3o da Udesc, al\u00e9m de atuar no <strong>atendimento de programas de apoio ao corpo funcional<\/strong>.<\/p>\n\n\n\n<p>Tamb\u00e9m coube ao servidor <strong>prestar assessoria<\/strong>, elaborar <strong>estudos, pesquisas, pareceres, relat\u00f3rios e informa\u00e7\u00f5es<\/strong> no seu campo de atua\u00e7\u00e3o, bem como executar <strong>outras atividades correlatas<\/strong>. <\/p>\n\n\n\n<p><strong>T\u00e9cnico Universit\u00e1rio de Suporte (n\u00edvel m\u00e9dio)<\/strong><\/p>\n\n\n\n<p>J\u00e1 o T\u00e9cnico Universit\u00e1rio de Suporte teve como atribui\u00e7\u00f5es <strong>executar, sob supervis\u00e3o<\/strong>, atividades auxiliares de apoio administrativo da Udesc, al\u00e9m de realizar <strong>servi\u00e7os auxiliares administrativos, laboratoriais, log\u00edsticos e operacionais<\/strong> relacionados \u00e0 sua \u00e1rea de forma\u00e7\u00e3o.<\/p>\n\n\n\n<p>O edital tamb\u00e9m previu a elabora\u00e7\u00e3o de <strong>relat\u00f3rios de apoio aos servi\u00e7os administrativos<\/strong>, execu\u00e7\u00e3o de trabalhos ligados \u00e0 <strong>tramita\u00e7\u00e3o de pap\u00e9is e processos<\/strong>, al\u00e9m de atividades de <strong>apoio operacional<\/strong> e outras atribui\u00e7\u00f5es correlatas.<\/p>\n\n\n\n<h2 class=\"wp-block-heading\">Quais as etapas de sele\u00e7\u00e3o do concurso Udesc?<\/h2>\n\n\n\n<p>Os candidatos do concurso Udesc foram avaliados em <strong>tr\u00eas etapas<\/strong>, conforme o cargo, compostas por:<\/p>\n\n\n\n<ul class=\"wp-block-list\">\n<li><strong>Provas objetivas<\/strong>, de car\u00e1ter eliminat\u00f3rio e classificat\u00f3rio, para todos os cargos;<\/li>\n\n\n\n<li><strong>Prova discursiva<\/strong>, de car\u00e1ter eliminat\u00f3rio e classificat\u00f3rio, para todos os cargos;<\/li>\n\n\n\n<li><strong>Avalia\u00e7\u00e3o de t\u00edtulos<\/strong>, de car\u00e1ter classificat\u00f3rio, apenas para os cargos de n\u00edvel superior.<\/li>\n<\/ul>\n\n\n\n<h3 class=\"wp-block-heading\">Prova Objetiva<\/h3>\n\n\n\n<p>A prova objetiva do concurso Udesc ser\u00e1 aplicada no dia <strong>29 de mar\u00e7o de 2026<\/strong>, com dura\u00e7\u00e3o de <strong>4 horas e 30 minutos<\/strong>, e ser\u00e1 composta por itens do tipo Certo ou Errado.<\/p>\n\n\n\n<p>Confira a estrutura:<\/p>\n\n\n\n<p><strong>N\u00edvel m\u00e9dio <\/strong><\/p>\n\n\n\n<ul class=\"wp-block-list\">\n<li><strong>Prova objetiva (P1) \u2013 Conhecimentos Gerais:<\/strong> 50 itens<\/li>\n\n\n\n<li><strong>Prova objetiva (P2) \u2013 Conhecimentos Espec\u00edficos:<\/strong> 50 itens<\/li>\n<\/ul>\n\n\n\n<p><strong>N\u00edvel superior<\/strong><\/p>\n\n\n\n<ul class=\"wp-block-list\">\n<li><strong>Prova objetiva (P1) \u2013 Conhecimentos Gerais:<\/strong> 50 itens<\/li>\n\n\n\n<li><strong>Prova objetiva (P2) \u2013 Conhecimentos Espec\u00edficos:<\/strong> 70 itens<\/li>\n<\/ul>\n\n\n\n<p>Ser\u00e1 eliminado do concurso Udesc o candidato que obtiver:<\/p>\n\n\n\n<p><strong>N\u00edvel superior<\/strong><\/p>\n\n\n\n<ul class=\"wp-block-list\">\n<li>menos de <strong>10,00 pontos<\/strong> em Conhecimentos Gerais (P1); ou<\/li>\n\n\n\n<li>menos de <strong>21,00 pontos<\/strong> em Conhecimentos Espec\u00edficos (P2); ou<\/li>\n\n\n\n<li>menos de <strong>36,00 pontos<\/strong> no total das provas objetivas (P1 + P2). <\/li>\n<\/ul>\n\n\n\n<p><strong>N\u00edvel m\u00e9dio<\/strong><\/p>\n\n\n\n<ul class=\"wp-block-list\">\n<li>menos de <strong>10,00 pontos<\/strong> em Conhecimentos Gerais (P1); ou<\/li>\n\n\n\n<li>menos de <strong>15,00 pontos<\/strong> em Conhecimentos Espec\u00edficos (P2); ou<\/li>\n\n\n\n<li>menos de <strong>30,00 pontos<\/strong> no total das provas objetivas (P1 + P2).<\/li>\n<\/ul>\n\n\n\n<h3 class=\"wp-block-heading\">Somos a melhor Op\u00e7\u00e3o<\/h3>\n\n\n\n<p>Quer conquistar uma vaga no concurso Udesc? Somos a melhore Op\u00e7\u00e3o! N\u00f3s preparamos diversos materiais realmente focados conforme o edital que te ajudar\u00e3o a conquistar o cargo dos sonhos. N\u00e3o perca mais tempo e comece a se preparar ainda hoje!<\/p>\n\n\n\n<p><strong>Confira:\u00a0<a href=\"https:\/\/www.apostilasopcao.com.br\/concurso\/universidade-estadual-de-santa-catarina\">Apostilas Udesc<\/a>!<\/strong><\/p>\n\n\n\n<h3 class=\"wp-block-heading\">Prova Discursiva<\/h3>\n\n\n\n<p>A prova discursiva do concurso Udesc ser\u00e1 aplicada no dia <strong>29 de mar\u00e7o de 2026<\/strong>, ter\u00e1 valor de <strong>10,00 pontos<\/strong> e consistir\u00e1 na reda\u00e7\u00e3o de um texto dissertativo, com <strong>at\u00e9 30 linhas<\/strong>, sobre tema relacionado \u00e0 <strong>atualidade<\/strong>.<\/p>\n\n\n\n<p>Cada reda\u00e7\u00e3o ser\u00e1 corrigida por duas avalia\u00e7\u00f5es: <strong>conte\u00fado<\/strong> e <strong>dom\u00ednio da modalidade escrita<\/strong>.<\/p>\n\n\n\n<p>Ser\u00e1 reprovado o candidato que obtiver nota inferior a <strong>5,00 pontos<\/strong> na prova discursiva.<\/p>\n\n\n\n<h3 class=\"wp-block-heading\">Avalia\u00e7\u00e3o de T\u00edtulos<\/h3>\n\n\n\n<p>Ser\u00e3o convocados para a avalia\u00e7\u00e3o de t\u00edtulos os candidatos aos cargos de <strong>n\u00edvel superior<\/strong> que forem aprovados na prova discursiva. Confira a seguir os t\u00edtulos aceitos no concurso Udesc:<\/p>\n\n\n\n<figure class=\"wp-block-image size-full\"><img loading=\"lazy\" decoding=\"async\" width=\"388\" height=\"256\" src=\"https:\/\/www.apostilasopcao.com.br\/blog\/wp-content\/uploads\/2026\/01\/image-70.png\" alt=\"t\u00edtulos aceitos no concurso Udesc\" class=\"wp-image-9654\" srcset=\"https:\/\/www.apostilasopcao.com.br\/blog\/wp-content\/uploads\/2026\/01\/image-70.png 388w, https:\/\/www.apostilasopcao.com.br\/blog\/wp-content\/uploads\/2026\/01\/image-70-300x198.png 300w\" sizes=\"auto, (max-width: 388px) 100vw, 388px\" \/><\/figure>\n\n\n\n<figure class=\"wp-block-image size-full\"><img loading=\"lazy\" decoding=\"async\" width=\"387\" height=\"340\" src=\"https:\/\/www.apostilasopcao.com.br\/blog\/wp-content\/uploads\/2026\/01\/image-71.png\" alt=\"t\u00edtulos aceitos no concurso Udesc\" class=\"wp-image-9655\" srcset=\"https:\/\/www.apostilasopcao.com.br\/blog\/wp-content\/uploads\/2026\/01\/image-71.png 387w, https:\/\/www.apostilasopcao.com.br\/blog\/wp-content\/uploads\/2026\/01\/image-71-300x264.png 300w\" sizes=\"auto, (max-width: 387px) 100vw, 387px\" \/><\/figure>\n\n\n\n<p>A avalia\u00e7\u00e3o de t\u00edtulos ter\u00e1 valor m\u00e1ximo de <strong>10,00 pontos<\/strong>, mesmo que a soma dos t\u00edtulos apresentados ultrapasse esse total.<\/p>\n\n\n\n<p>O concurso Udesc ter\u00e1 <strong>validade de 2 anos<\/strong>, contados a partir da data de publica\u00e7\u00e3o da homologa\u00e7\u00e3o do resultado final. No entanto, o prazo poder\u00e1 ser <strong>prorrogado uma \u00fanica vez<\/strong>, por igual per\u00edodo, conforme necessidade da Administra\u00e7\u00e3o.<\/p>\n\n\n\n<p><strong>Quer ficar por dentro de tudo sobre o universo de concursos?&nbsp;<a href=\"https:\/\/www.apostilasopcao.com.br\/blog\/noticias\/\">Confira as nossas not\u00edcias!<\/a><\/strong><\/p>\n","protected":false},"excerpt":{"rendered":"<p>O concurso Udesc est\u00e1 com inscri\u00e7\u00f5es abertas para cargos de n\u00edveis m\u00e9dio e superior. A sele\u00e7\u00e3o oferece 40 vagas imediatas e cadastro reserva, com sal\u00e1rios iniciais de at\u00e9 R$ 6,8 mil, as provas est\u00e3o marcadas para o dia 29 de mar\u00e7o de 2026. Saiba mais!<\/p>\n","protected":false},"author":12,"featured_media":9649,"comment_status":"closed","ping_status":"closed","sticky":false,"template":"","format":"standard","meta":{"_acf_changed":false,"breadcrumbs_single_post":"","page_title_panel":"","breadcrumbs_single_page":"","single_page_alignment":"","single_page_margin":"","page_structure_type":"","content_style_source":"","content_style":"","blog_post_streched_ed":"","blog_page_streched_ed":"","has_transparent_header":"","disable_transparent_header":"","vertical_spacing_source":"","content_area_spacing":"","single_post_content_background":"","single_page_content_background":"","single_post_boxed_content_spacing":"","single_page_boxed_content_spacing":"","single_post_content_boxed_radius":"","single_page_content_boxed_radius":"","disable_featured_image":"","disable_post_tags":"","disable_author_box":"","disable_posts_navigation":"","disable_comments":"","disable_related_posts":"","disable_header":"","disable_footer":"","footnotes":""},"categories":[4,29],"tags":[682],"class_list":["post-9642","post","type-post","status-publish","format-standard","has-post-thumbnail","hentry","category-noticias","category-sc","tag-concurso-udesc","rishi-post"],"acf":{"data_prova":"20260329","status":"aberto"},"_links":{"self":[{"href":"https:\/\/www.apostilasopcao.com.br\/blog\/wp-json\/wp\/v2\/posts\/9642","targetHints":{"allow":["GET"]}}],"collection":[{"href":"https:\/\/www.apostilasopcao.com.br\/blog\/wp-json\/wp\/v2\/posts"}],"about":[{"href":"https:\/\/www.apostilasopcao.com.br\/blog\/wp-json\/wp\/v2\/types\/post"}],"author":[{"embeddable":true,"href":"https:\/\/www.apostilasopcao.com.br\/blog\/wp-json\/wp\/v2\/users\/12"}],"replies":[{"embeddable":true,"href":"https:\/\/www.apostilasopcao.com.br\/blog\/wp-json\/wp\/v2\/comments?post=9642"}],"version-history":[{"count":12,"href":"https:\/\/www.apostilasopcao.com.br\/blog\/wp-json\/wp\/v2\/posts\/9642\/revisions"}],"predecessor-version":[{"id":10374,"href":"https:\/\/www.apostilasopcao.com.br\/blog\/wp-json\/wp\/v2\/posts\/9642\/revisions\/10374"}],"wp:featuredmedia":[{"embeddable":true,"href":"https:\/\/www.apostilasopcao.com.br\/blog\/wp-json\/wp\/v2\/media\/9649"}],"wp:attachment":[{"href":"https:\/\/www.apostilasopcao.com.br\/blog\/wp-json\/wp\/v2\/media?parent=9642"}],"wp:term":[{"taxonomy":"category","embeddable":true,"href":"https:\/\/www.apostilasopcao.com.br\/blog\/wp-json\/wp\/v2\/categories?post=9642"},{"taxonomy":"post_tag","embeddable":true,"href":"https:\/\/www.apostilasopcao.com.br\/blog\/wp-json\/wp\/v2\/tags?post=9642"}],"curies":[{"name":"wp","href":"https:\/\/api.w.org\/{rel}","templated":true}]}}